{"id":36741,"date":"2019-11-27T07:40:28","date_gmt":"2019-11-27T10:40:28","guid":{"rendered":"http:\/\/www.noticiasradioreflejos.com.ar\/noticias\/?p=36741"},"modified":"2019-11-27T07:40:28","modified_gmt":"2019-11-27T10:40:28","slug":"se-inauguro-el-banco-rojo-en-villa-la-arcadia","status":"publish","type":"post","link":"https:\/\/www.noticiasradioreflejos.com.ar\/2021\/se-inauguro-el-banco-rojo-en-villa-la-arcadia\/","title":{"rendered":"Se inaugur\u00f3 el &quot;Banco Rojo&quot; en Villa la Arcadia."},"content":{"rendered":"<p><strong><a title=\"image (1)\" href=\"http:\/\/live.staticflickr.com\/65535\/49131312673_836a2ab7dd_s.jpg\" rel=\"\"><img loading=\"lazy\" decoding=\"async\" class=\"alignleft\" style=\"float: left;\" title=\"image (1)\" src=\"http:\/\/live.staticflickr.com\/65535\/49131312673_836a2ab7dd.jpg\" alt=\"image (1)\" width=\"500\" height=\"333\" \/><\/a>Comunicado del Consejo\u00a0Municipal de las Mujeres:<\/strong> Al atardecer de este marzo 26 de noviembre, en la placita aleda\u00f1a a la Iglesia de Villa La Arcadia, nos juntamos con el prop\u00f3sito de charlar, leer, inaugurar el Banco Rojo,<!--more--> brindar una s\u00edntesis de lo hecho en 2019 para conocimiento de la concurrencia, escuchar propuestas para el proyecto 2020, entregar diploma de reconocimiento a instituciones y medios de comunicaci\u00f3n de la comunidad y para ratificar, una vez m\u00e1s, nuestra convicci\u00f3n de que una vida sin violencia es un derecho humano fundamental.<br \/>\nTodo en el marco del D\u00cdA INTERNACIONAL DE LA ELIMINACI\u00d3N DE LA VIOLENCIA CONTRA LA MUJER, reiterando el compromiso de seguir encontr\u00e1ndonos para que la rueda que teje nuestras historias no se detenga porque tenemos mucho que contar y mucho que hacer para lograr que se implementen pol\u00edticas p\u00fablicas con perspectiva de g\u00e9nero referidas no s\u00f3lo a la violencia de g\u00e9nero sino tambi\u00e9n, al logro de la equidad y la inclusi\u00f3n de las mujeres y disidencias.<br \/>\n<a title=\"image\" href=\"http:\/\/live.staticflickr.com\/65535\/49131995432_9649789d90_s.jpg\" rel=\"\"><img loading=\"lazy\" decoding=\"async\" class=\"aligncenter\" title=\"image\" src=\"http:\/\/live.staticflickr.com\/65535\/49131995432_9649789d90_z.jpg\" alt=\"image\" width=\"640\" height=\"614\" \/><\/a><\/p>\n","protected":false},"excerpt":{"rendered":"<p>Comunicado del Consejo\u00a0Municipal de las Mujeres: Al atardecer de este marzo 26 de noviembre, en la placita aleda\u00f1a a la Iglesia de Villa La Arcadia, nos juntamos con el prop\u00f3sito de charlar, leer, inaugurar el Banco Rojo,<\/p>\n","protected":false},"author":3,"featured_media":0,"comment_status":"closed","ping_status":"open","sticky":false,"template":"","format":"standard","meta":{"footnotes":""},"categories":[24],"tags":[],"class_list":["post-36741","post","type-post","status-publish","format-standard","hentry","category-politica"],"yoast_head":"<!-- This site is optimized with the Yoast SEO plugin v25.9 - https:\/\/yoast.com\/wordpress\/plugins\/seo\/ -->\n<title>Se inaugur\u00f3 el &quot;Banco Rojo&quot; en Villa la Arcadia. - Noticias Radio Reflejos<\/title>\n<meta name=\"robots\" content=\"index, follow, max-snippet:-1, max-image-preview:large, max-video-preview:-1\" \/>\n<link rel=\"canonical\" href=\"https:\/\/www.noticiasradioreflejos.com.ar\/2021\/se-inauguro-el-banco-rojo-en-villa-la-arcadia\/\" \/>\n<meta property=\"og:locale\" content=\"es_ES\" \/>\n<meta property=\"og:type\" content=\"article\" \/>\n<meta property=\"og:title\" content=\"Se inaugur\u00f3 el &quot;Banco Rojo&quot; en Villa la Arcadia. - Noticias Radio Reflejos\" \/>\n<meta property=\"og:description\" content=\"Comunicado del Consejo\u00a0Municipal de las Mujeres: Al atardecer de este marzo 26 de noviembre, en la placita aleda\u00f1a a la Iglesia de Villa La Arcadia, nos juntamos con el prop\u00f3sito de charlar, leer, inaugurar el Banco Rojo,\" \/>\n<meta property=\"og:url\" content=\"https:\/\/www.noticiasradioreflejos.com.ar\/2021\/se-inauguro-el-banco-rojo-en-villa-la-arcadia\/\" \/>\n<meta property=\"og:site_name\" content=\"Noticias Radio Reflejos\" \/>\n<meta property=\"article:published_time\" content=\"2019-11-27T10:40:28+00:00\" \/>\n<meta property=\"og:image\" content=\"http:\/\/live.staticflickr.com\/65535\/49131312673_836a2ab7dd.jpg\" \/>\n<meta name=\"author\" content=\"Arnaldo Botto\" \/>\n<meta name=\"twitter:card\" content=\"summary_large_image\" \/>\n<script type=\"application\/ld+json\" class=\"yoast-schema-graph\">{\"@context\":\"https:\/\/schema.org\",\"@graph\":[{\"@type\":\"WebPage\",\"@id\":\"https:\/\/www.noticiasradioreflejos.com.ar\/2021\/se-inauguro-el-banco-rojo-en-villa-la-arcadia\/\",\"url\":\"https:\/\/www.noticiasradioreflejos.com.ar\/2021\/se-inauguro-el-banco-rojo-en-villa-la-arcadia\/\",\"name\":\"Se inaugur\u00f3 el &quot;Banco Rojo&quot; en Villa la Arcadia. - Noticias Radio Reflejos\",\"isPartOf\":{\"@id\":\"https:\/\/www.noticiasradioreflejos.com.ar\/2021\/#website\"},\"primaryImageOfPage\":{\"@id\":\"https:\/\/www.noticiasradioreflejos.com.ar\/2021\/se-inauguro-el-banco-rojo-en-villa-la-arcadia\/#primaryimage\"},\"image\":{\"@id\":\"https:\/\/www.noticiasradioreflejos.com.ar\/2021\/se-inauguro-el-banco-rojo-en-villa-la-arcadia\/#primaryimage\"},\"thumbnailUrl\":\"http:\/\/live.staticflickr.com\/65535\/49131312673_836a2ab7dd.jpg\",\"datePublished\":\"2019-11-27T10:40:28+00:00\",\"author\":{\"@id\":\"https:\/\/www.noticiasradioreflejos.com.ar\/2021\/#\/schema\/person\/ad82545263dcc5ec0996818884fd5fb1\"},\"breadcrumb\":{\"@id\":\"https:\/\/www.noticiasradioreflejos.com.ar\/2021\/se-inauguro-el-banco-rojo-en-villa-la-arcadia\/#breadcrumb\"},\"inLanguage\":\"es\",\"potentialAction\":[{\"@type\":\"ReadAction\",\"target\":[\"https:\/\/www.noticiasradioreflejos.com.ar\/2021\/se-inauguro-el-banco-rojo-en-villa-la-arcadia\/\"]}]},{\"@type\":\"ImageObject\",\"inLanguage\":\"es\",\"@id\":\"https:\/\/www.noticiasradioreflejos.com.ar\/2021\/se-inauguro-el-banco-rojo-en-villa-la-arcadia\/#primaryimage\",\"url\":\"http:\/\/live.staticflickr.com\/65535\/49131312673_836a2ab7dd.jpg\",\"contentUrl\":\"http:\/\/live.staticflickr.com\/65535\/49131312673_836a2ab7dd.jpg\"},{\"@type\":\"BreadcrumbList\",\"@id\":\"https:\/\/www.noticiasradioreflejos.com.ar\/2021\/se-inauguro-el-banco-rojo-en-villa-la-arcadia\/#breadcrumb\",\"itemListElement\":[{\"@type\":\"ListItem\",\"position\":1,\"name\":\"Portada\",\"item\":\"https:\/\/www.noticiasradioreflejos.com.ar\/2021\/\"},{\"@type\":\"ListItem\",\"position\":2,\"name\":\"Se inaugur\u00f3 el &quot;Banco Rojo&quot; en Villa la Arcadia.\"}]},{\"@type\":\"WebSite\",\"@id\":\"https:\/\/www.noticiasradioreflejos.com.ar\/2021\/#website\",\"url\":\"https:\/\/www.noticiasradioreflejos.com.ar\/2021\/\",\"name\":\"Noticias Radio Reflejos\",\"description\":\"Las noticias de mi comarca\",\"potentialAction\":[{\"@type\":\"SearchAction\",\"target\":{\"@type\":\"EntryPoint\",\"urlTemplate\":\"https:\/\/www.noticiasradioreflejos.com.ar\/2021\/?s={search_term_string}\"},\"query-input\":{\"@type\":\"PropertyValueSpecification\",\"valueRequired\":true,\"valueName\":\"search_term_string\"}}],\"inLanguage\":\"es\"},{\"@type\":\"Person\",\"@id\":\"https:\/\/www.noticiasradioreflejos.com.ar\/2021\/#\/schema\/person\/ad82545263dcc5ec0996818884fd5fb1\",\"name\":\"Arnaldo Botto\",\"image\":{\"@type\":\"ImageObject\",\"inLanguage\":\"es\",\"@id\":\"https:\/\/www.noticiasradioreflejos.com.ar\/2021\/#\/schema\/person\/image\/\",\"url\":\"https:\/\/secure.gravatar.com\/avatar\/55cb5e37c1efa326397366e6974cb338056df65cb50e7d64d1cf314e87504837?s=96&d=mm&r=g\",\"contentUrl\":\"https:\/\/secure.gravatar.com\/avatar\/55cb5e37c1efa326397366e6974cb338056df65cb50e7d64d1cf314e87504837?s=96&d=mm&r=g\",\"caption\":\"Arnaldo Botto\"},\"url\":\"https:\/\/www.noticiasradioreflejos.com.ar\/2021\/author\/arnaldo\/\"}]}<\/script>\n<!-- \/ Yoast SEO plugin. -->","yoast_head_json":{"title":"Se inaugur\u00f3 el &quot;Banco Rojo&quot; en Villa la Arcadia. - Noticias Radio Reflejos","robots":{"index":"index","follow":"follow","max-snippet":"max-snippet:-1","max-image-preview":"max-image-preview:large","max-video-preview":"max-video-preview:-1"},"canonical":"https:\/\/www.noticiasradioreflejos.com.ar\/2021\/se-inauguro-el-banco-rojo-en-villa-la-arcadia\/","og_locale":"es_ES","og_type":"article","og_title":"Se inaugur\u00f3 el &quot;Banco Rojo&quot; en Villa la Arcadia. - Noticias Radio Reflejos","og_description":"Comunicado del Consejo\u00a0Municipal de las Mujeres: Al atardecer de este marzo 26 de noviembre, en la placita aleda\u00f1a a la Iglesia de Villa La Arcadia, nos juntamos con el prop\u00f3sito de charlar, leer, inaugurar el Banco Rojo,","og_url":"https:\/\/www.noticiasradioreflejos.com.ar\/2021\/se-inauguro-el-banco-rojo-en-villa-la-arcadia\/","og_site_name":"Noticias Radio Reflejos","article_published_time":"2019-11-27T10:40:28+00:00","og_image":[{"url":"http:\/\/live.staticflickr.com\/65535\/49131312673_836a2ab7dd.jpg","type":"","width":"","height":""}],"author":"Arnaldo Botto","twitter_card":"summary_large_image","schema":{"@context":"https:\/\/schema.org","@graph":[{"@type":"WebPage","@id":"https:\/\/www.noticiasradioreflejos.com.ar\/2021\/se-inauguro-el-banco-rojo-en-villa-la-arcadia\/","url":"https:\/\/www.noticiasradioreflejos.com.ar\/2021\/se-inauguro-el-banco-rojo-en-villa-la-arcadia\/","name":"Se inaugur\u00f3 el &quot;Banco Rojo&quot; en Villa la Arcadia. - Noticias Radio Reflejos","isPartOf":{"@id":"https:\/\/www.noticiasradioreflejos.com.ar\/2021\/#website"},"primaryImageOfPage":{"@id":"https:\/\/www.noticiasradioreflejos.com.ar\/2021\/se-inauguro-el-banco-rojo-en-villa-la-arcadia\/#primaryimage"},"image":{"@id":"https:\/\/www.noticiasradioreflejos.com.ar\/2021\/se-inauguro-el-banco-rojo-en-villa-la-arcadia\/#primaryimage"},"thumbnailUrl":"http:\/\/live.staticflickr.com\/65535\/49131312673_836a2ab7dd.jpg","datePublished":"2019-11-27T10:40:28+00:00","author":{"@id":"https:\/\/www.noticiasradioreflejos.com.ar\/2021\/#\/schema\/person\/ad82545263dcc5ec0996818884fd5fb1"},"breadcrumb":{"@id":"https:\/\/www.noticiasradioreflejos.com.ar\/2021\/se-inauguro-el-banco-rojo-en-villa-la-arcadia\/#breadcrumb"},"inLanguage":"es","potentialAction":[{"@type":"ReadAction","target":["https:\/\/www.noticiasradioreflejos.com.ar\/2021\/se-inauguro-el-banco-rojo-en-villa-la-arcadia\/"]}]},{"@type":"ImageObject","inLanguage":"es","@id":"https:\/\/www.noticiasradioreflejos.com.ar\/2021\/se-inauguro-el-banco-rojo-en-villa-la-arcadia\/#primaryimage","url":"http:\/\/live.staticflickr.com\/65535\/49131312673_836a2ab7dd.jpg","contentUrl":"http:\/\/live.staticflickr.com\/65535\/49131312673_836a2ab7dd.jpg"},{"@type":"BreadcrumbList","@id":"https:\/\/www.noticiasradioreflejos.com.ar\/2021\/se-inauguro-el-banco-rojo-en-villa-la-arcadia\/#breadcrumb","itemListElement":[{"@type":"ListItem","position":1,"name":"Portada","item":"https:\/\/www.noticiasradioreflejos.com.ar\/2021\/"},{"@type":"ListItem","position":2,"name":"Se inaugur\u00f3 el &quot;Banco Rojo&quot; en Villa la Arcadia."}]},{"@type":"WebSite","@id":"https:\/\/www.noticiasradioreflejos.com.ar\/2021\/#website","url":"https:\/\/www.noticiasradioreflejos.com.ar\/2021\/","name":"Noticias Radio Reflejos","description":"Las noticias de mi comarca","potentialAction":[{"@type":"SearchAction","target":{"@type":"EntryPoint","urlTemplate":"https:\/\/www.noticiasradioreflejos.com.ar\/2021\/?s={search_term_string}"},"query-input":{"@type":"PropertyValueSpecification","valueRequired":true,"valueName":"search_term_string"}}],"inLanguage":"es"},{"@type":"Person","@id":"https:\/\/www.noticiasradioreflejos.com.ar\/2021\/#\/schema\/person\/ad82545263dcc5ec0996818884fd5fb1","name":"Arnaldo Botto","image":{"@type":"ImageObject","inLanguage":"es","@id":"https:\/\/www.noticiasradioreflejos.com.ar\/2021\/#\/schema\/person\/image\/","url":"https:\/\/secure.gravatar.com\/avatar\/55cb5e37c1efa326397366e6974cb338056df65cb50e7d64d1cf314e87504837?s=96&d=mm&r=g","contentUrl":"https:\/\/secure.gravatar.com\/avatar\/55cb5e37c1efa326397366e6974cb338056df65cb50e7d64d1cf314e87504837?s=96&d=mm&r=g","caption":"Arnaldo Botto"},"url":"https:\/\/www.noticiasradioreflejos.com.ar\/2021\/author\/arnaldo\/"}]}},"_links":{"self":[{"href":"https:\/\/www.noticiasradioreflejos.com.ar\/2021\/wp-json\/wp\/v2\/posts\/36741","targetHints":{"allow":["GET"]}}],"collection":[{"href":"https:\/\/www.noticiasradioreflejos.com.ar\/2021\/wp-json\/wp\/v2\/posts"}],"about":[{"href":"https:\/\/www.noticiasradioreflejos.com.ar\/2021\/wp-json\/wp\/v2\/types\/post"}],"author":[{"embeddable":true,"href":"https:\/\/www.noticiasradioreflejos.com.ar\/2021\/wp-json\/wp\/v2\/users\/3"}],"replies":[{"embeddable":true,"href":"https:\/\/www.noticiasradioreflejos.com.ar\/2021\/wp-json\/wp\/v2\/comments?post=36741"}],"version-history":[{"count":0,"href":"https:\/\/www.noticiasradioreflejos.com.ar\/2021\/wp-json\/wp\/v2\/posts\/36741\/revisions"}],"wp:attachment":[{"href":"https:\/\/www.noticiasradioreflejos.com.ar\/2021\/wp-json\/wp\/v2\/media?parent=36741"}],"wp:term":[{"taxonomy":"category","embeddable":true,"href":"https:\/\/www.noticiasradioreflejos.com.ar\/2021\/wp-json\/wp\/v2\/categories?post=36741"},{"taxonomy":"post_tag","embeddable":true,"href":"https:\/\/www.noticiasradioreflejos.com.ar\/2021\/wp-json\/wp\/v2\/tags?post=36741"}],"curies":[{"name":"wp","href":"https:\/\/api.w.org\/{rel}","templated":true}]}}