{"id":36738,"date":"2019-11-27T07:28:11","date_gmt":"2019-11-27T10:28:11","guid":{"rendered":"http:\/\/www.noticiasradioreflejos.com.ar\/noticias\/?p=36738"},"modified":"2019-11-27T07:28:11","modified_gmt":"2019-11-27T10:28:11","slug":"cuatro-italianos-que-viajaban-hacia-sierra-de-la-ventana-volcaron-en-la-ruta-76-a-la-altura-de-libano","status":"publish","type":"post","link":"https:\/\/www.noticiasradioreflejos.com.ar\/2021\/cuatro-italianos-que-viajaban-hacia-sierra-de-la-ventana-volcaron-en-la-ruta-76-a-la-altura-de-libano\/","title":{"rendered":"Cuatro italianos que viajaban hacia Sierra de la Ventana volcaron en la Ruta 76 a la altura de L\u00edbano."},"content":{"rendered":"<p>El hecho se produjo ayer por la ma\u00f1ana en la Ruta 76. Investigan las causas por las que el rodado termin\u00f3 dando varios tumbos sobre la banquina.<!--more--><br \/>\nUn vuelco sobre la Ruta 76 en cercan\u00edas de la localidad de L\u00edbano, en el partido de General la Madrid, tuvo lugar ayer a la ma\u00f1ana, arrojando como saldo cuatro personas hospitalizadas.<br \/>\nSeg\u00fan publica el portal La Nueva Radio Su\u00e1rez, por causas que se tratan de establecer, un veh\u00edculo utilitario Volskwagen Multivan en el que viajaban cuatro personas de nacionalidad italiana hacia Sierra de la Ventana perdi\u00f3 el control y volc\u00f3 sobre la banquina.<br \/>\nLa unidad era conducida por Stephanie Werth de 31 a\u00f1os quien circulaba acompa\u00f1ada por Maximilian Seppi de 28 a\u00f1os, Sibylle Werth de 33 y Sonja Wohlfarter de 68 a\u00f1os.<br \/>\nDos ambulancias trasladaron a todos los ocupantes a un nosocomio de la regi\u00f3n. En el lugar, adem\u00e1s, trabajaron Bomberos Voluntarios y Polic\u00eda Vial.<\/p>\n","protected":false},"excerpt":{"rendered":"<p>El hecho se produjo ayer por la ma\u00f1ana en la Ruta 76. Investigan las causas por las que el rodado termin\u00f3 dando varios tumbos sobre la banquina.<\/p>\n","protected":false},"author":3,"featured_media":0,"comment_status":"closed","ping_status":"open","sticky":false,"template":"","format":"standard","meta":{"footnotes":""},"categories":[29],"tags":[],"class_list":["post-36738","post","type-post","status-publish","format-standard","hentry","category-policiales"],"yoast_head":"<!-- This site is optimized with the Yoast SEO plugin v25.9 - https:\/\/yoast.com\/wordpress\/plugins\/seo\/ -->\n<title>Cuatro italianos que viajaban hacia Sierra de la Ventana volcaron en la Ruta 76 a la altura de L\u00edbano. - Noticias Radio Reflejos<\/title>\n<meta name=\"robots\" content=\"index, follow, max-snippet:-1, max-image-preview:large, max-video-preview:-1\" \/>\n<link rel=\"canonical\" href=\"https:\/\/www.noticiasradioreflejos.com.ar\/2021\/cuatro-italianos-que-viajaban-hacia-sierra-de-la-ventana-volcaron-en-la-ruta-76-a-la-altura-de-libano\/\" \/>\n<meta property=\"og:locale\" content=\"es_ES\" \/>\n<meta property=\"og:type\" content=\"article\" \/>\n<meta property=\"og:title\" content=\"Cuatro italianos que viajaban hacia Sierra de la Ventana volcaron en la Ruta 76 a la altura de L\u00edbano. - Noticias Radio Reflejos\" \/>\n<meta property=\"og:description\" content=\"El hecho se produjo ayer por la ma\u00f1ana en la Ruta 76. Investigan las causas por las que el rodado termin\u00f3 dando varios tumbos sobre la banquina.\" \/>\n<meta property=\"og:url\" content=\"https:\/\/www.noticiasradioreflejos.com.ar\/2021\/cuatro-italianos-que-viajaban-hacia-sierra-de-la-ventana-volcaron-en-la-ruta-76-a-la-altura-de-libano\/\" \/>\n<meta property=\"og:site_name\" content=\"Noticias Radio Reflejos\" \/>\n<meta property=\"article:published_time\" content=\"2019-11-27T10:28:11+00:00\" \/>\n<meta property=\"og:image\" content=\"https:\/\/www.noticiasradioreflejos.com.ar\/2021\/wp-content\/uploads\/2021\/07\/logosol300x200.png\" \/>\n\t<meta property=\"og:image:width\" content=\"300\" \/>\n\t<meta property=\"og:image:height\" content=\"200\" \/>\n\t<meta property=\"og:image:type\" content=\"image\/png\" \/>\n<meta name=\"author\" content=\"Arnaldo Botto\" \/>\n<meta name=\"twitter:card\" content=\"summary_large_image\" \/>\n<script type=\"application\/ld+json\" class=\"yoast-schema-graph\">{\"@context\":\"https:\/\/schema.org\",\"@graph\":[{\"@type\":\"WebPage\",\"@id\":\"https:\/\/www.noticiasradioreflejos.com.ar\/2021\/cuatro-italianos-que-viajaban-hacia-sierra-de-la-ventana-volcaron-en-la-ruta-76-a-la-altura-de-libano\/\",\"url\":\"https:\/\/www.noticiasradioreflejos.com.ar\/2021\/cuatro-italianos-que-viajaban-hacia-sierra-de-la-ventana-volcaron-en-la-ruta-76-a-la-altura-de-libano\/\",\"name\":\"Cuatro italianos que viajaban hacia Sierra de la Ventana volcaron en la Ruta 76 a la altura de L\u00edbano. - Noticias Radio Reflejos\",\"isPartOf\":{\"@id\":\"https:\/\/www.noticiasradioreflejos.com.ar\/2021\/#website\"},\"datePublished\":\"2019-11-27T10:28:11+00:00\",\"author\":{\"@id\":\"https:\/\/www.noticiasradioreflejos.com.ar\/2021\/#\/schema\/person\/ad82545263dcc5ec0996818884fd5fb1\"},\"breadcrumb\":{\"@id\":\"https:\/\/www.noticiasradioreflejos.com.ar\/2021\/cuatro-italianos-que-viajaban-hacia-sierra-de-la-ventana-volcaron-en-la-ruta-76-a-la-altura-de-libano\/#breadcrumb\"},\"inLanguage\":\"es\",\"potentialAction\":[{\"@type\":\"ReadAction\",\"target\":[\"https:\/\/www.noticiasradioreflejos.com.ar\/2021\/cuatro-italianos-que-viajaban-hacia-sierra-de-la-ventana-volcaron-en-la-ruta-76-a-la-altura-de-libano\/\"]}]},{\"@type\":\"BreadcrumbList\",\"@id\":\"https:\/\/www.noticiasradioreflejos.com.ar\/2021\/cuatro-italianos-que-viajaban-hacia-sierra-de-la-ventana-volcaron-en-la-ruta-76-a-la-altura-de-libano\/#breadcrumb\",\"itemListElement\":[{\"@type\":\"ListItem\",\"position\":1,\"name\":\"Portada\",\"item\":\"https:\/\/www.noticiasradioreflejos.com.ar\/2021\/\"},{\"@type\":\"ListItem\",\"position\":2,\"name\":\"Cuatro italianos que viajaban hacia Sierra de la Ventana volcaron en la Ruta 76 a la altura de L\u00edbano.\"}]},{\"@type\":\"WebSite\",\"@id\":\"https:\/\/www.noticiasradioreflejos.com.ar\/2021\/#website\",\"url\":\"https:\/\/www.noticiasradioreflejos.com.ar\/2021\/\",\"name\":\"Noticias Radio Reflejos\",\"description\":\"Las noticias de mi comarca\",\"potentialAction\":[{\"@type\":\"SearchAction\",\"target\":{\"@type\":\"EntryPoint\",\"urlTemplate\":\"https:\/\/www.noticiasradioreflejos.com.ar\/2021\/?s={search_term_string}\"},\"query-input\":{\"@type\":\"PropertyValueSpecification\",\"valueRequired\":true,\"valueName\":\"search_term_string\"}}],\"inLanguage\":\"es\"},{\"@type\":\"Person\",\"@id\":\"https:\/\/www.noticiasradioreflejos.com.ar\/2021\/#\/schema\/person\/ad82545263dcc5ec0996818884fd5fb1\",\"name\":\"Arnaldo Botto\",\"image\":{\"@type\":\"ImageObject\",\"inLanguage\":\"es\",\"@id\":\"https:\/\/www.noticiasradioreflejos.com.ar\/2021\/#\/schema\/person\/image\/\",\"url\":\"https:\/\/secure.gravatar.com\/avatar\/55cb5e37c1efa326397366e6974cb338056df65cb50e7d64d1cf314e87504837?s=96&d=mm&r=g\",\"contentUrl\":\"https:\/\/secure.gravatar.com\/avatar\/55cb5e37c1efa326397366e6974cb338056df65cb50e7d64d1cf314e87504837?s=96&d=mm&r=g\",\"caption\":\"Arnaldo Botto\"},\"url\":\"https:\/\/www.noticiasradioreflejos.com.ar\/2021\/author\/arnaldo\/\"}]}<\/script>\n<!-- \/ Yoast SEO plugin. -->","yoast_head_json":{"title":"Cuatro italianos que viajaban hacia Sierra de la Ventana volcaron en la Ruta 76 a la altura de L\u00edbano. - Noticias Radio Reflejos","robots":{"index":"index","follow":"follow","max-snippet":"max-snippet:-1","max-image-preview":"max-image-preview:large","max-video-preview":"max-video-preview:-1"},"canonical":"https:\/\/www.noticiasradioreflejos.com.ar\/2021\/cuatro-italianos-que-viajaban-hacia-sierra-de-la-ventana-volcaron-en-la-ruta-76-a-la-altura-de-libano\/","og_locale":"es_ES","og_type":"article","og_title":"Cuatro italianos que viajaban hacia Sierra de la Ventana volcaron en la Ruta 76 a la altura de L\u00edbano. - Noticias Radio Reflejos","og_description":"El hecho se produjo ayer por la ma\u00f1ana en la Ruta 76. Investigan las causas por las que el rodado termin\u00f3 dando varios tumbos sobre la banquina.","og_url":"https:\/\/www.noticiasradioreflejos.com.ar\/2021\/cuatro-italianos-que-viajaban-hacia-sierra-de-la-ventana-volcaron-en-la-ruta-76-a-la-altura-de-libano\/","og_site_name":"Noticias Radio Reflejos","article_published_time":"2019-11-27T10:28:11+00:00","og_image":[{"width":300,"height":200,"url":"https:\/\/www.noticiasradioreflejos.com.ar\/2021\/wp-content\/uploads\/2021\/07\/logosol300x200.png","type":"image\/png"}],"author":"Arnaldo Botto","twitter_card":"summary_large_image","schema":{"@context":"https:\/\/schema.org","@graph":[{"@type":"WebPage","@id":"https:\/\/www.noticiasradioreflejos.com.ar\/2021\/cuatro-italianos-que-viajaban-hacia-sierra-de-la-ventana-volcaron-en-la-ruta-76-a-la-altura-de-libano\/","url":"https:\/\/www.noticiasradioreflejos.com.ar\/2021\/cuatro-italianos-que-viajaban-hacia-sierra-de-la-ventana-volcaron-en-la-ruta-76-a-la-altura-de-libano\/","name":"Cuatro italianos que viajaban hacia Sierra de la Ventana volcaron en la Ruta 76 a la altura de L\u00edbano. - Noticias Radio Reflejos","isPartOf":{"@id":"https:\/\/www.noticiasradioreflejos.com.ar\/2021\/#website"},"datePublished":"2019-11-27T10:28:11+00:00","author":{"@id":"https:\/\/www.noticiasradioreflejos.com.ar\/2021\/#\/schema\/person\/ad82545263dcc5ec0996818884fd5fb1"},"breadcrumb":{"@id":"https:\/\/www.noticiasradioreflejos.com.ar\/2021\/cuatro-italianos-que-viajaban-hacia-sierra-de-la-ventana-volcaron-en-la-ruta-76-a-la-altura-de-libano\/#breadcrumb"},"inLanguage":"es","potentialAction":[{"@type":"ReadAction","target":["https:\/\/www.noticiasradioreflejos.com.ar\/2021\/cuatro-italianos-que-viajaban-hacia-sierra-de-la-ventana-volcaron-en-la-ruta-76-a-la-altura-de-libano\/"]}]},{"@type":"BreadcrumbList","@id":"https:\/\/www.noticiasradioreflejos.com.ar\/2021\/cuatro-italianos-que-viajaban-hacia-sierra-de-la-ventana-volcaron-en-la-ruta-76-a-la-altura-de-libano\/#breadcrumb","itemListElement":[{"@type":"ListItem","position":1,"name":"Portada","item":"https:\/\/www.noticiasradioreflejos.com.ar\/2021\/"},{"@type":"ListItem","position":2,"name":"Cuatro italianos que viajaban hacia Sierra de la Ventana volcaron en la Ruta 76 a la altura de L\u00edbano."}]},{"@type":"WebSite","@id":"https:\/\/www.noticiasradioreflejos.com.ar\/2021\/#website","url":"https:\/\/www.noticiasradioreflejos.com.ar\/2021\/","name":"Noticias Radio Reflejos","description":"Las noticias de mi comarca","potentialAction":[{"@type":"SearchAction","target":{"@type":"EntryPoint","urlTemplate":"https:\/\/www.noticiasradioreflejos.com.ar\/2021\/?s={search_term_string}"},"query-input":{"@type":"PropertyValueSpecification","valueRequired":true,"valueName":"search_term_string"}}],"inLanguage":"es"},{"@type":"Person","@id":"https:\/\/www.noticiasradioreflejos.com.ar\/2021\/#\/schema\/person\/ad82545263dcc5ec0996818884fd5fb1","name":"Arnaldo Botto","image":{"@type":"ImageObject","inLanguage":"es","@id":"https:\/\/www.noticiasradioreflejos.com.ar\/2021\/#\/schema\/person\/image\/","url":"https:\/\/secure.gravatar.com\/avatar\/55cb5e37c1efa326397366e6974cb338056df65cb50e7d64d1cf314e87504837?s=96&d=mm&r=g","contentUrl":"https:\/\/secure.gravatar.com\/avatar\/55cb5e37c1efa326397366e6974cb338056df65cb50e7d64d1cf314e87504837?s=96&d=mm&r=g","caption":"Arnaldo Botto"},"url":"https:\/\/www.noticiasradioreflejos.com.ar\/2021\/author\/arnaldo\/"}]}},"_links":{"self":[{"href":"https:\/\/www.noticiasradioreflejos.com.ar\/2021\/wp-json\/wp\/v2\/posts\/36738","targetHints":{"allow":["GET"]}}],"collection":[{"href":"https:\/\/www.noticiasradioreflejos.com.ar\/2021\/wp-json\/wp\/v2\/posts"}],"about":[{"href":"https:\/\/www.noticiasradioreflejos.com.ar\/2021\/wp-json\/wp\/v2\/types\/post"}],"author":[{"embeddable":true,"href":"https:\/\/www.noticiasradioreflejos.com.ar\/2021\/wp-json\/wp\/v2\/users\/3"}],"replies":[{"embeddable":true,"href":"https:\/\/www.noticiasradioreflejos.com.ar\/2021\/wp-json\/wp\/v2\/comments?post=36738"}],"version-history":[{"count":0,"href":"https:\/\/www.noticiasradioreflejos.com.ar\/2021\/wp-json\/wp\/v2\/posts\/36738\/revisions"}],"wp:attachment":[{"href":"https:\/\/www.noticiasradioreflejos.com.ar\/2021\/wp-json\/wp\/v2\/media?parent=36738"}],"wp:term":[{"taxonomy":"category","embeddable":true,"href":"https:\/\/www.noticiasradioreflejos.com.ar\/2021\/wp-json\/wp\/v2\/categories?post=36738"},{"taxonomy":"post_tag","embeddable":true,"href":"https:\/\/www.noticiasradioreflejos.com.ar\/2021\/wp-json\/wp\/v2\/tags?post=36738"}],"curies":[{"name":"wp","href":"https:\/\/api.w.org\/{rel}","templated":true}]}}