{"id":36726,"date":"2019-11-26T11:45:42","date_gmt":"2019-11-26T14:45:42","guid":{"rendered":"http:\/\/www.noticiasradioreflejos.com.ar\/noticias\/?p=36726"},"modified":"2019-11-26T11:45:42","modified_gmt":"2019-11-26T14:45:42","slug":"decreto-convocatoria-reconocimiento-abanderados-y-escoltas-2019","status":"publish","type":"post","link":"https:\/\/www.noticiasradioreflejos.com.ar\/2021\/decreto-convocatoria-reconocimiento-abanderados-y-escoltas-2019\/","title":{"rendered":"Decreto convocatoria reconocimiento abanderados y  escoltas 2019."},"content":{"rendered":"<p>Sesi\u00f3n Extraordinaria a los Sres. Concejales, a los ni\u00f1os y j\u00f3venes portadores de las Banderas Argentina y Bonaerense, juntamente con sus Escoltas, y a los Directivos y Docentes de las respectivas Escuelas<!--more--><br \/>\nVISTO:<br \/>\nLa Resoluci\u00f3n N\u00ba 25\/19 aprobada por la Unanimidad de los miembros que componen este Honorable Concejo Deliberante a los veintid\u00f3s d\u00edas del mes de octubre del a\u00f1o dos mil diecinueve, y;<br \/>\nCONSIDERANDO:<br \/>\nQue mediante la citada Resoluci\u00f3n, se dispone la convocatoria de los abanderados y escoltas de los pabellones Argentino y Bonaerense de las Escuelas del Distrito.<br \/>\nQue el motivo de dicha convocatoria, es rescatar el m\u00e9rito personal y reconocer el esfuerzo, la dedicaci\u00f3n, la responsabilidad y el compromiso puestos de manifiesto por tales alumnos, a trav\u00e9s de la entrega de un Diploma.<br \/>\n\t\tQue a los efectos de hacer efectivo el reconocimiento de este Concejo Deliberante a tan honrosos portadores, se dispone la realizaci\u00f3n de una Sesi\u00f3n Extraordinaria, de conformidad a lo normados en el Art\u00edculo 68, inciso 5\u00ba de la Ley Org\u00e1nica de las Municipalidades y del Art\u00edculo 5\u00ba del Reglamento Interno.<br \/>\nPOR ELLO:<br \/>\nEL PRESIDENTE DEL HONORABLE CONCEJO DELIBERANTE,<br \/>\nen uso de sus facultades:<br \/>\nD E C R E T A.<br \/>\nARTICULO 1\u00ba: Convocase a Sesi\u00f3n Extraordinaria a los Sres. Concejales, a los ni\u00f1os y j\u00f3venes portadores de las Banderas Argentina y Bonaerense, juntamente con sus Escoltas, y a los Directivos y Docentes de las respectivas Escuelas; para los d\u00edas:<br \/>\n\u2022\t26 de Noviembre de 2019, a la hora 19, en el Teatro Municipal \u201cRodolfo Funke\u201d, de la ciudad de Tornquist,<br \/>\n\u2022\t27 de Noviembre de 2019, a la hora 19, en el Club Gral. San Mart\u00edn de Chasic\u00f3<br \/>\n\u2022\t28 de Noviembre de 2019, a la hora 20, en el edificio de la Escuela Primaria N\u00b0 21 y Escuela de Educaci\u00f3n Secundaria N\u00ba 5 de Villa Ventana;<br \/>\nARTICULO 2\u00ba: Comun\u00edquese, publ\u00edquese, reg\u00edstrese y cumplido ARCH\u00cdVESE.-<br \/>\nTORNQUIST, 22 DE NOVIEMBRE DE 2019.-<br \/>\n                         Germ\u00e1n de Larena                                                   Gustavo Moroncini<br \/>\n                          Secretario H.C.D.                                                        Presidente H.C.D.<\/p>\n","protected":false},"excerpt":{"rendered":"<p>Sesi\u00f3n Extraordinaria a los Sres. Concejales, a los ni\u00f1os y j\u00f3venes portadores de las Banderas Argentina y Bonaerense, juntamente con sus Escoltas, y a los Directivos y Docentes de las respectivas Escuelas<\/p>\n","protected":false},"author":3,"featured_media":0,"comment_status":"closed","ping_status":"open","sticky":false,"template":"","format":"standard","meta":{"footnotes":""},"categories":[28],"tags":[],"class_list":["post-36726","post","type-post","status-publish","format-standard","hentry","category-municipales"],"yoast_head":"<!-- This site is optimized with the Yoast SEO plugin v25.9 - https:\/\/yoast.com\/wordpress\/plugins\/seo\/ -->\n<title>Decreto convocatoria reconocimiento abanderados y escoltas 2019. - Noticias Radio Reflejos<\/title>\n<meta name=\"robots\" content=\"index, follow, max-snippet:-1, max-image-preview:large, max-video-preview:-1\" \/>\n<link rel=\"canonical\" href=\"https:\/\/www.noticiasradioreflejos.com.ar\/2021\/decreto-convocatoria-reconocimiento-abanderados-y-escoltas-2019\/\" \/>\n<meta property=\"og:locale\" content=\"es_ES\" \/>\n<meta property=\"og:type\" content=\"article\" \/>\n<meta property=\"og:title\" content=\"Decreto convocatoria reconocimiento abanderados y escoltas 2019. - Noticias Radio Reflejos\" \/>\n<meta property=\"og:description\" content=\"Sesi\u00f3n Extraordinaria a los Sres. Concejales, a los ni\u00f1os y j\u00f3venes portadores de las Banderas Argentina y Bonaerense, juntamente con sus Escoltas, y a los Directivos y Docentes de las respectivas Escuelas\" \/>\n<meta property=\"og:url\" content=\"https:\/\/www.noticiasradioreflejos.com.ar\/2021\/decreto-convocatoria-reconocimiento-abanderados-y-escoltas-2019\/\" \/>\n<meta property=\"og:site_name\" content=\"Noticias Radio Reflejos\" \/>\n<meta property=\"article:published_time\" content=\"2019-11-26T14:45:42+00:00\" \/>\n<meta property=\"og:image\" content=\"https:\/\/www.noticiasradioreflejos.com.ar\/2021\/wp-content\/uploads\/2021\/07\/logosol300x200.png\" \/>\n\t<meta property=\"og:image:width\" content=\"300\" \/>\n\t<meta property=\"og:image:height\" content=\"200\" \/>\n\t<meta property=\"og:image:type\" content=\"image\/png\" \/>\n<meta name=\"author\" content=\"Arnaldo Botto\" \/>\n<meta name=\"twitter:card\" content=\"summary_large_image\" \/>\n<script type=\"application\/ld+json\" class=\"yoast-schema-graph\">{\"@context\":\"https:\/\/schema.org\",\"@graph\":[{\"@type\":\"WebPage\",\"@id\":\"https:\/\/www.noticiasradioreflejos.com.ar\/2021\/decreto-convocatoria-reconocimiento-abanderados-y-escoltas-2019\/\",\"url\":\"https:\/\/www.noticiasradioreflejos.com.ar\/2021\/decreto-convocatoria-reconocimiento-abanderados-y-escoltas-2019\/\",\"name\":\"Decreto convocatoria reconocimiento abanderados y escoltas 2019. - Noticias Radio Reflejos\",\"isPartOf\":{\"@id\":\"https:\/\/www.noticiasradioreflejos.com.ar\/2021\/#website\"},\"datePublished\":\"2019-11-26T14:45:42+00:00\",\"author\":{\"@id\":\"https:\/\/www.noticiasradioreflejos.com.ar\/2021\/#\/schema\/person\/ad82545263dcc5ec0996818884fd5fb1\"},\"breadcrumb\":{\"@id\":\"https:\/\/www.noticiasradioreflejos.com.ar\/2021\/decreto-convocatoria-reconocimiento-abanderados-y-escoltas-2019\/#breadcrumb\"},\"inLanguage\":\"es\",\"potentialAction\":[{\"@type\":\"ReadAction\",\"target\":[\"https:\/\/www.noticiasradioreflejos.com.ar\/2021\/decreto-convocatoria-reconocimiento-abanderados-y-escoltas-2019\/\"]}]},{\"@type\":\"BreadcrumbList\",\"@id\":\"https:\/\/www.noticiasradioreflejos.com.ar\/2021\/decreto-convocatoria-reconocimiento-abanderados-y-escoltas-2019\/#breadcrumb\",\"itemListElement\":[{\"@type\":\"ListItem\",\"position\":1,\"name\":\"Portada\",\"item\":\"https:\/\/www.noticiasradioreflejos.com.ar\/2021\/\"},{\"@type\":\"ListItem\",\"position\":2,\"name\":\"Decreto convocatoria reconocimiento abanderados y escoltas 2019.\"}]},{\"@type\":\"WebSite\",\"@id\":\"https:\/\/www.noticiasradioreflejos.com.ar\/2021\/#website\",\"url\":\"https:\/\/www.noticiasradioreflejos.com.ar\/2021\/\",\"name\":\"Noticias Radio Reflejos\",\"description\":\"Las noticias de mi comarca\",\"potentialAction\":[{\"@type\":\"SearchAction\",\"target\":{\"@type\":\"EntryPoint\",\"urlTemplate\":\"https:\/\/www.noticiasradioreflejos.com.ar\/2021\/?s={search_term_string}\"},\"query-input\":{\"@type\":\"PropertyValueSpecification\",\"valueRequired\":true,\"valueName\":\"search_term_string\"}}],\"inLanguage\":\"es\"},{\"@type\":\"Person\",\"@id\":\"https:\/\/www.noticiasradioreflejos.com.ar\/2021\/#\/schema\/person\/ad82545263dcc5ec0996818884fd5fb1\",\"name\":\"Arnaldo Botto\",\"image\":{\"@type\":\"ImageObject\",\"inLanguage\":\"es\",\"@id\":\"https:\/\/www.noticiasradioreflejos.com.ar\/2021\/#\/schema\/person\/image\/\",\"url\":\"https:\/\/secure.gravatar.com\/avatar\/55cb5e37c1efa326397366e6974cb338056df65cb50e7d64d1cf314e87504837?s=96&d=mm&r=g\",\"contentUrl\":\"https:\/\/secure.gravatar.com\/avatar\/55cb5e37c1efa326397366e6974cb338056df65cb50e7d64d1cf314e87504837?s=96&d=mm&r=g\",\"caption\":\"Arnaldo Botto\"},\"url\":\"https:\/\/www.noticiasradioreflejos.com.ar\/2021\/author\/arnaldo\/\"}]}<\/script>\n<!-- \/ Yoast SEO plugin. -->","yoast_head_json":{"title":"Decreto convocatoria reconocimiento abanderados y escoltas 2019. - Noticias Radio Reflejos","robots":{"index":"index","follow":"follow","max-snippet":"max-snippet:-1","max-image-preview":"max-image-preview:large","max-video-preview":"max-video-preview:-1"},"canonical":"https:\/\/www.noticiasradioreflejos.com.ar\/2021\/decreto-convocatoria-reconocimiento-abanderados-y-escoltas-2019\/","og_locale":"es_ES","og_type":"article","og_title":"Decreto convocatoria reconocimiento abanderados y escoltas 2019. - Noticias Radio Reflejos","og_description":"Sesi\u00f3n Extraordinaria a los Sres. Concejales, a los ni\u00f1os y j\u00f3venes portadores de las Banderas Argentina y Bonaerense, juntamente con sus Escoltas, y a los Directivos y Docentes de las respectivas Escuelas","og_url":"https:\/\/www.noticiasradioreflejos.com.ar\/2021\/decreto-convocatoria-reconocimiento-abanderados-y-escoltas-2019\/","og_site_name":"Noticias Radio Reflejos","article_published_time":"2019-11-26T14:45:42+00:00","og_image":[{"width":300,"height":200,"url":"https:\/\/www.noticiasradioreflejos.com.ar\/2021\/wp-content\/uploads\/2021\/07\/logosol300x200.png","type":"image\/png"}],"author":"Arnaldo Botto","twitter_card":"summary_large_image","schema":{"@context":"https:\/\/schema.org","@graph":[{"@type":"WebPage","@id":"https:\/\/www.noticiasradioreflejos.com.ar\/2021\/decreto-convocatoria-reconocimiento-abanderados-y-escoltas-2019\/","url":"https:\/\/www.noticiasradioreflejos.com.ar\/2021\/decreto-convocatoria-reconocimiento-abanderados-y-escoltas-2019\/","name":"Decreto convocatoria reconocimiento abanderados y escoltas 2019. - Noticias Radio Reflejos","isPartOf":{"@id":"https:\/\/www.noticiasradioreflejos.com.ar\/2021\/#website"},"datePublished":"2019-11-26T14:45:42+00:00","author":{"@id":"https:\/\/www.noticiasradioreflejos.com.ar\/2021\/#\/schema\/person\/ad82545263dcc5ec0996818884fd5fb1"},"breadcrumb":{"@id":"https:\/\/www.noticiasradioreflejos.com.ar\/2021\/decreto-convocatoria-reconocimiento-abanderados-y-escoltas-2019\/#breadcrumb"},"inLanguage":"es","potentialAction":[{"@type":"ReadAction","target":["https:\/\/www.noticiasradioreflejos.com.ar\/2021\/decreto-convocatoria-reconocimiento-abanderados-y-escoltas-2019\/"]}]},{"@type":"BreadcrumbList","@id":"https:\/\/www.noticiasradioreflejos.com.ar\/2021\/decreto-convocatoria-reconocimiento-abanderados-y-escoltas-2019\/#breadcrumb","itemListElement":[{"@type":"ListItem","position":1,"name":"Portada","item":"https:\/\/www.noticiasradioreflejos.com.ar\/2021\/"},{"@type":"ListItem","position":2,"name":"Decreto convocatoria reconocimiento abanderados y escoltas 2019."}]},{"@type":"WebSite","@id":"https:\/\/www.noticiasradioreflejos.com.ar\/2021\/#website","url":"https:\/\/www.noticiasradioreflejos.com.ar\/2021\/","name":"Noticias Radio Reflejos","description":"Las noticias de mi comarca","potentialAction":[{"@type":"SearchAction","target":{"@type":"EntryPoint","urlTemplate":"https:\/\/www.noticiasradioreflejos.com.ar\/2021\/?s={search_term_string}"},"query-input":{"@type":"PropertyValueSpecification","valueRequired":true,"valueName":"search_term_string"}}],"inLanguage":"es"},{"@type":"Person","@id":"https:\/\/www.noticiasradioreflejos.com.ar\/2021\/#\/schema\/person\/ad82545263dcc5ec0996818884fd5fb1","name":"Arnaldo Botto","image":{"@type":"ImageObject","inLanguage":"es","@id":"https:\/\/www.noticiasradioreflejos.com.ar\/2021\/#\/schema\/person\/image\/","url":"https:\/\/secure.gravatar.com\/avatar\/55cb5e37c1efa326397366e6974cb338056df65cb50e7d64d1cf314e87504837?s=96&d=mm&r=g","contentUrl":"https:\/\/secure.gravatar.com\/avatar\/55cb5e37c1efa326397366e6974cb338056df65cb50e7d64d1cf314e87504837?s=96&d=mm&r=g","caption":"Arnaldo Botto"},"url":"https:\/\/www.noticiasradioreflejos.com.ar\/2021\/author\/arnaldo\/"}]}},"_links":{"self":[{"href":"https:\/\/www.noticiasradioreflejos.com.ar\/2021\/wp-json\/wp\/v2\/posts\/36726","targetHints":{"allow":["GET"]}}],"collection":[{"href":"https:\/\/www.noticiasradioreflejos.com.ar\/2021\/wp-json\/wp\/v2\/posts"}],"about":[{"href":"https:\/\/www.noticiasradioreflejos.com.ar\/2021\/wp-json\/wp\/v2\/types\/post"}],"author":[{"embeddable":true,"href":"https:\/\/www.noticiasradioreflejos.com.ar\/2021\/wp-json\/wp\/v2\/users\/3"}],"replies":[{"embeddable":true,"href":"https:\/\/www.noticiasradioreflejos.com.ar\/2021\/wp-json\/wp\/v2\/comments?post=36726"}],"version-history":[{"count":0,"href":"https:\/\/www.noticiasradioreflejos.com.ar\/2021\/wp-json\/wp\/v2\/posts\/36726\/revisions"}],"wp:attachment":[{"href":"https:\/\/www.noticiasradioreflejos.com.ar\/2021\/wp-json\/wp\/v2\/media?parent=36726"}],"wp:term":[{"taxonomy":"category","embeddable":true,"href":"https:\/\/www.noticiasradioreflejos.com.ar\/2021\/wp-json\/wp\/v2\/categories?post=36726"},{"taxonomy":"post_tag","embeddable":true,"href":"https:\/\/www.noticiasradioreflejos.com.ar\/2021\/wp-json\/wp\/v2\/tags?post=36726"}],"curies":[{"name":"wp","href":"https:\/\/api.w.org\/{rel}","templated":true}]}}