{"id":36715,"date":"2019-11-25T17:02:53","date_gmt":"2019-11-25T20:02:53","guid":{"rendered":"http:\/\/www.noticiasradioreflejos.com.ar\/noticias\/?p=36715"},"modified":"2019-11-25T17:02:53","modified_gmt":"2019-11-25T20:02:53","slug":"automoto-agasajo-al-deporte-menor","status":"publish","type":"post","link":"https:\/\/www.noticiasradioreflejos.com.ar\/2021\/automoto-agasajo-al-deporte-menor\/","title":{"rendered":"Automoto agasaj\u00f3 al deporte menor"},"content":{"rendered":"<p><a title=\"DSC_5663\" href=\"http:\/\/live.staticflickr.com\/65535\/49124000717_16552a7bde_s.jpg\" rel=\"\"><img loading=\"lazy\" decoding=\"async\" class=\"alignleft\" style=\"float: left;\" title=\"DSC_5663\" src=\"http:\/\/live.staticflickr.com\/65535\/49124000717_16552a7bde.jpg\" alt=\"DSC_5663\" width=\"500\" height=\"290\" \/><\/a>Los chicos que realizan actividades en el Automoto Club Deportivo tuvieron su gran homenaje con la denominada Cena del Deporte Menor, que se desarroll\u00f3 en el Polideportivo Mario Gandini de la instituci\u00f3n.<!--more--><br \/>\nLa iniciativa, organizada por el grupo de padres de Escuelita e Inferiores de la entidad, marc\u00f3 el cierre de un a\u00f1o muy intenso (pese a que las actividades continuar\u00e1n por algunas semanas) y cont\u00f3 con la presencia de m\u00e1s de 500 personas, que disfrutaron de una jornada alegre y distendida, con la atenci\u00f3n centrada en los menores que participan de la Escuelita Azulgrana, las inferiores, el v\u00f3leibol y el recientemente incorporado rugby.<br \/>\nEl presidente de la instituci\u00f3n, Gabriel Artola, destac\u00f3 el trabajo que se viene realizando con los menores en todas las actividades del club y anunci\u00f3 el inminente comienzo de una obra muy necesaria: el riego autom\u00e1tico para las dos canchas auxiliares de f\u00fatbol.<br \/>\nDurante el transcurso de la noche, cada uno de los menores que desarrolla actividad en la entidad recibi\u00f3 un hermoso regalo de fin de a\u00f1o, consistente en una gorra con la insignia del club, al tiempo que miembros de la comisi\u00f3n directiva entregaron un presente al cuerpo t\u00e9cnico de las inferiores, compuesto por Mauricio Kugler, Juan Salazar y Juan Gisler.<br \/>\nAdem\u00e1s, se destac\u00f3 a los deportistas que mejor representaron durante el a\u00f1o los Valores Azulgranas (asistencia, superaci\u00f3n, compromiso, esfuerzo, buena conducta y compa\u00f1erismo) y se eligi\u00f3 a los mejores compa\u00f1eros. Los mismos fueron:<br \/>\n<a title=\"DSC_5737\" href=\"http:\/\/live.staticflickr.com\/65535\/49123812781_989802d000_s.jpg\" rel=\"\"><img loading=\"lazy\" decoding=\"async\" class=\"alignleft\" style=\"float: left;\" title=\"DSC_5737\" src=\"http:\/\/live.staticflickr.com\/65535\/49123812781_989802d000.jpg\" alt=\"DSC_5737\" width=\"500\" height=\"251\" \/><\/a>Escuelita Jard\u00edn<br \/>\n&#8211; Valor Azulgrana: Juani Ant\u00f3n.<br \/>\n&#8211; Mejor compa\u00f1ero: Bautista Bigurrarena.<br \/>\nCategor\u00eda 2013<br \/>\n&#8211; Valor Azulgrana: Zoe Borches.<br \/>\n&#8211; Mejor compa\u00f1ero: Agust\u00edn Meriggi.<br \/>\nCategor\u00eda 2012<br \/>\n&#8211; Valor Azulgrana: Gael V\u00e1zquez.<br \/>\n&#8211; Mejor compa\u00f1ero: Facundo Torsani.<br \/>\nCategor\u00eda 2011<br \/>\n&#8211; Valor Azulgrana: Bautista Contreras.<br \/>\n&#8211; Mejor compa\u00f1ero: Uriam Di\u00f3cares.<br \/>\nCategor\u00eda 2010<br \/>\n&#8211; Valor Azulgrana: Valentino Braun.<br \/>\n&#8211; Mejor compa\u00f1ero: Valentino Sgammini.<br \/>\nCategor\u00eda 2009<br \/>\n&#8211; Valor Azulgrana: Bautista Schwab.<br \/>\n&#8211; Mejor compa\u00f1ero: Facundo Abalos.<br \/>\nCategor\u00eda 2008<br \/>\n&#8211; Valor Azulgrana: Benjam\u00edn Gallo.<br \/>\n&#8211; Mejor compa\u00f1ero: Nahuel Garc\u00eda.<br \/>\nOctava<br \/>\n&#8211; Valor Azulgrana: Mateo Toy.<br \/>\n&#8211; Mejor compa\u00f1ero: Santiago Hansel y Juan Flores.<br \/>\nS\u00e9ptima<br \/>\n&#8211; Valor Azulgrana: Lautaro Ferreyra.<br \/>\n&#8211; Mejor compa\u00f1ero: Maximiliano Nievas.<br \/>\nSexta<br \/>\n&#8211; Valor Azulgrana: Emilio Sgammini.<br \/>\n&#8211; Mejor compa\u00f1ero: Mateo Bolletta.<br \/>\nQuinta<br \/>\n&#8211; Valor Azulgrana: Maximiliano Gonz\u00e1lez.<br \/>\n&#8211; Mejor compa\u00f1ero: Juan Vanoli y Alejo Echegoyen.<br \/>\nVoley Mini<br \/>\n&#8211; Valor Azulgrana: Eloisa Pagella Sgammini.<br \/>\n&#8211; Mejor compa\u00f1era: Brunela Montero.<br \/>\nVoley Sub 12 B<br \/>\n&#8211; Valor Azulgrana: Josefina Manfredi.<br \/>\n&#8211; Mejor compa\u00f1era: Renata Ant\u00f3n.<br \/>\n<a title=\"DSC_5718\" href=\"http:\/\/live.staticflickr.com\/65535\/49123316268_aa12f58767_s.jpg\" rel=\"\"><img loading=\"lazy\" decoding=\"async\" class=\"alignleft\" style=\"float: left;\" title=\"DSC_5718\" src=\"http:\/\/live.staticflickr.com\/65535\/49123316268_aa12f58767.jpg\" alt=\"DSC_5718\" width=\"500\" height=\"227\" \/><\/a>Voley Sub 12 A<br \/>\n&#8211; Valor Azulgrana: Alma Urriaga.<br \/>\n&#8211; Mejor compa\u00f1era: Luc\u00eda Trankels.<br \/>\nVoley Sub 16<br \/>\n&#8211; Valor Azulgrana: Valentina Dorado.<br \/>\n&#8211; Mejor compa\u00f1era: Clara Rinc\u00f3n.<br \/>\nVoley Sub 18<br \/>\n&#8211; Valor Azulgrana: Giuliana Verdinelli.<br \/>\n&#8211; Mejor compa\u00f1era: Luciana Dorado.<br \/>\nVoley Sub 19 M<br \/>\n&#8211; Valor Azulgrana: Alejandro Cabrera.<br \/>\n&#8211; Mejor compa\u00f1ero: Cateano Bravo y Mat\u00edas Rosas.<br \/>\nEl grupo de padres encargados de la organizaci\u00f3n agradecen profundamente a quienes colaboraron para que esta iniciativa fuera posible: allegados a la instituci\u00f3n, comercios amigos, Centro de Jubilados, Escuela Agropecuaria y Municipalidad de Tornquist.<br \/>\nTambi\u00e9n a los integrantes de la familia azulgrana que prestaron su tiempo para efectuar diferentes tareas, a los profesores por el trabajo y el esfuerzo diario, a los medios de comunicaci\u00f3n, a los padres, abuelos y familiares que acompa\u00f1aron, y a todos los que de una u otra manera aportaron su granito de arena.<br \/>\nAlbum de fotos: https:\/\/www.facebook.com\/pg\/automototornquist\/photos\/?tab=album&amp;album_id=2786383851381603<br \/>\nDepartamento de Prensa \u2013 Automoto Club Deportivo<br \/>\nwww.clubautomotopasion.com.ar<br \/>\nFacebook: \/automototornquist<br \/>\nTwitter: @ClubAutomoto<\/p>\n","protected":false},"excerpt":{"rendered":"<p>Los chicos que realizan actividades en el Automoto Club Deportivo tuvieron su gran homenaje con la denominada Cena del Deporte Menor, que se desarroll\u00f3 en el Polideportivo Mario Gandini de la instituci\u00f3n.<\/p>\n","protected":false},"author":3,"featured_media":0,"comment_status":"closed","ping_status":"open","sticky":false,"template":"","format":"standard","meta":{"footnotes":""},"categories":[27],"tags":[],"class_list":["post-36715","post","type-post","status-publish","format-standard","hentry","category-deportes"],"yoast_head":"<!-- This site is optimized with the Yoast SEO plugin v25.9 - https:\/\/yoast.com\/wordpress\/plugins\/seo\/ -->\n<title>Automoto agasaj\u00f3 al deporte menor - Noticias Radio Reflejos<\/title>\n<meta name=\"robots\" content=\"index, follow, max-snippet:-1, max-image-preview:large, max-video-preview:-1\" \/>\n<link rel=\"canonical\" href=\"https:\/\/www.noticiasradioreflejos.com.ar\/2021\/automoto-agasajo-al-deporte-menor\/\" \/>\n<meta property=\"og:locale\" content=\"es_ES\" \/>\n<meta property=\"og:type\" content=\"article\" \/>\n<meta property=\"og:title\" content=\"Automoto agasaj\u00f3 al deporte menor - Noticias Radio Reflejos\" \/>\n<meta property=\"og:description\" content=\"Los chicos que realizan actividades en el Automoto Club Deportivo tuvieron su gran homenaje con la denominada Cena del Deporte Menor, que se desarroll\u00f3 en el Polideportivo Mario Gandini de la instituci\u00f3n.\" \/>\n<meta property=\"og:url\" content=\"https:\/\/www.noticiasradioreflejos.com.ar\/2021\/automoto-agasajo-al-deporte-menor\/\" \/>\n<meta property=\"og:site_name\" content=\"Noticias Radio Reflejos\" \/>\n<meta property=\"article:published_time\" content=\"2019-11-25T20:02:53+00:00\" \/>\n<meta property=\"og:image\" content=\"http:\/\/live.staticflickr.com\/65535\/49124000717_16552a7bde.jpg\" \/>\n<meta name=\"author\" content=\"Arnaldo Botto\" \/>\n<meta name=\"twitter:card\" content=\"summary_large_image\" \/>\n<script type=\"application\/ld+json\" class=\"yoast-schema-graph\">{\"@context\":\"https:\/\/schema.org\",\"@graph\":[{\"@type\":\"WebPage\",\"@id\":\"https:\/\/www.noticiasradioreflejos.com.ar\/2021\/automoto-agasajo-al-deporte-menor\/\",\"url\":\"https:\/\/www.noticiasradioreflejos.com.ar\/2021\/automoto-agasajo-al-deporte-menor\/\",\"name\":\"Automoto agasaj\u00f3 al deporte menor - Noticias Radio Reflejos\",\"isPartOf\":{\"@id\":\"https:\/\/www.noticiasradioreflejos.com.ar\/2021\/#website\"},\"primaryImageOfPage\":{\"@id\":\"https:\/\/www.noticiasradioreflejos.com.ar\/2021\/automoto-agasajo-al-deporte-menor\/#primaryimage\"},\"image\":{\"@id\":\"https:\/\/www.noticiasradioreflejos.com.ar\/2021\/automoto-agasajo-al-deporte-menor\/#primaryimage\"},\"thumbnailUrl\":\"http:\/\/live.staticflickr.com\/65535\/49124000717_16552a7bde.jpg\",\"datePublished\":\"2019-11-25T20:02:53+00:00\",\"author\":{\"@id\":\"https:\/\/www.noticiasradioreflejos.com.ar\/2021\/#\/schema\/person\/ad82545263dcc5ec0996818884fd5fb1\"},\"breadcrumb\":{\"@id\":\"https:\/\/www.noticiasradioreflejos.com.ar\/2021\/automoto-agasajo-al-deporte-menor\/#breadcrumb\"},\"inLanguage\":\"es\",\"potentialAction\":[{\"@type\":\"ReadAction\",\"target\":[\"https:\/\/www.noticiasradioreflejos.com.ar\/2021\/automoto-agasajo-al-deporte-menor\/\"]}]},{\"@type\":\"ImageObject\",\"inLanguage\":\"es\",\"@id\":\"https:\/\/www.noticiasradioreflejos.com.ar\/2021\/automoto-agasajo-al-deporte-menor\/#primaryimage\",\"url\":\"http:\/\/live.staticflickr.com\/65535\/49124000717_16552a7bde.jpg\",\"contentUrl\":\"http:\/\/live.staticflickr.com\/65535\/49124000717_16552a7bde.jpg\"},{\"@type\":\"BreadcrumbList\",\"@id\":\"https:\/\/www.noticiasradioreflejos.com.ar\/2021\/automoto-agasajo-al-deporte-menor\/#breadcrumb\",\"itemListElement\":[{\"@type\":\"ListItem\",\"position\":1,\"name\":\"Portada\",\"item\":\"https:\/\/www.noticiasradioreflejos.com.ar\/2021\/\"},{\"@type\":\"ListItem\",\"position\":2,\"name\":\"Automoto agasaj\u00f3 al deporte menor\"}]},{\"@type\":\"WebSite\",\"@id\":\"https:\/\/www.noticiasradioreflejos.com.ar\/2021\/#website\",\"url\":\"https:\/\/www.noticiasradioreflejos.com.ar\/2021\/\",\"name\":\"Noticias Radio Reflejos\",\"description\":\"Las noticias de mi comarca\",\"potentialAction\":[{\"@type\":\"SearchAction\",\"target\":{\"@type\":\"EntryPoint\",\"urlTemplate\":\"https:\/\/www.noticiasradioreflejos.com.ar\/2021\/?s={search_term_string}\"},\"query-input\":{\"@type\":\"PropertyValueSpecification\",\"valueRequired\":true,\"valueName\":\"search_term_string\"}}],\"inLanguage\":\"es\"},{\"@type\":\"Person\",\"@id\":\"https:\/\/www.noticiasradioreflejos.com.ar\/2021\/#\/schema\/person\/ad82545263dcc5ec0996818884fd5fb1\",\"name\":\"Arnaldo Botto\",\"image\":{\"@type\":\"ImageObject\",\"inLanguage\":\"es\",\"@id\":\"https:\/\/www.noticiasradioreflejos.com.ar\/2021\/#\/schema\/person\/image\/\",\"url\":\"https:\/\/secure.gravatar.com\/avatar\/55cb5e37c1efa326397366e6974cb338056df65cb50e7d64d1cf314e87504837?s=96&d=mm&r=g\",\"contentUrl\":\"https:\/\/secure.gravatar.com\/avatar\/55cb5e37c1efa326397366e6974cb338056df65cb50e7d64d1cf314e87504837?s=96&d=mm&r=g\",\"caption\":\"Arnaldo Botto\"},\"url\":\"https:\/\/www.noticiasradioreflejos.com.ar\/2021\/author\/arnaldo\/\"}]}<\/script>\n<!-- \/ Yoast SEO plugin. -->","yoast_head_json":{"title":"Automoto agasaj\u00f3 al deporte menor - Noticias Radio Reflejos","robots":{"index":"index","follow":"follow","max-snippet":"max-snippet:-1","max-image-preview":"max-image-preview:large","max-video-preview":"max-video-preview:-1"},"canonical":"https:\/\/www.noticiasradioreflejos.com.ar\/2021\/automoto-agasajo-al-deporte-menor\/","og_locale":"es_ES","og_type":"article","og_title":"Automoto agasaj\u00f3 al deporte menor - Noticias Radio Reflejos","og_description":"Los chicos que realizan actividades en el Automoto Club Deportivo tuvieron su gran homenaje con la denominada Cena del Deporte Menor, que se desarroll\u00f3 en el Polideportivo Mario Gandini de la instituci\u00f3n.","og_url":"https:\/\/www.noticiasradioreflejos.com.ar\/2021\/automoto-agasajo-al-deporte-menor\/","og_site_name":"Noticias Radio Reflejos","article_published_time":"2019-11-25T20:02:53+00:00","og_image":[{"url":"http:\/\/live.staticflickr.com\/65535\/49124000717_16552a7bde.jpg","type":"","width":"","height":""}],"author":"Arnaldo Botto","twitter_card":"summary_large_image","schema":{"@context":"https:\/\/schema.org","@graph":[{"@type":"WebPage","@id":"https:\/\/www.noticiasradioreflejos.com.ar\/2021\/automoto-agasajo-al-deporte-menor\/","url":"https:\/\/www.noticiasradioreflejos.com.ar\/2021\/automoto-agasajo-al-deporte-menor\/","name":"Automoto agasaj\u00f3 al deporte menor - Noticias Radio Reflejos","isPartOf":{"@id":"https:\/\/www.noticiasradioreflejos.com.ar\/2021\/#website"},"primaryImageOfPage":{"@id":"https:\/\/www.noticiasradioreflejos.com.ar\/2021\/automoto-agasajo-al-deporte-menor\/#primaryimage"},"image":{"@id":"https:\/\/www.noticiasradioreflejos.com.ar\/2021\/automoto-agasajo-al-deporte-menor\/#primaryimage"},"thumbnailUrl":"http:\/\/live.staticflickr.com\/65535\/49124000717_16552a7bde.jpg","datePublished":"2019-11-25T20:02:53+00:00","author":{"@id":"https:\/\/www.noticiasradioreflejos.com.ar\/2021\/#\/schema\/person\/ad82545263dcc5ec0996818884fd5fb1"},"breadcrumb":{"@id":"https:\/\/www.noticiasradioreflejos.com.ar\/2021\/automoto-agasajo-al-deporte-menor\/#breadcrumb"},"inLanguage":"es","potentialAction":[{"@type":"ReadAction","target":["https:\/\/www.noticiasradioreflejos.com.ar\/2021\/automoto-agasajo-al-deporte-menor\/"]}]},{"@type":"ImageObject","inLanguage":"es","@id":"https:\/\/www.noticiasradioreflejos.com.ar\/2021\/automoto-agasajo-al-deporte-menor\/#primaryimage","url":"http:\/\/live.staticflickr.com\/65535\/49124000717_16552a7bde.jpg","contentUrl":"http:\/\/live.staticflickr.com\/65535\/49124000717_16552a7bde.jpg"},{"@type":"BreadcrumbList","@id":"https:\/\/www.noticiasradioreflejos.com.ar\/2021\/automoto-agasajo-al-deporte-menor\/#breadcrumb","itemListElement":[{"@type":"ListItem","position":1,"name":"Portada","item":"https:\/\/www.noticiasradioreflejos.com.ar\/2021\/"},{"@type":"ListItem","position":2,"name":"Automoto agasaj\u00f3 al deporte menor"}]},{"@type":"WebSite","@id":"https:\/\/www.noticiasradioreflejos.com.ar\/2021\/#website","url":"https:\/\/www.noticiasradioreflejos.com.ar\/2021\/","name":"Noticias Radio Reflejos","description":"Las noticias de mi comarca","potentialAction":[{"@type":"SearchAction","target":{"@type":"EntryPoint","urlTemplate":"https:\/\/www.noticiasradioreflejos.com.ar\/2021\/?s={search_term_string}"},"query-input":{"@type":"PropertyValueSpecification","valueRequired":true,"valueName":"search_term_string"}}],"inLanguage":"es"},{"@type":"Person","@id":"https:\/\/www.noticiasradioreflejos.com.ar\/2021\/#\/schema\/person\/ad82545263dcc5ec0996818884fd5fb1","name":"Arnaldo Botto","image":{"@type":"ImageObject","inLanguage":"es","@id":"https:\/\/www.noticiasradioreflejos.com.ar\/2021\/#\/schema\/person\/image\/","url":"https:\/\/secure.gravatar.com\/avatar\/55cb5e37c1efa326397366e6974cb338056df65cb50e7d64d1cf314e87504837?s=96&d=mm&r=g","contentUrl":"https:\/\/secure.gravatar.com\/avatar\/55cb5e37c1efa326397366e6974cb338056df65cb50e7d64d1cf314e87504837?s=96&d=mm&r=g","caption":"Arnaldo Botto"},"url":"https:\/\/www.noticiasradioreflejos.com.ar\/2021\/author\/arnaldo\/"}]}},"_links":{"self":[{"href":"https:\/\/www.noticiasradioreflejos.com.ar\/2021\/wp-json\/wp\/v2\/posts\/36715","targetHints":{"allow":["GET"]}}],"collection":[{"href":"https:\/\/www.noticiasradioreflejos.com.ar\/2021\/wp-json\/wp\/v2\/posts"}],"about":[{"href":"https:\/\/www.noticiasradioreflejos.com.ar\/2021\/wp-json\/wp\/v2\/types\/post"}],"author":[{"embeddable":true,"href":"https:\/\/www.noticiasradioreflejos.com.ar\/2021\/wp-json\/wp\/v2\/users\/3"}],"replies":[{"embeddable":true,"href":"https:\/\/www.noticiasradioreflejos.com.ar\/2021\/wp-json\/wp\/v2\/comments?post=36715"}],"version-history":[{"count":0,"href":"https:\/\/www.noticiasradioreflejos.com.ar\/2021\/wp-json\/wp\/v2\/posts\/36715\/revisions"}],"wp:attachment":[{"href":"https:\/\/www.noticiasradioreflejos.com.ar\/2021\/wp-json\/wp\/v2\/media?parent=36715"}],"wp:term":[{"taxonomy":"category","embeddable":true,"href":"https:\/\/www.noticiasradioreflejos.com.ar\/2021\/wp-json\/wp\/v2\/categories?post=36715"},{"taxonomy":"post_tag","embeddable":true,"href":"https:\/\/www.noticiasradioreflejos.com.ar\/2021\/wp-json\/wp\/v2\/tags?post=36715"}],"curies":[{"name":"wp","href":"https:\/\/api.w.org\/{rel}","templated":true}]}}