{"id":36701,"date":"2019-11-25T10:29:45","date_gmt":"2019-11-25T13:29:45","guid":{"rendered":"http:\/\/www.noticiasradioreflejos.com.ar\/noticias\/?p=36701"},"modified":"2019-11-25T10:29:45","modified_gmt":"2019-11-25T13:29:45","slug":"los-seniors-del-club-atletico-ventana-lanzan-el-torneo-de-verano","status":"publish","type":"post","link":"https:\/\/www.noticiasradioreflejos.com.ar\/2021\/los-seniors-del-club-atletico-ventana-lanzan-el-torneo-de-verano\/","title":{"rendered":"Los \u201cSeniors\u201d del Club Atl\u00e9tico Ventana lanzan el Torneo de Verano."},"content":{"rendered":"<p><a title=\"copa grenz (1)\" href=\"http:\/\/live.staticflickr.com\/65535\/49122014832_5aef4bda94_s.jpg\" rel=\"\"><img loading=\"lazy\" decoding=\"async\" class=\"alignleft\" style=\"float: left;\" title=\"copa grenz (1)\" src=\"http:\/\/live.staticflickr.com\/65535\/49122014832_5aef4bda94.jpg\" alt=\"copa grenz (1)\" width=\"375\" height=\"500\" \/><\/a>La SubComisi\u00f3n de F\u00fatbol Seniors del Club Atl\u00e9tico Ventana organiza el Torneo de Verano \u201cYiye Grenz\u201d en d\u00f3nde se pondr\u00e1 en juego la Copa Challenger de la Instituci\u00f3n Tricolor.<!--more--><br \/>\nSe trata de una competici\u00f3n corta a jugarse todos los viernes en las canchas del Club, d\u00f3nde cada plantel inscripto podr\u00e1 incorporar 12 jugadores m\u00e1s el cuerpo t\u00e9cnico con edades: +35 a\u00f1os dentro del 2019 y los que cumplan esa edad al 31 de Diciembre del 2019. Cada plantel puede incorporar solamente (1) un jugador de 30 a\u00f1os a 35 a\u00f1os.<br \/>\nEl Torneo de Verano \u201cYiye Grenz\u201d tiene prevista fecha de inicio para el 13 de Diciembre con un cupo m\u00e1ximo de (12) doce equipos, la lista de buena fe, debe presentarse como tiempo l\u00edmite el d\u00eda mi\u00e9rcoles 06 de Diciembre para revisi\u00f3n y el valor por equipo es de $ 4.500. Dinero que se destina a gastos de Liga, los premios, trofeos, planillas de inscripciones y fichas. Cada equipo debe presentar comprobante de seguro por sus jugadores.<br \/>\nLos partidos se juegan con modalidad de F\u00fatbol 8, un arquero m\u00e1s siete jugadores y cuatro suplentes. Todos los equipos, deben estar uniformados con la indumentaria completa (camisetas y canilleras).<br \/>\nAquel equipo que gane el torneo 3 veces consecutivas o 4 veces alternada recibir\u00e1 la COPA CHALLENGER. Los Premios para la presente edici\u00f3n del Torneo son los siguientes: 1\u00b0 Puesto: $ 10.000.- + trofeo 2\u00b0 Puesto: $ 5.000.- + trofeo 3\u00b0 Puesto: $ 2.000.- + trofeo Valla menos vencida y Goleador.<br \/>\nLa iniciativa de la Subco de S\u00e9niors surge de la necesidad de seguir sumando para el semillero de la Instituci\u00f3n; durante el Torneo habr\u00e1 esmerado servicio de cantina a cargo de la CD del CAV.<br \/>\nPara mayor informaci\u00f3n se deben comunicar a los celulares:<br \/>\n291- 5034101\/291-5767069<\/p>\n","protected":false},"excerpt":{"rendered":"<p>La SubComisi\u00f3n de F\u00fatbol Seniors del Club Atl\u00e9tico Ventana organiza el Torneo de Verano \u201cYiye Grenz\u201d en d\u00f3nde se pondr\u00e1 en juego la Copa Challenger de la Instituci\u00f3n Tricolor.<\/p>\n","protected":false},"author":3,"featured_media":0,"comment_status":"closed","ping_status":"open","sticky":false,"template":"","format":"standard","meta":{"footnotes":""},"categories":[27],"tags":[],"class_list":["post-36701","post","type-post","status-publish","format-standard","hentry","category-deportes"],"yoast_head":"<!-- This site is optimized with the Yoast SEO plugin v25.9 - https:\/\/yoast.com\/wordpress\/plugins\/seo\/ -->\n<title>Los \u201cSeniors\u201d del Club Atl\u00e9tico Ventana lanzan el Torneo de Verano. - Noticias Radio Reflejos<\/title>\n<meta name=\"robots\" content=\"index, follow, max-snippet:-1, max-image-preview:large, max-video-preview:-1\" \/>\n<link rel=\"canonical\" href=\"https:\/\/www.noticiasradioreflejos.com.ar\/2021\/los-seniors-del-club-atletico-ventana-lanzan-el-torneo-de-verano\/\" \/>\n<meta property=\"og:locale\" content=\"es_ES\" \/>\n<meta property=\"og:type\" content=\"article\" \/>\n<meta property=\"og:title\" content=\"Los \u201cSeniors\u201d del Club Atl\u00e9tico Ventana lanzan el Torneo de Verano. - Noticias Radio Reflejos\" \/>\n<meta property=\"og:description\" content=\"La SubComisi\u00f3n de F\u00fatbol Seniors del Club Atl\u00e9tico Ventana organiza el Torneo de Verano \u201cYiye Grenz\u201d en d\u00f3nde se pondr\u00e1 en juego la Copa Challenger de la Instituci\u00f3n Tricolor.\" \/>\n<meta property=\"og:url\" content=\"https:\/\/www.noticiasradioreflejos.com.ar\/2021\/los-seniors-del-club-atletico-ventana-lanzan-el-torneo-de-verano\/\" \/>\n<meta property=\"og:site_name\" content=\"Noticias Radio Reflejos\" \/>\n<meta property=\"article:published_time\" content=\"2019-11-25T13:29:45+00:00\" \/>\n<meta property=\"og:image\" content=\"http:\/\/live.staticflickr.com\/65535\/49122014832_5aef4bda94.jpg\" \/>\n<meta name=\"author\" content=\"Arnaldo Botto\" \/>\n<meta name=\"twitter:card\" content=\"summary_large_image\" \/>\n<script type=\"application\/ld+json\" class=\"yoast-schema-graph\">{\"@context\":\"https:\/\/schema.org\",\"@graph\":[{\"@type\":\"WebPage\",\"@id\":\"https:\/\/www.noticiasradioreflejos.com.ar\/2021\/los-seniors-del-club-atletico-ventana-lanzan-el-torneo-de-verano\/\",\"url\":\"https:\/\/www.noticiasradioreflejos.com.ar\/2021\/los-seniors-del-club-atletico-ventana-lanzan-el-torneo-de-verano\/\",\"name\":\"Los \u201cSeniors\u201d del Club Atl\u00e9tico Ventana lanzan el Torneo de Verano. - Noticias Radio Reflejos\",\"isPartOf\":{\"@id\":\"https:\/\/www.noticiasradioreflejos.com.ar\/2021\/#website\"},\"primaryImageOfPage\":{\"@id\":\"https:\/\/www.noticiasradioreflejos.com.ar\/2021\/los-seniors-del-club-atletico-ventana-lanzan-el-torneo-de-verano\/#primaryimage\"},\"image\":{\"@id\":\"https:\/\/www.noticiasradioreflejos.com.ar\/2021\/los-seniors-del-club-atletico-ventana-lanzan-el-torneo-de-verano\/#primaryimage\"},\"thumbnailUrl\":\"http:\/\/live.staticflickr.com\/65535\/49122014832_5aef4bda94.jpg\",\"datePublished\":\"2019-11-25T13:29:45+00:00\",\"author\":{\"@id\":\"https:\/\/www.noticiasradioreflejos.com.ar\/2021\/#\/schema\/person\/ad82545263dcc5ec0996818884fd5fb1\"},\"breadcrumb\":{\"@id\":\"https:\/\/www.noticiasradioreflejos.com.ar\/2021\/los-seniors-del-club-atletico-ventana-lanzan-el-torneo-de-verano\/#breadcrumb\"},\"inLanguage\":\"es\",\"potentialAction\":[{\"@type\":\"ReadAction\",\"target\":[\"https:\/\/www.noticiasradioreflejos.com.ar\/2021\/los-seniors-del-club-atletico-ventana-lanzan-el-torneo-de-verano\/\"]}]},{\"@type\":\"ImageObject\",\"inLanguage\":\"es\",\"@id\":\"https:\/\/www.noticiasradioreflejos.com.ar\/2021\/los-seniors-del-club-atletico-ventana-lanzan-el-torneo-de-verano\/#primaryimage\",\"url\":\"http:\/\/live.staticflickr.com\/65535\/49122014832_5aef4bda94.jpg\",\"contentUrl\":\"http:\/\/live.staticflickr.com\/65535\/49122014832_5aef4bda94.jpg\"},{\"@type\":\"BreadcrumbList\",\"@id\":\"https:\/\/www.noticiasradioreflejos.com.ar\/2021\/los-seniors-del-club-atletico-ventana-lanzan-el-torneo-de-verano\/#breadcrumb\",\"itemListElement\":[{\"@type\":\"ListItem\",\"position\":1,\"name\":\"Portada\",\"item\":\"https:\/\/www.noticiasradioreflejos.com.ar\/2021\/\"},{\"@type\":\"ListItem\",\"position\":2,\"name\":\"Los \u201cSeniors\u201d del Club Atl\u00e9tico Ventana lanzan el Torneo de Verano.\"}]},{\"@type\":\"WebSite\",\"@id\":\"https:\/\/www.noticiasradioreflejos.com.ar\/2021\/#website\",\"url\":\"https:\/\/www.noticiasradioreflejos.com.ar\/2021\/\",\"name\":\"Noticias Radio Reflejos\",\"description\":\"Las noticias de mi comarca\",\"potentialAction\":[{\"@type\":\"SearchAction\",\"target\":{\"@type\":\"EntryPoint\",\"urlTemplate\":\"https:\/\/www.noticiasradioreflejos.com.ar\/2021\/?s={search_term_string}\"},\"query-input\":{\"@type\":\"PropertyValueSpecification\",\"valueRequired\":true,\"valueName\":\"search_term_string\"}}],\"inLanguage\":\"es\"},{\"@type\":\"Person\",\"@id\":\"https:\/\/www.noticiasradioreflejos.com.ar\/2021\/#\/schema\/person\/ad82545263dcc5ec0996818884fd5fb1\",\"name\":\"Arnaldo Botto\",\"image\":{\"@type\":\"ImageObject\",\"inLanguage\":\"es\",\"@id\":\"https:\/\/www.noticiasradioreflejos.com.ar\/2021\/#\/schema\/person\/image\/\",\"url\":\"https:\/\/secure.gravatar.com\/avatar\/55cb5e37c1efa326397366e6974cb338056df65cb50e7d64d1cf314e87504837?s=96&d=mm&r=g\",\"contentUrl\":\"https:\/\/secure.gravatar.com\/avatar\/55cb5e37c1efa326397366e6974cb338056df65cb50e7d64d1cf314e87504837?s=96&d=mm&r=g\",\"caption\":\"Arnaldo Botto\"},\"url\":\"https:\/\/www.noticiasradioreflejos.com.ar\/2021\/author\/arnaldo\/\"}]}<\/script>\n<!-- \/ Yoast SEO plugin. -->","yoast_head_json":{"title":"Los \u201cSeniors\u201d del Club Atl\u00e9tico Ventana lanzan el Torneo de Verano. - Noticias Radio Reflejos","robots":{"index":"index","follow":"follow","max-snippet":"max-snippet:-1","max-image-preview":"max-image-preview:large","max-video-preview":"max-video-preview:-1"},"canonical":"https:\/\/www.noticiasradioreflejos.com.ar\/2021\/los-seniors-del-club-atletico-ventana-lanzan-el-torneo-de-verano\/","og_locale":"es_ES","og_type":"article","og_title":"Los \u201cSeniors\u201d del Club Atl\u00e9tico Ventana lanzan el Torneo de Verano. - Noticias Radio Reflejos","og_description":"La SubComisi\u00f3n de F\u00fatbol Seniors del Club Atl\u00e9tico Ventana organiza el Torneo de Verano \u201cYiye Grenz\u201d en d\u00f3nde se pondr\u00e1 en juego la Copa Challenger de la Instituci\u00f3n Tricolor.","og_url":"https:\/\/www.noticiasradioreflejos.com.ar\/2021\/los-seniors-del-club-atletico-ventana-lanzan-el-torneo-de-verano\/","og_site_name":"Noticias Radio Reflejos","article_published_time":"2019-11-25T13:29:45+00:00","og_image":[{"url":"http:\/\/live.staticflickr.com\/65535\/49122014832_5aef4bda94.jpg","type":"","width":"","height":""}],"author":"Arnaldo Botto","twitter_card":"summary_large_image","schema":{"@context":"https:\/\/schema.org","@graph":[{"@type":"WebPage","@id":"https:\/\/www.noticiasradioreflejos.com.ar\/2021\/los-seniors-del-club-atletico-ventana-lanzan-el-torneo-de-verano\/","url":"https:\/\/www.noticiasradioreflejos.com.ar\/2021\/los-seniors-del-club-atletico-ventana-lanzan-el-torneo-de-verano\/","name":"Los \u201cSeniors\u201d del Club Atl\u00e9tico Ventana lanzan el Torneo de Verano. - Noticias Radio Reflejos","isPartOf":{"@id":"https:\/\/www.noticiasradioreflejos.com.ar\/2021\/#website"},"primaryImageOfPage":{"@id":"https:\/\/www.noticiasradioreflejos.com.ar\/2021\/los-seniors-del-club-atletico-ventana-lanzan-el-torneo-de-verano\/#primaryimage"},"image":{"@id":"https:\/\/www.noticiasradioreflejos.com.ar\/2021\/los-seniors-del-club-atletico-ventana-lanzan-el-torneo-de-verano\/#primaryimage"},"thumbnailUrl":"http:\/\/live.staticflickr.com\/65535\/49122014832_5aef4bda94.jpg","datePublished":"2019-11-25T13:29:45+00:00","author":{"@id":"https:\/\/www.noticiasradioreflejos.com.ar\/2021\/#\/schema\/person\/ad82545263dcc5ec0996818884fd5fb1"},"breadcrumb":{"@id":"https:\/\/www.noticiasradioreflejos.com.ar\/2021\/los-seniors-del-club-atletico-ventana-lanzan-el-torneo-de-verano\/#breadcrumb"},"inLanguage":"es","potentialAction":[{"@type":"ReadAction","target":["https:\/\/www.noticiasradioreflejos.com.ar\/2021\/los-seniors-del-club-atletico-ventana-lanzan-el-torneo-de-verano\/"]}]},{"@type":"ImageObject","inLanguage":"es","@id":"https:\/\/www.noticiasradioreflejos.com.ar\/2021\/los-seniors-del-club-atletico-ventana-lanzan-el-torneo-de-verano\/#primaryimage","url":"http:\/\/live.staticflickr.com\/65535\/49122014832_5aef4bda94.jpg","contentUrl":"http:\/\/live.staticflickr.com\/65535\/49122014832_5aef4bda94.jpg"},{"@type":"BreadcrumbList","@id":"https:\/\/www.noticiasradioreflejos.com.ar\/2021\/los-seniors-del-club-atletico-ventana-lanzan-el-torneo-de-verano\/#breadcrumb","itemListElement":[{"@type":"ListItem","position":1,"name":"Portada","item":"https:\/\/www.noticiasradioreflejos.com.ar\/2021\/"},{"@type":"ListItem","position":2,"name":"Los \u201cSeniors\u201d del Club Atl\u00e9tico Ventana lanzan el Torneo de Verano."}]},{"@type":"WebSite","@id":"https:\/\/www.noticiasradioreflejos.com.ar\/2021\/#website","url":"https:\/\/www.noticiasradioreflejos.com.ar\/2021\/","name":"Noticias Radio Reflejos","description":"Las noticias de mi comarca","potentialAction":[{"@type":"SearchAction","target":{"@type":"EntryPoint","urlTemplate":"https:\/\/www.noticiasradioreflejos.com.ar\/2021\/?s={search_term_string}"},"query-input":{"@type":"PropertyValueSpecification","valueRequired":true,"valueName":"search_term_string"}}],"inLanguage":"es"},{"@type":"Person","@id":"https:\/\/www.noticiasradioreflejos.com.ar\/2021\/#\/schema\/person\/ad82545263dcc5ec0996818884fd5fb1","name":"Arnaldo Botto","image":{"@type":"ImageObject","inLanguage":"es","@id":"https:\/\/www.noticiasradioreflejos.com.ar\/2021\/#\/schema\/person\/image\/","url":"https:\/\/secure.gravatar.com\/avatar\/55cb5e37c1efa326397366e6974cb338056df65cb50e7d64d1cf314e87504837?s=96&d=mm&r=g","contentUrl":"https:\/\/secure.gravatar.com\/avatar\/55cb5e37c1efa326397366e6974cb338056df65cb50e7d64d1cf314e87504837?s=96&d=mm&r=g","caption":"Arnaldo Botto"},"url":"https:\/\/www.noticiasradioreflejos.com.ar\/2021\/author\/arnaldo\/"}]}},"_links":{"self":[{"href":"https:\/\/www.noticiasradioreflejos.com.ar\/2021\/wp-json\/wp\/v2\/posts\/36701","targetHints":{"allow":["GET"]}}],"collection":[{"href":"https:\/\/www.noticiasradioreflejos.com.ar\/2021\/wp-json\/wp\/v2\/posts"}],"about":[{"href":"https:\/\/www.noticiasradioreflejos.com.ar\/2021\/wp-json\/wp\/v2\/types\/post"}],"author":[{"embeddable":true,"href":"https:\/\/www.noticiasradioreflejos.com.ar\/2021\/wp-json\/wp\/v2\/users\/3"}],"replies":[{"embeddable":true,"href":"https:\/\/www.noticiasradioreflejos.com.ar\/2021\/wp-json\/wp\/v2\/comments?post=36701"}],"version-history":[{"count":0,"href":"https:\/\/www.noticiasradioreflejos.com.ar\/2021\/wp-json\/wp\/v2\/posts\/36701\/revisions"}],"wp:attachment":[{"href":"https:\/\/www.noticiasradioreflejos.com.ar\/2021\/wp-json\/wp\/v2\/media?parent=36701"}],"wp:term":[{"taxonomy":"category","embeddable":true,"href":"https:\/\/www.noticiasradioreflejos.com.ar\/2021\/wp-json\/wp\/v2\/categories?post=36701"},{"taxonomy":"post_tag","embeddable":true,"href":"https:\/\/www.noticiasradioreflejos.com.ar\/2021\/wp-json\/wp\/v2\/tags?post=36701"}],"curies":[{"name":"wp","href":"https:\/\/api.w.org\/{rel}","templated":true}]}}