{"id":36693,"date":"2019-11-25T09:19:44","date_gmt":"2019-11-25T12:19:44","guid":{"rendered":"http:\/\/www.noticiasradioreflejos.com.ar\/noticias\/?p=36693"},"modified":"2019-11-25T09:19:44","modified_gmt":"2019-11-25T12:19:44","slug":"el-defensor-del-pueblo-de-la-nacion-registro-229-victimas-de-femicidio-en-los-primeros-diez-meses-del-ano-e-incorpora-la-figura-del-suicidio-feminicida","status":"publish","type":"post","link":"https:\/\/www.noticiasradioreflejos.com.ar\/2021\/el-defensor-del-pueblo-de-la-nacion-registro-229-victimas-de-femicidio-en-los-primeros-diez-meses-del-ano-e-incorpora-la-figura-del-suicidio-feminicida\/","title":{"rendered":"El Defensor del Pueblo de la Naci\u00f3n registr\u00f3 229 v\u00edctimas de femicidio en los primeros diez meses del a\u00f1o e incorpora la figura del \u201cSuicidio Feminicida\u201d"},"content":{"rendered":"<p>Con motivo de conmemorarse el D\u00eda Internacional de la Eliminaci\u00f3n de la Violencia contra la Mujer, el Observatorio de Femicidios del Defensor del Pueblo de la Naci\u00f3n inform\u00f3 que en el per\u00edodo comprendido entre el 1 de enero y el 31 de octubre de 2019 se registraron 229 v\u00edctimas de femicidio confirmadas, que incluye 3 suicidios feminicidas, 23 femicidios vinculados y 8 Transfemicidios.<!--more--><br \/>\nEl informe contiene la totalidad de casos relevados de asesinatos de mujeres perpetrados por hombres por razones asociadas con su g\u00e9nero, caratuladas como femicidio o por muerte dudosa bajo sospecha de femicidio. Incluye a las personas Trans y tambi\u00e9n a los considerados femicidios vinculados.<br \/>\nCada vez se hace m\u00e1s evidente que se naturalizan las muertes violentas por razones de g\u00e9nero. Es por ello que, es en este Informe, el OFDPN ha sumado los denominados \u201cSuicidios Feminicidas\u201d, ya que a lo largo del 2019, se han detectado muertes de v\u00edctimas que fueron abusadas sexualmente y que su estado de vulnerabilidad las condujo al suicidio.<br \/>\nEn Am\u00e9rica Latina, existe un s\u00f3lo pa\u00eds que condena el \u201csuicidio feminicida\u201d -El Salvador- y seg\u00fan la ONU, tal vez sea el \u00fanico en el mundo.<br \/>\nEn Argentina, el suicidio es considerado s\u00f3lo un problema de salud p\u00fablica. Con los antecedentes presentados y dado los estudios realizados durante a\u00f1os en nuestro pa\u00eds, este Observatorio considera que es de gran relevancia que el suicidio \u2013cuando se haya probado que hubo previamente abusos y violencia contra la mujer-, sea tratado como Suicidio Feminicida.<br \/>\nComo resultado de la investigaci\u00f3n, se pudo confirmar que 122 menores quedaron sin su madre, como v\u00edctimas colaterales del femicidio.<br \/>\nLas modalidades m\u00e1s frecuentes empleadas por los femicidas fueron el apu\u00f1alamiento, el uso de armas de fuego y los golpes. Del total de v\u00edctimas, 16 fueron VIOLADAS.<br \/>\nLos principales lugares donde se cometieron los hechos fueron el domicilio compartido y el domicilio de la v\u00edctima y,en tercer lugar, la v\u00eda p\u00fablica.<br \/>\nHubo 42 casos con denuncias previas al femicidio. Estas muertes pudieron ser evitadas.<br \/>\nEn la mayor cantidad de casos exist\u00eda una relaci\u00f3n previa entre el agresor y la v\u00edctima. En 61 casos hab\u00eda una relaci\u00f3n de pareja y en 48 de ex parejas.<br \/>\nComo surge de informes anteriores, la provincia de Buenos Aires, fue escenario del mayor n\u00famero de femicidios con 87, seguida por las provincias de Santa Fe con 20, C\u00f3rdoba con 18 y Chaco con 14.<br \/>\nEl Observatorio de Femicidios del Defensor del Pueblo de la Naci\u00f3n, fue creado el 15 de noviembre de 2016, con el objetivo de monitorear y evaluar el cumplimiento de metas y objetivos nacionales e internacionales en torno a la violencia contra la mujer.<br \/>\nLa informaci\u00f3n a la que se accede para generar estad\u00edsticas sobre femicidios\/feminicidios se obtiene a partir de la revisi\u00f3n y recopilaci\u00f3n diaria de peri\u00f3dicos de todo el pa\u00eds. Sin embargo, cuando la informaci\u00f3n no es suficiente para determinar un hecho se procura llegar a la precisi\u00f3n de los datos a trav\u00e9s de otros mecanismos de b\u00fasqueda como consultas a comisar\u00edas, fiscal\u00edas y hospitales; el \u00e9xito de estos intentos dependen de la colaboraci\u00f3n de las instituciones mencionadas.<br \/>\nDentro de las funciones del Observatorio de Femicidios, se establece la de firmar convenios con otros organismos p\u00fablicos y\/o privados, un compromiso que se ha asumido tendiente a  mejorar la calidad de la informaci\u00f3n y unificar los datos estad\u00edsticos sobre femicidios\/feminicidios a nivel nacional.<\/p>\n","protected":false},"excerpt":{"rendered":"<p>Con motivo de conmemorarse el D\u00eda Internacional de la Eliminaci\u00f3n de la Violencia contra la Mujer, el Observatorio de Femicidios del Defensor del Pueblo de la Naci\u00f3n inform\u00f3 que en el per\u00edodo comprendido entre el 1 de enero y el 31 de octubre de 2019 se registraron 229 v\u00edctimas de femicidio confirmadas, que incluye 3 [&hellip;]<\/p>\n","protected":false},"author":3,"featured_media":36694,"comment_status":"closed","ping_status":"open","sticky":false,"template":"","format":"standard","meta":{"footnotes":""},"categories":[26],"tags":[],"class_list":["post-36693","post","type-post","status-publish","format-standard","has-post-thumbnail","hentry","category-sociedad"],"yoast_head":"<!-- This site is optimized with the Yoast SEO plugin v25.9 - https:\/\/yoast.com\/wordpress\/plugins\/seo\/ -->\n<title>El Defensor del Pueblo de la Naci\u00f3n registr\u00f3 229 v\u00edctimas de femicidio en los primeros diez meses del a\u00f1o e incorpora la figura del \u201cSuicidio Feminicida\u201d - Noticias Radio Reflejos<\/title>\n<meta name=\"robots\" content=\"index, follow, max-snippet:-1, max-image-preview:large, max-video-preview:-1\" \/>\n<link rel=\"canonical\" href=\"https:\/\/www.noticiasradioreflejos.com.ar\/2021\/el-defensor-del-pueblo-de-la-nacion-registro-229-victimas-de-femicidio-en-los-primeros-diez-meses-del-ano-e-incorpora-la-figura-del-suicidio-feminicida\/\" \/>\n<meta property=\"og:locale\" content=\"es_ES\" \/>\n<meta property=\"og:type\" content=\"article\" \/>\n<meta property=\"og:title\" content=\"El Defensor del Pueblo de la Naci\u00f3n registr\u00f3 229 v\u00edctimas de femicidio en los primeros diez meses del a\u00f1o e incorpora la figura del \u201cSuicidio Feminicida\u201d - Noticias Radio Reflejos\" \/>\n<meta property=\"og:description\" content=\"Con motivo de conmemorarse el D\u00eda Internacional de la Eliminaci\u00f3n de la Violencia contra la Mujer, el Observatorio de Femicidios del Defensor del Pueblo de la Naci\u00f3n inform\u00f3 que en el per\u00edodo comprendido entre el 1 de enero y el 31 de octubre de 2019 se registraron 229 v\u00edctimas de femicidio confirmadas, que incluye 3 [&hellip;]\" \/>\n<meta property=\"og:url\" content=\"https:\/\/www.noticiasradioreflejos.com.ar\/2021\/el-defensor-del-pueblo-de-la-nacion-registro-229-victimas-de-femicidio-en-los-primeros-diez-meses-del-ano-e-incorpora-la-figura-del-suicidio-feminicida\/\" \/>\n<meta property=\"og:site_name\" content=\"Noticias Radio Reflejos\" \/>\n<meta property=\"article:published_time\" content=\"2019-11-25T12:19:44+00:00\" \/>\n<meta property=\"og:image\" content=\"https:\/\/www.noticiasradioreflejos.com.ar\/2021\/wp-content\/uploads\/2019\/11\/Sin-titulo.png\" \/>\n\t<meta property=\"og:image:width\" content=\"571\" \/>\n\t<meta property=\"og:image:height\" content=\"323\" \/>\n\t<meta property=\"og:image:type\" content=\"image\/png\" \/>\n<meta name=\"author\" content=\"Arnaldo Botto\" \/>\n<meta name=\"twitter:card\" content=\"summary_large_image\" \/>\n<script type=\"application\/ld+json\" class=\"yoast-schema-graph\">{\"@context\":\"https:\/\/schema.org\",\"@graph\":[{\"@type\":\"WebPage\",\"@id\":\"https:\/\/www.noticiasradioreflejos.com.ar\/2021\/el-defensor-del-pueblo-de-la-nacion-registro-229-victimas-de-femicidio-en-los-primeros-diez-meses-del-ano-e-incorpora-la-figura-del-suicidio-feminicida\/\",\"url\":\"https:\/\/www.noticiasradioreflejos.com.ar\/2021\/el-defensor-del-pueblo-de-la-nacion-registro-229-victimas-de-femicidio-en-los-primeros-diez-meses-del-ano-e-incorpora-la-figura-del-suicidio-feminicida\/\",\"name\":\"El Defensor del Pueblo de la Naci\u00f3n registr\u00f3 229 v\u00edctimas de femicidio en los primeros diez meses del a\u00f1o e incorpora la figura del \u201cSuicidio Feminicida\u201d - Noticias Radio Reflejos\",\"isPartOf\":{\"@id\":\"https:\/\/www.noticiasradioreflejos.com.ar\/2021\/#website\"},\"primaryImageOfPage\":{\"@id\":\"https:\/\/www.noticiasradioreflejos.com.ar\/2021\/el-defensor-del-pueblo-de-la-nacion-registro-229-victimas-de-femicidio-en-los-primeros-diez-meses-del-ano-e-incorpora-la-figura-del-suicidio-feminicida\/#primaryimage\"},\"image\":{\"@id\":\"https:\/\/www.noticiasradioreflejos.com.ar\/2021\/el-defensor-del-pueblo-de-la-nacion-registro-229-victimas-de-femicidio-en-los-primeros-diez-meses-del-ano-e-incorpora-la-figura-del-suicidio-feminicida\/#primaryimage\"},\"thumbnailUrl\":\"https:\/\/www.noticiasradioreflejos.com.ar\/2021\/wp-content\/uploads\/2019\/11\/Sin-titulo.png\",\"datePublished\":\"2019-11-25T12:19:44+00:00\",\"author\":{\"@id\":\"https:\/\/www.noticiasradioreflejos.com.ar\/2021\/#\/schema\/person\/ad82545263dcc5ec0996818884fd5fb1\"},\"breadcrumb\":{\"@id\":\"https:\/\/www.noticiasradioreflejos.com.ar\/2021\/el-defensor-del-pueblo-de-la-nacion-registro-229-victimas-de-femicidio-en-los-primeros-diez-meses-del-ano-e-incorpora-la-figura-del-suicidio-feminicida\/#breadcrumb\"},\"inLanguage\":\"es\",\"potentialAction\":[{\"@type\":\"ReadAction\",\"target\":[\"https:\/\/www.noticiasradioreflejos.com.ar\/2021\/el-defensor-del-pueblo-de-la-nacion-registro-229-victimas-de-femicidio-en-los-primeros-diez-meses-del-ano-e-incorpora-la-figura-del-suicidio-feminicida\/\"]}]},{\"@type\":\"ImageObject\",\"inLanguage\":\"es\",\"@id\":\"https:\/\/www.noticiasradioreflejos.com.ar\/2021\/el-defensor-del-pueblo-de-la-nacion-registro-229-victimas-de-femicidio-en-los-primeros-diez-meses-del-ano-e-incorpora-la-figura-del-suicidio-feminicida\/#primaryimage\",\"url\":\"https:\/\/www.noticiasradioreflejos.com.ar\/2021\/wp-content\/uploads\/2019\/11\/Sin-titulo.png\",\"contentUrl\":\"https:\/\/www.noticiasradioreflejos.com.ar\/2021\/wp-content\/uploads\/2019\/11\/Sin-titulo.png\",\"width\":571,\"height\":323},{\"@type\":\"BreadcrumbList\",\"@id\":\"https:\/\/www.noticiasradioreflejos.com.ar\/2021\/el-defensor-del-pueblo-de-la-nacion-registro-229-victimas-de-femicidio-en-los-primeros-diez-meses-del-ano-e-incorpora-la-figura-del-suicidio-feminicida\/#breadcrumb\",\"itemListElement\":[{\"@type\":\"ListItem\",\"position\":1,\"name\":\"Portada\",\"item\":\"https:\/\/www.noticiasradioreflejos.com.ar\/2021\/\"},{\"@type\":\"ListItem\",\"position\":2,\"name\":\"El Defensor del Pueblo de la Naci\u00f3n registr\u00f3 229 v\u00edctimas de femicidio en los primeros diez meses del a\u00f1o e incorpora la figura del \u201cSuicidio Feminicida\u201d\"}]},{\"@type\":\"WebSite\",\"@id\":\"https:\/\/www.noticiasradioreflejos.com.ar\/2021\/#website\",\"url\":\"https:\/\/www.noticiasradioreflejos.com.ar\/2021\/\",\"name\":\"Noticias Radio Reflejos\",\"description\":\"Las noticias de mi comarca\",\"potentialAction\":[{\"@type\":\"SearchAction\",\"target\":{\"@type\":\"EntryPoint\",\"urlTemplate\":\"https:\/\/www.noticiasradioreflejos.com.ar\/2021\/?s={search_term_string}\"},\"query-input\":{\"@type\":\"PropertyValueSpecification\",\"valueRequired\":true,\"valueName\":\"search_term_string\"}}],\"inLanguage\":\"es\"},{\"@type\":\"Person\",\"@id\":\"https:\/\/www.noticiasradioreflejos.com.ar\/2021\/#\/schema\/person\/ad82545263dcc5ec0996818884fd5fb1\",\"name\":\"Arnaldo Botto\",\"image\":{\"@type\":\"ImageObject\",\"inLanguage\":\"es\",\"@id\":\"https:\/\/www.noticiasradioreflejos.com.ar\/2021\/#\/schema\/person\/image\/\",\"url\":\"https:\/\/secure.gravatar.com\/avatar\/55cb5e37c1efa326397366e6974cb338056df65cb50e7d64d1cf314e87504837?s=96&d=mm&r=g\",\"contentUrl\":\"https:\/\/secure.gravatar.com\/avatar\/55cb5e37c1efa326397366e6974cb338056df65cb50e7d64d1cf314e87504837?s=96&d=mm&r=g\",\"caption\":\"Arnaldo Botto\"},\"url\":\"https:\/\/www.noticiasradioreflejos.com.ar\/2021\/author\/arnaldo\/\"}]}<\/script>\n<!-- \/ Yoast SEO plugin. -->","yoast_head_json":{"title":"El Defensor del Pueblo de la Naci\u00f3n registr\u00f3 229 v\u00edctimas de femicidio en los primeros diez meses del a\u00f1o e incorpora la figura del \u201cSuicidio Feminicida\u201d - Noticias Radio Reflejos","robots":{"index":"index","follow":"follow","max-snippet":"max-snippet:-1","max-image-preview":"max-image-preview:large","max-video-preview":"max-video-preview:-1"},"canonical":"https:\/\/www.noticiasradioreflejos.com.ar\/2021\/el-defensor-del-pueblo-de-la-nacion-registro-229-victimas-de-femicidio-en-los-primeros-diez-meses-del-ano-e-incorpora-la-figura-del-suicidio-feminicida\/","og_locale":"es_ES","og_type":"article","og_title":"El Defensor del Pueblo de la Naci\u00f3n registr\u00f3 229 v\u00edctimas de femicidio en los primeros diez meses del a\u00f1o e incorpora la figura del \u201cSuicidio Feminicida\u201d - Noticias Radio Reflejos","og_description":"Con motivo de conmemorarse el D\u00eda Internacional de la Eliminaci\u00f3n de la Violencia contra la Mujer, el Observatorio de Femicidios del Defensor del Pueblo de la Naci\u00f3n inform\u00f3 que en el per\u00edodo comprendido entre el 1 de enero y el 31 de octubre de 2019 se registraron 229 v\u00edctimas de femicidio confirmadas, que incluye 3 [&hellip;]","og_url":"https:\/\/www.noticiasradioreflejos.com.ar\/2021\/el-defensor-del-pueblo-de-la-nacion-registro-229-victimas-de-femicidio-en-los-primeros-diez-meses-del-ano-e-incorpora-la-figura-del-suicidio-feminicida\/","og_site_name":"Noticias Radio Reflejos","article_published_time":"2019-11-25T12:19:44+00:00","og_image":[{"width":571,"height":323,"url":"https:\/\/www.noticiasradioreflejos.com.ar\/2021\/wp-content\/uploads\/2019\/11\/Sin-titulo.png","type":"image\/png"}],"author":"Arnaldo Botto","twitter_card":"summary_large_image","schema":{"@context":"https:\/\/schema.org","@graph":[{"@type":"WebPage","@id":"https:\/\/www.noticiasradioreflejos.com.ar\/2021\/el-defensor-del-pueblo-de-la-nacion-registro-229-victimas-de-femicidio-en-los-primeros-diez-meses-del-ano-e-incorpora-la-figura-del-suicidio-feminicida\/","url":"https:\/\/www.noticiasradioreflejos.com.ar\/2021\/el-defensor-del-pueblo-de-la-nacion-registro-229-victimas-de-femicidio-en-los-primeros-diez-meses-del-ano-e-incorpora-la-figura-del-suicidio-feminicida\/","name":"El Defensor del Pueblo de la Naci\u00f3n registr\u00f3 229 v\u00edctimas de femicidio en los primeros diez meses del a\u00f1o e incorpora la figura del \u201cSuicidio Feminicida\u201d - Noticias Radio Reflejos","isPartOf":{"@id":"https:\/\/www.noticiasradioreflejos.com.ar\/2021\/#website"},"primaryImageOfPage":{"@id":"https:\/\/www.noticiasradioreflejos.com.ar\/2021\/el-defensor-del-pueblo-de-la-nacion-registro-229-victimas-de-femicidio-en-los-primeros-diez-meses-del-ano-e-incorpora-la-figura-del-suicidio-feminicida\/#primaryimage"},"image":{"@id":"https:\/\/www.noticiasradioreflejos.com.ar\/2021\/el-defensor-del-pueblo-de-la-nacion-registro-229-victimas-de-femicidio-en-los-primeros-diez-meses-del-ano-e-incorpora-la-figura-del-suicidio-feminicida\/#primaryimage"},"thumbnailUrl":"https:\/\/www.noticiasradioreflejos.com.ar\/2021\/wp-content\/uploads\/2019\/11\/Sin-titulo.png","datePublished":"2019-11-25T12:19:44+00:00","author":{"@id":"https:\/\/www.noticiasradioreflejos.com.ar\/2021\/#\/schema\/person\/ad82545263dcc5ec0996818884fd5fb1"},"breadcrumb":{"@id":"https:\/\/www.noticiasradioreflejos.com.ar\/2021\/el-defensor-del-pueblo-de-la-nacion-registro-229-victimas-de-femicidio-en-los-primeros-diez-meses-del-ano-e-incorpora-la-figura-del-suicidio-feminicida\/#breadcrumb"},"inLanguage":"es","potentialAction":[{"@type":"ReadAction","target":["https:\/\/www.noticiasradioreflejos.com.ar\/2021\/el-defensor-del-pueblo-de-la-nacion-registro-229-victimas-de-femicidio-en-los-primeros-diez-meses-del-ano-e-incorpora-la-figura-del-suicidio-feminicida\/"]}]},{"@type":"ImageObject","inLanguage":"es","@id":"https:\/\/www.noticiasradioreflejos.com.ar\/2021\/el-defensor-del-pueblo-de-la-nacion-registro-229-victimas-de-femicidio-en-los-primeros-diez-meses-del-ano-e-incorpora-la-figura-del-suicidio-feminicida\/#primaryimage","url":"https:\/\/www.noticiasradioreflejos.com.ar\/2021\/wp-content\/uploads\/2019\/11\/Sin-titulo.png","contentUrl":"https:\/\/www.noticiasradioreflejos.com.ar\/2021\/wp-content\/uploads\/2019\/11\/Sin-titulo.png","width":571,"height":323},{"@type":"BreadcrumbList","@id":"https:\/\/www.noticiasradioreflejos.com.ar\/2021\/el-defensor-del-pueblo-de-la-nacion-registro-229-victimas-de-femicidio-en-los-primeros-diez-meses-del-ano-e-incorpora-la-figura-del-suicidio-feminicida\/#breadcrumb","itemListElement":[{"@type":"ListItem","position":1,"name":"Portada","item":"https:\/\/www.noticiasradioreflejos.com.ar\/2021\/"},{"@type":"ListItem","position":2,"name":"El Defensor del Pueblo de la Naci\u00f3n registr\u00f3 229 v\u00edctimas de femicidio en los primeros diez meses del a\u00f1o e incorpora la figura del \u201cSuicidio Feminicida\u201d"}]},{"@type":"WebSite","@id":"https:\/\/www.noticiasradioreflejos.com.ar\/2021\/#website","url":"https:\/\/www.noticiasradioreflejos.com.ar\/2021\/","name":"Noticias Radio Reflejos","description":"Las noticias de mi comarca","potentialAction":[{"@type":"SearchAction","target":{"@type":"EntryPoint","urlTemplate":"https:\/\/www.noticiasradioreflejos.com.ar\/2021\/?s={search_term_string}"},"query-input":{"@type":"PropertyValueSpecification","valueRequired":true,"valueName":"search_term_string"}}],"inLanguage":"es"},{"@type":"Person","@id":"https:\/\/www.noticiasradioreflejos.com.ar\/2021\/#\/schema\/person\/ad82545263dcc5ec0996818884fd5fb1","name":"Arnaldo Botto","image":{"@type":"ImageObject","inLanguage":"es","@id":"https:\/\/www.noticiasradioreflejos.com.ar\/2021\/#\/schema\/person\/image\/","url":"https:\/\/secure.gravatar.com\/avatar\/55cb5e37c1efa326397366e6974cb338056df65cb50e7d64d1cf314e87504837?s=96&d=mm&r=g","contentUrl":"https:\/\/secure.gravatar.com\/avatar\/55cb5e37c1efa326397366e6974cb338056df65cb50e7d64d1cf314e87504837?s=96&d=mm&r=g","caption":"Arnaldo Botto"},"url":"https:\/\/www.noticiasradioreflejos.com.ar\/2021\/author\/arnaldo\/"}]}},"_links":{"self":[{"href":"https:\/\/www.noticiasradioreflejos.com.ar\/2021\/wp-json\/wp\/v2\/posts\/36693","targetHints":{"allow":["GET"]}}],"collection":[{"href":"https:\/\/www.noticiasradioreflejos.com.ar\/2021\/wp-json\/wp\/v2\/posts"}],"about":[{"href":"https:\/\/www.noticiasradioreflejos.com.ar\/2021\/wp-json\/wp\/v2\/types\/post"}],"author":[{"embeddable":true,"href":"https:\/\/www.noticiasradioreflejos.com.ar\/2021\/wp-json\/wp\/v2\/users\/3"}],"replies":[{"embeddable":true,"href":"https:\/\/www.noticiasradioreflejos.com.ar\/2021\/wp-json\/wp\/v2\/comments?post=36693"}],"version-history":[{"count":0,"href":"https:\/\/www.noticiasradioreflejos.com.ar\/2021\/wp-json\/wp\/v2\/posts\/36693\/revisions"}],"wp:featuredmedia":[{"embeddable":true,"href":"https:\/\/www.noticiasradioreflejos.com.ar\/2021\/wp-json\/wp\/v2\/media\/36694"}],"wp:attachment":[{"href":"https:\/\/www.noticiasradioreflejos.com.ar\/2021\/wp-json\/wp\/v2\/media?parent=36693"}],"wp:term":[{"taxonomy":"category","embeddable":true,"href":"https:\/\/www.noticiasradioreflejos.com.ar\/2021\/wp-json\/wp\/v2\/categories?post=36693"},{"taxonomy":"post_tag","embeddable":true,"href":"https:\/\/www.noticiasradioreflejos.com.ar\/2021\/wp-json\/wp\/v2\/tags?post=36693"}],"curies":[{"name":"wp","href":"https:\/\/api.w.org\/{rel}","templated":true}]}}