{"id":36690,"date":"2019-11-25T09:12:06","date_gmt":"2019-11-25T12:12:06","guid":{"rendered":"http:\/\/www.noticiasradioreflejos.com.ar\/noticias\/?p=36690"},"modified":"2019-11-25T09:12:06","modified_gmt":"2019-11-25T12:12:06","slug":"el-consejo-de-la-mujers-de-tornquist-reprogramo-una-actividad","status":"publish","type":"post","link":"https:\/\/www.noticiasradioreflejos.com.ar\/2021\/el-consejo-de-la-mujers-de-tornquist-reprogramo-una-actividad\/","title":{"rendered":"El Consejo de la Mujeres de Tornquist reprogram\u00f3 una actividad."},"content":{"rendered":"<p><a href=\"http:\/\/live.staticflickr.com\/65535\/49121683522_7498a7550d_s.jpg\" title=\"image\" rel=\"\"><img loading=\"lazy\" decoding=\"async\" src=\"http:\/\/live.staticflickr.com\/65535\/49121683522_7498a7550d.jpg\" width=\"357\" height=\"500\" alt=\"image\" title=\"image\" class=\"alignleft\" style=\"float: left;\"><\/a>Debido a la inclemencia clim\u00e1tica decidimos suspender la actividad programada para hoy y, como el pron\u00f3stico no augura buen tiempo tampoco para el lunes, el encuentro pasa al martes 26, misma hora, mismo lugar.<br \/>\n<!--more--><br \/>\nPedimos disculpas por ello. CMMT &#8211; Norma Fern\u00e1ndez &#8211; Consejera Secretaria<\/p>\n","protected":false},"excerpt":{"rendered":"<p>Debido a la inclemencia clim\u00e1tica decidimos suspender la actividad programada para hoy y, como el pron\u00f3stico no augura buen tiempo tampoco para el lunes, el encuentro pasa al martes 26, misma hora, mismo lugar.<\/p>\n","protected":false},"author":3,"featured_media":0,"comment_status":"closed","ping_status":"open","sticky":false,"template":"","format":"standard","meta":{"footnotes":""},"categories":[24],"tags":[],"class_list":["post-36690","post","type-post","status-publish","format-standard","hentry","category-politica"],"yoast_head":"<!-- This site is optimized with the Yoast SEO plugin v25.9 - https:\/\/yoast.com\/wordpress\/plugins\/seo\/ -->\n<title>El Consejo de la Mujeres de Tornquist reprogram\u00f3 una actividad. - Noticias Radio Reflejos<\/title>\n<meta name=\"robots\" content=\"index, follow, max-snippet:-1, max-image-preview:large, max-video-preview:-1\" \/>\n<link rel=\"canonical\" href=\"https:\/\/www.noticiasradioreflejos.com.ar\/2021\/el-consejo-de-la-mujers-de-tornquist-reprogramo-una-actividad\/\" \/>\n<meta property=\"og:locale\" content=\"es_ES\" \/>\n<meta property=\"og:type\" content=\"article\" \/>\n<meta property=\"og:title\" content=\"El Consejo de la Mujeres de Tornquist reprogram\u00f3 una actividad. - Noticias Radio Reflejos\" \/>\n<meta property=\"og:description\" content=\"Debido a la inclemencia clim\u00e1tica decidimos suspender la actividad programada para hoy y, como el pron\u00f3stico no augura buen tiempo tampoco para el lunes, el encuentro pasa al martes 26, misma hora, mismo lugar.\" \/>\n<meta property=\"og:url\" content=\"https:\/\/www.noticiasradioreflejos.com.ar\/2021\/el-consejo-de-la-mujers-de-tornquist-reprogramo-una-actividad\/\" \/>\n<meta property=\"og:site_name\" content=\"Noticias Radio Reflejos\" \/>\n<meta property=\"article:published_time\" content=\"2019-11-25T12:12:06+00:00\" \/>\n<meta property=\"og:image\" content=\"http:\/\/live.staticflickr.com\/65535\/49121683522_7498a7550d.jpg\" \/>\n<meta name=\"author\" content=\"Arnaldo Botto\" \/>\n<meta name=\"twitter:card\" content=\"summary_large_image\" \/>\n<script type=\"application\/ld+json\" class=\"yoast-schema-graph\">{\"@context\":\"https:\/\/schema.org\",\"@graph\":[{\"@type\":\"WebPage\",\"@id\":\"https:\/\/www.noticiasradioreflejos.com.ar\/2021\/el-consejo-de-la-mujers-de-tornquist-reprogramo-una-actividad\/\",\"url\":\"https:\/\/www.noticiasradioreflejos.com.ar\/2021\/el-consejo-de-la-mujers-de-tornquist-reprogramo-una-actividad\/\",\"name\":\"El Consejo de la Mujeres de Tornquist reprogram\u00f3 una actividad. - Noticias Radio Reflejos\",\"isPartOf\":{\"@id\":\"https:\/\/www.noticiasradioreflejos.com.ar\/2021\/#website\"},\"primaryImageOfPage\":{\"@id\":\"https:\/\/www.noticiasradioreflejos.com.ar\/2021\/el-consejo-de-la-mujers-de-tornquist-reprogramo-una-actividad\/#primaryimage\"},\"image\":{\"@id\":\"https:\/\/www.noticiasradioreflejos.com.ar\/2021\/el-consejo-de-la-mujers-de-tornquist-reprogramo-una-actividad\/#primaryimage\"},\"thumbnailUrl\":\"http:\/\/live.staticflickr.com\/65535\/49121683522_7498a7550d.jpg\",\"datePublished\":\"2019-11-25T12:12:06+00:00\",\"author\":{\"@id\":\"https:\/\/www.noticiasradioreflejos.com.ar\/2021\/#\/schema\/person\/ad82545263dcc5ec0996818884fd5fb1\"},\"breadcrumb\":{\"@id\":\"https:\/\/www.noticiasradioreflejos.com.ar\/2021\/el-consejo-de-la-mujers-de-tornquist-reprogramo-una-actividad\/#breadcrumb\"},\"inLanguage\":\"es\",\"potentialAction\":[{\"@type\":\"ReadAction\",\"target\":[\"https:\/\/www.noticiasradioreflejos.com.ar\/2021\/el-consejo-de-la-mujers-de-tornquist-reprogramo-una-actividad\/\"]}]},{\"@type\":\"ImageObject\",\"inLanguage\":\"es\",\"@id\":\"https:\/\/www.noticiasradioreflejos.com.ar\/2021\/el-consejo-de-la-mujers-de-tornquist-reprogramo-una-actividad\/#primaryimage\",\"url\":\"http:\/\/live.staticflickr.com\/65535\/49121683522_7498a7550d.jpg\",\"contentUrl\":\"http:\/\/live.staticflickr.com\/65535\/49121683522_7498a7550d.jpg\"},{\"@type\":\"BreadcrumbList\",\"@id\":\"https:\/\/www.noticiasradioreflejos.com.ar\/2021\/el-consejo-de-la-mujers-de-tornquist-reprogramo-una-actividad\/#breadcrumb\",\"itemListElement\":[{\"@type\":\"ListItem\",\"position\":1,\"name\":\"Portada\",\"item\":\"https:\/\/www.noticiasradioreflejos.com.ar\/2021\/\"},{\"@type\":\"ListItem\",\"position\":2,\"name\":\"El Consejo de la Mujeres de Tornquist reprogram\u00f3 una actividad.\"}]},{\"@type\":\"WebSite\",\"@id\":\"https:\/\/www.noticiasradioreflejos.com.ar\/2021\/#website\",\"url\":\"https:\/\/www.noticiasradioreflejos.com.ar\/2021\/\",\"name\":\"Noticias Radio Reflejos\",\"description\":\"Las noticias de mi comarca\",\"potentialAction\":[{\"@type\":\"SearchAction\",\"target\":{\"@type\":\"EntryPoint\",\"urlTemplate\":\"https:\/\/www.noticiasradioreflejos.com.ar\/2021\/?s={search_term_string}\"},\"query-input\":{\"@type\":\"PropertyValueSpecification\",\"valueRequired\":true,\"valueName\":\"search_term_string\"}}],\"inLanguage\":\"es\"},{\"@type\":\"Person\",\"@id\":\"https:\/\/www.noticiasradioreflejos.com.ar\/2021\/#\/schema\/person\/ad82545263dcc5ec0996818884fd5fb1\",\"name\":\"Arnaldo Botto\",\"image\":{\"@type\":\"ImageObject\",\"inLanguage\":\"es\",\"@id\":\"https:\/\/www.noticiasradioreflejos.com.ar\/2021\/#\/schema\/person\/image\/\",\"url\":\"https:\/\/secure.gravatar.com\/avatar\/55cb5e37c1efa326397366e6974cb338056df65cb50e7d64d1cf314e87504837?s=96&d=mm&r=g\",\"contentUrl\":\"https:\/\/secure.gravatar.com\/avatar\/55cb5e37c1efa326397366e6974cb338056df65cb50e7d64d1cf314e87504837?s=96&d=mm&r=g\",\"caption\":\"Arnaldo Botto\"},\"url\":\"https:\/\/www.noticiasradioreflejos.com.ar\/2021\/author\/arnaldo\/\"}]}<\/script>\n<!-- \/ Yoast SEO plugin. -->","yoast_head_json":{"title":"El Consejo de la Mujeres de Tornquist reprogram\u00f3 una actividad. - Noticias Radio Reflejos","robots":{"index":"index","follow":"follow","max-snippet":"max-snippet:-1","max-image-preview":"max-image-preview:large","max-video-preview":"max-video-preview:-1"},"canonical":"https:\/\/www.noticiasradioreflejos.com.ar\/2021\/el-consejo-de-la-mujers-de-tornquist-reprogramo-una-actividad\/","og_locale":"es_ES","og_type":"article","og_title":"El Consejo de la Mujeres de Tornquist reprogram\u00f3 una actividad. - Noticias Radio Reflejos","og_description":"Debido a la inclemencia clim\u00e1tica decidimos suspender la actividad programada para hoy y, como el pron\u00f3stico no augura buen tiempo tampoco para el lunes, el encuentro pasa al martes 26, misma hora, mismo lugar.","og_url":"https:\/\/www.noticiasradioreflejos.com.ar\/2021\/el-consejo-de-la-mujers-de-tornquist-reprogramo-una-actividad\/","og_site_name":"Noticias Radio Reflejos","article_published_time":"2019-11-25T12:12:06+00:00","og_image":[{"url":"http:\/\/live.staticflickr.com\/65535\/49121683522_7498a7550d.jpg","type":"","width":"","height":""}],"author":"Arnaldo Botto","twitter_card":"summary_large_image","schema":{"@context":"https:\/\/schema.org","@graph":[{"@type":"WebPage","@id":"https:\/\/www.noticiasradioreflejos.com.ar\/2021\/el-consejo-de-la-mujers-de-tornquist-reprogramo-una-actividad\/","url":"https:\/\/www.noticiasradioreflejos.com.ar\/2021\/el-consejo-de-la-mujers-de-tornquist-reprogramo-una-actividad\/","name":"El Consejo de la Mujeres de Tornquist reprogram\u00f3 una actividad. - Noticias Radio Reflejos","isPartOf":{"@id":"https:\/\/www.noticiasradioreflejos.com.ar\/2021\/#website"},"primaryImageOfPage":{"@id":"https:\/\/www.noticiasradioreflejos.com.ar\/2021\/el-consejo-de-la-mujers-de-tornquist-reprogramo-una-actividad\/#primaryimage"},"image":{"@id":"https:\/\/www.noticiasradioreflejos.com.ar\/2021\/el-consejo-de-la-mujers-de-tornquist-reprogramo-una-actividad\/#primaryimage"},"thumbnailUrl":"http:\/\/live.staticflickr.com\/65535\/49121683522_7498a7550d.jpg","datePublished":"2019-11-25T12:12:06+00:00","author":{"@id":"https:\/\/www.noticiasradioreflejos.com.ar\/2021\/#\/schema\/person\/ad82545263dcc5ec0996818884fd5fb1"},"breadcrumb":{"@id":"https:\/\/www.noticiasradioreflejos.com.ar\/2021\/el-consejo-de-la-mujers-de-tornquist-reprogramo-una-actividad\/#breadcrumb"},"inLanguage":"es","potentialAction":[{"@type":"ReadAction","target":["https:\/\/www.noticiasradioreflejos.com.ar\/2021\/el-consejo-de-la-mujers-de-tornquist-reprogramo-una-actividad\/"]}]},{"@type":"ImageObject","inLanguage":"es","@id":"https:\/\/www.noticiasradioreflejos.com.ar\/2021\/el-consejo-de-la-mujers-de-tornquist-reprogramo-una-actividad\/#primaryimage","url":"http:\/\/live.staticflickr.com\/65535\/49121683522_7498a7550d.jpg","contentUrl":"http:\/\/live.staticflickr.com\/65535\/49121683522_7498a7550d.jpg"},{"@type":"BreadcrumbList","@id":"https:\/\/www.noticiasradioreflejos.com.ar\/2021\/el-consejo-de-la-mujers-de-tornquist-reprogramo-una-actividad\/#breadcrumb","itemListElement":[{"@type":"ListItem","position":1,"name":"Portada","item":"https:\/\/www.noticiasradioreflejos.com.ar\/2021\/"},{"@type":"ListItem","position":2,"name":"El Consejo de la Mujeres de Tornquist reprogram\u00f3 una actividad."}]},{"@type":"WebSite","@id":"https:\/\/www.noticiasradioreflejos.com.ar\/2021\/#website","url":"https:\/\/www.noticiasradioreflejos.com.ar\/2021\/","name":"Noticias Radio Reflejos","description":"Las noticias de mi comarca","potentialAction":[{"@type":"SearchAction","target":{"@type":"EntryPoint","urlTemplate":"https:\/\/www.noticiasradioreflejos.com.ar\/2021\/?s={search_term_string}"},"query-input":{"@type":"PropertyValueSpecification","valueRequired":true,"valueName":"search_term_string"}}],"inLanguage":"es"},{"@type":"Person","@id":"https:\/\/www.noticiasradioreflejos.com.ar\/2021\/#\/schema\/person\/ad82545263dcc5ec0996818884fd5fb1","name":"Arnaldo Botto","image":{"@type":"ImageObject","inLanguage":"es","@id":"https:\/\/www.noticiasradioreflejos.com.ar\/2021\/#\/schema\/person\/image\/","url":"https:\/\/secure.gravatar.com\/avatar\/55cb5e37c1efa326397366e6974cb338056df65cb50e7d64d1cf314e87504837?s=96&d=mm&r=g","contentUrl":"https:\/\/secure.gravatar.com\/avatar\/55cb5e37c1efa326397366e6974cb338056df65cb50e7d64d1cf314e87504837?s=96&d=mm&r=g","caption":"Arnaldo Botto"},"url":"https:\/\/www.noticiasradioreflejos.com.ar\/2021\/author\/arnaldo\/"}]}},"_links":{"self":[{"href":"https:\/\/www.noticiasradioreflejos.com.ar\/2021\/wp-json\/wp\/v2\/posts\/36690","targetHints":{"allow":["GET"]}}],"collection":[{"href":"https:\/\/www.noticiasradioreflejos.com.ar\/2021\/wp-json\/wp\/v2\/posts"}],"about":[{"href":"https:\/\/www.noticiasradioreflejos.com.ar\/2021\/wp-json\/wp\/v2\/types\/post"}],"author":[{"embeddable":true,"href":"https:\/\/www.noticiasradioreflejos.com.ar\/2021\/wp-json\/wp\/v2\/users\/3"}],"replies":[{"embeddable":true,"href":"https:\/\/www.noticiasradioreflejos.com.ar\/2021\/wp-json\/wp\/v2\/comments?post=36690"}],"version-history":[{"count":0,"href":"https:\/\/www.noticiasradioreflejos.com.ar\/2021\/wp-json\/wp\/v2\/posts\/36690\/revisions"}],"wp:attachment":[{"href":"https:\/\/www.noticiasradioreflejos.com.ar\/2021\/wp-json\/wp\/v2\/media?parent=36690"}],"wp:term":[{"taxonomy":"category","embeddable":true,"href":"https:\/\/www.noticiasradioreflejos.com.ar\/2021\/wp-json\/wp\/v2\/categories?post=36690"},{"taxonomy":"post_tag","embeddable":true,"href":"https:\/\/www.noticiasradioreflejos.com.ar\/2021\/wp-json\/wp\/v2\/tags?post=36690"}],"curies":[{"name":"wp","href":"https:\/\/api.w.org\/{rel}","templated":true}]}}