{"id":36687,"date":"2019-11-25T09:04:37","date_gmt":"2019-11-25T12:04:37","guid":{"rendered":"http:\/\/www.noticiasradioreflejos.com.ar\/noticias\/?p=36687"},"modified":"2019-11-25T09:04:37","modified_gmt":"2019-11-25T12:04:37","slug":"tiempo-lluvioso-en-la-comarca-con-intensos-vientos-durante-el-domingo-y-la-madrugada-de-hoy","status":"publish","type":"post","link":"https:\/\/www.noticiasradioreflejos.com.ar\/2021\/tiempo-lluvioso-en-la-comarca-con-intensos-vientos-durante-el-domingo-y-la-madrugada-de-hoy\/","title":{"rendered":"Tiempo lluvioso en la comarca, con intensos vientos durante el domingo y la madrugada de hoy.."},"content":{"rendered":"<p>Un domingo inestable con precipitaciones aisladas durante el d\u00eda, finaliz\u00f3 con intenso viento y abundante lluvia. En Sierra de la Ventana se acumularon 11 mm de precipitaciones y una r\u00e1faga de viento alcanz\u00f3 los 71,6 kms\/h durante la noche del domingo 24 de noviembre. Las datos de lluvias en la regi\u00f3n fueron muy similares en todos los distritos.<!--more--><br \/>\nEl pron\u00f3stico indica que tendremos lluvias durante todo el d\u00eda de hoy con vientos moderados del sector norte y una m\u00e1xima de 17\u00b0. Para ma\u00f1ana, martes, cielo cubierto por la ma\u00f1ana, despejando para la tarde con vientos moderados a fuertes del sector sudoeste y una m\u00e1xima de 22\u00b0 a 24\u00b0.<br \/>\n<strong>Datos de lluvias<\/strong><br \/>\n11 mm en Sierra de la Ventana<br \/>\n7.5 mm en Calqu\u00edn<br \/>\n12 mm en Villa Ventana<br \/>\n17.5 mm en Cerro Napost\u00e1 oeste<br \/>\n8.8 mm en Cumbre Cerro Ventana<br \/>\n3 mm en Tornquist 3<br \/>\n5.9 mm en El Pantanoso<br \/>\n4.8 mm en Frapal<br \/>\n3 mm en Cabildo<br \/>\n20 mm en Pig\u00fc\u00e9<br \/>\n27.8 mm en Dufaur<br \/>\n2.1 mm en Cnel Pringles<br \/>\n8.4 mm en Monte Hermoso<br \/>\n7.6 mm en Cnel Dorrego<br \/>\n5 mm en Chasico 5<br \/>\n1 mm en Tres Picos<br \/>\n12 mm en Coronel Suarez<br \/>\n23 mm en Carhu\u00e9<br \/>\n27 mm en Huanguelen<br \/>\n5.2 mm en San eloy<br \/>\n12.6 mm en Cura Malal.<\/p>\n","protected":false},"excerpt":{"rendered":"<p>Un domingo inestable con precipitaciones aisladas durante el d\u00eda, finaliz\u00f3 con intenso viento y abundante lluvia. En Sierra de la Ventana se acumularon 11 mm de precipitaciones y una r\u00e1faga de viento alcanz\u00f3 los 71,6 kms\/h durante la noche del domingo 24 de noviembre. Las datos de lluvias en la regi\u00f3n fueron muy similares en [&hellip;]<\/p>\n","protected":false},"author":3,"featured_media":0,"comment_status":"closed","ping_status":"open","sticky":false,"template":"","format":"standard","meta":{"footnotes":""},"categories":[26],"tags":[],"class_list":["post-36687","post","type-post","status-publish","format-standard","hentry","category-sociedad"],"yoast_head":"<!-- This site is optimized with the Yoast SEO plugin v25.9 - https:\/\/yoast.com\/wordpress\/plugins\/seo\/ -->\n<title>Tiempo lluvioso en la comarca, con intensos vientos durante el domingo y la madrugada de hoy.. - Noticias Radio Reflejos<\/title>\n<meta name=\"robots\" content=\"index, follow, max-snippet:-1, max-image-preview:large, max-video-preview:-1\" \/>\n<link rel=\"canonical\" href=\"https:\/\/www.noticiasradioreflejos.com.ar\/2021\/tiempo-lluvioso-en-la-comarca-con-intensos-vientos-durante-el-domingo-y-la-madrugada-de-hoy\/\" \/>\n<meta property=\"og:locale\" content=\"es_ES\" \/>\n<meta property=\"og:type\" content=\"article\" \/>\n<meta property=\"og:title\" content=\"Tiempo lluvioso en la comarca, con intensos vientos durante el domingo y la madrugada de hoy.. - Noticias Radio Reflejos\" \/>\n<meta property=\"og:description\" content=\"Un domingo inestable con precipitaciones aisladas durante el d\u00eda, finaliz\u00f3 con intenso viento y abundante lluvia. En Sierra de la Ventana se acumularon 11 mm de precipitaciones y una r\u00e1faga de viento alcanz\u00f3 los 71,6 kms\/h durante la noche del domingo 24 de noviembre. Las datos de lluvias en la regi\u00f3n fueron muy similares en [&hellip;]\" \/>\n<meta property=\"og:url\" content=\"https:\/\/www.noticiasradioreflejos.com.ar\/2021\/tiempo-lluvioso-en-la-comarca-con-intensos-vientos-durante-el-domingo-y-la-madrugada-de-hoy\/\" \/>\n<meta property=\"og:site_name\" content=\"Noticias Radio Reflejos\" \/>\n<meta property=\"article:published_time\" content=\"2019-11-25T12:04:37+00:00\" \/>\n<meta property=\"og:image\" content=\"https:\/\/www.noticiasradioreflejos.com.ar\/2021\/wp-content\/uploads\/2021\/07\/logosol300x200.png\" \/>\n\t<meta property=\"og:image:width\" content=\"300\" \/>\n\t<meta property=\"og:image:height\" content=\"200\" \/>\n\t<meta property=\"og:image:type\" content=\"image\/png\" \/>\n<meta name=\"author\" content=\"Arnaldo Botto\" \/>\n<meta name=\"twitter:card\" content=\"summary_large_image\" \/>\n<script type=\"application\/ld+json\" class=\"yoast-schema-graph\">{\"@context\":\"https:\/\/schema.org\",\"@graph\":[{\"@type\":\"WebPage\",\"@id\":\"https:\/\/www.noticiasradioreflejos.com.ar\/2021\/tiempo-lluvioso-en-la-comarca-con-intensos-vientos-durante-el-domingo-y-la-madrugada-de-hoy\/\",\"url\":\"https:\/\/www.noticiasradioreflejos.com.ar\/2021\/tiempo-lluvioso-en-la-comarca-con-intensos-vientos-durante-el-domingo-y-la-madrugada-de-hoy\/\",\"name\":\"Tiempo lluvioso en la comarca, con intensos vientos durante el domingo y la madrugada de hoy.. - Noticias Radio Reflejos\",\"isPartOf\":{\"@id\":\"https:\/\/www.noticiasradioreflejos.com.ar\/2021\/#website\"},\"datePublished\":\"2019-11-25T12:04:37+00:00\",\"author\":{\"@id\":\"https:\/\/www.noticiasradioreflejos.com.ar\/2021\/#\/schema\/person\/ad82545263dcc5ec0996818884fd5fb1\"},\"breadcrumb\":{\"@id\":\"https:\/\/www.noticiasradioreflejos.com.ar\/2021\/tiempo-lluvioso-en-la-comarca-con-intensos-vientos-durante-el-domingo-y-la-madrugada-de-hoy\/#breadcrumb\"},\"inLanguage\":\"es\",\"potentialAction\":[{\"@type\":\"ReadAction\",\"target\":[\"https:\/\/www.noticiasradioreflejos.com.ar\/2021\/tiempo-lluvioso-en-la-comarca-con-intensos-vientos-durante-el-domingo-y-la-madrugada-de-hoy\/\"]}]},{\"@type\":\"BreadcrumbList\",\"@id\":\"https:\/\/www.noticiasradioreflejos.com.ar\/2021\/tiempo-lluvioso-en-la-comarca-con-intensos-vientos-durante-el-domingo-y-la-madrugada-de-hoy\/#breadcrumb\",\"itemListElement\":[{\"@type\":\"ListItem\",\"position\":1,\"name\":\"Portada\",\"item\":\"https:\/\/www.noticiasradioreflejos.com.ar\/2021\/\"},{\"@type\":\"ListItem\",\"position\":2,\"name\":\"Tiempo lluvioso en la comarca, con intensos vientos durante el domingo y la madrugada de hoy..\"}]},{\"@type\":\"WebSite\",\"@id\":\"https:\/\/www.noticiasradioreflejos.com.ar\/2021\/#website\",\"url\":\"https:\/\/www.noticiasradioreflejos.com.ar\/2021\/\",\"name\":\"Noticias Radio Reflejos\",\"description\":\"Las noticias de mi comarca\",\"potentialAction\":[{\"@type\":\"SearchAction\",\"target\":{\"@type\":\"EntryPoint\",\"urlTemplate\":\"https:\/\/www.noticiasradioreflejos.com.ar\/2021\/?s={search_term_string}\"},\"query-input\":{\"@type\":\"PropertyValueSpecification\",\"valueRequired\":true,\"valueName\":\"search_term_string\"}}],\"inLanguage\":\"es\"},{\"@type\":\"Person\",\"@id\":\"https:\/\/www.noticiasradioreflejos.com.ar\/2021\/#\/schema\/person\/ad82545263dcc5ec0996818884fd5fb1\",\"name\":\"Arnaldo Botto\",\"image\":{\"@type\":\"ImageObject\",\"inLanguage\":\"es\",\"@id\":\"https:\/\/www.noticiasradioreflejos.com.ar\/2021\/#\/schema\/person\/image\/\",\"url\":\"https:\/\/secure.gravatar.com\/avatar\/55cb5e37c1efa326397366e6974cb338056df65cb50e7d64d1cf314e87504837?s=96&d=mm&r=g\",\"contentUrl\":\"https:\/\/secure.gravatar.com\/avatar\/55cb5e37c1efa326397366e6974cb338056df65cb50e7d64d1cf314e87504837?s=96&d=mm&r=g\",\"caption\":\"Arnaldo Botto\"},\"url\":\"https:\/\/www.noticiasradioreflejos.com.ar\/2021\/author\/arnaldo\/\"}]}<\/script>\n<!-- \/ Yoast SEO plugin. -->","yoast_head_json":{"title":"Tiempo lluvioso en la comarca, con intensos vientos durante el domingo y la madrugada de hoy.. - Noticias Radio Reflejos","robots":{"index":"index","follow":"follow","max-snippet":"max-snippet:-1","max-image-preview":"max-image-preview:large","max-video-preview":"max-video-preview:-1"},"canonical":"https:\/\/www.noticiasradioreflejos.com.ar\/2021\/tiempo-lluvioso-en-la-comarca-con-intensos-vientos-durante-el-domingo-y-la-madrugada-de-hoy\/","og_locale":"es_ES","og_type":"article","og_title":"Tiempo lluvioso en la comarca, con intensos vientos durante el domingo y la madrugada de hoy.. - Noticias Radio Reflejos","og_description":"Un domingo inestable con precipitaciones aisladas durante el d\u00eda, finaliz\u00f3 con intenso viento y abundante lluvia. En Sierra de la Ventana se acumularon 11 mm de precipitaciones y una r\u00e1faga de viento alcanz\u00f3 los 71,6 kms\/h durante la noche del domingo 24 de noviembre. Las datos de lluvias en la regi\u00f3n fueron muy similares en [&hellip;]","og_url":"https:\/\/www.noticiasradioreflejos.com.ar\/2021\/tiempo-lluvioso-en-la-comarca-con-intensos-vientos-durante-el-domingo-y-la-madrugada-de-hoy\/","og_site_name":"Noticias Radio Reflejos","article_published_time":"2019-11-25T12:04:37+00:00","og_image":[{"width":300,"height":200,"url":"https:\/\/www.noticiasradioreflejos.com.ar\/2021\/wp-content\/uploads\/2021\/07\/logosol300x200.png","type":"image\/png"}],"author":"Arnaldo Botto","twitter_card":"summary_large_image","schema":{"@context":"https:\/\/schema.org","@graph":[{"@type":"WebPage","@id":"https:\/\/www.noticiasradioreflejos.com.ar\/2021\/tiempo-lluvioso-en-la-comarca-con-intensos-vientos-durante-el-domingo-y-la-madrugada-de-hoy\/","url":"https:\/\/www.noticiasradioreflejos.com.ar\/2021\/tiempo-lluvioso-en-la-comarca-con-intensos-vientos-durante-el-domingo-y-la-madrugada-de-hoy\/","name":"Tiempo lluvioso en la comarca, con intensos vientos durante el domingo y la madrugada de hoy.. - Noticias Radio Reflejos","isPartOf":{"@id":"https:\/\/www.noticiasradioreflejos.com.ar\/2021\/#website"},"datePublished":"2019-11-25T12:04:37+00:00","author":{"@id":"https:\/\/www.noticiasradioreflejos.com.ar\/2021\/#\/schema\/person\/ad82545263dcc5ec0996818884fd5fb1"},"breadcrumb":{"@id":"https:\/\/www.noticiasradioreflejos.com.ar\/2021\/tiempo-lluvioso-en-la-comarca-con-intensos-vientos-durante-el-domingo-y-la-madrugada-de-hoy\/#breadcrumb"},"inLanguage":"es","potentialAction":[{"@type":"ReadAction","target":["https:\/\/www.noticiasradioreflejos.com.ar\/2021\/tiempo-lluvioso-en-la-comarca-con-intensos-vientos-durante-el-domingo-y-la-madrugada-de-hoy\/"]}]},{"@type":"BreadcrumbList","@id":"https:\/\/www.noticiasradioreflejos.com.ar\/2021\/tiempo-lluvioso-en-la-comarca-con-intensos-vientos-durante-el-domingo-y-la-madrugada-de-hoy\/#breadcrumb","itemListElement":[{"@type":"ListItem","position":1,"name":"Portada","item":"https:\/\/www.noticiasradioreflejos.com.ar\/2021\/"},{"@type":"ListItem","position":2,"name":"Tiempo lluvioso en la comarca, con intensos vientos durante el domingo y la madrugada de hoy.."}]},{"@type":"WebSite","@id":"https:\/\/www.noticiasradioreflejos.com.ar\/2021\/#website","url":"https:\/\/www.noticiasradioreflejos.com.ar\/2021\/","name":"Noticias Radio Reflejos","description":"Las noticias de mi comarca","potentialAction":[{"@type":"SearchAction","target":{"@type":"EntryPoint","urlTemplate":"https:\/\/www.noticiasradioreflejos.com.ar\/2021\/?s={search_term_string}"},"query-input":{"@type":"PropertyValueSpecification","valueRequired":true,"valueName":"search_term_string"}}],"inLanguage":"es"},{"@type":"Person","@id":"https:\/\/www.noticiasradioreflejos.com.ar\/2021\/#\/schema\/person\/ad82545263dcc5ec0996818884fd5fb1","name":"Arnaldo Botto","image":{"@type":"ImageObject","inLanguage":"es","@id":"https:\/\/www.noticiasradioreflejos.com.ar\/2021\/#\/schema\/person\/image\/","url":"https:\/\/secure.gravatar.com\/avatar\/55cb5e37c1efa326397366e6974cb338056df65cb50e7d64d1cf314e87504837?s=96&d=mm&r=g","contentUrl":"https:\/\/secure.gravatar.com\/avatar\/55cb5e37c1efa326397366e6974cb338056df65cb50e7d64d1cf314e87504837?s=96&d=mm&r=g","caption":"Arnaldo Botto"},"url":"https:\/\/www.noticiasradioreflejos.com.ar\/2021\/author\/arnaldo\/"}]}},"_links":{"self":[{"href":"https:\/\/www.noticiasradioreflejos.com.ar\/2021\/wp-json\/wp\/v2\/posts\/36687","targetHints":{"allow":["GET"]}}],"collection":[{"href":"https:\/\/www.noticiasradioreflejos.com.ar\/2021\/wp-json\/wp\/v2\/posts"}],"about":[{"href":"https:\/\/www.noticiasradioreflejos.com.ar\/2021\/wp-json\/wp\/v2\/types\/post"}],"author":[{"embeddable":true,"href":"https:\/\/www.noticiasradioreflejos.com.ar\/2021\/wp-json\/wp\/v2\/users\/3"}],"replies":[{"embeddable":true,"href":"https:\/\/www.noticiasradioreflejos.com.ar\/2021\/wp-json\/wp\/v2\/comments?post=36687"}],"version-history":[{"count":0,"href":"https:\/\/www.noticiasradioreflejos.com.ar\/2021\/wp-json\/wp\/v2\/posts\/36687\/revisions"}],"wp:attachment":[{"href":"https:\/\/www.noticiasradioreflejos.com.ar\/2021\/wp-json\/wp\/v2\/media?parent=36687"}],"wp:term":[{"taxonomy":"category","embeddable":true,"href":"https:\/\/www.noticiasradioreflejos.com.ar\/2021\/wp-json\/wp\/v2\/categories?post=36687"},{"taxonomy":"post_tag","embeddable":true,"href":"https:\/\/www.noticiasradioreflejos.com.ar\/2021\/wp-json\/wp\/v2\/tags?post=36687"}],"curies":[{"name":"wp","href":"https:\/\/api.w.org\/{rel}","templated":true}]}}