{"id":36678,"date":"2019-11-23T19:42:28","date_gmt":"2019-11-23T22:42:28","guid":{"rendered":"http:\/\/www.noticiasradioreflejos.com.ar\/noticias\/?p=36678"},"modified":"2019-11-23T19:42:28","modified_gmt":"2019-11-23T22:42:28","slug":"atletico-ventana-campeon-de-hockey-en-sexta-division","status":"publish","type":"post","link":"https:\/\/www.noticiasradioreflejos.com.ar\/2021\/atletico-ventana-campeon-de-hockey-en-sexta-division\/","title":{"rendered":"Atl\u00e9tico Ventana Campe\u00f3n de Hockey en sexta divisi\u00f3n."},"content":{"rendered":"<p>Atl. Ventana venci\u00f3 2 a 0 en la final a Independiente de Puan esta tarde en un partido disputado en la ciudad de Pig\u00fc\u00e9 y se coron\u00f3 campe\u00f3n 2019 del Torneo Anual &#8216;Maria Celeste Mini&#8217; en la categor\u00eda Sub 16 de  la Federaci\u00f3n de Hockey del Sudoeste. Primer t\u00edtulo para el tricolor de Sierra de la Ventana en el \u00e1mbito de la FHSB.<!--more--><br \/>\nAtl. Ventana, ganador de la etapa regular, e Independiente, triunfador de los play off, se enfrentaron este s\u00e1bado desde las 13.30 hs en Pig\u00fc\u00e9. La jugadoras del tricolor llegaron al t\u00edtulo mediante goles convertidos por M\u00e1xima Ocampos, uno de c\u00f3rner corto y otro de penal. Es el primer t\u00edtulo obtenido por el conjunto serrano en un torneo de liga. Con anterioridad, ya hab\u00eda logrado copas regionales.<br \/>\nEl plantel dirigido por Nahuel Ianniello festeja merecidamente junto a todo Sierra de la Ventana por este important\u00edsimo logro deportivo.   <\/p>\n","protected":false},"excerpt":{"rendered":"<p>Atl. Ventana venci\u00f3 2 a 0 en la final a Independiente de Puan esta tarde en un partido disputado en la ciudad de Pig\u00fc\u00e9 y se coron\u00f3 campe\u00f3n 2019 del Torneo Anual &#8216;Maria Celeste Mini&#8217; en la categor\u00eda Sub 16 de la Federaci\u00f3n de Hockey del Sudoeste. Primer t\u00edtulo para el tricolor de Sierra de [&hellip;]<\/p>\n","protected":false},"author":3,"featured_media":0,"comment_status":"closed","ping_status":"open","sticky":false,"template":"","format":"standard","meta":{"footnotes":""},"categories":[27],"tags":[],"class_list":["post-36678","post","type-post","status-publish","format-standard","hentry","category-deportes"],"yoast_head":"<!-- This site is optimized with the Yoast SEO plugin v25.9 - https:\/\/yoast.com\/wordpress\/plugins\/seo\/ -->\n<title>Atl\u00e9tico Ventana Campe\u00f3n de Hockey en sexta divisi\u00f3n. - Noticias Radio Reflejos<\/title>\n<meta name=\"robots\" content=\"index, follow, max-snippet:-1, max-image-preview:large, max-video-preview:-1\" \/>\n<link rel=\"canonical\" href=\"https:\/\/www.noticiasradioreflejos.com.ar\/2021\/atletico-ventana-campeon-de-hockey-en-sexta-division\/\" \/>\n<meta property=\"og:locale\" content=\"es_ES\" \/>\n<meta property=\"og:type\" content=\"article\" \/>\n<meta property=\"og:title\" content=\"Atl\u00e9tico Ventana Campe\u00f3n de Hockey en sexta divisi\u00f3n. - Noticias Radio Reflejos\" \/>\n<meta property=\"og:description\" content=\"Atl. Ventana venci\u00f3 2 a 0 en la final a Independiente de Puan esta tarde en un partido disputado en la ciudad de Pig\u00fc\u00e9 y se coron\u00f3 campe\u00f3n 2019 del Torneo Anual &#8216;Maria Celeste Mini&#8217; en la categor\u00eda Sub 16 de la Federaci\u00f3n de Hockey del Sudoeste. Primer t\u00edtulo para el tricolor de Sierra de [&hellip;]\" \/>\n<meta property=\"og:url\" content=\"https:\/\/www.noticiasradioreflejos.com.ar\/2021\/atletico-ventana-campeon-de-hockey-en-sexta-division\/\" \/>\n<meta property=\"og:site_name\" content=\"Noticias Radio Reflejos\" \/>\n<meta property=\"article:published_time\" content=\"2019-11-23T22:42:28+00:00\" \/>\n<meta property=\"og:image\" content=\"https:\/\/www.noticiasradioreflejos.com.ar\/2021\/wp-content\/uploads\/2021\/07\/logosol300x200.png\" \/>\n\t<meta property=\"og:image:width\" content=\"300\" \/>\n\t<meta property=\"og:image:height\" content=\"200\" \/>\n\t<meta property=\"og:image:type\" content=\"image\/png\" \/>\n<meta name=\"author\" content=\"Arnaldo Botto\" \/>\n<meta name=\"twitter:card\" content=\"summary_large_image\" \/>\n<script type=\"application\/ld+json\" class=\"yoast-schema-graph\">{\"@context\":\"https:\/\/schema.org\",\"@graph\":[{\"@type\":\"WebPage\",\"@id\":\"https:\/\/www.noticiasradioreflejos.com.ar\/2021\/atletico-ventana-campeon-de-hockey-en-sexta-division\/\",\"url\":\"https:\/\/www.noticiasradioreflejos.com.ar\/2021\/atletico-ventana-campeon-de-hockey-en-sexta-division\/\",\"name\":\"Atl\u00e9tico Ventana Campe\u00f3n de Hockey en sexta divisi\u00f3n. - Noticias Radio Reflejos\",\"isPartOf\":{\"@id\":\"https:\/\/www.noticiasradioreflejos.com.ar\/2021\/#website\"},\"datePublished\":\"2019-11-23T22:42:28+00:00\",\"author\":{\"@id\":\"https:\/\/www.noticiasradioreflejos.com.ar\/2021\/#\/schema\/person\/ad82545263dcc5ec0996818884fd5fb1\"},\"breadcrumb\":{\"@id\":\"https:\/\/www.noticiasradioreflejos.com.ar\/2021\/atletico-ventana-campeon-de-hockey-en-sexta-division\/#breadcrumb\"},\"inLanguage\":\"es\",\"potentialAction\":[{\"@type\":\"ReadAction\",\"target\":[\"https:\/\/www.noticiasradioreflejos.com.ar\/2021\/atletico-ventana-campeon-de-hockey-en-sexta-division\/\"]}]},{\"@type\":\"BreadcrumbList\",\"@id\":\"https:\/\/www.noticiasradioreflejos.com.ar\/2021\/atletico-ventana-campeon-de-hockey-en-sexta-division\/#breadcrumb\",\"itemListElement\":[{\"@type\":\"ListItem\",\"position\":1,\"name\":\"Portada\",\"item\":\"https:\/\/www.noticiasradioreflejos.com.ar\/2021\/\"},{\"@type\":\"ListItem\",\"position\":2,\"name\":\"Atl\u00e9tico Ventana Campe\u00f3n de Hockey en sexta divisi\u00f3n.\"}]},{\"@type\":\"WebSite\",\"@id\":\"https:\/\/www.noticiasradioreflejos.com.ar\/2021\/#website\",\"url\":\"https:\/\/www.noticiasradioreflejos.com.ar\/2021\/\",\"name\":\"Noticias Radio Reflejos\",\"description\":\"Las noticias de mi comarca\",\"potentialAction\":[{\"@type\":\"SearchAction\",\"target\":{\"@type\":\"EntryPoint\",\"urlTemplate\":\"https:\/\/www.noticiasradioreflejos.com.ar\/2021\/?s={search_term_string}\"},\"query-input\":{\"@type\":\"PropertyValueSpecification\",\"valueRequired\":true,\"valueName\":\"search_term_string\"}}],\"inLanguage\":\"es\"},{\"@type\":\"Person\",\"@id\":\"https:\/\/www.noticiasradioreflejos.com.ar\/2021\/#\/schema\/person\/ad82545263dcc5ec0996818884fd5fb1\",\"name\":\"Arnaldo Botto\",\"image\":{\"@type\":\"ImageObject\",\"inLanguage\":\"es\",\"@id\":\"https:\/\/www.noticiasradioreflejos.com.ar\/2021\/#\/schema\/person\/image\/\",\"url\":\"https:\/\/secure.gravatar.com\/avatar\/55cb5e37c1efa326397366e6974cb338056df65cb50e7d64d1cf314e87504837?s=96&d=mm&r=g\",\"contentUrl\":\"https:\/\/secure.gravatar.com\/avatar\/55cb5e37c1efa326397366e6974cb338056df65cb50e7d64d1cf314e87504837?s=96&d=mm&r=g\",\"caption\":\"Arnaldo Botto\"},\"url\":\"https:\/\/www.noticiasradioreflejos.com.ar\/2021\/author\/arnaldo\/\"}]}<\/script>\n<!-- \/ Yoast SEO plugin. -->","yoast_head_json":{"title":"Atl\u00e9tico Ventana Campe\u00f3n de Hockey en sexta divisi\u00f3n. - Noticias Radio Reflejos","robots":{"index":"index","follow":"follow","max-snippet":"max-snippet:-1","max-image-preview":"max-image-preview:large","max-video-preview":"max-video-preview:-1"},"canonical":"https:\/\/www.noticiasradioreflejos.com.ar\/2021\/atletico-ventana-campeon-de-hockey-en-sexta-division\/","og_locale":"es_ES","og_type":"article","og_title":"Atl\u00e9tico Ventana Campe\u00f3n de Hockey en sexta divisi\u00f3n. - Noticias Radio Reflejos","og_description":"Atl. Ventana venci\u00f3 2 a 0 en la final a Independiente de Puan esta tarde en un partido disputado en la ciudad de Pig\u00fc\u00e9 y se coron\u00f3 campe\u00f3n 2019 del Torneo Anual &#8216;Maria Celeste Mini&#8217; en la categor\u00eda Sub 16 de la Federaci\u00f3n de Hockey del Sudoeste. Primer t\u00edtulo para el tricolor de Sierra de [&hellip;]","og_url":"https:\/\/www.noticiasradioreflejos.com.ar\/2021\/atletico-ventana-campeon-de-hockey-en-sexta-division\/","og_site_name":"Noticias Radio Reflejos","article_published_time":"2019-11-23T22:42:28+00:00","og_image":[{"width":300,"height":200,"url":"https:\/\/www.noticiasradioreflejos.com.ar\/2021\/wp-content\/uploads\/2021\/07\/logosol300x200.png","type":"image\/png"}],"author":"Arnaldo Botto","twitter_card":"summary_large_image","schema":{"@context":"https:\/\/schema.org","@graph":[{"@type":"WebPage","@id":"https:\/\/www.noticiasradioreflejos.com.ar\/2021\/atletico-ventana-campeon-de-hockey-en-sexta-division\/","url":"https:\/\/www.noticiasradioreflejos.com.ar\/2021\/atletico-ventana-campeon-de-hockey-en-sexta-division\/","name":"Atl\u00e9tico Ventana Campe\u00f3n de Hockey en sexta divisi\u00f3n. - Noticias Radio Reflejos","isPartOf":{"@id":"https:\/\/www.noticiasradioreflejos.com.ar\/2021\/#website"},"datePublished":"2019-11-23T22:42:28+00:00","author":{"@id":"https:\/\/www.noticiasradioreflejos.com.ar\/2021\/#\/schema\/person\/ad82545263dcc5ec0996818884fd5fb1"},"breadcrumb":{"@id":"https:\/\/www.noticiasradioreflejos.com.ar\/2021\/atletico-ventana-campeon-de-hockey-en-sexta-division\/#breadcrumb"},"inLanguage":"es","potentialAction":[{"@type":"ReadAction","target":["https:\/\/www.noticiasradioreflejos.com.ar\/2021\/atletico-ventana-campeon-de-hockey-en-sexta-division\/"]}]},{"@type":"BreadcrumbList","@id":"https:\/\/www.noticiasradioreflejos.com.ar\/2021\/atletico-ventana-campeon-de-hockey-en-sexta-division\/#breadcrumb","itemListElement":[{"@type":"ListItem","position":1,"name":"Portada","item":"https:\/\/www.noticiasradioreflejos.com.ar\/2021\/"},{"@type":"ListItem","position":2,"name":"Atl\u00e9tico Ventana Campe\u00f3n de Hockey en sexta divisi\u00f3n."}]},{"@type":"WebSite","@id":"https:\/\/www.noticiasradioreflejos.com.ar\/2021\/#website","url":"https:\/\/www.noticiasradioreflejos.com.ar\/2021\/","name":"Noticias Radio Reflejos","description":"Las noticias de mi comarca","potentialAction":[{"@type":"SearchAction","target":{"@type":"EntryPoint","urlTemplate":"https:\/\/www.noticiasradioreflejos.com.ar\/2021\/?s={search_term_string}"},"query-input":{"@type":"PropertyValueSpecification","valueRequired":true,"valueName":"search_term_string"}}],"inLanguage":"es"},{"@type":"Person","@id":"https:\/\/www.noticiasradioreflejos.com.ar\/2021\/#\/schema\/person\/ad82545263dcc5ec0996818884fd5fb1","name":"Arnaldo Botto","image":{"@type":"ImageObject","inLanguage":"es","@id":"https:\/\/www.noticiasradioreflejos.com.ar\/2021\/#\/schema\/person\/image\/","url":"https:\/\/secure.gravatar.com\/avatar\/55cb5e37c1efa326397366e6974cb338056df65cb50e7d64d1cf314e87504837?s=96&d=mm&r=g","contentUrl":"https:\/\/secure.gravatar.com\/avatar\/55cb5e37c1efa326397366e6974cb338056df65cb50e7d64d1cf314e87504837?s=96&d=mm&r=g","caption":"Arnaldo Botto"},"url":"https:\/\/www.noticiasradioreflejos.com.ar\/2021\/author\/arnaldo\/"}]}},"_links":{"self":[{"href":"https:\/\/www.noticiasradioreflejos.com.ar\/2021\/wp-json\/wp\/v2\/posts\/36678","targetHints":{"allow":["GET"]}}],"collection":[{"href":"https:\/\/www.noticiasradioreflejos.com.ar\/2021\/wp-json\/wp\/v2\/posts"}],"about":[{"href":"https:\/\/www.noticiasradioreflejos.com.ar\/2021\/wp-json\/wp\/v2\/types\/post"}],"author":[{"embeddable":true,"href":"https:\/\/www.noticiasradioreflejos.com.ar\/2021\/wp-json\/wp\/v2\/users\/3"}],"replies":[{"embeddable":true,"href":"https:\/\/www.noticiasradioreflejos.com.ar\/2021\/wp-json\/wp\/v2\/comments?post=36678"}],"version-history":[{"count":0,"href":"https:\/\/www.noticiasradioreflejos.com.ar\/2021\/wp-json\/wp\/v2\/posts\/36678\/revisions"}],"wp:attachment":[{"href":"https:\/\/www.noticiasradioreflejos.com.ar\/2021\/wp-json\/wp\/v2\/media?parent=36678"}],"wp:term":[{"taxonomy":"category","embeddable":true,"href":"https:\/\/www.noticiasradioreflejos.com.ar\/2021\/wp-json\/wp\/v2\/categories?post=36678"},{"taxonomy":"post_tag","embeddable":true,"href":"https:\/\/www.noticiasradioreflejos.com.ar\/2021\/wp-json\/wp\/v2\/tags?post=36678"}],"curies":[{"name":"wp","href":"https:\/\/api.w.org\/{rel}","templated":true}]}}