{"id":36618,"date":"2019-11-21T11:43:04","date_gmt":"2019-11-21T14:43:04","guid":{"rendered":"http:\/\/www.noticiasradioreflejos.com.ar\/noticias\/?p=36618"},"modified":"2019-11-21T11:43:04","modified_gmt":"2019-11-21T14:43:04","slug":"un-aprehendido-en-tornquist-y-un-detenido-en-sierra-de-la-ventana-durante-el-fin-de-semana","status":"publish","type":"post","link":"https:\/\/www.noticiasradioreflejos.com.ar\/2021\/un-aprehendido-en-tornquist-y-un-detenido-en-sierra-de-la-ventana-durante-el-fin-de-semana\/","title":{"rendered":"Un aprehendido en Tornquist y un detenido en Sierra de la Ventana durante el fin de semana."},"content":{"rendered":"<p>La Secretar\u00eda de Seguridad de la Municipalidad de Tornquist pone en conocimiento a la poblaci\u00f3n de los recientes hechos acaecidos en los \u00faltimos d\u00edas en el Partido de Tornquist:<!--more--><br \/>\nUN APREHENDIDO POR DESOBEDIENCIA Y RESISTENCIA A LA AUTORIDAD<br \/>\nSe informa que con fecha 16 del mes y a\u00f1o en curso, a trav\u00e9s de un llamado al n\u00famero de emergencias 101 de la Estaci\u00f3n Comunal de Tornquist, por una persona provocando disturbio en las inmediaciones del local comercial de nombre de fantas\u00eda \u201cMoreno\u201d, por lo que personal de dicha seccional policial se constituyen en mencionado lugar, constatando efectivamente la presencia de un sujeto provocando disturbio en aparente estado de ebriedad, por lo que al momento de su identificaci\u00f3n, dicho sujeto arremete contra los uniformados, produci\u00e9ndose un breve forcejeo, donde finalmente esta persona termina reducida y aprehendida por los delitos de DESOBEDIENCIA y RESISTENCIA A LA AUTORIDAD, trat\u00e1ndose fehacientemente de HECTOR GONZALO REGUEIRA, de actuales 34 a\u00f1os. Intervino la Fiscal\u00eda Especializada de Delitos en Flagrancias Numero 15 de Bah\u00eda Blanca.-<br \/>\nUNA PERSONA DETENIDA POR PEDIDO DE CAPTURA Y COMPARENDO COMPULSIVO<br \/>\nAsimismo se informa que personal de la Subestaci\u00f3n de Polic\u00eda Comunal de Sierra de la Ventana, con fecha 19 del corriente mes y a\u00f1o, en circunstancias en que se hallaba recorriendo el Barrio de Valle Hermoso, logra dar con un ciudadano for\u00e1neo del medio el cual presentaba actitud esquiva al ver pasar el m\u00f3vil policial, por cuanto se procede a su interceptaci\u00f3n y correcta identificaci\u00f3n, trat\u00e1ndose de WAISPEK GASTON ARIEL, de 29 a\u00f1os, oriundo de Bah\u00eda Blanca, quien al ser cursado sus datos filiatorios por Sala Inform\u00e1tica de la Polic\u00eda, se establece que sobre su persona pesaba un PEDIDO DE CAPTURA ACTIVO\u00b8 solicitado por el Juzgado de Ejecuci\u00f3n Penal N\u00famero 2 de Bah\u00eda Blanca en car\u00e1tula Legajo de Ejecuci\u00f3n de Condena Condicional y un PEDIDO DE COMPARENDO COMPULSIVO, solicitado por el Juzgado Correccional N\u00famero 1, tambi\u00e9n de Bah\u00eda Blanca, raz\u00f3n por la cual se procedi\u00f3 a su DETENCI\u00d3N, d\u00e1ndose intervenci\u00f3n a los Juzgados correspondientes.-<br \/>\nSECRETAR\u00cdA DE SEGURIDAD \u2013 MUNICIPALIDAD DE TORNQUIST<br \/>\nNOVIEMBRE 21 DE 2019.-<\/p>\n","protected":false},"excerpt":{"rendered":"<p>La Secretar\u00eda de Seguridad de la Municipalidad de Tornquist pone en conocimiento a la poblaci\u00f3n de los recientes hechos acaecidos en los \u00faltimos d\u00edas en el Partido de Tornquist:<\/p>\n","protected":false},"author":3,"featured_media":0,"comment_status":"closed","ping_status":"open","sticky":false,"template":"","format":"standard","meta":{"footnotes":""},"categories":[29],"tags":[],"class_list":["post-36618","post","type-post","status-publish","format-standard","hentry","category-policiales"],"yoast_head":"<!-- This site is optimized with the Yoast SEO plugin v25.9 - https:\/\/yoast.com\/wordpress\/plugins\/seo\/ -->\n<title>Un aprehendido en Tornquist y un detenido en Sierra de la Ventana durante el fin de semana. - Noticias Radio Reflejos<\/title>\n<meta name=\"robots\" content=\"index, follow, max-snippet:-1, max-image-preview:large, max-video-preview:-1\" \/>\n<link rel=\"canonical\" href=\"https:\/\/www.noticiasradioreflejos.com.ar\/2021\/un-aprehendido-en-tornquist-y-un-detenido-en-sierra-de-la-ventana-durante-el-fin-de-semana\/\" \/>\n<meta property=\"og:locale\" content=\"es_ES\" \/>\n<meta property=\"og:type\" content=\"article\" \/>\n<meta property=\"og:title\" content=\"Un aprehendido en Tornquist y un detenido en Sierra de la Ventana durante el fin de semana. - Noticias Radio Reflejos\" \/>\n<meta property=\"og:description\" content=\"La Secretar\u00eda de Seguridad de la Municipalidad de Tornquist pone en conocimiento a la poblaci\u00f3n de los recientes hechos acaecidos en los \u00faltimos d\u00edas en el Partido de Tornquist:\" \/>\n<meta property=\"og:url\" content=\"https:\/\/www.noticiasradioreflejos.com.ar\/2021\/un-aprehendido-en-tornquist-y-un-detenido-en-sierra-de-la-ventana-durante-el-fin-de-semana\/\" \/>\n<meta property=\"og:site_name\" content=\"Noticias Radio Reflejos\" \/>\n<meta property=\"article:published_time\" content=\"2019-11-21T14:43:04+00:00\" \/>\n<meta property=\"og:image\" content=\"https:\/\/www.noticiasradioreflejos.com.ar\/2021\/wp-content\/uploads\/2021\/07\/logosol300x200.png\" \/>\n\t<meta property=\"og:image:width\" content=\"300\" \/>\n\t<meta property=\"og:image:height\" content=\"200\" \/>\n\t<meta property=\"og:image:type\" content=\"image\/png\" \/>\n<meta name=\"author\" content=\"Arnaldo Botto\" \/>\n<meta name=\"twitter:card\" content=\"summary_large_image\" \/>\n<script type=\"application\/ld+json\" class=\"yoast-schema-graph\">{\"@context\":\"https:\/\/schema.org\",\"@graph\":[{\"@type\":\"WebPage\",\"@id\":\"https:\/\/www.noticiasradioreflejos.com.ar\/2021\/un-aprehendido-en-tornquist-y-un-detenido-en-sierra-de-la-ventana-durante-el-fin-de-semana\/\",\"url\":\"https:\/\/www.noticiasradioreflejos.com.ar\/2021\/un-aprehendido-en-tornquist-y-un-detenido-en-sierra-de-la-ventana-durante-el-fin-de-semana\/\",\"name\":\"Un aprehendido en Tornquist y un detenido en Sierra de la Ventana durante el fin de semana. - Noticias Radio Reflejos\",\"isPartOf\":{\"@id\":\"https:\/\/www.noticiasradioreflejos.com.ar\/2021\/#website\"},\"datePublished\":\"2019-11-21T14:43:04+00:00\",\"author\":{\"@id\":\"https:\/\/www.noticiasradioreflejos.com.ar\/2021\/#\/schema\/person\/ad82545263dcc5ec0996818884fd5fb1\"},\"breadcrumb\":{\"@id\":\"https:\/\/www.noticiasradioreflejos.com.ar\/2021\/un-aprehendido-en-tornquist-y-un-detenido-en-sierra-de-la-ventana-durante-el-fin-de-semana\/#breadcrumb\"},\"inLanguage\":\"es\",\"potentialAction\":[{\"@type\":\"ReadAction\",\"target\":[\"https:\/\/www.noticiasradioreflejos.com.ar\/2021\/un-aprehendido-en-tornquist-y-un-detenido-en-sierra-de-la-ventana-durante-el-fin-de-semana\/\"]}]},{\"@type\":\"BreadcrumbList\",\"@id\":\"https:\/\/www.noticiasradioreflejos.com.ar\/2021\/un-aprehendido-en-tornquist-y-un-detenido-en-sierra-de-la-ventana-durante-el-fin-de-semana\/#breadcrumb\",\"itemListElement\":[{\"@type\":\"ListItem\",\"position\":1,\"name\":\"Portada\",\"item\":\"https:\/\/www.noticiasradioreflejos.com.ar\/2021\/\"},{\"@type\":\"ListItem\",\"position\":2,\"name\":\"Un aprehendido en Tornquist y un detenido en Sierra de la Ventana durante el fin de semana.\"}]},{\"@type\":\"WebSite\",\"@id\":\"https:\/\/www.noticiasradioreflejos.com.ar\/2021\/#website\",\"url\":\"https:\/\/www.noticiasradioreflejos.com.ar\/2021\/\",\"name\":\"Noticias Radio Reflejos\",\"description\":\"Las noticias de mi comarca\",\"potentialAction\":[{\"@type\":\"SearchAction\",\"target\":{\"@type\":\"EntryPoint\",\"urlTemplate\":\"https:\/\/www.noticiasradioreflejos.com.ar\/2021\/?s={search_term_string}\"},\"query-input\":{\"@type\":\"PropertyValueSpecification\",\"valueRequired\":true,\"valueName\":\"search_term_string\"}}],\"inLanguage\":\"es\"},{\"@type\":\"Person\",\"@id\":\"https:\/\/www.noticiasradioreflejos.com.ar\/2021\/#\/schema\/person\/ad82545263dcc5ec0996818884fd5fb1\",\"name\":\"Arnaldo Botto\",\"image\":{\"@type\":\"ImageObject\",\"inLanguage\":\"es\",\"@id\":\"https:\/\/www.noticiasradioreflejos.com.ar\/2021\/#\/schema\/person\/image\/\",\"url\":\"https:\/\/secure.gravatar.com\/avatar\/55cb5e37c1efa326397366e6974cb338056df65cb50e7d64d1cf314e87504837?s=96&d=mm&r=g\",\"contentUrl\":\"https:\/\/secure.gravatar.com\/avatar\/55cb5e37c1efa326397366e6974cb338056df65cb50e7d64d1cf314e87504837?s=96&d=mm&r=g\",\"caption\":\"Arnaldo Botto\"},\"url\":\"https:\/\/www.noticiasradioreflejos.com.ar\/2021\/author\/arnaldo\/\"}]}<\/script>\n<!-- \/ Yoast SEO plugin. -->","yoast_head_json":{"title":"Un aprehendido en Tornquist y un detenido en Sierra de la Ventana durante el fin de semana. - Noticias Radio Reflejos","robots":{"index":"index","follow":"follow","max-snippet":"max-snippet:-1","max-image-preview":"max-image-preview:large","max-video-preview":"max-video-preview:-1"},"canonical":"https:\/\/www.noticiasradioreflejos.com.ar\/2021\/un-aprehendido-en-tornquist-y-un-detenido-en-sierra-de-la-ventana-durante-el-fin-de-semana\/","og_locale":"es_ES","og_type":"article","og_title":"Un aprehendido en Tornquist y un detenido en Sierra de la Ventana durante el fin de semana. - Noticias Radio Reflejos","og_description":"La Secretar\u00eda de Seguridad de la Municipalidad de Tornquist pone en conocimiento a la poblaci\u00f3n de los recientes hechos acaecidos en los \u00faltimos d\u00edas en el Partido de Tornquist:","og_url":"https:\/\/www.noticiasradioreflejos.com.ar\/2021\/un-aprehendido-en-tornquist-y-un-detenido-en-sierra-de-la-ventana-durante-el-fin-de-semana\/","og_site_name":"Noticias Radio Reflejos","article_published_time":"2019-11-21T14:43:04+00:00","og_image":[{"width":300,"height":200,"url":"https:\/\/www.noticiasradioreflejos.com.ar\/2021\/wp-content\/uploads\/2021\/07\/logosol300x200.png","type":"image\/png"}],"author":"Arnaldo Botto","twitter_card":"summary_large_image","schema":{"@context":"https:\/\/schema.org","@graph":[{"@type":"WebPage","@id":"https:\/\/www.noticiasradioreflejos.com.ar\/2021\/un-aprehendido-en-tornquist-y-un-detenido-en-sierra-de-la-ventana-durante-el-fin-de-semana\/","url":"https:\/\/www.noticiasradioreflejos.com.ar\/2021\/un-aprehendido-en-tornquist-y-un-detenido-en-sierra-de-la-ventana-durante-el-fin-de-semana\/","name":"Un aprehendido en Tornquist y un detenido en Sierra de la Ventana durante el fin de semana. - Noticias Radio Reflejos","isPartOf":{"@id":"https:\/\/www.noticiasradioreflejos.com.ar\/2021\/#website"},"datePublished":"2019-11-21T14:43:04+00:00","author":{"@id":"https:\/\/www.noticiasradioreflejos.com.ar\/2021\/#\/schema\/person\/ad82545263dcc5ec0996818884fd5fb1"},"breadcrumb":{"@id":"https:\/\/www.noticiasradioreflejos.com.ar\/2021\/un-aprehendido-en-tornquist-y-un-detenido-en-sierra-de-la-ventana-durante-el-fin-de-semana\/#breadcrumb"},"inLanguage":"es","potentialAction":[{"@type":"ReadAction","target":["https:\/\/www.noticiasradioreflejos.com.ar\/2021\/un-aprehendido-en-tornquist-y-un-detenido-en-sierra-de-la-ventana-durante-el-fin-de-semana\/"]}]},{"@type":"BreadcrumbList","@id":"https:\/\/www.noticiasradioreflejos.com.ar\/2021\/un-aprehendido-en-tornquist-y-un-detenido-en-sierra-de-la-ventana-durante-el-fin-de-semana\/#breadcrumb","itemListElement":[{"@type":"ListItem","position":1,"name":"Portada","item":"https:\/\/www.noticiasradioreflejos.com.ar\/2021\/"},{"@type":"ListItem","position":2,"name":"Un aprehendido en Tornquist y un detenido en Sierra de la Ventana durante el fin de semana."}]},{"@type":"WebSite","@id":"https:\/\/www.noticiasradioreflejos.com.ar\/2021\/#website","url":"https:\/\/www.noticiasradioreflejos.com.ar\/2021\/","name":"Noticias Radio Reflejos","description":"Las noticias de mi comarca","potentialAction":[{"@type":"SearchAction","target":{"@type":"EntryPoint","urlTemplate":"https:\/\/www.noticiasradioreflejos.com.ar\/2021\/?s={search_term_string}"},"query-input":{"@type":"PropertyValueSpecification","valueRequired":true,"valueName":"search_term_string"}}],"inLanguage":"es"},{"@type":"Person","@id":"https:\/\/www.noticiasradioreflejos.com.ar\/2021\/#\/schema\/person\/ad82545263dcc5ec0996818884fd5fb1","name":"Arnaldo Botto","image":{"@type":"ImageObject","inLanguage":"es","@id":"https:\/\/www.noticiasradioreflejos.com.ar\/2021\/#\/schema\/person\/image\/","url":"https:\/\/secure.gravatar.com\/avatar\/55cb5e37c1efa326397366e6974cb338056df65cb50e7d64d1cf314e87504837?s=96&d=mm&r=g","contentUrl":"https:\/\/secure.gravatar.com\/avatar\/55cb5e37c1efa326397366e6974cb338056df65cb50e7d64d1cf314e87504837?s=96&d=mm&r=g","caption":"Arnaldo Botto"},"url":"https:\/\/www.noticiasradioreflejos.com.ar\/2021\/author\/arnaldo\/"}]}},"_links":{"self":[{"href":"https:\/\/www.noticiasradioreflejos.com.ar\/2021\/wp-json\/wp\/v2\/posts\/36618","targetHints":{"allow":["GET"]}}],"collection":[{"href":"https:\/\/www.noticiasradioreflejos.com.ar\/2021\/wp-json\/wp\/v2\/posts"}],"about":[{"href":"https:\/\/www.noticiasradioreflejos.com.ar\/2021\/wp-json\/wp\/v2\/types\/post"}],"author":[{"embeddable":true,"href":"https:\/\/www.noticiasradioreflejos.com.ar\/2021\/wp-json\/wp\/v2\/users\/3"}],"replies":[{"embeddable":true,"href":"https:\/\/www.noticiasradioreflejos.com.ar\/2021\/wp-json\/wp\/v2\/comments?post=36618"}],"version-history":[{"count":0,"href":"https:\/\/www.noticiasradioreflejos.com.ar\/2021\/wp-json\/wp\/v2\/posts\/36618\/revisions"}],"wp:attachment":[{"href":"https:\/\/www.noticiasradioreflejos.com.ar\/2021\/wp-json\/wp\/v2\/media?parent=36618"}],"wp:term":[{"taxonomy":"category","embeddable":true,"href":"https:\/\/www.noticiasradioreflejos.com.ar\/2021\/wp-json\/wp\/v2\/categories?post=36618"},{"taxonomy":"post_tag","embeddable":true,"href":"https:\/\/www.noticiasradioreflejos.com.ar\/2021\/wp-json\/wp\/v2\/tags?post=36618"}],"curies":[{"name":"wp","href":"https:\/\/api.w.org\/{rel}","templated":true}]}}