{"id":36614,"date":"2019-11-21T15:56:07","date_gmt":"2019-11-21T18:56:07","guid":{"rendered":"http:\/\/www.noticiasradioreflejos.com.ar\/noticias\/?p=36614"},"modified":"2019-11-21T15:56:07","modified_gmt":"2019-11-21T18:56:07","slug":"nestor-tito-hansen-sumo-mas-premios-nacionales-por-su-trabajo-y-un-premio-internacional","status":"publish","type":"post","link":"https:\/\/www.noticiasradioreflejos.com.ar\/2021\/nestor-tito-hansen-sumo-mas-premios-nacionales-por-su-trabajo-y-un-premio-internacional\/","title":{"rendered":"Nestor &quot;Tito&quot; Hansen sum\u00f3 m\u00e1s premios nacionales por su trabajo y un Premio Internacional."},"content":{"rendered":"<p><a title=\"51535776_2075616632492947_7312655513383075840_n\" href=\"http:\/\/live.staticflickr.com\/65535\/49100012616_e5b65cfbb0_s.jpg\" rel=\"\"><img loading=\"lazy\" decoding=\"async\" class=\"alignleft\" style=\"float: left;\" title=\"51535776_2075616632492947_7312655513383075840_n\" src=\"http:\/\/live.staticflickr.com\/65535\/49100012616_e5b65cfbb0.jpg\" alt=\"51535776_2075616632492947_7312655513383075840_n\" width=\"375\" height=\"500\" \/><\/a>Ganador de 5 premios nacionales Faro de Oro entre el 2018 y 2019. Este a\u00f1o, fue premiado en los rubros \u00abVoz Revelaci\u00f3n Masculina\u00bb y \u00abMejor programa de programa m\u00fasica latina\u00bb en los Faro de Oro y adem\u00e1s, suma ahora un nuevo e important\u00edsimo galard\u00f3n internacional; su trabajo, su voz lo llevaron a la coronaci\u00f3n del PREMIO LATINOAMERICANO \u00abDOCTA DE ORO \u00ab, en el rubro LOCUTOR DE ALCANCE MEJOR VOZ .<br \/>\n<strong>Nestor \u00abTito\u00bb Hansen <\/strong> el locutor latinoamericano al que llaman \u00abLa Segunda Voz de Dios\u00bb, es parte de FM Reflejos con su programa \u00abSelecci\u00f3n de S\u00e1bado\u00bb.<!--more--><br \/>\nDesde Saldungaray, su voz y sus trabajos recorren miles de kil\u00f3metros en diferentes medios y hasta los colegas mexicanos lo apodan \u00abLa Segunda Voz de Dios\u00bb; N\u00e9stor Hansen, el popular \u00abTito\u00bb, sigue sumando galardones. Su \u00faltimo logro un premio internacional por un trabajo sobre versos de Pablo Neruda realizado en el a\u00f1o 2017. En la ma\u00f1ana de \u00abUn Mate y un Caf\u00e9\u00bb conocemos los detalles de su coronaci\u00f3n, su trabajo y sus sue\u00f1os.<br \/>\n\u00abEn 2019 por el tema de obtener una matricula a nivel internacional, una matricula de locutor comercial entre en los personajes destacados de faro de oro, que es el vip en ciudad de Mar del Plata, se hizo ante un mont\u00f3n de actores y estrellas, tanto del teatro como de cine que los conoc\u00ed o los ves personalmente y son diferentes a la televisi\u00f3n porque despu\u00e9s caes al rato, figuras destacadas por ejemplo Marcelo Tinelli, otros que son productores, algo lindo, no quer\u00eda ir pero justo se daba ese d\u00eda de vacaciones que tenia, y me hice un viaje hasta Mar del Plata. No quer\u00eda ir como me paso esta vez, a ultimo momento mande un programa grabado, en realidad me quede en el tiempo y se me iba, se comunicaron conmigo varios muchachos, del Chaco, de Saladillo, de varios lugares de la provincia (dale Tito, no nos dejes solos, vamos a participar), le digo pero no tengo nada preparado, tengo un programa grabado nada mas y mande ese, que fue selecci\u00f3n de s\u00e1bado, que hablaba sobre algo cultural, y hab\u00eda algunos llamados desde Nicaragua, otros llamados desde Honduras, con el problema que estaba sucediendo en el pa\u00eds, supuestamente estaba habiendo un golpe de estado, y cosas as\u00ed que fui largando en el programa, y les intereso porque fui participando en 5 rubros. En el 2018 mande un programa, y fui nominado en 4, y gano 2, revelaci\u00f3n masculina y lo que seria conducci\u00f3n masculina en radio, despu\u00e9s pasamos a 2019, el faro de oro vip, eso fue en febrero, matricula internacional, y este a\u00f1o ya en noviembre nominado de vuelta porque fue a ultimo momento que no iba a participar, que me incentivaron tanto, que dije bueno vamos a mandar y que haga lo que dios quiera. Este a\u00f1o no fue bueno para todos, vos lo sabes y toda la gente, un poco ca\u00edda por la situaci\u00f3n econ\u00f3mica y por un mont\u00f3n de problemas, y digo no voy a participar, mando los trabajos y me nominan y gano de vuelta revelaci\u00f3n masculina, entre muchos participantes, y gano programa de m\u00fasica latina, que es un rubro en el que no hab\u00eda participado nunca, eran muchos tambi\u00e9n ah\u00ed, son dos oro ah\u00ed, despu\u00e9s por trabajos que hice en 2017 para Pablo Neruda, conoc\u00ed a gente que siempre esta ligada a los premios en Buenos Aires, entonces, hay un premio internacional que se llama Docta de Oro que viene desde todos los pa\u00edses latinoamericanos, mis trabajos fueron a nivel nacional y a nivel internacional, en este caso tuve que reemplazar a un venezolano, un trabajo en argentino, porque esta gente tenia un locutor venezolano muy buena voz, impresionante, entonces hab\u00eda que reemplazar ese audio, lo reemplazamos y le pregunto como participar, me dice con lo que usted quiera, le digo tengo trabajos de Pablo Neruda hechos en el a\u00f1o 2017, entregue eso, y me felicitaron, me dijeron es incre\u00edble el trabajo que ha hecho, me felicitaron por el tema de la presentaci\u00f3n tambi\u00e9n, el jurado me destaca entre la gente que participo de los poemas, la interpretaci\u00f3n de los poemas, ah\u00ed fui ganador directamente, a la Docta 2019 premio internacional latinoamericano, se da por primera vez en Argentina\u00bb.<br \/>\n\u00abLa voz de dios me dicen los mexicanos, la voz de dios era Jose Labat, cuando muere yo hice un trabajo a dos voces con \u00e9l y nunca se entero, porque hice un homenaje a dos voces, hablaba \u00e9l, yo y Rub\u00e9n Moya Acosta que es la voz de he-man, hice un peque\u00f1o homenaje le puse la voz m\u00eda y la de ellos, por eso me dicen usted es la segunda voz de dios\u00bb.<br \/>\nNOTA COMPLETA:<br \/>\n<iframe loading=\"lazy\" src=\"https:\/\/w.soundcloud.com\/player\/?url=https%3A\/\/api.soundcloud.com\/tracks\/716345224&amp;color=%23ff5500&amp;auto_play=false&amp;hide_related=false&amp;show_comments=true&amp;show_user=true&amp;show_reposts=false&amp;show_teaser=true\" width=\"100%\" height=\"166\" frameborder=\"no\" scrolling=\"no\"><\/iframe><br \/>\n<a title=\"WhatsApp Image 2019-11-21 at 10.04.06\" href=\"http:\/\/live.staticflickr.com\/65535\/49100012566_be92d935bb_s.jpg\" rel=\"\"><img loading=\"lazy\" decoding=\"async\" class=\"aligncenter\" title=\"WhatsApp Image 2019-11-21 at 10.04.06\" src=\"http:\/\/live.staticflickr.com\/65535\/49100012566_be92d935bb_z.jpg\" alt=\"WhatsApp Image 2019-11-21 at 10.04.06\" width=\"640\" height=\"640\" \/><\/a><\/p>\n","protected":false},"excerpt":{"rendered":"<p>Ganador de 5 premios nacionales Faro de Oro entre el 2018 y 2019. Este a\u00f1o, fue premiado en los rubros \u00abVoz Revelaci\u00f3n Masculina\u00bb y \u00abMejor programa de programa m\u00fasica latina\u00bb en los Faro de Oro y adem\u00e1s, suma ahora un nuevo e important\u00edsimo galard\u00f3n internacional; su trabajo, su voz lo llevaron a la coronaci\u00f3n del [&hellip;]<\/p>\n","protected":false},"author":3,"featured_media":0,"comment_status":"closed","ping_status":"open","sticky":false,"template":"","format":"standard","meta":{"footnotes":""},"categories":[26],"tags":[],"class_list":["post-36614","post","type-post","status-publish","format-standard","hentry","category-sociedad"],"yoast_head":"<!-- This site is optimized with the Yoast SEO plugin v25.9 - https:\/\/yoast.com\/wordpress\/plugins\/seo\/ -->\n<title>Nestor &quot;Tito&quot; Hansen sum\u00f3 m\u00e1s premios nacionales por su trabajo y un Premio Internacional. - Noticias Radio Reflejos<\/title>\n<meta name=\"robots\" content=\"index, follow, max-snippet:-1, max-image-preview:large, max-video-preview:-1\" \/>\n<link rel=\"canonical\" href=\"https:\/\/www.noticiasradioreflejos.com.ar\/2021\/nestor-tito-hansen-sumo-mas-premios-nacionales-por-su-trabajo-y-un-premio-internacional\/\" \/>\n<meta property=\"og:locale\" content=\"es_ES\" \/>\n<meta property=\"og:type\" content=\"article\" \/>\n<meta property=\"og:title\" content=\"Nestor &quot;Tito&quot; Hansen sum\u00f3 m\u00e1s premios nacionales por su trabajo y un Premio Internacional. - Noticias Radio Reflejos\" \/>\n<meta property=\"og:description\" content=\"Ganador de 5 premios nacionales Faro de Oro entre el 2018 y 2019. Este a\u00f1o, fue premiado en los rubros \u00abVoz Revelaci\u00f3n Masculina\u00bb y \u00abMejor programa de programa m\u00fasica latina\u00bb en los Faro de Oro y adem\u00e1s, suma ahora un nuevo e important\u00edsimo galard\u00f3n internacional; su trabajo, su voz lo llevaron a la coronaci\u00f3n del [&hellip;]\" \/>\n<meta property=\"og:url\" content=\"https:\/\/www.noticiasradioreflejos.com.ar\/2021\/nestor-tito-hansen-sumo-mas-premios-nacionales-por-su-trabajo-y-un-premio-internacional\/\" \/>\n<meta property=\"og:site_name\" content=\"Noticias Radio Reflejos\" \/>\n<meta property=\"article:published_time\" content=\"2019-11-21T18:56:07+00:00\" \/>\n<meta property=\"og:image\" content=\"http:\/\/live.staticflickr.com\/65535\/49100012616_e5b65cfbb0.jpg\" \/>\n<meta name=\"author\" content=\"Arnaldo Botto\" \/>\n<meta name=\"twitter:card\" content=\"summary_large_image\" \/>\n<script type=\"application\/ld+json\" class=\"yoast-schema-graph\">{\"@context\":\"https:\/\/schema.org\",\"@graph\":[{\"@type\":\"WebPage\",\"@id\":\"https:\/\/www.noticiasradioreflejos.com.ar\/2021\/nestor-tito-hansen-sumo-mas-premios-nacionales-por-su-trabajo-y-un-premio-internacional\/\",\"url\":\"https:\/\/www.noticiasradioreflejos.com.ar\/2021\/nestor-tito-hansen-sumo-mas-premios-nacionales-por-su-trabajo-y-un-premio-internacional\/\",\"name\":\"Nestor &quot;Tito&quot; Hansen sum\u00f3 m\u00e1s premios nacionales por su trabajo y un Premio Internacional. - Noticias Radio Reflejos\",\"isPartOf\":{\"@id\":\"https:\/\/www.noticiasradioreflejos.com.ar\/2021\/#website\"},\"primaryImageOfPage\":{\"@id\":\"https:\/\/www.noticiasradioreflejos.com.ar\/2021\/nestor-tito-hansen-sumo-mas-premios-nacionales-por-su-trabajo-y-un-premio-internacional\/#primaryimage\"},\"image\":{\"@id\":\"https:\/\/www.noticiasradioreflejos.com.ar\/2021\/nestor-tito-hansen-sumo-mas-premios-nacionales-por-su-trabajo-y-un-premio-internacional\/#primaryimage\"},\"thumbnailUrl\":\"http:\/\/live.staticflickr.com\/65535\/49100012616_e5b65cfbb0.jpg\",\"datePublished\":\"2019-11-21T18:56:07+00:00\",\"author\":{\"@id\":\"https:\/\/www.noticiasradioreflejos.com.ar\/2021\/#\/schema\/person\/ad82545263dcc5ec0996818884fd5fb1\"},\"breadcrumb\":{\"@id\":\"https:\/\/www.noticiasradioreflejos.com.ar\/2021\/nestor-tito-hansen-sumo-mas-premios-nacionales-por-su-trabajo-y-un-premio-internacional\/#breadcrumb\"},\"inLanguage\":\"es\",\"potentialAction\":[{\"@type\":\"ReadAction\",\"target\":[\"https:\/\/www.noticiasradioreflejos.com.ar\/2021\/nestor-tito-hansen-sumo-mas-premios-nacionales-por-su-trabajo-y-un-premio-internacional\/\"]}]},{\"@type\":\"ImageObject\",\"inLanguage\":\"es\",\"@id\":\"https:\/\/www.noticiasradioreflejos.com.ar\/2021\/nestor-tito-hansen-sumo-mas-premios-nacionales-por-su-trabajo-y-un-premio-internacional\/#primaryimage\",\"url\":\"http:\/\/live.staticflickr.com\/65535\/49100012616_e5b65cfbb0.jpg\",\"contentUrl\":\"http:\/\/live.staticflickr.com\/65535\/49100012616_e5b65cfbb0.jpg\"},{\"@type\":\"BreadcrumbList\",\"@id\":\"https:\/\/www.noticiasradioreflejos.com.ar\/2021\/nestor-tito-hansen-sumo-mas-premios-nacionales-por-su-trabajo-y-un-premio-internacional\/#breadcrumb\",\"itemListElement\":[{\"@type\":\"ListItem\",\"position\":1,\"name\":\"Portada\",\"item\":\"https:\/\/www.noticiasradioreflejos.com.ar\/2021\/\"},{\"@type\":\"ListItem\",\"position\":2,\"name\":\"Nestor &quot;Tito&quot; Hansen sum\u00f3 m\u00e1s premios nacionales por su trabajo y un Premio Internacional.\"}]},{\"@type\":\"WebSite\",\"@id\":\"https:\/\/www.noticiasradioreflejos.com.ar\/2021\/#website\",\"url\":\"https:\/\/www.noticiasradioreflejos.com.ar\/2021\/\",\"name\":\"Noticias Radio Reflejos\",\"description\":\"Las noticias de mi comarca\",\"potentialAction\":[{\"@type\":\"SearchAction\",\"target\":{\"@type\":\"EntryPoint\",\"urlTemplate\":\"https:\/\/www.noticiasradioreflejos.com.ar\/2021\/?s={search_term_string}\"},\"query-input\":{\"@type\":\"PropertyValueSpecification\",\"valueRequired\":true,\"valueName\":\"search_term_string\"}}],\"inLanguage\":\"es\"},{\"@type\":\"Person\",\"@id\":\"https:\/\/www.noticiasradioreflejos.com.ar\/2021\/#\/schema\/person\/ad82545263dcc5ec0996818884fd5fb1\",\"name\":\"Arnaldo Botto\",\"image\":{\"@type\":\"ImageObject\",\"inLanguage\":\"es\",\"@id\":\"https:\/\/www.noticiasradioreflejos.com.ar\/2021\/#\/schema\/person\/image\/\",\"url\":\"https:\/\/secure.gravatar.com\/avatar\/55cb5e37c1efa326397366e6974cb338056df65cb50e7d64d1cf314e87504837?s=96&d=mm&r=g\",\"contentUrl\":\"https:\/\/secure.gravatar.com\/avatar\/55cb5e37c1efa326397366e6974cb338056df65cb50e7d64d1cf314e87504837?s=96&d=mm&r=g\",\"caption\":\"Arnaldo Botto\"},\"url\":\"https:\/\/www.noticiasradioreflejos.com.ar\/2021\/author\/arnaldo\/\"}]}<\/script>\n<!-- \/ Yoast SEO plugin. -->","yoast_head_json":{"title":"Nestor &quot;Tito&quot; Hansen sum\u00f3 m\u00e1s premios nacionales por su trabajo y un Premio Internacional. - Noticias Radio Reflejos","robots":{"index":"index","follow":"follow","max-snippet":"max-snippet:-1","max-image-preview":"max-image-preview:large","max-video-preview":"max-video-preview:-1"},"canonical":"https:\/\/www.noticiasradioreflejos.com.ar\/2021\/nestor-tito-hansen-sumo-mas-premios-nacionales-por-su-trabajo-y-un-premio-internacional\/","og_locale":"es_ES","og_type":"article","og_title":"Nestor &quot;Tito&quot; Hansen sum\u00f3 m\u00e1s premios nacionales por su trabajo y un Premio Internacional. - Noticias Radio Reflejos","og_description":"Ganador de 5 premios nacionales Faro de Oro entre el 2018 y 2019. Este a\u00f1o, fue premiado en los rubros \u00abVoz Revelaci\u00f3n Masculina\u00bb y \u00abMejor programa de programa m\u00fasica latina\u00bb en los Faro de Oro y adem\u00e1s, suma ahora un nuevo e important\u00edsimo galard\u00f3n internacional; su trabajo, su voz lo llevaron a la coronaci\u00f3n del [&hellip;]","og_url":"https:\/\/www.noticiasradioreflejos.com.ar\/2021\/nestor-tito-hansen-sumo-mas-premios-nacionales-por-su-trabajo-y-un-premio-internacional\/","og_site_name":"Noticias Radio Reflejos","article_published_time":"2019-11-21T18:56:07+00:00","og_image":[{"url":"http:\/\/live.staticflickr.com\/65535\/49100012616_e5b65cfbb0.jpg","type":"","width":"","height":""}],"author":"Arnaldo Botto","twitter_card":"summary_large_image","schema":{"@context":"https:\/\/schema.org","@graph":[{"@type":"WebPage","@id":"https:\/\/www.noticiasradioreflejos.com.ar\/2021\/nestor-tito-hansen-sumo-mas-premios-nacionales-por-su-trabajo-y-un-premio-internacional\/","url":"https:\/\/www.noticiasradioreflejos.com.ar\/2021\/nestor-tito-hansen-sumo-mas-premios-nacionales-por-su-trabajo-y-un-premio-internacional\/","name":"Nestor &quot;Tito&quot; Hansen sum\u00f3 m\u00e1s premios nacionales por su trabajo y un Premio Internacional. - Noticias Radio Reflejos","isPartOf":{"@id":"https:\/\/www.noticiasradioreflejos.com.ar\/2021\/#website"},"primaryImageOfPage":{"@id":"https:\/\/www.noticiasradioreflejos.com.ar\/2021\/nestor-tito-hansen-sumo-mas-premios-nacionales-por-su-trabajo-y-un-premio-internacional\/#primaryimage"},"image":{"@id":"https:\/\/www.noticiasradioreflejos.com.ar\/2021\/nestor-tito-hansen-sumo-mas-premios-nacionales-por-su-trabajo-y-un-premio-internacional\/#primaryimage"},"thumbnailUrl":"http:\/\/live.staticflickr.com\/65535\/49100012616_e5b65cfbb0.jpg","datePublished":"2019-11-21T18:56:07+00:00","author":{"@id":"https:\/\/www.noticiasradioreflejos.com.ar\/2021\/#\/schema\/person\/ad82545263dcc5ec0996818884fd5fb1"},"breadcrumb":{"@id":"https:\/\/www.noticiasradioreflejos.com.ar\/2021\/nestor-tito-hansen-sumo-mas-premios-nacionales-por-su-trabajo-y-un-premio-internacional\/#breadcrumb"},"inLanguage":"es","potentialAction":[{"@type":"ReadAction","target":["https:\/\/www.noticiasradioreflejos.com.ar\/2021\/nestor-tito-hansen-sumo-mas-premios-nacionales-por-su-trabajo-y-un-premio-internacional\/"]}]},{"@type":"ImageObject","inLanguage":"es","@id":"https:\/\/www.noticiasradioreflejos.com.ar\/2021\/nestor-tito-hansen-sumo-mas-premios-nacionales-por-su-trabajo-y-un-premio-internacional\/#primaryimage","url":"http:\/\/live.staticflickr.com\/65535\/49100012616_e5b65cfbb0.jpg","contentUrl":"http:\/\/live.staticflickr.com\/65535\/49100012616_e5b65cfbb0.jpg"},{"@type":"BreadcrumbList","@id":"https:\/\/www.noticiasradioreflejos.com.ar\/2021\/nestor-tito-hansen-sumo-mas-premios-nacionales-por-su-trabajo-y-un-premio-internacional\/#breadcrumb","itemListElement":[{"@type":"ListItem","position":1,"name":"Portada","item":"https:\/\/www.noticiasradioreflejos.com.ar\/2021\/"},{"@type":"ListItem","position":2,"name":"Nestor &quot;Tito&quot; Hansen sum\u00f3 m\u00e1s premios nacionales por su trabajo y un Premio Internacional."}]},{"@type":"WebSite","@id":"https:\/\/www.noticiasradioreflejos.com.ar\/2021\/#website","url":"https:\/\/www.noticiasradioreflejos.com.ar\/2021\/","name":"Noticias Radio Reflejos","description":"Las noticias de mi comarca","potentialAction":[{"@type":"SearchAction","target":{"@type":"EntryPoint","urlTemplate":"https:\/\/www.noticiasradioreflejos.com.ar\/2021\/?s={search_term_string}"},"query-input":{"@type":"PropertyValueSpecification","valueRequired":true,"valueName":"search_term_string"}}],"inLanguage":"es"},{"@type":"Person","@id":"https:\/\/www.noticiasradioreflejos.com.ar\/2021\/#\/schema\/person\/ad82545263dcc5ec0996818884fd5fb1","name":"Arnaldo Botto","image":{"@type":"ImageObject","inLanguage":"es","@id":"https:\/\/www.noticiasradioreflejos.com.ar\/2021\/#\/schema\/person\/image\/","url":"https:\/\/secure.gravatar.com\/avatar\/55cb5e37c1efa326397366e6974cb338056df65cb50e7d64d1cf314e87504837?s=96&d=mm&r=g","contentUrl":"https:\/\/secure.gravatar.com\/avatar\/55cb5e37c1efa326397366e6974cb338056df65cb50e7d64d1cf314e87504837?s=96&d=mm&r=g","caption":"Arnaldo Botto"},"url":"https:\/\/www.noticiasradioreflejos.com.ar\/2021\/author\/arnaldo\/"}]}},"_links":{"self":[{"href":"https:\/\/www.noticiasradioreflejos.com.ar\/2021\/wp-json\/wp\/v2\/posts\/36614","targetHints":{"allow":["GET"]}}],"collection":[{"href":"https:\/\/www.noticiasradioreflejos.com.ar\/2021\/wp-json\/wp\/v2\/posts"}],"about":[{"href":"https:\/\/www.noticiasradioreflejos.com.ar\/2021\/wp-json\/wp\/v2\/types\/post"}],"author":[{"embeddable":true,"href":"https:\/\/www.noticiasradioreflejos.com.ar\/2021\/wp-json\/wp\/v2\/users\/3"}],"replies":[{"embeddable":true,"href":"https:\/\/www.noticiasradioreflejos.com.ar\/2021\/wp-json\/wp\/v2\/comments?post=36614"}],"version-history":[{"count":0,"href":"https:\/\/www.noticiasradioreflejos.com.ar\/2021\/wp-json\/wp\/v2\/posts\/36614\/revisions"}],"wp:attachment":[{"href":"https:\/\/www.noticiasradioreflejos.com.ar\/2021\/wp-json\/wp\/v2\/media?parent=36614"}],"wp:term":[{"taxonomy":"category","embeddable":true,"href":"https:\/\/www.noticiasradioreflejos.com.ar\/2021\/wp-json\/wp\/v2\/categories?post=36614"},{"taxonomy":"post_tag","embeddable":true,"href":"https:\/\/www.noticiasradioreflejos.com.ar\/2021\/wp-json\/wp\/v2\/tags?post=36614"}],"curies":[{"name":"wp","href":"https:\/\/api.w.org\/{rel}","templated":true}]}}