{"id":36606,"date":"2019-11-21T08:40:47","date_gmt":"2019-11-21T11:40:47","guid":{"rendered":"http:\/\/www.noticiasradioreflejos.com.ar\/noticias\/?p=36606"},"modified":"2019-11-21T08:40:47","modified_gmt":"2019-11-21T11:40:47","slug":"chaparrones-y-lluvias-en-la-region","status":"publish","type":"post","link":"https:\/\/www.noticiasradioreflejos.com.ar\/2021\/chaparrones-y-lluvias-en-la-region\/","title":{"rendered":"Chaparrones y lluvias en la regi\u00f3n."},"content":{"rendered":"<p>En Sierra de la Ventana y gran parte de la comarca se registran chaparrones aislados, a las 7,10 hs de este jueves 21 hubo un fuerte chaparr\u00f3n que sum\u00f3 1 mm en la zona urbana. En Villa Ventana se registr\u00f3 un hecho similar dejando tambi\u00e9n 1 mm. <!--more--><br \/>\nLa jornada se presentar\u00e1 con el cielo cubierto y lloviznas aisladas en toda la regi\u00f3n.<br \/>\n<strong>Datos de lluvias hasta la hora 8,00<\/strong><br \/>\n1 mm en Sierra de la Ventana<br \/>\n1 mm en Calqu\u00edn<br \/>\n1 mm en Villa Ventana<br \/>\n0.9 mm en Cord\u00f3n del Cerro Ventana<br \/>\n15 mm en Tres Picos<br \/>\n1.6 mm en Frapal<br \/>\n5.6 mm en Dufaur<br \/>\n3.6 mm en Funke<br \/>\n31 mm Saavedra.<br \/>\n8.2 mm en San Eloy<br \/>\n1 mm en El Pantanoso<br \/>\n1.1 mm en Bah\u00ed Blanca<br \/>\n1.8 mm en Cabildo<br \/>\n65 mm en Pasman<br \/>\n90 mm La Ventura<br \/>\n2 mm en Pig\u00fc\u00e9<br \/>\n2 mm en Huanguelen<br \/>\n14 mm en Carhu\u00e9<br \/>\n8 mm en Cura Malal<br \/>\n3.6 mm en Monte Hermoso<br \/>\n5 mm en Villarino<br \/>\n4.7 mm en Guamin\u00ed<br \/>\n1.2 mm en Punta Alta<\/p>\n","protected":false},"excerpt":{"rendered":"<p>En Sierra de la Ventana y gran parte de la comarca se registran chaparrones aislados, a las 7,10 hs de este jueves 21 hubo un fuerte chaparr\u00f3n que sum\u00f3 1 mm en la zona urbana. En Villa Ventana se registr\u00f3 un hecho similar dejando tambi\u00e9n 1 mm.<\/p>\n","protected":false},"author":3,"featured_media":10464,"comment_status":"closed","ping_status":"open","sticky":false,"template":"","format":"standard","meta":{"footnotes":""},"categories":[26],"tags":[],"class_list":["post-36606","post","type-post","status-publish","format-standard","has-post-thumbnail","hentry","category-sociedad"],"yoast_head":"<!-- This site is optimized with the Yoast SEO plugin v25.9 - https:\/\/yoast.com\/wordpress\/plugins\/seo\/ -->\n<title>Chaparrones y lluvias en la regi\u00f3n. - Noticias Radio Reflejos<\/title>\n<meta name=\"robots\" content=\"index, follow, max-snippet:-1, max-image-preview:large, max-video-preview:-1\" \/>\n<link rel=\"canonical\" href=\"https:\/\/www.noticiasradioreflejos.com.ar\/2021\/chaparrones-y-lluvias-en-la-region\/\" \/>\n<meta property=\"og:locale\" content=\"es_ES\" \/>\n<meta property=\"og:type\" content=\"article\" \/>\n<meta property=\"og:title\" content=\"Chaparrones y lluvias en la regi\u00f3n. - Noticias Radio Reflejos\" \/>\n<meta property=\"og:description\" content=\"En Sierra de la Ventana y gran parte de la comarca se registran chaparrones aislados, a las 7,10 hs de este jueves 21 hubo un fuerte chaparr\u00f3n que sum\u00f3 1 mm en la zona urbana. En Villa Ventana se registr\u00f3 un hecho similar dejando tambi\u00e9n 1 mm.\" \/>\n<meta property=\"og:url\" content=\"https:\/\/www.noticiasradioreflejos.com.ar\/2021\/chaparrones-y-lluvias-en-la-region\/\" \/>\n<meta property=\"og:site_name\" content=\"Noticias Radio Reflejos\" \/>\n<meta property=\"article:published_time\" content=\"2019-11-21T11:40:47+00:00\" \/>\n<meta property=\"og:image\" content=\"https:\/\/www.noticiasradioreflejos.com.ar\/2021\/wp-content\/uploads\/2017\/05\/18664141_1630282370345180_7395103689963925422_n-e1586704812114.jpg\" \/>\n\t<meta property=\"og:image:width\" content=\"960\" \/>\n\t<meta property=\"og:image:height\" content=\"538\" \/>\n\t<meta property=\"og:image:type\" content=\"image\/jpeg\" \/>\n<meta name=\"author\" content=\"Arnaldo Botto\" \/>\n<meta name=\"twitter:card\" content=\"summary_large_image\" \/>\n<script type=\"application\/ld+json\" class=\"yoast-schema-graph\">{\"@context\":\"https:\/\/schema.org\",\"@graph\":[{\"@type\":\"WebPage\",\"@id\":\"https:\/\/www.noticiasradioreflejos.com.ar\/2021\/chaparrones-y-lluvias-en-la-region\/\",\"url\":\"https:\/\/www.noticiasradioreflejos.com.ar\/2021\/chaparrones-y-lluvias-en-la-region\/\",\"name\":\"Chaparrones y lluvias en la regi\u00f3n. - Noticias Radio Reflejos\",\"isPartOf\":{\"@id\":\"https:\/\/www.noticiasradioreflejos.com.ar\/2021\/#website\"},\"primaryImageOfPage\":{\"@id\":\"https:\/\/www.noticiasradioreflejos.com.ar\/2021\/chaparrones-y-lluvias-en-la-region\/#primaryimage\"},\"image\":{\"@id\":\"https:\/\/www.noticiasradioreflejos.com.ar\/2021\/chaparrones-y-lluvias-en-la-region\/#primaryimage\"},\"thumbnailUrl\":\"https:\/\/www.noticiasradioreflejos.com.ar\/2021\/wp-content\/uploads\/2017\/05\/18664141_1630282370345180_7395103689963925422_n-e1586704812114.jpg\",\"datePublished\":\"2019-11-21T11:40:47+00:00\",\"author\":{\"@id\":\"https:\/\/www.noticiasradioreflejos.com.ar\/2021\/#\/schema\/person\/ad82545263dcc5ec0996818884fd5fb1\"},\"breadcrumb\":{\"@id\":\"https:\/\/www.noticiasradioreflejos.com.ar\/2021\/chaparrones-y-lluvias-en-la-region\/#breadcrumb\"},\"inLanguage\":\"es\",\"potentialAction\":[{\"@type\":\"ReadAction\",\"target\":[\"https:\/\/www.noticiasradioreflejos.com.ar\/2021\/chaparrones-y-lluvias-en-la-region\/\"]}]},{\"@type\":\"ImageObject\",\"inLanguage\":\"es\",\"@id\":\"https:\/\/www.noticiasradioreflejos.com.ar\/2021\/chaparrones-y-lluvias-en-la-region\/#primaryimage\",\"url\":\"https:\/\/www.noticiasradioreflejos.com.ar\/2021\/wp-content\/uploads\/2017\/05\/18664141_1630282370345180_7395103689963925422_n-e1586704812114.jpg\",\"contentUrl\":\"https:\/\/www.noticiasradioreflejos.com.ar\/2021\/wp-content\/uploads\/2017\/05\/18664141_1630282370345180_7395103689963925422_n-e1586704812114.jpg\",\"width\":960,\"height\":538},{\"@type\":\"BreadcrumbList\",\"@id\":\"https:\/\/www.noticiasradioreflejos.com.ar\/2021\/chaparrones-y-lluvias-en-la-region\/#breadcrumb\",\"itemListElement\":[{\"@type\":\"ListItem\",\"position\":1,\"name\":\"Portada\",\"item\":\"https:\/\/www.noticiasradioreflejos.com.ar\/2021\/\"},{\"@type\":\"ListItem\",\"position\":2,\"name\":\"Chaparrones y lluvias en la regi\u00f3n.\"}]},{\"@type\":\"WebSite\",\"@id\":\"https:\/\/www.noticiasradioreflejos.com.ar\/2021\/#website\",\"url\":\"https:\/\/www.noticiasradioreflejos.com.ar\/2021\/\",\"name\":\"Noticias Radio Reflejos\",\"description\":\"Las noticias de mi comarca\",\"potentialAction\":[{\"@type\":\"SearchAction\",\"target\":{\"@type\":\"EntryPoint\",\"urlTemplate\":\"https:\/\/www.noticiasradioreflejos.com.ar\/2021\/?s={search_term_string}\"},\"query-input\":{\"@type\":\"PropertyValueSpecification\",\"valueRequired\":true,\"valueName\":\"search_term_string\"}}],\"inLanguage\":\"es\"},{\"@type\":\"Person\",\"@id\":\"https:\/\/www.noticiasradioreflejos.com.ar\/2021\/#\/schema\/person\/ad82545263dcc5ec0996818884fd5fb1\",\"name\":\"Arnaldo Botto\",\"image\":{\"@type\":\"ImageObject\",\"inLanguage\":\"es\",\"@id\":\"https:\/\/www.noticiasradioreflejos.com.ar\/2021\/#\/schema\/person\/image\/\",\"url\":\"https:\/\/secure.gravatar.com\/avatar\/55cb5e37c1efa326397366e6974cb338056df65cb50e7d64d1cf314e87504837?s=96&d=mm&r=g\",\"contentUrl\":\"https:\/\/secure.gravatar.com\/avatar\/55cb5e37c1efa326397366e6974cb338056df65cb50e7d64d1cf314e87504837?s=96&d=mm&r=g\",\"caption\":\"Arnaldo Botto\"},\"url\":\"https:\/\/www.noticiasradioreflejos.com.ar\/2021\/author\/arnaldo\/\"}]}<\/script>\n<!-- \/ Yoast SEO plugin. -->","yoast_head_json":{"title":"Chaparrones y lluvias en la regi\u00f3n. - Noticias Radio Reflejos","robots":{"index":"index","follow":"follow","max-snippet":"max-snippet:-1","max-image-preview":"max-image-preview:large","max-video-preview":"max-video-preview:-1"},"canonical":"https:\/\/www.noticiasradioreflejos.com.ar\/2021\/chaparrones-y-lluvias-en-la-region\/","og_locale":"es_ES","og_type":"article","og_title":"Chaparrones y lluvias en la regi\u00f3n. - Noticias Radio Reflejos","og_description":"En Sierra de la Ventana y gran parte de la comarca se registran chaparrones aislados, a las 7,10 hs de este jueves 21 hubo un fuerte chaparr\u00f3n que sum\u00f3 1 mm en la zona urbana. En Villa Ventana se registr\u00f3 un hecho similar dejando tambi\u00e9n 1 mm.","og_url":"https:\/\/www.noticiasradioreflejos.com.ar\/2021\/chaparrones-y-lluvias-en-la-region\/","og_site_name":"Noticias Radio Reflejos","article_published_time":"2019-11-21T11:40:47+00:00","og_image":[{"width":960,"height":538,"url":"https:\/\/www.noticiasradioreflejos.com.ar\/2021\/wp-content\/uploads\/2017\/05\/18664141_1630282370345180_7395103689963925422_n-e1586704812114.jpg","type":"image\/jpeg"}],"author":"Arnaldo Botto","twitter_card":"summary_large_image","schema":{"@context":"https:\/\/schema.org","@graph":[{"@type":"WebPage","@id":"https:\/\/www.noticiasradioreflejos.com.ar\/2021\/chaparrones-y-lluvias-en-la-region\/","url":"https:\/\/www.noticiasradioreflejos.com.ar\/2021\/chaparrones-y-lluvias-en-la-region\/","name":"Chaparrones y lluvias en la regi\u00f3n. - Noticias Radio Reflejos","isPartOf":{"@id":"https:\/\/www.noticiasradioreflejos.com.ar\/2021\/#website"},"primaryImageOfPage":{"@id":"https:\/\/www.noticiasradioreflejos.com.ar\/2021\/chaparrones-y-lluvias-en-la-region\/#primaryimage"},"image":{"@id":"https:\/\/www.noticiasradioreflejos.com.ar\/2021\/chaparrones-y-lluvias-en-la-region\/#primaryimage"},"thumbnailUrl":"https:\/\/www.noticiasradioreflejos.com.ar\/2021\/wp-content\/uploads\/2017\/05\/18664141_1630282370345180_7395103689963925422_n-e1586704812114.jpg","datePublished":"2019-11-21T11:40:47+00:00","author":{"@id":"https:\/\/www.noticiasradioreflejos.com.ar\/2021\/#\/schema\/person\/ad82545263dcc5ec0996818884fd5fb1"},"breadcrumb":{"@id":"https:\/\/www.noticiasradioreflejos.com.ar\/2021\/chaparrones-y-lluvias-en-la-region\/#breadcrumb"},"inLanguage":"es","potentialAction":[{"@type":"ReadAction","target":["https:\/\/www.noticiasradioreflejos.com.ar\/2021\/chaparrones-y-lluvias-en-la-region\/"]}]},{"@type":"ImageObject","inLanguage":"es","@id":"https:\/\/www.noticiasradioreflejos.com.ar\/2021\/chaparrones-y-lluvias-en-la-region\/#primaryimage","url":"https:\/\/www.noticiasradioreflejos.com.ar\/2021\/wp-content\/uploads\/2017\/05\/18664141_1630282370345180_7395103689963925422_n-e1586704812114.jpg","contentUrl":"https:\/\/www.noticiasradioreflejos.com.ar\/2021\/wp-content\/uploads\/2017\/05\/18664141_1630282370345180_7395103689963925422_n-e1586704812114.jpg","width":960,"height":538},{"@type":"BreadcrumbList","@id":"https:\/\/www.noticiasradioreflejos.com.ar\/2021\/chaparrones-y-lluvias-en-la-region\/#breadcrumb","itemListElement":[{"@type":"ListItem","position":1,"name":"Portada","item":"https:\/\/www.noticiasradioreflejos.com.ar\/2021\/"},{"@type":"ListItem","position":2,"name":"Chaparrones y lluvias en la regi\u00f3n."}]},{"@type":"WebSite","@id":"https:\/\/www.noticiasradioreflejos.com.ar\/2021\/#website","url":"https:\/\/www.noticiasradioreflejos.com.ar\/2021\/","name":"Noticias Radio Reflejos","description":"Las noticias de mi comarca","potentialAction":[{"@type":"SearchAction","target":{"@type":"EntryPoint","urlTemplate":"https:\/\/www.noticiasradioreflejos.com.ar\/2021\/?s={search_term_string}"},"query-input":{"@type":"PropertyValueSpecification","valueRequired":true,"valueName":"search_term_string"}}],"inLanguage":"es"},{"@type":"Person","@id":"https:\/\/www.noticiasradioreflejos.com.ar\/2021\/#\/schema\/person\/ad82545263dcc5ec0996818884fd5fb1","name":"Arnaldo Botto","image":{"@type":"ImageObject","inLanguage":"es","@id":"https:\/\/www.noticiasradioreflejos.com.ar\/2021\/#\/schema\/person\/image\/","url":"https:\/\/secure.gravatar.com\/avatar\/55cb5e37c1efa326397366e6974cb338056df65cb50e7d64d1cf314e87504837?s=96&d=mm&r=g","contentUrl":"https:\/\/secure.gravatar.com\/avatar\/55cb5e37c1efa326397366e6974cb338056df65cb50e7d64d1cf314e87504837?s=96&d=mm&r=g","caption":"Arnaldo Botto"},"url":"https:\/\/www.noticiasradioreflejos.com.ar\/2021\/author\/arnaldo\/"}]}},"_links":{"self":[{"href":"https:\/\/www.noticiasradioreflejos.com.ar\/2021\/wp-json\/wp\/v2\/posts\/36606","targetHints":{"allow":["GET"]}}],"collection":[{"href":"https:\/\/www.noticiasradioreflejos.com.ar\/2021\/wp-json\/wp\/v2\/posts"}],"about":[{"href":"https:\/\/www.noticiasradioreflejos.com.ar\/2021\/wp-json\/wp\/v2\/types\/post"}],"author":[{"embeddable":true,"href":"https:\/\/www.noticiasradioreflejos.com.ar\/2021\/wp-json\/wp\/v2\/users\/3"}],"replies":[{"embeddable":true,"href":"https:\/\/www.noticiasradioreflejos.com.ar\/2021\/wp-json\/wp\/v2\/comments?post=36606"}],"version-history":[{"count":0,"href":"https:\/\/www.noticiasradioreflejos.com.ar\/2021\/wp-json\/wp\/v2\/posts\/36606\/revisions"}],"wp:featuredmedia":[{"embeddable":true,"href":"https:\/\/www.noticiasradioreflejos.com.ar\/2021\/wp-json\/wp\/v2\/media\/10464"}],"wp:attachment":[{"href":"https:\/\/www.noticiasradioreflejos.com.ar\/2021\/wp-json\/wp\/v2\/media?parent=36606"}],"wp:term":[{"taxonomy":"category","embeddable":true,"href":"https:\/\/www.noticiasradioreflejos.com.ar\/2021\/wp-json\/wp\/v2\/categories?post=36606"},{"taxonomy":"post_tag","embeddable":true,"href":"https:\/\/www.noticiasradioreflejos.com.ar\/2021\/wp-json\/wp\/v2\/tags?post=36606"}],"curies":[{"name":"wp","href":"https:\/\/api.w.org\/{rel}","templated":true}]}}