{"id":36595,"date":"2019-11-20T16:22:26","date_gmt":"2019-11-20T19:22:26","guid":{"rendered":"http:\/\/www.noticiasradioreflejos.com.ar\/noticias\/?p=36595"},"modified":"2019-11-20T16:22:26","modified_gmt":"2019-11-20T19:22:26","slug":"el-sub-19-masculino-de-automoto-buscara-subirse-al-podio","status":"publish","type":"post","link":"https:\/\/www.noticiasradioreflejos.com.ar\/2021\/el-sub-19-masculino-de-automoto-buscara-subirse-al-podio\/","title":{"rendered":"El Sub 19 masculino de Automoto buscar\u00e1 subirse al podio."},"content":{"rendered":"<p>En su primera experiencia competitiva, el equipo Sub 19 masculino del Automoto Club Deportivo jugar\u00e1 por el tercer puesto del torneo que organiza la Asociaci\u00f3n Bahiense de V\u00f3leibol, despu\u00e9s de los tres juegos de Copa de Oro disputados por los chicos en cancha de Villa Mitre.<!--more--><br \/>\nEl Rojo perdi\u00f3 los tres encuentros de la fase regular de la instancia decisiva: cay\u00f3 frente a Espora por 2 a 0, ante Club Universitario por el mismo marcador y contra Liniers por 2 a 1, para quedar ubicado cuarto en las posiciones finales.<br \/>\n   De esta manera, el pr\u00f3ximo s\u00e1bado 30 se medir\u00e1 con Liniers para definir qu\u00e9 equipo se queda con el tercer escal\u00f3n del podio. El partido se disputar\u00e1 en una de las canchas de Olimpo, a partir de las 19.30.<br \/>\n   El campe\u00f3n saldr\u00e1 del encuentro que sostendr\u00e1n Espora y Club Universitario.<br \/>\n   Por su parte, se definieron los rivales y horarios de los juegos decisivos que sostendr\u00e1n los equipos femeninos Sub 18 (Copa de Oro) y Sub 16 (Copa de Plata), que se disputar\u00e1n en el mismo escenario y el mismo d\u00eda que los varones.<br \/>\n   Las chicas m\u00e1s grandes ir\u00e1n por el t\u00edtulo ante Espora, a partir de las 17.30, mientras que la Sub 16 buscar\u00e1 quedarse con el trofeo plateado frente a Estudiantes desde las 10.30.<br \/>\n   Adem\u00e1s, el Sub 12 A y el Sub 12 B recibir\u00e1n a Olimpo el viernes 29, con el objetivo de definir las posiciones finales para los cuartos de final que se jugar\u00e1n el domingo 1 de diciembre.<br \/>\nDepartamento de Prensa \u2013 Automoto Club Deportivo<br \/>\nwww.clubautomotopasion.com.ar<br \/>\nFacebook: \/automototornquist<br \/>\nTwitter: @ClubAutomoto<\/p>\n","protected":false},"excerpt":{"rendered":"<p>En su primera experiencia competitiva, el equipo Sub 19 masculino del Automoto Club Deportivo jugar\u00e1 por el tercer puesto del torneo que organiza la Asociaci\u00f3n Bahiense de V\u00f3leibol, despu\u00e9s de los tres juegos de Copa de Oro disputados por los chicos en cancha de Villa Mitre.<\/p>\n","protected":false},"author":3,"featured_media":0,"comment_status":"closed","ping_status":"open","sticky":false,"template":"","format":"standard","meta":{"footnotes":""},"categories":[27],"tags":[],"class_list":["post-36595","post","type-post","status-publish","format-standard","hentry","category-deportes"],"yoast_head":"<!-- This site is optimized with the Yoast SEO plugin v25.9 - https:\/\/yoast.com\/wordpress\/plugins\/seo\/ -->\n<title>El Sub 19 masculino de Automoto buscar\u00e1 subirse al podio. - Noticias Radio Reflejos<\/title>\n<meta name=\"robots\" content=\"index, follow, max-snippet:-1, max-image-preview:large, max-video-preview:-1\" \/>\n<link rel=\"canonical\" href=\"https:\/\/www.noticiasradioreflejos.com.ar\/2021\/el-sub-19-masculino-de-automoto-buscara-subirse-al-podio\/\" \/>\n<meta property=\"og:locale\" content=\"es_ES\" \/>\n<meta property=\"og:type\" content=\"article\" \/>\n<meta property=\"og:title\" content=\"El Sub 19 masculino de Automoto buscar\u00e1 subirse al podio. - Noticias Radio Reflejos\" \/>\n<meta property=\"og:description\" content=\"En su primera experiencia competitiva, el equipo Sub 19 masculino del Automoto Club Deportivo jugar\u00e1 por el tercer puesto del torneo que organiza la Asociaci\u00f3n Bahiense de V\u00f3leibol, despu\u00e9s de los tres juegos de Copa de Oro disputados por los chicos en cancha de Villa Mitre.\" \/>\n<meta property=\"og:url\" content=\"https:\/\/www.noticiasradioreflejos.com.ar\/2021\/el-sub-19-masculino-de-automoto-buscara-subirse-al-podio\/\" \/>\n<meta property=\"og:site_name\" content=\"Noticias Radio Reflejos\" \/>\n<meta property=\"article:published_time\" content=\"2019-11-20T19:22:26+00:00\" \/>\n<meta property=\"og:image\" content=\"https:\/\/www.noticiasradioreflejos.com.ar\/2021\/wp-content\/uploads\/2021\/07\/logosol300x200.png\" \/>\n\t<meta property=\"og:image:width\" content=\"300\" \/>\n\t<meta property=\"og:image:height\" content=\"200\" \/>\n\t<meta property=\"og:image:type\" content=\"image\/png\" \/>\n<meta name=\"author\" content=\"Arnaldo Botto\" \/>\n<meta name=\"twitter:card\" content=\"summary_large_image\" \/>\n<script type=\"application\/ld+json\" class=\"yoast-schema-graph\">{\"@context\":\"https:\/\/schema.org\",\"@graph\":[{\"@type\":\"WebPage\",\"@id\":\"https:\/\/www.noticiasradioreflejos.com.ar\/2021\/el-sub-19-masculino-de-automoto-buscara-subirse-al-podio\/\",\"url\":\"https:\/\/www.noticiasradioreflejos.com.ar\/2021\/el-sub-19-masculino-de-automoto-buscara-subirse-al-podio\/\",\"name\":\"El Sub 19 masculino de Automoto buscar\u00e1 subirse al podio. - Noticias Radio Reflejos\",\"isPartOf\":{\"@id\":\"https:\/\/www.noticiasradioreflejos.com.ar\/2021\/#website\"},\"datePublished\":\"2019-11-20T19:22:26+00:00\",\"author\":{\"@id\":\"https:\/\/www.noticiasradioreflejos.com.ar\/2021\/#\/schema\/person\/ad82545263dcc5ec0996818884fd5fb1\"},\"breadcrumb\":{\"@id\":\"https:\/\/www.noticiasradioreflejos.com.ar\/2021\/el-sub-19-masculino-de-automoto-buscara-subirse-al-podio\/#breadcrumb\"},\"inLanguage\":\"es\",\"potentialAction\":[{\"@type\":\"ReadAction\",\"target\":[\"https:\/\/www.noticiasradioreflejos.com.ar\/2021\/el-sub-19-masculino-de-automoto-buscara-subirse-al-podio\/\"]}]},{\"@type\":\"BreadcrumbList\",\"@id\":\"https:\/\/www.noticiasradioreflejos.com.ar\/2021\/el-sub-19-masculino-de-automoto-buscara-subirse-al-podio\/#breadcrumb\",\"itemListElement\":[{\"@type\":\"ListItem\",\"position\":1,\"name\":\"Portada\",\"item\":\"https:\/\/www.noticiasradioreflejos.com.ar\/2021\/\"},{\"@type\":\"ListItem\",\"position\":2,\"name\":\"El Sub 19 masculino de Automoto buscar\u00e1 subirse al podio.\"}]},{\"@type\":\"WebSite\",\"@id\":\"https:\/\/www.noticiasradioreflejos.com.ar\/2021\/#website\",\"url\":\"https:\/\/www.noticiasradioreflejos.com.ar\/2021\/\",\"name\":\"Noticias Radio Reflejos\",\"description\":\"Las noticias de mi comarca\",\"potentialAction\":[{\"@type\":\"SearchAction\",\"target\":{\"@type\":\"EntryPoint\",\"urlTemplate\":\"https:\/\/www.noticiasradioreflejos.com.ar\/2021\/?s={search_term_string}\"},\"query-input\":{\"@type\":\"PropertyValueSpecification\",\"valueRequired\":true,\"valueName\":\"search_term_string\"}}],\"inLanguage\":\"es\"},{\"@type\":\"Person\",\"@id\":\"https:\/\/www.noticiasradioreflejos.com.ar\/2021\/#\/schema\/person\/ad82545263dcc5ec0996818884fd5fb1\",\"name\":\"Arnaldo Botto\",\"image\":{\"@type\":\"ImageObject\",\"inLanguage\":\"es\",\"@id\":\"https:\/\/www.noticiasradioreflejos.com.ar\/2021\/#\/schema\/person\/image\/\",\"url\":\"https:\/\/secure.gravatar.com\/avatar\/55cb5e37c1efa326397366e6974cb338056df65cb50e7d64d1cf314e87504837?s=96&d=mm&r=g\",\"contentUrl\":\"https:\/\/secure.gravatar.com\/avatar\/55cb5e37c1efa326397366e6974cb338056df65cb50e7d64d1cf314e87504837?s=96&d=mm&r=g\",\"caption\":\"Arnaldo Botto\"},\"url\":\"https:\/\/www.noticiasradioreflejos.com.ar\/2021\/author\/arnaldo\/\"}]}<\/script>\n<!-- \/ Yoast SEO plugin. -->","yoast_head_json":{"title":"El Sub 19 masculino de Automoto buscar\u00e1 subirse al podio. - Noticias Radio Reflejos","robots":{"index":"index","follow":"follow","max-snippet":"max-snippet:-1","max-image-preview":"max-image-preview:large","max-video-preview":"max-video-preview:-1"},"canonical":"https:\/\/www.noticiasradioreflejos.com.ar\/2021\/el-sub-19-masculino-de-automoto-buscara-subirse-al-podio\/","og_locale":"es_ES","og_type":"article","og_title":"El Sub 19 masculino de Automoto buscar\u00e1 subirse al podio. - Noticias Radio Reflejos","og_description":"En su primera experiencia competitiva, el equipo Sub 19 masculino del Automoto Club Deportivo jugar\u00e1 por el tercer puesto del torneo que organiza la Asociaci\u00f3n Bahiense de V\u00f3leibol, despu\u00e9s de los tres juegos de Copa de Oro disputados por los chicos en cancha de Villa Mitre.","og_url":"https:\/\/www.noticiasradioreflejos.com.ar\/2021\/el-sub-19-masculino-de-automoto-buscara-subirse-al-podio\/","og_site_name":"Noticias Radio Reflejos","article_published_time":"2019-11-20T19:22:26+00:00","og_image":[{"width":300,"height":200,"url":"https:\/\/www.noticiasradioreflejos.com.ar\/2021\/wp-content\/uploads\/2021\/07\/logosol300x200.png","type":"image\/png"}],"author":"Arnaldo Botto","twitter_card":"summary_large_image","schema":{"@context":"https:\/\/schema.org","@graph":[{"@type":"WebPage","@id":"https:\/\/www.noticiasradioreflejos.com.ar\/2021\/el-sub-19-masculino-de-automoto-buscara-subirse-al-podio\/","url":"https:\/\/www.noticiasradioreflejos.com.ar\/2021\/el-sub-19-masculino-de-automoto-buscara-subirse-al-podio\/","name":"El Sub 19 masculino de Automoto buscar\u00e1 subirse al podio. - Noticias Radio Reflejos","isPartOf":{"@id":"https:\/\/www.noticiasradioreflejos.com.ar\/2021\/#website"},"datePublished":"2019-11-20T19:22:26+00:00","author":{"@id":"https:\/\/www.noticiasradioreflejos.com.ar\/2021\/#\/schema\/person\/ad82545263dcc5ec0996818884fd5fb1"},"breadcrumb":{"@id":"https:\/\/www.noticiasradioreflejos.com.ar\/2021\/el-sub-19-masculino-de-automoto-buscara-subirse-al-podio\/#breadcrumb"},"inLanguage":"es","potentialAction":[{"@type":"ReadAction","target":["https:\/\/www.noticiasradioreflejos.com.ar\/2021\/el-sub-19-masculino-de-automoto-buscara-subirse-al-podio\/"]}]},{"@type":"BreadcrumbList","@id":"https:\/\/www.noticiasradioreflejos.com.ar\/2021\/el-sub-19-masculino-de-automoto-buscara-subirse-al-podio\/#breadcrumb","itemListElement":[{"@type":"ListItem","position":1,"name":"Portada","item":"https:\/\/www.noticiasradioreflejos.com.ar\/2021\/"},{"@type":"ListItem","position":2,"name":"El Sub 19 masculino de Automoto buscar\u00e1 subirse al podio."}]},{"@type":"WebSite","@id":"https:\/\/www.noticiasradioreflejos.com.ar\/2021\/#website","url":"https:\/\/www.noticiasradioreflejos.com.ar\/2021\/","name":"Noticias Radio Reflejos","description":"Las noticias de mi comarca","potentialAction":[{"@type":"SearchAction","target":{"@type":"EntryPoint","urlTemplate":"https:\/\/www.noticiasradioreflejos.com.ar\/2021\/?s={search_term_string}"},"query-input":{"@type":"PropertyValueSpecification","valueRequired":true,"valueName":"search_term_string"}}],"inLanguage":"es"},{"@type":"Person","@id":"https:\/\/www.noticiasradioreflejos.com.ar\/2021\/#\/schema\/person\/ad82545263dcc5ec0996818884fd5fb1","name":"Arnaldo Botto","image":{"@type":"ImageObject","inLanguage":"es","@id":"https:\/\/www.noticiasradioreflejos.com.ar\/2021\/#\/schema\/person\/image\/","url":"https:\/\/secure.gravatar.com\/avatar\/55cb5e37c1efa326397366e6974cb338056df65cb50e7d64d1cf314e87504837?s=96&d=mm&r=g","contentUrl":"https:\/\/secure.gravatar.com\/avatar\/55cb5e37c1efa326397366e6974cb338056df65cb50e7d64d1cf314e87504837?s=96&d=mm&r=g","caption":"Arnaldo Botto"},"url":"https:\/\/www.noticiasradioreflejos.com.ar\/2021\/author\/arnaldo\/"}]}},"_links":{"self":[{"href":"https:\/\/www.noticiasradioreflejos.com.ar\/2021\/wp-json\/wp\/v2\/posts\/36595","targetHints":{"allow":["GET"]}}],"collection":[{"href":"https:\/\/www.noticiasradioreflejos.com.ar\/2021\/wp-json\/wp\/v2\/posts"}],"about":[{"href":"https:\/\/www.noticiasradioreflejos.com.ar\/2021\/wp-json\/wp\/v2\/types\/post"}],"author":[{"embeddable":true,"href":"https:\/\/www.noticiasradioreflejos.com.ar\/2021\/wp-json\/wp\/v2\/users\/3"}],"replies":[{"embeddable":true,"href":"https:\/\/www.noticiasradioreflejos.com.ar\/2021\/wp-json\/wp\/v2\/comments?post=36595"}],"version-history":[{"count":0,"href":"https:\/\/www.noticiasradioreflejos.com.ar\/2021\/wp-json\/wp\/v2\/posts\/36595\/revisions"}],"wp:attachment":[{"href":"https:\/\/www.noticiasradioreflejos.com.ar\/2021\/wp-json\/wp\/v2\/media?parent=36595"}],"wp:term":[{"taxonomy":"category","embeddable":true,"href":"https:\/\/www.noticiasradioreflejos.com.ar\/2021\/wp-json\/wp\/v2\/categories?post=36595"},{"taxonomy":"post_tag","embeddable":true,"href":"https:\/\/www.noticiasradioreflejos.com.ar\/2021\/wp-json\/wp\/v2\/tags?post=36595"}],"curies":[{"name":"wp","href":"https:\/\/api.w.org\/{rel}","templated":true}]}}