{"id":36583,"date":"2019-11-20T14:51:04","date_gmt":"2019-11-20T17:51:04","guid":{"rendered":"http:\/\/www.noticiasradioreflejos.com.ar\/noticias\/?p=36583"},"modified":"2019-11-20T14:51:04","modified_gmt":"2019-11-20T17:51:04","slug":"patrullero-cruzo-en-rojo-y-mato-a-una-motociclista","status":"publish","type":"post","link":"https:\/\/www.noticiasradioreflejos.com.ar\/2021\/patrullero-cruzo-en-rojo-y-mato-a-una-motociclista\/","title":{"rendered":"Patrullero cruz\u00f3 en rojo y mat\u00f3 a una motociclista."},"content":{"rendered":"<p>La oficial de polic\u00eda Silvina Soledad Be\u00f1acar (30) cruz\u00f3 un sem\u00e1foro en rojo a alta velocidad, atropell\u00f3 y mat\u00f3 a Sandra Daiana Constante (19). La joven fallecida viajaba como acompa\u00f1ante en la moto que conduc\u00eda su novio Ariel (22), quien result\u00f3 herido. Ocurri\u00f3 el domingo a la tarde en Villa Crespo, CABA. El patrullero circulaba a 80 kil\u00f3metros por hora en el momento del accidente -por una calle donde la m\u00e1xima permitida es de 40- sin las balizas luminosas y sonoras encendidas. El m\u00f3vil no estaba acudiendo a ninguna urgencia ni en persecuci\u00f3n.<!--more--><\/p>\n<table id=\"m_-4130882751774433689ml-block-141278960\" class=\"m_-4130882751774433689mlContentTable\" border=\"0\" width=\"640\" cellspacing=\"0\" cellpadding=\"0\" align=\"center\" bgcolor=\"#FFFFFF\">\n<tbody>\n<tr>\n<td>\n<table class=\"m_-4130882751774433689mlContentTable\" border=\"0\" width=\"640\" cellspacing=\"0\" cellpadding=\"0\" align=\"center\" bgcolor=\"#FFFFFF\">\n<tbody>\n<tr>\n<td class=\"m_-4130882751774433689mlContentContainer m_-4130882751774433689mlContentImage m_-4130882751774433689mlContentHeight\" align=\"center\"><img decoding=\"async\" class=\"m_-4130882751774433689mlContentImage\" src=\"https:\/\/ci6.googleusercontent.com\/proxy\/HmntKYE3vHg6segu_499exomPb0zWyhQK4sJeYSXsS76qAopnueeez6FRWYobu7AMuW3H_G_ayy6Kvxc1yO9mmUoC9REHNGnpuTyDY-1LO9FEnctir0HoMho7lMFhZFv14aRTZESj0PdaAfbqc63rZgytlXw5FjhGMwr7R1xu7kgWJkdK8YEyp_xP4b4JGbM5-5UG0MqJTxN3bhW=s0-d-e1-ft#https:\/\/bucket.mlcdn.com\/a\/487\/487743\/images\/31f8a22c5e56aa323e93c722e01c8fe753d5910d.jpeg\/429caa7a33198222ce5b416fa3f2a5a5f842c5e0.jpeg\" width=\"540\" border=\"0\" \/><\/td>\n<\/tr>\n<\/tbody>\n<\/table>\n<\/td>\n<\/tr>\n<\/tbody>\n<\/table>\n<table id=\"m_-4130882751774433689ml-block-141277602\" class=\"m_-4130882751774433689mlContentTable\" border=\"0\" width=\"640\" cellspacing=\"0\" cellpadding=\"0\" align=\"center\" bgcolor=\"#FFFFFF\">\n<tbody>\n<tr>\n<td>\n<table class=\"m_-4130882751774433689mlContentTable\" border=\"0\" width=\"640\" cellspacing=\"0\" cellpadding=\"0\" align=\"center\" bgcolor=\"#FFFFFF\">\n<tbody>\n<tr>\n<td class=\"m_-4130882751774433689mlContentContainer\" align=\"left\">\u00a0 \u00a0 \u00a0De acuerdo al video difundido p\u00fablicamente y sin perjuicio de lo que las pericias confirmen, esta conductora de un patrullero policial evidenci\u00f3 un desprecio total por la vida al circular por la ciudad a un notable exceso de velocidad (80 km\/h), y violando el sem\u00e1foro en rojo.<br \/>\n\u00bfQu\u00e9 tipo de capacitaci\u00f3n reciben nuestras fuerzas de seguridad?<br \/>\n\u00bfSe efect\u00faan controles a quienes conducen m\u00f3viles de las fuerzas de seguridad? \u00bfQui\u00e9n los efect\u00faa? \u00bfCu\u00e1ndo se hacen?<br \/>\nPolic\u00edas y fuerzas de seguridad, que son quienes tienen la responsabilidad de fiscalizar el cumplimiento de las leyes, se mueven en el tr\u00e1nsito ignor\u00e1ndolas, con resultados tr\u00e1gicos que muchas veces tambi\u00e9n\u00a0los involucra como v\u00edctimas. Urge brindar una capacitaci\u00f3n racional y vivencial en conducci\u00f3n segura, convivencia y legislaci\u00f3n de tr\u00e1nsito a todas las fuerzas policiales, para su propio cuidado y para el de la comunidad, que los necesita como modelos de conducta para poder respetar su autoridad y confiar en su idoneidad para los cargos que desempe\u00f1an.<br \/>\n<strong>Luchemos por la Vida<\/strong><br \/>\n<em>Fuente y foto: Clarin, La contratapa TdF<\/em><\/td>\n<\/tr>\n<\/tbody>\n<\/table>\n<\/td>\n<\/tr>\n<\/tbody>\n<\/table>\n","protected":false},"excerpt":{"rendered":"<p>La oficial de polic\u00eda Silvina Soledad Be\u00f1acar (30) cruz\u00f3 un sem\u00e1foro en rojo a alta velocidad, atropell\u00f3 y mat\u00f3 a Sandra Daiana Constante (19). La joven fallecida viajaba como acompa\u00f1ante en la moto que conduc\u00eda su novio Ariel (22), quien result\u00f3 herido. Ocurri\u00f3 el domingo a la tarde en Villa Crespo, CABA. El patrullero circulaba [&hellip;]<\/p>\n","protected":false},"author":3,"featured_media":0,"comment_status":"closed","ping_status":"open","sticky":false,"template":"","format":"standard","meta":{"footnotes":""},"categories":[29],"tags":[],"class_list":["post-36583","post","type-post","status-publish","format-standard","hentry","category-policiales"],"yoast_head":"<!-- This site is optimized with the Yoast SEO plugin v25.9 - https:\/\/yoast.com\/wordpress\/plugins\/seo\/ -->\n<title>Patrullero cruz\u00f3 en rojo y mat\u00f3 a una motociclista. - Noticias Radio Reflejos<\/title>\n<meta name=\"robots\" content=\"index, follow, max-snippet:-1, max-image-preview:large, max-video-preview:-1\" \/>\n<link rel=\"canonical\" href=\"https:\/\/www.noticiasradioreflejos.com.ar\/2021\/patrullero-cruzo-en-rojo-y-mato-a-una-motociclista\/\" \/>\n<meta property=\"og:locale\" content=\"es_ES\" \/>\n<meta property=\"og:type\" content=\"article\" \/>\n<meta property=\"og:title\" content=\"Patrullero cruz\u00f3 en rojo y mat\u00f3 a una motociclista. - Noticias Radio Reflejos\" \/>\n<meta property=\"og:description\" content=\"La oficial de polic\u00eda Silvina Soledad Be\u00f1acar (30) cruz\u00f3 un sem\u00e1foro en rojo a alta velocidad, atropell\u00f3 y mat\u00f3 a Sandra Daiana Constante (19). La joven fallecida viajaba como acompa\u00f1ante en la moto que conduc\u00eda su novio Ariel (22), quien result\u00f3 herido. Ocurri\u00f3 el domingo a la tarde en Villa Crespo, CABA. El patrullero circulaba [&hellip;]\" \/>\n<meta property=\"og:url\" content=\"https:\/\/www.noticiasradioreflejos.com.ar\/2021\/patrullero-cruzo-en-rojo-y-mato-a-una-motociclista\/\" \/>\n<meta property=\"og:site_name\" content=\"Noticias Radio Reflejos\" \/>\n<meta property=\"article:published_time\" content=\"2019-11-20T17:51:04+00:00\" \/>\n<meta property=\"og:image\" content=\"https:\/\/ci6.googleusercontent.com\/proxy\/HmntKYE3vHg6segu_499exomPb0zWyhQK4sJeYSXsS76qAopnueeez6FRWYobu7AMuW3H_G_ayy6Kvxc1yO9mmUoC9REHNGnpuTyDY-1LO9FEnctir0HoMho7lMFhZFv14aRTZESj0PdaAfbqc63rZgytlXw5FjhGMwr7R1xu7kgWJkdK8YEyp_xP4b4JGbM5-5UG0MqJTxN3bhW=s0-d-e1-ft#https:\/\/bucket.mlcdn.com\/a\/487\/487743\/images\/31f8a22c5e56aa323e93c722e01c8fe753d5910d.jpeg\/429caa7a33198222ce5b416fa3f2a5a5f842c5e0.jpeg\" \/>\n<meta name=\"author\" content=\"Arnaldo Botto\" \/>\n<meta name=\"twitter:card\" content=\"summary_large_image\" \/>\n<script type=\"application\/ld+json\" class=\"yoast-schema-graph\">{\"@context\":\"https:\/\/schema.org\",\"@graph\":[{\"@type\":\"WebPage\",\"@id\":\"https:\/\/www.noticiasradioreflejos.com.ar\/2021\/patrullero-cruzo-en-rojo-y-mato-a-una-motociclista\/\",\"url\":\"https:\/\/www.noticiasradioreflejos.com.ar\/2021\/patrullero-cruzo-en-rojo-y-mato-a-una-motociclista\/\",\"name\":\"Patrullero cruz\u00f3 en rojo y mat\u00f3 a una motociclista. - Noticias Radio Reflejos\",\"isPartOf\":{\"@id\":\"https:\/\/www.noticiasradioreflejos.com.ar\/2021\/#website\"},\"primaryImageOfPage\":{\"@id\":\"https:\/\/www.noticiasradioreflejos.com.ar\/2021\/patrullero-cruzo-en-rojo-y-mato-a-una-motociclista\/#primaryimage\"},\"image\":{\"@id\":\"https:\/\/www.noticiasradioreflejos.com.ar\/2021\/patrullero-cruzo-en-rojo-y-mato-a-una-motociclista\/#primaryimage\"},\"thumbnailUrl\":\"https:\/\/ci6.googleusercontent.com\/proxy\/HmntKYE3vHg6segu_499exomPb0zWyhQK4sJeYSXsS76qAopnueeez6FRWYobu7AMuW3H_G_ayy6Kvxc1yO9mmUoC9REHNGnpuTyDY-1LO9FEnctir0HoMho7lMFhZFv14aRTZESj0PdaAfbqc63rZgytlXw5FjhGMwr7R1xu7kgWJkdK8YEyp_xP4b4JGbM5-5UG0MqJTxN3bhW=s0-d-e1-ft#https:\/\/bucket.mlcdn.com\/a\/487\/487743\/images\/31f8a22c5e56aa323e93c722e01c8fe753d5910d.jpeg\/429caa7a33198222ce5b416fa3f2a5a5f842c5e0.jpeg\",\"datePublished\":\"2019-11-20T17:51:04+00:00\",\"author\":{\"@id\":\"https:\/\/www.noticiasradioreflejos.com.ar\/2021\/#\/schema\/person\/ad82545263dcc5ec0996818884fd5fb1\"},\"breadcrumb\":{\"@id\":\"https:\/\/www.noticiasradioreflejos.com.ar\/2021\/patrullero-cruzo-en-rojo-y-mato-a-una-motociclista\/#breadcrumb\"},\"inLanguage\":\"es\",\"potentialAction\":[{\"@type\":\"ReadAction\",\"target\":[\"https:\/\/www.noticiasradioreflejos.com.ar\/2021\/patrullero-cruzo-en-rojo-y-mato-a-una-motociclista\/\"]}]},{\"@type\":\"ImageObject\",\"inLanguage\":\"es\",\"@id\":\"https:\/\/www.noticiasradioreflejos.com.ar\/2021\/patrullero-cruzo-en-rojo-y-mato-a-una-motociclista\/#primaryimage\",\"url\":\"https:\/\/ci6.googleusercontent.com\/proxy\/HmntKYE3vHg6segu_499exomPb0zWyhQK4sJeYSXsS76qAopnueeez6FRWYobu7AMuW3H_G_ayy6Kvxc1yO9mmUoC9REHNGnpuTyDY-1LO9FEnctir0HoMho7lMFhZFv14aRTZESj0PdaAfbqc63rZgytlXw5FjhGMwr7R1xu7kgWJkdK8YEyp_xP4b4JGbM5-5UG0MqJTxN3bhW=s0-d-e1-ft#https:\/\/bucket.mlcdn.com\/a\/487\/487743\/images\/31f8a22c5e56aa323e93c722e01c8fe753d5910d.jpeg\/429caa7a33198222ce5b416fa3f2a5a5f842c5e0.jpeg\",\"contentUrl\":\"https:\/\/ci6.googleusercontent.com\/proxy\/HmntKYE3vHg6segu_499exomPb0zWyhQK4sJeYSXsS76qAopnueeez6FRWYobu7AMuW3H_G_ayy6Kvxc1yO9mmUoC9REHNGnpuTyDY-1LO9FEnctir0HoMho7lMFhZFv14aRTZESj0PdaAfbqc63rZgytlXw5FjhGMwr7R1xu7kgWJkdK8YEyp_xP4b4JGbM5-5UG0MqJTxN3bhW=s0-d-e1-ft#https:\/\/bucket.mlcdn.com\/a\/487\/487743\/images\/31f8a22c5e56aa323e93c722e01c8fe753d5910d.jpeg\/429caa7a33198222ce5b416fa3f2a5a5f842c5e0.jpeg\"},{\"@type\":\"BreadcrumbList\",\"@id\":\"https:\/\/www.noticiasradioreflejos.com.ar\/2021\/patrullero-cruzo-en-rojo-y-mato-a-una-motociclista\/#breadcrumb\",\"itemListElement\":[{\"@type\":\"ListItem\",\"position\":1,\"name\":\"Portada\",\"item\":\"https:\/\/www.noticiasradioreflejos.com.ar\/2021\/\"},{\"@type\":\"ListItem\",\"position\":2,\"name\":\"Patrullero cruz\u00f3 en rojo y mat\u00f3 a una motociclista.\"}]},{\"@type\":\"WebSite\",\"@id\":\"https:\/\/www.noticiasradioreflejos.com.ar\/2021\/#website\",\"url\":\"https:\/\/www.noticiasradioreflejos.com.ar\/2021\/\",\"name\":\"Noticias Radio Reflejos\",\"description\":\"Las noticias de mi comarca\",\"potentialAction\":[{\"@type\":\"SearchAction\",\"target\":{\"@type\":\"EntryPoint\",\"urlTemplate\":\"https:\/\/www.noticiasradioreflejos.com.ar\/2021\/?s={search_term_string}\"},\"query-input\":{\"@type\":\"PropertyValueSpecification\",\"valueRequired\":true,\"valueName\":\"search_term_string\"}}],\"inLanguage\":\"es\"},{\"@type\":\"Person\",\"@id\":\"https:\/\/www.noticiasradioreflejos.com.ar\/2021\/#\/schema\/person\/ad82545263dcc5ec0996818884fd5fb1\",\"name\":\"Arnaldo Botto\",\"image\":{\"@type\":\"ImageObject\",\"inLanguage\":\"es\",\"@id\":\"https:\/\/www.noticiasradioreflejos.com.ar\/2021\/#\/schema\/person\/image\/\",\"url\":\"https:\/\/secure.gravatar.com\/avatar\/55cb5e37c1efa326397366e6974cb338056df65cb50e7d64d1cf314e87504837?s=96&d=mm&r=g\",\"contentUrl\":\"https:\/\/secure.gravatar.com\/avatar\/55cb5e37c1efa326397366e6974cb338056df65cb50e7d64d1cf314e87504837?s=96&d=mm&r=g\",\"caption\":\"Arnaldo Botto\"},\"url\":\"https:\/\/www.noticiasradioreflejos.com.ar\/2021\/author\/arnaldo\/\"}]}<\/script>\n<!-- \/ Yoast SEO plugin. -->","yoast_head_json":{"title":"Patrullero cruz\u00f3 en rojo y mat\u00f3 a una motociclista. - Noticias Radio Reflejos","robots":{"index":"index","follow":"follow","max-snippet":"max-snippet:-1","max-image-preview":"max-image-preview:large","max-video-preview":"max-video-preview:-1"},"canonical":"https:\/\/www.noticiasradioreflejos.com.ar\/2021\/patrullero-cruzo-en-rojo-y-mato-a-una-motociclista\/","og_locale":"es_ES","og_type":"article","og_title":"Patrullero cruz\u00f3 en rojo y mat\u00f3 a una motociclista. - Noticias Radio Reflejos","og_description":"La oficial de polic\u00eda Silvina Soledad Be\u00f1acar (30) cruz\u00f3 un sem\u00e1foro en rojo a alta velocidad, atropell\u00f3 y mat\u00f3 a Sandra Daiana Constante (19). La joven fallecida viajaba como acompa\u00f1ante en la moto que conduc\u00eda su novio Ariel (22), quien result\u00f3 herido. Ocurri\u00f3 el domingo a la tarde en Villa Crespo, CABA. El patrullero circulaba [&hellip;]","og_url":"https:\/\/www.noticiasradioreflejos.com.ar\/2021\/patrullero-cruzo-en-rojo-y-mato-a-una-motociclista\/","og_site_name":"Noticias Radio Reflejos","article_published_time":"2019-11-20T17:51:04+00:00","og_image":[{"url":"https:\/\/ci6.googleusercontent.com\/proxy\/HmntKYE3vHg6segu_499exomPb0zWyhQK4sJeYSXsS76qAopnueeez6FRWYobu7AMuW3H_G_ayy6Kvxc1yO9mmUoC9REHNGnpuTyDY-1LO9FEnctir0HoMho7lMFhZFv14aRTZESj0PdaAfbqc63rZgytlXw5FjhGMwr7R1xu7kgWJkdK8YEyp_xP4b4JGbM5-5UG0MqJTxN3bhW=s0-d-e1-ft#https:\/\/bucket.mlcdn.com\/a\/487\/487743\/images\/31f8a22c5e56aa323e93c722e01c8fe753d5910d.jpeg\/429caa7a33198222ce5b416fa3f2a5a5f842c5e0.jpeg","type":"","width":"","height":""}],"author":"Arnaldo Botto","twitter_card":"summary_large_image","schema":{"@context":"https:\/\/schema.org","@graph":[{"@type":"WebPage","@id":"https:\/\/www.noticiasradioreflejos.com.ar\/2021\/patrullero-cruzo-en-rojo-y-mato-a-una-motociclista\/","url":"https:\/\/www.noticiasradioreflejos.com.ar\/2021\/patrullero-cruzo-en-rojo-y-mato-a-una-motociclista\/","name":"Patrullero cruz\u00f3 en rojo y mat\u00f3 a una motociclista. - Noticias Radio Reflejos","isPartOf":{"@id":"https:\/\/www.noticiasradioreflejos.com.ar\/2021\/#website"},"primaryImageOfPage":{"@id":"https:\/\/www.noticiasradioreflejos.com.ar\/2021\/patrullero-cruzo-en-rojo-y-mato-a-una-motociclista\/#primaryimage"},"image":{"@id":"https:\/\/www.noticiasradioreflejos.com.ar\/2021\/patrullero-cruzo-en-rojo-y-mato-a-una-motociclista\/#primaryimage"},"thumbnailUrl":"https:\/\/ci6.googleusercontent.com\/proxy\/HmntKYE3vHg6segu_499exomPb0zWyhQK4sJeYSXsS76qAopnueeez6FRWYobu7AMuW3H_G_ayy6Kvxc1yO9mmUoC9REHNGnpuTyDY-1LO9FEnctir0HoMho7lMFhZFv14aRTZESj0PdaAfbqc63rZgytlXw5FjhGMwr7R1xu7kgWJkdK8YEyp_xP4b4JGbM5-5UG0MqJTxN3bhW=s0-d-e1-ft#https:\/\/bucket.mlcdn.com\/a\/487\/487743\/images\/31f8a22c5e56aa323e93c722e01c8fe753d5910d.jpeg\/429caa7a33198222ce5b416fa3f2a5a5f842c5e0.jpeg","datePublished":"2019-11-20T17:51:04+00:00","author":{"@id":"https:\/\/www.noticiasradioreflejos.com.ar\/2021\/#\/schema\/person\/ad82545263dcc5ec0996818884fd5fb1"},"breadcrumb":{"@id":"https:\/\/www.noticiasradioreflejos.com.ar\/2021\/patrullero-cruzo-en-rojo-y-mato-a-una-motociclista\/#breadcrumb"},"inLanguage":"es","potentialAction":[{"@type":"ReadAction","target":["https:\/\/www.noticiasradioreflejos.com.ar\/2021\/patrullero-cruzo-en-rojo-y-mato-a-una-motociclista\/"]}]},{"@type":"ImageObject","inLanguage":"es","@id":"https:\/\/www.noticiasradioreflejos.com.ar\/2021\/patrullero-cruzo-en-rojo-y-mato-a-una-motociclista\/#primaryimage","url":"https:\/\/ci6.googleusercontent.com\/proxy\/HmntKYE3vHg6segu_499exomPb0zWyhQK4sJeYSXsS76qAopnueeez6FRWYobu7AMuW3H_G_ayy6Kvxc1yO9mmUoC9REHNGnpuTyDY-1LO9FEnctir0HoMho7lMFhZFv14aRTZESj0PdaAfbqc63rZgytlXw5FjhGMwr7R1xu7kgWJkdK8YEyp_xP4b4JGbM5-5UG0MqJTxN3bhW=s0-d-e1-ft#https:\/\/bucket.mlcdn.com\/a\/487\/487743\/images\/31f8a22c5e56aa323e93c722e01c8fe753d5910d.jpeg\/429caa7a33198222ce5b416fa3f2a5a5f842c5e0.jpeg","contentUrl":"https:\/\/ci6.googleusercontent.com\/proxy\/HmntKYE3vHg6segu_499exomPb0zWyhQK4sJeYSXsS76qAopnueeez6FRWYobu7AMuW3H_G_ayy6Kvxc1yO9mmUoC9REHNGnpuTyDY-1LO9FEnctir0HoMho7lMFhZFv14aRTZESj0PdaAfbqc63rZgytlXw5FjhGMwr7R1xu7kgWJkdK8YEyp_xP4b4JGbM5-5UG0MqJTxN3bhW=s0-d-e1-ft#https:\/\/bucket.mlcdn.com\/a\/487\/487743\/images\/31f8a22c5e56aa323e93c722e01c8fe753d5910d.jpeg\/429caa7a33198222ce5b416fa3f2a5a5f842c5e0.jpeg"},{"@type":"BreadcrumbList","@id":"https:\/\/www.noticiasradioreflejos.com.ar\/2021\/patrullero-cruzo-en-rojo-y-mato-a-una-motociclista\/#breadcrumb","itemListElement":[{"@type":"ListItem","position":1,"name":"Portada","item":"https:\/\/www.noticiasradioreflejos.com.ar\/2021\/"},{"@type":"ListItem","position":2,"name":"Patrullero cruz\u00f3 en rojo y mat\u00f3 a una motociclista."}]},{"@type":"WebSite","@id":"https:\/\/www.noticiasradioreflejos.com.ar\/2021\/#website","url":"https:\/\/www.noticiasradioreflejos.com.ar\/2021\/","name":"Noticias Radio Reflejos","description":"Las noticias de mi comarca","potentialAction":[{"@type":"SearchAction","target":{"@type":"EntryPoint","urlTemplate":"https:\/\/www.noticiasradioreflejos.com.ar\/2021\/?s={search_term_string}"},"query-input":{"@type":"PropertyValueSpecification","valueRequired":true,"valueName":"search_term_string"}}],"inLanguage":"es"},{"@type":"Person","@id":"https:\/\/www.noticiasradioreflejos.com.ar\/2021\/#\/schema\/person\/ad82545263dcc5ec0996818884fd5fb1","name":"Arnaldo Botto","image":{"@type":"ImageObject","inLanguage":"es","@id":"https:\/\/www.noticiasradioreflejos.com.ar\/2021\/#\/schema\/person\/image\/","url":"https:\/\/secure.gravatar.com\/avatar\/55cb5e37c1efa326397366e6974cb338056df65cb50e7d64d1cf314e87504837?s=96&d=mm&r=g","contentUrl":"https:\/\/secure.gravatar.com\/avatar\/55cb5e37c1efa326397366e6974cb338056df65cb50e7d64d1cf314e87504837?s=96&d=mm&r=g","caption":"Arnaldo Botto"},"url":"https:\/\/www.noticiasradioreflejos.com.ar\/2021\/author\/arnaldo\/"}]}},"_links":{"self":[{"href":"https:\/\/www.noticiasradioreflejos.com.ar\/2021\/wp-json\/wp\/v2\/posts\/36583","targetHints":{"allow":["GET"]}}],"collection":[{"href":"https:\/\/www.noticiasradioreflejos.com.ar\/2021\/wp-json\/wp\/v2\/posts"}],"about":[{"href":"https:\/\/www.noticiasradioreflejos.com.ar\/2021\/wp-json\/wp\/v2\/types\/post"}],"author":[{"embeddable":true,"href":"https:\/\/www.noticiasradioreflejos.com.ar\/2021\/wp-json\/wp\/v2\/users\/3"}],"replies":[{"embeddable":true,"href":"https:\/\/www.noticiasradioreflejos.com.ar\/2021\/wp-json\/wp\/v2\/comments?post=36583"}],"version-history":[{"count":0,"href":"https:\/\/www.noticiasradioreflejos.com.ar\/2021\/wp-json\/wp\/v2\/posts\/36583\/revisions"}],"wp:attachment":[{"href":"https:\/\/www.noticiasradioreflejos.com.ar\/2021\/wp-json\/wp\/v2\/media?parent=36583"}],"wp:term":[{"taxonomy":"category","embeddable":true,"href":"https:\/\/www.noticiasradioreflejos.com.ar\/2021\/wp-json\/wp\/v2\/categories?post=36583"},{"taxonomy":"post_tag","embeddable":true,"href":"https:\/\/www.noticiasradioreflejos.com.ar\/2021\/wp-json\/wp\/v2\/tags?post=36583"}],"curies":[{"name":"wp","href":"https:\/\/api.w.org\/{rel}","templated":true}]}}