{"id":36573,"date":"2019-11-20T14:25:31","date_gmt":"2019-11-20T17:25:31","guid":{"rendered":"http:\/\/www.noticiasradioreflejos.com.ar\/noticias\/?p=36573"},"modified":"2019-11-20T14:25:31","modified_gmt":"2019-11-20T17:25:31","slug":"las-oficinas-de-anses-permanecera-cerradas-el-proximo-miercoles","status":"publish","type":"post","link":"https:\/\/www.noticiasradioreflejos.com.ar\/2021\/las-oficinas-de-anses-permanecera-cerradas-el-proximo-miercoles\/","title":{"rendered":"Las oficinas de ANSES permanecer\u00e1n cerradas el pr\u00f3ximo mi\u00e9rcoles."},"content":{"rendered":"<p>ANSES informa que sus delegaciones y oficinas no prestar\u00e1n servicios ni atender\u00e1n al p\u00fablico el mi\u00e9rcoles 27 de noviembre, por la celebraci\u00f3n del D\u00eda del Trabajador Previsional Argentino. En tanto, el jueves 28 abrir\u00e1n con total normalidad. <!--more--><br \/>\nAsimismo, el organismo previsional recuerda que se pueden gestionar consultas y realizar tr\u00e1mites durante las 24 horas, los 365 d\u00edas del a\u00f1o, desde su sitio web www.anses.gob.ar.<br \/>\nEl 12 de noviembre de 2009 se promulg\u00f3 la Ley N\u00b0 26.533, que declara al 27 de noviembre como el D\u00eda del Trabajador Previsional Argentino, en conmemoraci\u00f3n a la creaci\u00f3n de la Secretar\u00eda de Trabajo y Previsi\u00f3n de la Naci\u00f3n en 1943.<\/p>\n","protected":false},"excerpt":{"rendered":"<p>ANSES informa que sus delegaciones y oficinas no prestar\u00e1n servicios ni atender\u00e1n al p\u00fablico el mi\u00e9rcoles 27 de noviembre, por la celebraci\u00f3n del D\u00eda del Trabajador Previsional Argentino. En tanto, el jueves 28 abrir\u00e1n con total normalidad.<\/p>\n","protected":false},"author":3,"featured_media":0,"comment_status":"closed","ping_status":"open","sticky":false,"template":"","format":"standard","meta":{"footnotes":""},"categories":[26],"tags":[],"class_list":["post-36573","post","type-post","status-publish","format-standard","hentry","category-sociedad"],"yoast_head":"<!-- This site is optimized with the Yoast SEO plugin v25.9 - https:\/\/yoast.com\/wordpress\/plugins\/seo\/ -->\n<title>Las oficinas de ANSES permanecer\u00e1n cerradas el pr\u00f3ximo mi\u00e9rcoles. - Noticias Radio Reflejos<\/title>\n<meta name=\"robots\" content=\"index, follow, max-snippet:-1, max-image-preview:large, max-video-preview:-1\" \/>\n<link rel=\"canonical\" href=\"https:\/\/www.noticiasradioreflejos.com.ar\/2021\/las-oficinas-de-anses-permanecera-cerradas-el-proximo-miercoles\/\" \/>\n<meta property=\"og:locale\" content=\"es_ES\" \/>\n<meta property=\"og:type\" content=\"article\" \/>\n<meta property=\"og:title\" content=\"Las oficinas de ANSES permanecer\u00e1n cerradas el pr\u00f3ximo mi\u00e9rcoles. - Noticias Radio Reflejos\" \/>\n<meta property=\"og:description\" content=\"ANSES informa que sus delegaciones y oficinas no prestar\u00e1n servicios ni atender\u00e1n al p\u00fablico el mi\u00e9rcoles 27 de noviembre, por la celebraci\u00f3n del D\u00eda del Trabajador Previsional Argentino. En tanto, el jueves 28 abrir\u00e1n con total normalidad.\" \/>\n<meta property=\"og:url\" content=\"https:\/\/www.noticiasradioreflejos.com.ar\/2021\/las-oficinas-de-anses-permanecera-cerradas-el-proximo-miercoles\/\" \/>\n<meta property=\"og:site_name\" content=\"Noticias Radio Reflejos\" \/>\n<meta property=\"article:published_time\" content=\"2019-11-20T17:25:31+00:00\" \/>\n<meta property=\"og:image\" content=\"https:\/\/www.noticiasradioreflejos.com.ar\/2021\/wp-content\/uploads\/2021\/07\/logosol300x200.png\" \/>\n\t<meta property=\"og:image:width\" content=\"300\" \/>\n\t<meta property=\"og:image:height\" content=\"200\" \/>\n\t<meta property=\"og:image:type\" content=\"image\/png\" \/>\n<meta name=\"author\" content=\"Arnaldo Botto\" \/>\n<meta name=\"twitter:card\" content=\"summary_large_image\" \/>\n<script type=\"application\/ld+json\" class=\"yoast-schema-graph\">{\"@context\":\"https:\/\/schema.org\",\"@graph\":[{\"@type\":\"WebPage\",\"@id\":\"https:\/\/www.noticiasradioreflejos.com.ar\/2021\/las-oficinas-de-anses-permanecera-cerradas-el-proximo-miercoles\/\",\"url\":\"https:\/\/www.noticiasradioreflejos.com.ar\/2021\/las-oficinas-de-anses-permanecera-cerradas-el-proximo-miercoles\/\",\"name\":\"Las oficinas de ANSES permanecer\u00e1n cerradas el pr\u00f3ximo mi\u00e9rcoles. - Noticias Radio Reflejos\",\"isPartOf\":{\"@id\":\"https:\/\/www.noticiasradioreflejos.com.ar\/2021\/#website\"},\"datePublished\":\"2019-11-20T17:25:31+00:00\",\"author\":{\"@id\":\"https:\/\/www.noticiasradioreflejos.com.ar\/2021\/#\/schema\/person\/ad82545263dcc5ec0996818884fd5fb1\"},\"breadcrumb\":{\"@id\":\"https:\/\/www.noticiasradioreflejos.com.ar\/2021\/las-oficinas-de-anses-permanecera-cerradas-el-proximo-miercoles\/#breadcrumb\"},\"inLanguage\":\"es\",\"potentialAction\":[{\"@type\":\"ReadAction\",\"target\":[\"https:\/\/www.noticiasradioreflejos.com.ar\/2021\/las-oficinas-de-anses-permanecera-cerradas-el-proximo-miercoles\/\"]}]},{\"@type\":\"BreadcrumbList\",\"@id\":\"https:\/\/www.noticiasradioreflejos.com.ar\/2021\/las-oficinas-de-anses-permanecera-cerradas-el-proximo-miercoles\/#breadcrumb\",\"itemListElement\":[{\"@type\":\"ListItem\",\"position\":1,\"name\":\"Portada\",\"item\":\"https:\/\/www.noticiasradioreflejos.com.ar\/2021\/\"},{\"@type\":\"ListItem\",\"position\":2,\"name\":\"Las oficinas de ANSES permanecer\u00e1n cerradas el pr\u00f3ximo mi\u00e9rcoles.\"}]},{\"@type\":\"WebSite\",\"@id\":\"https:\/\/www.noticiasradioreflejos.com.ar\/2021\/#website\",\"url\":\"https:\/\/www.noticiasradioreflejos.com.ar\/2021\/\",\"name\":\"Noticias Radio Reflejos\",\"description\":\"Las noticias de mi comarca\",\"potentialAction\":[{\"@type\":\"SearchAction\",\"target\":{\"@type\":\"EntryPoint\",\"urlTemplate\":\"https:\/\/www.noticiasradioreflejos.com.ar\/2021\/?s={search_term_string}\"},\"query-input\":{\"@type\":\"PropertyValueSpecification\",\"valueRequired\":true,\"valueName\":\"search_term_string\"}}],\"inLanguage\":\"es\"},{\"@type\":\"Person\",\"@id\":\"https:\/\/www.noticiasradioreflejos.com.ar\/2021\/#\/schema\/person\/ad82545263dcc5ec0996818884fd5fb1\",\"name\":\"Arnaldo Botto\",\"image\":{\"@type\":\"ImageObject\",\"inLanguage\":\"es\",\"@id\":\"https:\/\/www.noticiasradioreflejos.com.ar\/2021\/#\/schema\/person\/image\/\",\"url\":\"https:\/\/secure.gravatar.com\/avatar\/55cb5e37c1efa326397366e6974cb338056df65cb50e7d64d1cf314e87504837?s=96&d=mm&r=g\",\"contentUrl\":\"https:\/\/secure.gravatar.com\/avatar\/55cb5e37c1efa326397366e6974cb338056df65cb50e7d64d1cf314e87504837?s=96&d=mm&r=g\",\"caption\":\"Arnaldo Botto\"},\"url\":\"https:\/\/www.noticiasradioreflejos.com.ar\/2021\/author\/arnaldo\/\"}]}<\/script>\n<!-- \/ Yoast SEO plugin. -->","yoast_head_json":{"title":"Las oficinas de ANSES permanecer\u00e1n cerradas el pr\u00f3ximo mi\u00e9rcoles. - Noticias Radio Reflejos","robots":{"index":"index","follow":"follow","max-snippet":"max-snippet:-1","max-image-preview":"max-image-preview:large","max-video-preview":"max-video-preview:-1"},"canonical":"https:\/\/www.noticiasradioreflejos.com.ar\/2021\/las-oficinas-de-anses-permanecera-cerradas-el-proximo-miercoles\/","og_locale":"es_ES","og_type":"article","og_title":"Las oficinas de ANSES permanecer\u00e1n cerradas el pr\u00f3ximo mi\u00e9rcoles. - Noticias Radio Reflejos","og_description":"ANSES informa que sus delegaciones y oficinas no prestar\u00e1n servicios ni atender\u00e1n al p\u00fablico el mi\u00e9rcoles 27 de noviembre, por la celebraci\u00f3n del D\u00eda del Trabajador Previsional Argentino. En tanto, el jueves 28 abrir\u00e1n con total normalidad.","og_url":"https:\/\/www.noticiasradioreflejos.com.ar\/2021\/las-oficinas-de-anses-permanecera-cerradas-el-proximo-miercoles\/","og_site_name":"Noticias Radio Reflejos","article_published_time":"2019-11-20T17:25:31+00:00","og_image":[{"width":300,"height":200,"url":"https:\/\/www.noticiasradioreflejos.com.ar\/2021\/wp-content\/uploads\/2021\/07\/logosol300x200.png","type":"image\/png"}],"author":"Arnaldo Botto","twitter_card":"summary_large_image","schema":{"@context":"https:\/\/schema.org","@graph":[{"@type":"WebPage","@id":"https:\/\/www.noticiasradioreflejos.com.ar\/2021\/las-oficinas-de-anses-permanecera-cerradas-el-proximo-miercoles\/","url":"https:\/\/www.noticiasradioreflejos.com.ar\/2021\/las-oficinas-de-anses-permanecera-cerradas-el-proximo-miercoles\/","name":"Las oficinas de ANSES permanecer\u00e1n cerradas el pr\u00f3ximo mi\u00e9rcoles. - Noticias Radio Reflejos","isPartOf":{"@id":"https:\/\/www.noticiasradioreflejos.com.ar\/2021\/#website"},"datePublished":"2019-11-20T17:25:31+00:00","author":{"@id":"https:\/\/www.noticiasradioreflejos.com.ar\/2021\/#\/schema\/person\/ad82545263dcc5ec0996818884fd5fb1"},"breadcrumb":{"@id":"https:\/\/www.noticiasradioreflejos.com.ar\/2021\/las-oficinas-de-anses-permanecera-cerradas-el-proximo-miercoles\/#breadcrumb"},"inLanguage":"es","potentialAction":[{"@type":"ReadAction","target":["https:\/\/www.noticiasradioreflejos.com.ar\/2021\/las-oficinas-de-anses-permanecera-cerradas-el-proximo-miercoles\/"]}]},{"@type":"BreadcrumbList","@id":"https:\/\/www.noticiasradioreflejos.com.ar\/2021\/las-oficinas-de-anses-permanecera-cerradas-el-proximo-miercoles\/#breadcrumb","itemListElement":[{"@type":"ListItem","position":1,"name":"Portada","item":"https:\/\/www.noticiasradioreflejos.com.ar\/2021\/"},{"@type":"ListItem","position":2,"name":"Las oficinas de ANSES permanecer\u00e1n cerradas el pr\u00f3ximo mi\u00e9rcoles."}]},{"@type":"WebSite","@id":"https:\/\/www.noticiasradioreflejos.com.ar\/2021\/#website","url":"https:\/\/www.noticiasradioreflejos.com.ar\/2021\/","name":"Noticias Radio Reflejos","description":"Las noticias de mi comarca","potentialAction":[{"@type":"SearchAction","target":{"@type":"EntryPoint","urlTemplate":"https:\/\/www.noticiasradioreflejos.com.ar\/2021\/?s={search_term_string}"},"query-input":{"@type":"PropertyValueSpecification","valueRequired":true,"valueName":"search_term_string"}}],"inLanguage":"es"},{"@type":"Person","@id":"https:\/\/www.noticiasradioreflejos.com.ar\/2021\/#\/schema\/person\/ad82545263dcc5ec0996818884fd5fb1","name":"Arnaldo Botto","image":{"@type":"ImageObject","inLanguage":"es","@id":"https:\/\/www.noticiasradioreflejos.com.ar\/2021\/#\/schema\/person\/image\/","url":"https:\/\/secure.gravatar.com\/avatar\/55cb5e37c1efa326397366e6974cb338056df65cb50e7d64d1cf314e87504837?s=96&d=mm&r=g","contentUrl":"https:\/\/secure.gravatar.com\/avatar\/55cb5e37c1efa326397366e6974cb338056df65cb50e7d64d1cf314e87504837?s=96&d=mm&r=g","caption":"Arnaldo Botto"},"url":"https:\/\/www.noticiasradioreflejos.com.ar\/2021\/author\/arnaldo\/"}]}},"_links":{"self":[{"href":"https:\/\/www.noticiasradioreflejos.com.ar\/2021\/wp-json\/wp\/v2\/posts\/36573","targetHints":{"allow":["GET"]}}],"collection":[{"href":"https:\/\/www.noticiasradioreflejos.com.ar\/2021\/wp-json\/wp\/v2\/posts"}],"about":[{"href":"https:\/\/www.noticiasradioreflejos.com.ar\/2021\/wp-json\/wp\/v2\/types\/post"}],"author":[{"embeddable":true,"href":"https:\/\/www.noticiasradioreflejos.com.ar\/2021\/wp-json\/wp\/v2\/users\/3"}],"replies":[{"embeddable":true,"href":"https:\/\/www.noticiasradioreflejos.com.ar\/2021\/wp-json\/wp\/v2\/comments?post=36573"}],"version-history":[{"count":0,"href":"https:\/\/www.noticiasradioreflejos.com.ar\/2021\/wp-json\/wp\/v2\/posts\/36573\/revisions"}],"wp:attachment":[{"href":"https:\/\/www.noticiasradioreflejos.com.ar\/2021\/wp-json\/wp\/v2\/media?parent=36573"}],"wp:term":[{"taxonomy":"category","embeddable":true,"href":"https:\/\/www.noticiasradioreflejos.com.ar\/2021\/wp-json\/wp\/v2\/categories?post=36573"},{"taxonomy":"post_tag","embeddable":true,"href":"https:\/\/www.noticiasradioreflejos.com.ar\/2021\/wp-json\/wp\/v2\/tags?post=36573"}],"curies":[{"name":"wp","href":"https:\/\/api.w.org\/{rel}","templated":true}]}}