{"id":36564,"date":"2019-11-20T09:36:27","date_gmt":"2019-11-20T12:36:27","guid":{"rendered":"http:\/\/www.noticiasradioreflejos.com.ar\/noticias\/?p=36564"},"modified":"2019-11-20T09:36:27","modified_gmt":"2019-11-20T12:36:27","slug":"indice-de-ocupacion-en-la-comarca-serrana-este-fin-de-semana-largo","status":"publish","type":"post","link":"https:\/\/www.noticiasradioreflejos.com.ar\/2021\/indice-de-ocupacion-en-la-comarca-serrana-este-fin-de-semana-largo\/","title":{"rendered":"Indice de ocupaci\u00f3n en la Comarca Serrana este fin de semana largo"},"content":{"rendered":"<p>La Secretaria de Turismo pone en conocimiento de la poblaci\u00f3n, que durante este \u00faltimo fin de semana largo de noviembre 2019, el promedio de ocupaci\u00f3n total de la Comarca Serrana fue de 78%. Es importante destacar que se mantuvo e igual\u00f3 el nivel de ocupaci\u00f3n registrado durante el mismo fin de semana del a\u00f1o 2018.<!--more--><br \/>\nLa localidad m\u00e1s elegida fue Sierra de la Ventana, con un \u00edndice de 90% de ocupaci\u00f3n, la segunda elecci\u00f3n de los turistas fue Villa Ventana con 84.95%, y en tercer lugar qued\u00f3 la ciudad cabecera de nuestro distrito con un 60%.<br \/>\nPor otro lado, se recuerda a los prestadores tur\u00edstico que se contin\u00faa con la tarea de habilitaci\u00f3n en cada uno de los rubros. En tal sentido, solicitamos a todos aquellos que no se encuentren habilitados, acercarse al municipio o delegaci\u00f3n correspondiente, para regularizar su situaci\u00f3n, con el objetivo de garantizar una justa competencia en el sector.<\/p>\n","protected":false},"excerpt":{"rendered":"<p>La Secretaria de Turismo pone en conocimiento de la poblaci\u00f3n, que durante este \u00faltimo fin de semana largo de noviembre 2019, el promedio de ocupaci\u00f3n total de la Comarca Serrana fue de 78%. Es importante destacar que se mantuvo e igual\u00f3 el nivel de ocupaci\u00f3n registrado durante el mismo fin de semana del a\u00f1o 2018.<\/p>\n","protected":false},"author":3,"featured_media":7098,"comment_status":"closed","ping_status":"open","sticky":false,"template":"","format":"standard","meta":{"footnotes":""},"categories":[33],"tags":[],"class_list":["post-36564","post","type-post","status-publish","format-standard","has-post-thumbnail","hentry","category-turismo"],"yoast_head":"<!-- This site is optimized with the Yoast SEO plugin v25.9 - https:\/\/yoast.com\/wordpress\/plugins\/seo\/ -->\n<title>Indice de ocupaci\u00f3n en la Comarca Serrana este fin de semana largo - Noticias Radio Reflejos<\/title>\n<meta name=\"robots\" content=\"index, follow, max-snippet:-1, max-image-preview:large, max-video-preview:-1\" \/>\n<link rel=\"canonical\" href=\"https:\/\/www.noticiasradioreflejos.com.ar\/2021\/indice-de-ocupacion-en-la-comarca-serrana-este-fin-de-semana-largo\/\" \/>\n<meta property=\"og:locale\" content=\"es_ES\" \/>\n<meta property=\"og:type\" content=\"article\" \/>\n<meta property=\"og:title\" content=\"Indice de ocupaci\u00f3n en la Comarca Serrana este fin de semana largo - Noticias Radio Reflejos\" \/>\n<meta property=\"og:description\" content=\"La Secretaria de Turismo pone en conocimiento de la poblaci\u00f3n, que durante este \u00faltimo fin de semana largo de noviembre 2019, el promedio de ocupaci\u00f3n total de la Comarca Serrana fue de 78%. Es importante destacar que se mantuvo e igual\u00f3 el nivel de ocupaci\u00f3n registrado durante el mismo fin de semana del a\u00f1o 2018.\" \/>\n<meta property=\"og:url\" content=\"https:\/\/www.noticiasradioreflejos.com.ar\/2021\/indice-de-ocupacion-en-la-comarca-serrana-este-fin-de-semana-largo\/\" \/>\n<meta property=\"og:site_name\" content=\"Noticias Radio Reflejos\" \/>\n<meta property=\"article:published_time\" content=\"2019-11-20T12:36:27+00:00\" \/>\n<meta property=\"og:image\" content=\"https:\/\/www.noticiasradioreflejos.com.ar\/2021\/wp-content\/uploads\/2017\/02\/Los-angelitos.jpg\" \/>\n\t<meta property=\"og:image:width\" content=\"1024\" \/>\n\t<meta property=\"og:image:height\" content=\"768\" \/>\n\t<meta property=\"og:image:type\" content=\"image\/jpeg\" \/>\n<meta name=\"author\" content=\"Arnaldo Botto\" \/>\n<meta name=\"twitter:card\" content=\"summary_large_image\" \/>\n<script type=\"application\/ld+json\" class=\"yoast-schema-graph\">{\"@context\":\"https:\/\/schema.org\",\"@graph\":[{\"@type\":\"WebPage\",\"@id\":\"https:\/\/www.noticiasradioreflejos.com.ar\/2021\/indice-de-ocupacion-en-la-comarca-serrana-este-fin-de-semana-largo\/\",\"url\":\"https:\/\/www.noticiasradioreflejos.com.ar\/2021\/indice-de-ocupacion-en-la-comarca-serrana-este-fin-de-semana-largo\/\",\"name\":\"Indice de ocupaci\u00f3n en la Comarca Serrana este fin de semana largo - Noticias Radio Reflejos\",\"isPartOf\":{\"@id\":\"https:\/\/www.noticiasradioreflejos.com.ar\/2021\/#website\"},\"primaryImageOfPage\":{\"@id\":\"https:\/\/www.noticiasradioreflejos.com.ar\/2021\/indice-de-ocupacion-en-la-comarca-serrana-este-fin-de-semana-largo\/#primaryimage\"},\"image\":{\"@id\":\"https:\/\/www.noticiasradioreflejos.com.ar\/2021\/indice-de-ocupacion-en-la-comarca-serrana-este-fin-de-semana-largo\/#primaryimage\"},\"thumbnailUrl\":\"https:\/\/www.noticiasradioreflejos.com.ar\/2021\/wp-content\/uploads\/2017\/02\/Los-angelitos.jpg\",\"datePublished\":\"2019-11-20T12:36:27+00:00\",\"author\":{\"@id\":\"https:\/\/www.noticiasradioreflejos.com.ar\/2021\/#\/schema\/person\/ad82545263dcc5ec0996818884fd5fb1\"},\"breadcrumb\":{\"@id\":\"https:\/\/www.noticiasradioreflejos.com.ar\/2021\/indice-de-ocupacion-en-la-comarca-serrana-este-fin-de-semana-largo\/#breadcrumb\"},\"inLanguage\":\"es\",\"potentialAction\":[{\"@type\":\"ReadAction\",\"target\":[\"https:\/\/www.noticiasradioreflejos.com.ar\/2021\/indice-de-ocupacion-en-la-comarca-serrana-este-fin-de-semana-largo\/\"]}]},{\"@type\":\"ImageObject\",\"inLanguage\":\"es\",\"@id\":\"https:\/\/www.noticiasradioreflejos.com.ar\/2021\/indice-de-ocupacion-en-la-comarca-serrana-este-fin-de-semana-largo\/#primaryimage\",\"url\":\"https:\/\/www.noticiasradioreflejos.com.ar\/2021\/wp-content\/uploads\/2017\/02\/Los-angelitos.jpg\",\"contentUrl\":\"https:\/\/www.noticiasradioreflejos.com.ar\/2021\/wp-content\/uploads\/2017\/02\/Los-angelitos.jpg\",\"width\":1024,\"height\":768},{\"@type\":\"BreadcrumbList\",\"@id\":\"https:\/\/www.noticiasradioreflejos.com.ar\/2021\/indice-de-ocupacion-en-la-comarca-serrana-este-fin-de-semana-largo\/#breadcrumb\",\"itemListElement\":[{\"@type\":\"ListItem\",\"position\":1,\"name\":\"Portada\",\"item\":\"https:\/\/www.noticiasradioreflejos.com.ar\/2021\/\"},{\"@type\":\"ListItem\",\"position\":2,\"name\":\"Indice de ocupaci\u00f3n en la Comarca Serrana este fin de semana largo\"}]},{\"@type\":\"WebSite\",\"@id\":\"https:\/\/www.noticiasradioreflejos.com.ar\/2021\/#website\",\"url\":\"https:\/\/www.noticiasradioreflejos.com.ar\/2021\/\",\"name\":\"Noticias Radio Reflejos\",\"description\":\"Las noticias de mi comarca\",\"potentialAction\":[{\"@type\":\"SearchAction\",\"target\":{\"@type\":\"EntryPoint\",\"urlTemplate\":\"https:\/\/www.noticiasradioreflejos.com.ar\/2021\/?s={search_term_string}\"},\"query-input\":{\"@type\":\"PropertyValueSpecification\",\"valueRequired\":true,\"valueName\":\"search_term_string\"}}],\"inLanguage\":\"es\"},{\"@type\":\"Person\",\"@id\":\"https:\/\/www.noticiasradioreflejos.com.ar\/2021\/#\/schema\/person\/ad82545263dcc5ec0996818884fd5fb1\",\"name\":\"Arnaldo Botto\",\"image\":{\"@type\":\"ImageObject\",\"inLanguage\":\"es\",\"@id\":\"https:\/\/www.noticiasradioreflejos.com.ar\/2021\/#\/schema\/person\/image\/\",\"url\":\"https:\/\/secure.gravatar.com\/avatar\/55cb5e37c1efa326397366e6974cb338056df65cb50e7d64d1cf314e87504837?s=96&d=mm&r=g\",\"contentUrl\":\"https:\/\/secure.gravatar.com\/avatar\/55cb5e37c1efa326397366e6974cb338056df65cb50e7d64d1cf314e87504837?s=96&d=mm&r=g\",\"caption\":\"Arnaldo Botto\"},\"url\":\"https:\/\/www.noticiasradioreflejos.com.ar\/2021\/author\/arnaldo\/\"}]}<\/script>\n<!-- \/ Yoast SEO plugin. -->","yoast_head_json":{"title":"Indice de ocupaci\u00f3n en la Comarca Serrana este fin de semana largo - Noticias Radio Reflejos","robots":{"index":"index","follow":"follow","max-snippet":"max-snippet:-1","max-image-preview":"max-image-preview:large","max-video-preview":"max-video-preview:-1"},"canonical":"https:\/\/www.noticiasradioreflejos.com.ar\/2021\/indice-de-ocupacion-en-la-comarca-serrana-este-fin-de-semana-largo\/","og_locale":"es_ES","og_type":"article","og_title":"Indice de ocupaci\u00f3n en la Comarca Serrana este fin de semana largo - Noticias Radio Reflejos","og_description":"La Secretaria de Turismo pone en conocimiento de la poblaci\u00f3n, que durante este \u00faltimo fin de semana largo de noviembre 2019, el promedio de ocupaci\u00f3n total de la Comarca Serrana fue de 78%. Es importante destacar que se mantuvo e igual\u00f3 el nivel de ocupaci\u00f3n registrado durante el mismo fin de semana del a\u00f1o 2018.","og_url":"https:\/\/www.noticiasradioreflejos.com.ar\/2021\/indice-de-ocupacion-en-la-comarca-serrana-este-fin-de-semana-largo\/","og_site_name":"Noticias Radio Reflejos","article_published_time":"2019-11-20T12:36:27+00:00","og_image":[{"width":1024,"height":768,"url":"https:\/\/www.noticiasradioreflejos.com.ar\/2021\/wp-content\/uploads\/2017\/02\/Los-angelitos.jpg","type":"image\/jpeg"}],"author":"Arnaldo Botto","twitter_card":"summary_large_image","schema":{"@context":"https:\/\/schema.org","@graph":[{"@type":"WebPage","@id":"https:\/\/www.noticiasradioreflejos.com.ar\/2021\/indice-de-ocupacion-en-la-comarca-serrana-este-fin-de-semana-largo\/","url":"https:\/\/www.noticiasradioreflejos.com.ar\/2021\/indice-de-ocupacion-en-la-comarca-serrana-este-fin-de-semana-largo\/","name":"Indice de ocupaci\u00f3n en la Comarca Serrana este fin de semana largo - Noticias Radio Reflejos","isPartOf":{"@id":"https:\/\/www.noticiasradioreflejos.com.ar\/2021\/#website"},"primaryImageOfPage":{"@id":"https:\/\/www.noticiasradioreflejos.com.ar\/2021\/indice-de-ocupacion-en-la-comarca-serrana-este-fin-de-semana-largo\/#primaryimage"},"image":{"@id":"https:\/\/www.noticiasradioreflejos.com.ar\/2021\/indice-de-ocupacion-en-la-comarca-serrana-este-fin-de-semana-largo\/#primaryimage"},"thumbnailUrl":"https:\/\/www.noticiasradioreflejos.com.ar\/2021\/wp-content\/uploads\/2017\/02\/Los-angelitos.jpg","datePublished":"2019-11-20T12:36:27+00:00","author":{"@id":"https:\/\/www.noticiasradioreflejos.com.ar\/2021\/#\/schema\/person\/ad82545263dcc5ec0996818884fd5fb1"},"breadcrumb":{"@id":"https:\/\/www.noticiasradioreflejos.com.ar\/2021\/indice-de-ocupacion-en-la-comarca-serrana-este-fin-de-semana-largo\/#breadcrumb"},"inLanguage":"es","potentialAction":[{"@type":"ReadAction","target":["https:\/\/www.noticiasradioreflejos.com.ar\/2021\/indice-de-ocupacion-en-la-comarca-serrana-este-fin-de-semana-largo\/"]}]},{"@type":"ImageObject","inLanguage":"es","@id":"https:\/\/www.noticiasradioreflejos.com.ar\/2021\/indice-de-ocupacion-en-la-comarca-serrana-este-fin-de-semana-largo\/#primaryimage","url":"https:\/\/www.noticiasradioreflejos.com.ar\/2021\/wp-content\/uploads\/2017\/02\/Los-angelitos.jpg","contentUrl":"https:\/\/www.noticiasradioreflejos.com.ar\/2021\/wp-content\/uploads\/2017\/02\/Los-angelitos.jpg","width":1024,"height":768},{"@type":"BreadcrumbList","@id":"https:\/\/www.noticiasradioreflejos.com.ar\/2021\/indice-de-ocupacion-en-la-comarca-serrana-este-fin-de-semana-largo\/#breadcrumb","itemListElement":[{"@type":"ListItem","position":1,"name":"Portada","item":"https:\/\/www.noticiasradioreflejos.com.ar\/2021\/"},{"@type":"ListItem","position":2,"name":"Indice de ocupaci\u00f3n en la Comarca Serrana este fin de semana largo"}]},{"@type":"WebSite","@id":"https:\/\/www.noticiasradioreflejos.com.ar\/2021\/#website","url":"https:\/\/www.noticiasradioreflejos.com.ar\/2021\/","name":"Noticias Radio Reflejos","description":"Las noticias de mi comarca","potentialAction":[{"@type":"SearchAction","target":{"@type":"EntryPoint","urlTemplate":"https:\/\/www.noticiasradioreflejos.com.ar\/2021\/?s={search_term_string}"},"query-input":{"@type":"PropertyValueSpecification","valueRequired":true,"valueName":"search_term_string"}}],"inLanguage":"es"},{"@type":"Person","@id":"https:\/\/www.noticiasradioreflejos.com.ar\/2021\/#\/schema\/person\/ad82545263dcc5ec0996818884fd5fb1","name":"Arnaldo Botto","image":{"@type":"ImageObject","inLanguage":"es","@id":"https:\/\/www.noticiasradioreflejos.com.ar\/2021\/#\/schema\/person\/image\/","url":"https:\/\/secure.gravatar.com\/avatar\/55cb5e37c1efa326397366e6974cb338056df65cb50e7d64d1cf314e87504837?s=96&d=mm&r=g","contentUrl":"https:\/\/secure.gravatar.com\/avatar\/55cb5e37c1efa326397366e6974cb338056df65cb50e7d64d1cf314e87504837?s=96&d=mm&r=g","caption":"Arnaldo Botto"},"url":"https:\/\/www.noticiasradioreflejos.com.ar\/2021\/author\/arnaldo\/"}]}},"_links":{"self":[{"href":"https:\/\/www.noticiasradioreflejos.com.ar\/2021\/wp-json\/wp\/v2\/posts\/36564","targetHints":{"allow":["GET"]}}],"collection":[{"href":"https:\/\/www.noticiasradioreflejos.com.ar\/2021\/wp-json\/wp\/v2\/posts"}],"about":[{"href":"https:\/\/www.noticiasradioreflejos.com.ar\/2021\/wp-json\/wp\/v2\/types\/post"}],"author":[{"embeddable":true,"href":"https:\/\/www.noticiasradioreflejos.com.ar\/2021\/wp-json\/wp\/v2\/users\/3"}],"replies":[{"embeddable":true,"href":"https:\/\/www.noticiasradioreflejos.com.ar\/2021\/wp-json\/wp\/v2\/comments?post=36564"}],"version-history":[{"count":0,"href":"https:\/\/www.noticiasradioreflejos.com.ar\/2021\/wp-json\/wp\/v2\/posts\/36564\/revisions"}],"wp:featuredmedia":[{"embeddable":true,"href":"https:\/\/www.noticiasradioreflejos.com.ar\/2021\/wp-json\/wp\/v2\/media\/7098"}],"wp:attachment":[{"href":"https:\/\/www.noticiasradioreflejos.com.ar\/2021\/wp-json\/wp\/v2\/media?parent=36564"}],"wp:term":[{"taxonomy":"category","embeddable":true,"href":"https:\/\/www.noticiasradioreflejos.com.ar\/2021\/wp-json\/wp\/v2\/categories?post=36564"},{"taxonomy":"post_tag","embeddable":true,"href":"https:\/\/www.noticiasradioreflejos.com.ar\/2021\/wp-json\/wp\/v2\/tags?post=36564"}],"curies":[{"name":"wp","href":"https:\/\/api.w.org\/{rel}","templated":true}]}}