{"id":36555,"date":"2019-11-19T17:33:58","date_gmt":"2019-11-19T20:33:58","guid":{"rendered":"http:\/\/www.noticiasradioreflejos.com.ar\/noticias\/?p=36555"},"modified":"2019-11-19T17:33:58","modified_gmt":"2019-11-19T20:33:58","slug":"se-llevo-a-cabo-el-primer-concurso-cervecero-de-la-comarca","status":"publish","type":"post","link":"https:\/\/www.noticiasradioreflejos.com.ar\/2021\/se-llevo-a-cabo-el-primer-concurso-cervecero-de-la-comarca\/","title":{"rendered":"Se llev\u00f3 a cabo el primer concurso cervecero de la Comarca"},"content":{"rendered":"<p><a title=\"Congreso Cervecero (52)\" href=\"http:\/\/live.staticflickr.com\/65535\/49091402863_1b2e1f71ac_s.jpg\" rel=\"\"><img loading=\"lazy\" decoding=\"async\" class=\"alignleft\" style=\"float: left;\" title=\"Congreso Cervecero (52)\" src=\"http:\/\/live.staticflickr.com\/65535\/49091402863_1b2e1f71ac.jpg\" alt=\"Congreso Cervecero (52)\" width=\"500\" height=\"281\" \/><\/a>Este fin de semana, se llev\u00f3 a cabo la Copa Cervecera \u201cVentania Beer Cup\u201d, en el Centro Cultural de Sierra de la Ventana.<!--more--><br \/>\nProductores locales, regionales y nacionales participaron del congreso cervecero que tuvo lugar en nuestro distrito, con el objetivo de acompa\u00f1ar y potenciar el crecimiento del mercado local, e incentivar a los emprendedores a alcanzar la excelencia en calidad.<br \/>\nParalelamente al concurso, donde todos los productores locales presentaron sus muestras para ser evaluadas en distintas categor\u00edas; se realiz\u00f3 una serie de talleres sobre manejo del agua, dise\u00f1o de recetas, calidad de producto y soluci\u00f3n de problemas, adem\u00e1s se brindaron charlas abiertas sobre lupus, cr\u00e9ditos para fortalecer la producci\u00f3n e impacto ambiental.<br \/>\nAdem\u00e1s se pudo disfrutar de espect\u00e1culos y patio gastron\u00f3mico, donde vecinos y turistas pudieron deleitarse con los distintos puestos artesanales de cerveza y productos regionales.<br \/>\nAcompa\u00f1aron estas jornadas, la Secretaria de Turismo Susana Dos Santos y el Director del mismo \u00e1rea, Martin Olhaberry, quienes manifestaron su apoyo y compromiso para el crecimiento de este sector cervecero, que se encuentra en pleno auge.<br \/>\nResultaron ganadores del \u201cVentania Beer Cup\u201d los siguientes productores:<br \/>\n<a title=\"premios\" href=\"http:\/\/live.staticflickr.com\/65535\/49091933126_87556bd560_s.jpg\" rel=\"\"><img loading=\"lazy\" decoding=\"async\" class=\"aligncenter\" title=\"premios\" src=\"http:\/\/live.staticflickr.com\/65535\/49091933126_87556bd560.jpg\" alt=\"premios\" width=\"274\" height=\"457\" \/><\/a><\/p>\n","protected":false},"excerpt":{"rendered":"<p>Este fin de semana, se llev\u00f3 a cabo la Copa Cervecera \u201cVentania Beer Cup\u201d, en el Centro Cultural de Sierra de la Ventana.<\/p>\n","protected":false},"author":3,"featured_media":0,"comment_status":"closed","ping_status":"open","sticky":false,"template":"","format":"standard","meta":{"footnotes":""},"categories":[33],"tags":[],"class_list":["post-36555","post","type-post","status-publish","format-standard","hentry","category-turismo"],"yoast_head":"<!-- This site is optimized with the Yoast SEO plugin v25.9 - https:\/\/yoast.com\/wordpress\/plugins\/seo\/ -->\n<title>Se llev\u00f3 a cabo el primer concurso cervecero de la Comarca - Noticias Radio Reflejos<\/title>\n<meta name=\"robots\" content=\"index, follow, max-snippet:-1, max-image-preview:large, max-video-preview:-1\" \/>\n<link rel=\"canonical\" href=\"https:\/\/www.noticiasradioreflejos.com.ar\/2021\/se-llevo-a-cabo-el-primer-concurso-cervecero-de-la-comarca\/\" \/>\n<meta property=\"og:locale\" content=\"es_ES\" \/>\n<meta property=\"og:type\" content=\"article\" \/>\n<meta property=\"og:title\" content=\"Se llev\u00f3 a cabo el primer concurso cervecero de la Comarca - Noticias Radio Reflejos\" \/>\n<meta property=\"og:description\" content=\"Este fin de semana, se llev\u00f3 a cabo la Copa Cervecera \u201cVentania Beer Cup\u201d, en el Centro Cultural de Sierra de la Ventana.\" \/>\n<meta property=\"og:url\" content=\"https:\/\/www.noticiasradioreflejos.com.ar\/2021\/se-llevo-a-cabo-el-primer-concurso-cervecero-de-la-comarca\/\" \/>\n<meta property=\"og:site_name\" content=\"Noticias Radio Reflejos\" \/>\n<meta property=\"article:published_time\" content=\"2019-11-19T20:33:58+00:00\" \/>\n<meta property=\"og:image\" content=\"http:\/\/live.staticflickr.com\/65535\/49091402863_1b2e1f71ac.jpg\" \/>\n<meta name=\"author\" content=\"Arnaldo Botto\" \/>\n<meta name=\"twitter:card\" content=\"summary_large_image\" \/>\n<script type=\"application\/ld+json\" class=\"yoast-schema-graph\">{\"@context\":\"https:\/\/schema.org\",\"@graph\":[{\"@type\":\"WebPage\",\"@id\":\"https:\/\/www.noticiasradioreflejos.com.ar\/2021\/se-llevo-a-cabo-el-primer-concurso-cervecero-de-la-comarca\/\",\"url\":\"https:\/\/www.noticiasradioreflejos.com.ar\/2021\/se-llevo-a-cabo-el-primer-concurso-cervecero-de-la-comarca\/\",\"name\":\"Se llev\u00f3 a cabo el primer concurso cervecero de la Comarca - Noticias Radio Reflejos\",\"isPartOf\":{\"@id\":\"https:\/\/www.noticiasradioreflejos.com.ar\/2021\/#website\"},\"primaryImageOfPage\":{\"@id\":\"https:\/\/www.noticiasradioreflejos.com.ar\/2021\/se-llevo-a-cabo-el-primer-concurso-cervecero-de-la-comarca\/#primaryimage\"},\"image\":{\"@id\":\"https:\/\/www.noticiasradioreflejos.com.ar\/2021\/se-llevo-a-cabo-el-primer-concurso-cervecero-de-la-comarca\/#primaryimage\"},\"thumbnailUrl\":\"http:\/\/live.staticflickr.com\/65535\/49091402863_1b2e1f71ac.jpg\",\"datePublished\":\"2019-11-19T20:33:58+00:00\",\"author\":{\"@id\":\"https:\/\/www.noticiasradioreflejos.com.ar\/2021\/#\/schema\/person\/ad82545263dcc5ec0996818884fd5fb1\"},\"breadcrumb\":{\"@id\":\"https:\/\/www.noticiasradioreflejos.com.ar\/2021\/se-llevo-a-cabo-el-primer-concurso-cervecero-de-la-comarca\/#breadcrumb\"},\"inLanguage\":\"es\",\"potentialAction\":[{\"@type\":\"ReadAction\",\"target\":[\"https:\/\/www.noticiasradioreflejos.com.ar\/2021\/se-llevo-a-cabo-el-primer-concurso-cervecero-de-la-comarca\/\"]}]},{\"@type\":\"ImageObject\",\"inLanguage\":\"es\",\"@id\":\"https:\/\/www.noticiasradioreflejos.com.ar\/2021\/se-llevo-a-cabo-el-primer-concurso-cervecero-de-la-comarca\/#primaryimage\",\"url\":\"http:\/\/live.staticflickr.com\/65535\/49091402863_1b2e1f71ac.jpg\",\"contentUrl\":\"http:\/\/live.staticflickr.com\/65535\/49091402863_1b2e1f71ac.jpg\"},{\"@type\":\"BreadcrumbList\",\"@id\":\"https:\/\/www.noticiasradioreflejos.com.ar\/2021\/se-llevo-a-cabo-el-primer-concurso-cervecero-de-la-comarca\/#breadcrumb\",\"itemListElement\":[{\"@type\":\"ListItem\",\"position\":1,\"name\":\"Portada\",\"item\":\"https:\/\/www.noticiasradioreflejos.com.ar\/2021\/\"},{\"@type\":\"ListItem\",\"position\":2,\"name\":\"Se llev\u00f3 a cabo el primer concurso cervecero de la Comarca\"}]},{\"@type\":\"WebSite\",\"@id\":\"https:\/\/www.noticiasradioreflejos.com.ar\/2021\/#website\",\"url\":\"https:\/\/www.noticiasradioreflejos.com.ar\/2021\/\",\"name\":\"Noticias Radio Reflejos\",\"description\":\"Las noticias de mi comarca\",\"potentialAction\":[{\"@type\":\"SearchAction\",\"target\":{\"@type\":\"EntryPoint\",\"urlTemplate\":\"https:\/\/www.noticiasradioreflejos.com.ar\/2021\/?s={search_term_string}\"},\"query-input\":{\"@type\":\"PropertyValueSpecification\",\"valueRequired\":true,\"valueName\":\"search_term_string\"}}],\"inLanguage\":\"es\"},{\"@type\":\"Person\",\"@id\":\"https:\/\/www.noticiasradioreflejos.com.ar\/2021\/#\/schema\/person\/ad82545263dcc5ec0996818884fd5fb1\",\"name\":\"Arnaldo Botto\",\"image\":{\"@type\":\"ImageObject\",\"inLanguage\":\"es\",\"@id\":\"https:\/\/www.noticiasradioreflejos.com.ar\/2021\/#\/schema\/person\/image\/\",\"url\":\"https:\/\/secure.gravatar.com\/avatar\/55cb5e37c1efa326397366e6974cb338056df65cb50e7d64d1cf314e87504837?s=96&d=mm&r=g\",\"contentUrl\":\"https:\/\/secure.gravatar.com\/avatar\/55cb5e37c1efa326397366e6974cb338056df65cb50e7d64d1cf314e87504837?s=96&d=mm&r=g\",\"caption\":\"Arnaldo Botto\"},\"url\":\"https:\/\/www.noticiasradioreflejos.com.ar\/2021\/author\/arnaldo\/\"}]}<\/script>\n<!-- \/ Yoast SEO plugin. -->","yoast_head_json":{"title":"Se llev\u00f3 a cabo el primer concurso cervecero de la Comarca - Noticias Radio Reflejos","robots":{"index":"index","follow":"follow","max-snippet":"max-snippet:-1","max-image-preview":"max-image-preview:large","max-video-preview":"max-video-preview:-1"},"canonical":"https:\/\/www.noticiasradioreflejos.com.ar\/2021\/se-llevo-a-cabo-el-primer-concurso-cervecero-de-la-comarca\/","og_locale":"es_ES","og_type":"article","og_title":"Se llev\u00f3 a cabo el primer concurso cervecero de la Comarca - Noticias Radio Reflejos","og_description":"Este fin de semana, se llev\u00f3 a cabo la Copa Cervecera \u201cVentania Beer Cup\u201d, en el Centro Cultural de Sierra de la Ventana.","og_url":"https:\/\/www.noticiasradioreflejos.com.ar\/2021\/se-llevo-a-cabo-el-primer-concurso-cervecero-de-la-comarca\/","og_site_name":"Noticias Radio Reflejos","article_published_time":"2019-11-19T20:33:58+00:00","og_image":[{"url":"http:\/\/live.staticflickr.com\/65535\/49091402863_1b2e1f71ac.jpg","type":"","width":"","height":""}],"author":"Arnaldo Botto","twitter_card":"summary_large_image","schema":{"@context":"https:\/\/schema.org","@graph":[{"@type":"WebPage","@id":"https:\/\/www.noticiasradioreflejos.com.ar\/2021\/se-llevo-a-cabo-el-primer-concurso-cervecero-de-la-comarca\/","url":"https:\/\/www.noticiasradioreflejos.com.ar\/2021\/se-llevo-a-cabo-el-primer-concurso-cervecero-de-la-comarca\/","name":"Se llev\u00f3 a cabo el primer concurso cervecero de la Comarca - Noticias Radio Reflejos","isPartOf":{"@id":"https:\/\/www.noticiasradioreflejos.com.ar\/2021\/#website"},"primaryImageOfPage":{"@id":"https:\/\/www.noticiasradioreflejos.com.ar\/2021\/se-llevo-a-cabo-el-primer-concurso-cervecero-de-la-comarca\/#primaryimage"},"image":{"@id":"https:\/\/www.noticiasradioreflejos.com.ar\/2021\/se-llevo-a-cabo-el-primer-concurso-cervecero-de-la-comarca\/#primaryimage"},"thumbnailUrl":"http:\/\/live.staticflickr.com\/65535\/49091402863_1b2e1f71ac.jpg","datePublished":"2019-11-19T20:33:58+00:00","author":{"@id":"https:\/\/www.noticiasradioreflejos.com.ar\/2021\/#\/schema\/person\/ad82545263dcc5ec0996818884fd5fb1"},"breadcrumb":{"@id":"https:\/\/www.noticiasradioreflejos.com.ar\/2021\/se-llevo-a-cabo-el-primer-concurso-cervecero-de-la-comarca\/#breadcrumb"},"inLanguage":"es","potentialAction":[{"@type":"ReadAction","target":["https:\/\/www.noticiasradioreflejos.com.ar\/2021\/se-llevo-a-cabo-el-primer-concurso-cervecero-de-la-comarca\/"]}]},{"@type":"ImageObject","inLanguage":"es","@id":"https:\/\/www.noticiasradioreflejos.com.ar\/2021\/se-llevo-a-cabo-el-primer-concurso-cervecero-de-la-comarca\/#primaryimage","url":"http:\/\/live.staticflickr.com\/65535\/49091402863_1b2e1f71ac.jpg","contentUrl":"http:\/\/live.staticflickr.com\/65535\/49091402863_1b2e1f71ac.jpg"},{"@type":"BreadcrumbList","@id":"https:\/\/www.noticiasradioreflejos.com.ar\/2021\/se-llevo-a-cabo-el-primer-concurso-cervecero-de-la-comarca\/#breadcrumb","itemListElement":[{"@type":"ListItem","position":1,"name":"Portada","item":"https:\/\/www.noticiasradioreflejos.com.ar\/2021\/"},{"@type":"ListItem","position":2,"name":"Se llev\u00f3 a cabo el primer concurso cervecero de la Comarca"}]},{"@type":"WebSite","@id":"https:\/\/www.noticiasradioreflejos.com.ar\/2021\/#website","url":"https:\/\/www.noticiasradioreflejos.com.ar\/2021\/","name":"Noticias Radio Reflejos","description":"Las noticias de mi comarca","potentialAction":[{"@type":"SearchAction","target":{"@type":"EntryPoint","urlTemplate":"https:\/\/www.noticiasradioreflejos.com.ar\/2021\/?s={search_term_string}"},"query-input":{"@type":"PropertyValueSpecification","valueRequired":true,"valueName":"search_term_string"}}],"inLanguage":"es"},{"@type":"Person","@id":"https:\/\/www.noticiasradioreflejos.com.ar\/2021\/#\/schema\/person\/ad82545263dcc5ec0996818884fd5fb1","name":"Arnaldo Botto","image":{"@type":"ImageObject","inLanguage":"es","@id":"https:\/\/www.noticiasradioreflejos.com.ar\/2021\/#\/schema\/person\/image\/","url":"https:\/\/secure.gravatar.com\/avatar\/55cb5e37c1efa326397366e6974cb338056df65cb50e7d64d1cf314e87504837?s=96&d=mm&r=g","contentUrl":"https:\/\/secure.gravatar.com\/avatar\/55cb5e37c1efa326397366e6974cb338056df65cb50e7d64d1cf314e87504837?s=96&d=mm&r=g","caption":"Arnaldo Botto"},"url":"https:\/\/www.noticiasradioreflejos.com.ar\/2021\/author\/arnaldo\/"}]}},"_links":{"self":[{"href":"https:\/\/www.noticiasradioreflejos.com.ar\/2021\/wp-json\/wp\/v2\/posts\/36555","targetHints":{"allow":["GET"]}}],"collection":[{"href":"https:\/\/www.noticiasradioreflejos.com.ar\/2021\/wp-json\/wp\/v2\/posts"}],"about":[{"href":"https:\/\/www.noticiasradioreflejos.com.ar\/2021\/wp-json\/wp\/v2\/types\/post"}],"author":[{"embeddable":true,"href":"https:\/\/www.noticiasradioreflejos.com.ar\/2021\/wp-json\/wp\/v2\/users\/3"}],"replies":[{"embeddable":true,"href":"https:\/\/www.noticiasradioreflejos.com.ar\/2021\/wp-json\/wp\/v2\/comments?post=36555"}],"version-history":[{"count":0,"href":"https:\/\/www.noticiasradioreflejos.com.ar\/2021\/wp-json\/wp\/v2\/posts\/36555\/revisions"}],"wp:attachment":[{"href":"https:\/\/www.noticiasradioreflejos.com.ar\/2021\/wp-json\/wp\/v2\/media?parent=36555"}],"wp:term":[{"taxonomy":"category","embeddable":true,"href":"https:\/\/www.noticiasradioreflejos.com.ar\/2021\/wp-json\/wp\/v2\/categories?post=36555"},{"taxonomy":"post_tag","embeddable":true,"href":"https:\/\/www.noticiasradioreflejos.com.ar\/2021\/wp-json\/wp\/v2\/tags?post=36555"}],"curies":[{"name":"wp","href":"https:\/\/api.w.org\/{rel}","templated":true}]}}