{"id":36552,"date":"2019-11-19T17:24:35","date_gmt":"2019-11-19T20:24:35","guid":{"rendered":"http:\/\/www.noticiasradioreflejos.com.ar\/noticias\/?p=36552"},"modified":"2019-11-19T17:24:35","modified_gmt":"2019-11-19T20:24:35","slug":"las-inferiores-de-automoto-se-despidieron-de-la-temporada","status":"publish","type":"post","link":"https:\/\/www.noticiasradioreflejos.com.ar\/2021\/las-inferiores-de-automoto-se-despidieron-de-la-temporada\/","title":{"rendered":"Las inferiores de Automoto se despidieron de la temporada"},"content":{"rendered":"<p>No pudo ser. Las tres categor\u00edas del Automoto Club Deportivo que continuaban en competencia cayeron en semifinales y se despidieron de la temporada 2019 de la Liga Regional de F\u00fatbol de Coronel Su\u00e1rez.<!--more--><br \/>\nEl Rojo, que hab\u00eda sido la instituci\u00f3n con mayor cantidad de equipos en esta instancia, cay\u00f3 en la definici\u00f3n por penales en el partido de S\u00e9ptima y perdi\u00f3 en el tiempo regular en Sexta y Octava, aunque estos resultados no empa\u00f1an para nada la excelente temporada desarrollada por las distintas divisionales.<br \/>\n   En la programaci\u00f3n desarrollada en cancha de Club Sarmiento de Pig\u00fc\u00e9, Automoto cedi\u00f3 ante Pe\u00f1arol de esa misma ciudad por 4 a 1. El tanto del descuento lo marc\u00f3 Nicol\u00e1s Abreg\u00fa, mientras que el golero pig\u00fcense le contuvo un penal a Luca Marzialetti cuando el juego estaba 3 a 0.<br \/>\n   El equipo form\u00f3 con Mirko Lencina; Agust\u00edn Herrada, Cristian Ferreyra, Ignacio Gonz\u00e1lez Aburto, Gian Cartuccia; Luca Marzialetti, Juan Toy, Emilio Sgammini; Nicol\u00e1s Abreg\u00fa, Danilo Cinquegrani y Tiziano Gambirassi. Luego ingresaron Augusto Braun, Mateo Bolletta y Tom\u00e1s Aldecoa.<br \/>\n   Por su parte, la S\u00e9ptima fue eliminada por Deportivo Argentino en la definici\u00f3n desde el punto del penal (3 a 2), despu\u00e9s de haber igualado 2 a 2 y haber sido notoriamente superior a su rival durante el partido (principalmente en el complemento).<br \/>\n   Ger\u00f3nimo Kugler anot\u00f3 los dos goles, el primero de penal y el segundo de manera ol\u00edmpica.<br \/>\n   Al momento de las ejecuciones desde los 12 pasos, para los chicos azulgranas marcaron Vladimir Ibarra y Rafael Molinero, mientras que fallaron Ger\u00f3nimo Kugler, Juan Mu\u00f1oz y Valent\u00edn Alric. El arquero Joaqu\u00edn \u201cChic\u00f3n\u201d Cisternas contuvo una de las ejecuciones de Argentino.<br \/>\n   El equipo de Juan Salazar, que desperdici\u00f3 much\u00edsimas chances de gol durante el tiempo regular, sali\u00f3 a la cancha con: Maximiliano Nievas; Rafael Molinero, Juan Mu\u00f1oz, Lucas Heckel, Vladimir Ibarra; Lautaro Sandoval, Lautaro Ferreyra, Juan Wallace, Ger\u00f3nimo Kugler; Tom\u00e1s Dorregaray y Valent\u00edn Alric. M\u00e1s tarde ingresaron Genaro Gandini, Joaqu\u00edn Ledesma y Joaqu\u00edn Cisternas.<br \/>\n   Finalmente, la Octava cay\u00f3 por 2 a 1 frente a Deportivo Sarmiento de Coronel Su\u00e1rez, pese a comenzar ganando y a contar con oportunidades de igualar el marcador en el complemento. La conquista fue de Mateo Toy.<br \/>\n   El equipo sali\u00f3 con: Luciano Sandobal; El\u00edas Cuevas, Santiago Hansel, Lucas Solano, Juli\u00e1n Trankels; Cristopher Salazar, Juan Flores, Giani Polio, Mateo Toy; Dylan Cornejo y Benjam\u00edn Mold\u00fa. Despu\u00e9s entraron Thiago Mu\u00f1oz, Ian Borches, Exequiel Sandobal, Lautaro Colado y Francisco Tobares.<br \/>\n   De esta manera finaliz\u00f3 la temporada oficial para los chicos de Automoto, que por tercer a\u00f1o consecutivo llegaron con al menos una categor\u00eda a semifinales, ratificando el muy buen trabajo que se viene desarrollando.<br \/>\nDepartamento de Prensa \u2013 Automoto Club Deportivo<br \/>\nwww.clubautomotopasion.com.ar<br \/>\nFacebook: \/automototornquist<br \/>\nTwitter: @ClubAutomoto<\/p>\n","protected":false},"excerpt":{"rendered":"<p>No pudo ser. Las tres categor\u00edas del Automoto Club Deportivo que continuaban en competencia cayeron en semifinales y se despidieron de la temporada 2019 de la Liga Regional de F\u00fatbol de Coronel Su\u00e1rez.<\/p>\n","protected":false},"author":3,"featured_media":0,"comment_status":"closed","ping_status":"open","sticky":false,"template":"","format":"standard","meta":{"footnotes":""},"categories":[27],"tags":[],"class_list":["post-36552","post","type-post","status-publish","format-standard","hentry","category-deportes"],"yoast_head":"<!-- This site is optimized with the Yoast SEO plugin v25.9 - https:\/\/yoast.com\/wordpress\/plugins\/seo\/ -->\n<title>Las inferiores de Automoto se despidieron de la temporada - Noticias Radio Reflejos<\/title>\n<meta name=\"robots\" content=\"index, follow, max-snippet:-1, max-image-preview:large, max-video-preview:-1\" \/>\n<link rel=\"canonical\" href=\"https:\/\/www.noticiasradioreflejos.com.ar\/2021\/las-inferiores-de-automoto-se-despidieron-de-la-temporada\/\" \/>\n<meta property=\"og:locale\" content=\"es_ES\" \/>\n<meta property=\"og:type\" content=\"article\" \/>\n<meta property=\"og:title\" content=\"Las inferiores de Automoto se despidieron de la temporada - Noticias Radio Reflejos\" \/>\n<meta property=\"og:description\" content=\"No pudo ser. Las tres categor\u00edas del Automoto Club Deportivo que continuaban en competencia cayeron en semifinales y se despidieron de la temporada 2019 de la Liga Regional de F\u00fatbol de Coronel Su\u00e1rez.\" \/>\n<meta property=\"og:url\" content=\"https:\/\/www.noticiasradioreflejos.com.ar\/2021\/las-inferiores-de-automoto-se-despidieron-de-la-temporada\/\" \/>\n<meta property=\"og:site_name\" content=\"Noticias Radio Reflejos\" \/>\n<meta property=\"article:published_time\" content=\"2019-11-19T20:24:35+00:00\" \/>\n<meta property=\"og:image\" content=\"https:\/\/www.noticiasradioreflejos.com.ar\/2021\/wp-content\/uploads\/2021\/07\/logosol300x200.png\" \/>\n\t<meta property=\"og:image:width\" content=\"300\" \/>\n\t<meta property=\"og:image:height\" content=\"200\" \/>\n\t<meta property=\"og:image:type\" content=\"image\/png\" \/>\n<meta name=\"author\" content=\"Arnaldo Botto\" \/>\n<meta name=\"twitter:card\" content=\"summary_large_image\" \/>\n<script type=\"application\/ld+json\" class=\"yoast-schema-graph\">{\"@context\":\"https:\/\/schema.org\",\"@graph\":[{\"@type\":\"WebPage\",\"@id\":\"https:\/\/www.noticiasradioreflejos.com.ar\/2021\/las-inferiores-de-automoto-se-despidieron-de-la-temporada\/\",\"url\":\"https:\/\/www.noticiasradioreflejos.com.ar\/2021\/las-inferiores-de-automoto-se-despidieron-de-la-temporada\/\",\"name\":\"Las inferiores de Automoto se despidieron de la temporada - Noticias Radio Reflejos\",\"isPartOf\":{\"@id\":\"https:\/\/www.noticiasradioreflejos.com.ar\/2021\/#website\"},\"datePublished\":\"2019-11-19T20:24:35+00:00\",\"author\":{\"@id\":\"https:\/\/www.noticiasradioreflejos.com.ar\/2021\/#\/schema\/person\/ad82545263dcc5ec0996818884fd5fb1\"},\"breadcrumb\":{\"@id\":\"https:\/\/www.noticiasradioreflejos.com.ar\/2021\/las-inferiores-de-automoto-se-despidieron-de-la-temporada\/#breadcrumb\"},\"inLanguage\":\"es\",\"potentialAction\":[{\"@type\":\"ReadAction\",\"target\":[\"https:\/\/www.noticiasradioreflejos.com.ar\/2021\/las-inferiores-de-automoto-se-despidieron-de-la-temporada\/\"]}]},{\"@type\":\"BreadcrumbList\",\"@id\":\"https:\/\/www.noticiasradioreflejos.com.ar\/2021\/las-inferiores-de-automoto-se-despidieron-de-la-temporada\/#breadcrumb\",\"itemListElement\":[{\"@type\":\"ListItem\",\"position\":1,\"name\":\"Portada\",\"item\":\"https:\/\/www.noticiasradioreflejos.com.ar\/2021\/\"},{\"@type\":\"ListItem\",\"position\":2,\"name\":\"Las inferiores de Automoto se despidieron de la temporada\"}]},{\"@type\":\"WebSite\",\"@id\":\"https:\/\/www.noticiasradioreflejos.com.ar\/2021\/#website\",\"url\":\"https:\/\/www.noticiasradioreflejos.com.ar\/2021\/\",\"name\":\"Noticias Radio Reflejos\",\"description\":\"Las noticias de mi comarca\",\"potentialAction\":[{\"@type\":\"SearchAction\",\"target\":{\"@type\":\"EntryPoint\",\"urlTemplate\":\"https:\/\/www.noticiasradioreflejos.com.ar\/2021\/?s={search_term_string}\"},\"query-input\":{\"@type\":\"PropertyValueSpecification\",\"valueRequired\":true,\"valueName\":\"search_term_string\"}}],\"inLanguage\":\"es\"},{\"@type\":\"Person\",\"@id\":\"https:\/\/www.noticiasradioreflejos.com.ar\/2021\/#\/schema\/person\/ad82545263dcc5ec0996818884fd5fb1\",\"name\":\"Arnaldo Botto\",\"image\":{\"@type\":\"ImageObject\",\"inLanguage\":\"es\",\"@id\":\"https:\/\/www.noticiasradioreflejos.com.ar\/2021\/#\/schema\/person\/image\/\",\"url\":\"https:\/\/secure.gravatar.com\/avatar\/55cb5e37c1efa326397366e6974cb338056df65cb50e7d64d1cf314e87504837?s=96&d=mm&r=g\",\"contentUrl\":\"https:\/\/secure.gravatar.com\/avatar\/55cb5e37c1efa326397366e6974cb338056df65cb50e7d64d1cf314e87504837?s=96&d=mm&r=g\",\"caption\":\"Arnaldo Botto\"},\"url\":\"https:\/\/www.noticiasradioreflejos.com.ar\/2021\/author\/arnaldo\/\"}]}<\/script>\n<!-- \/ Yoast SEO plugin. -->","yoast_head_json":{"title":"Las inferiores de Automoto se despidieron de la temporada - Noticias Radio Reflejos","robots":{"index":"index","follow":"follow","max-snippet":"max-snippet:-1","max-image-preview":"max-image-preview:large","max-video-preview":"max-video-preview:-1"},"canonical":"https:\/\/www.noticiasradioreflejos.com.ar\/2021\/las-inferiores-de-automoto-se-despidieron-de-la-temporada\/","og_locale":"es_ES","og_type":"article","og_title":"Las inferiores de Automoto se despidieron de la temporada - Noticias Radio Reflejos","og_description":"No pudo ser. Las tres categor\u00edas del Automoto Club Deportivo que continuaban en competencia cayeron en semifinales y se despidieron de la temporada 2019 de la Liga Regional de F\u00fatbol de Coronel Su\u00e1rez.","og_url":"https:\/\/www.noticiasradioreflejos.com.ar\/2021\/las-inferiores-de-automoto-se-despidieron-de-la-temporada\/","og_site_name":"Noticias Radio Reflejos","article_published_time":"2019-11-19T20:24:35+00:00","og_image":[{"width":300,"height":200,"url":"https:\/\/www.noticiasradioreflejos.com.ar\/2021\/wp-content\/uploads\/2021\/07\/logosol300x200.png","type":"image\/png"}],"author":"Arnaldo Botto","twitter_card":"summary_large_image","schema":{"@context":"https:\/\/schema.org","@graph":[{"@type":"WebPage","@id":"https:\/\/www.noticiasradioreflejos.com.ar\/2021\/las-inferiores-de-automoto-se-despidieron-de-la-temporada\/","url":"https:\/\/www.noticiasradioreflejos.com.ar\/2021\/las-inferiores-de-automoto-se-despidieron-de-la-temporada\/","name":"Las inferiores de Automoto se despidieron de la temporada - Noticias Radio Reflejos","isPartOf":{"@id":"https:\/\/www.noticiasradioreflejos.com.ar\/2021\/#website"},"datePublished":"2019-11-19T20:24:35+00:00","author":{"@id":"https:\/\/www.noticiasradioreflejos.com.ar\/2021\/#\/schema\/person\/ad82545263dcc5ec0996818884fd5fb1"},"breadcrumb":{"@id":"https:\/\/www.noticiasradioreflejos.com.ar\/2021\/las-inferiores-de-automoto-se-despidieron-de-la-temporada\/#breadcrumb"},"inLanguage":"es","potentialAction":[{"@type":"ReadAction","target":["https:\/\/www.noticiasradioreflejos.com.ar\/2021\/las-inferiores-de-automoto-se-despidieron-de-la-temporada\/"]}]},{"@type":"BreadcrumbList","@id":"https:\/\/www.noticiasradioreflejos.com.ar\/2021\/las-inferiores-de-automoto-se-despidieron-de-la-temporada\/#breadcrumb","itemListElement":[{"@type":"ListItem","position":1,"name":"Portada","item":"https:\/\/www.noticiasradioreflejos.com.ar\/2021\/"},{"@type":"ListItem","position":2,"name":"Las inferiores de Automoto se despidieron de la temporada"}]},{"@type":"WebSite","@id":"https:\/\/www.noticiasradioreflejos.com.ar\/2021\/#website","url":"https:\/\/www.noticiasradioreflejos.com.ar\/2021\/","name":"Noticias Radio Reflejos","description":"Las noticias de mi comarca","potentialAction":[{"@type":"SearchAction","target":{"@type":"EntryPoint","urlTemplate":"https:\/\/www.noticiasradioreflejos.com.ar\/2021\/?s={search_term_string}"},"query-input":{"@type":"PropertyValueSpecification","valueRequired":true,"valueName":"search_term_string"}}],"inLanguage":"es"},{"@type":"Person","@id":"https:\/\/www.noticiasradioreflejos.com.ar\/2021\/#\/schema\/person\/ad82545263dcc5ec0996818884fd5fb1","name":"Arnaldo Botto","image":{"@type":"ImageObject","inLanguage":"es","@id":"https:\/\/www.noticiasradioreflejos.com.ar\/2021\/#\/schema\/person\/image\/","url":"https:\/\/secure.gravatar.com\/avatar\/55cb5e37c1efa326397366e6974cb338056df65cb50e7d64d1cf314e87504837?s=96&d=mm&r=g","contentUrl":"https:\/\/secure.gravatar.com\/avatar\/55cb5e37c1efa326397366e6974cb338056df65cb50e7d64d1cf314e87504837?s=96&d=mm&r=g","caption":"Arnaldo Botto"},"url":"https:\/\/www.noticiasradioreflejos.com.ar\/2021\/author\/arnaldo\/"}]}},"_links":{"self":[{"href":"https:\/\/www.noticiasradioreflejos.com.ar\/2021\/wp-json\/wp\/v2\/posts\/36552","targetHints":{"allow":["GET"]}}],"collection":[{"href":"https:\/\/www.noticiasradioreflejos.com.ar\/2021\/wp-json\/wp\/v2\/posts"}],"about":[{"href":"https:\/\/www.noticiasradioreflejos.com.ar\/2021\/wp-json\/wp\/v2\/types\/post"}],"author":[{"embeddable":true,"href":"https:\/\/www.noticiasradioreflejos.com.ar\/2021\/wp-json\/wp\/v2\/users\/3"}],"replies":[{"embeddable":true,"href":"https:\/\/www.noticiasradioreflejos.com.ar\/2021\/wp-json\/wp\/v2\/comments?post=36552"}],"version-history":[{"count":0,"href":"https:\/\/www.noticiasradioreflejos.com.ar\/2021\/wp-json\/wp\/v2\/posts\/36552\/revisions"}],"wp:attachment":[{"href":"https:\/\/www.noticiasradioreflejos.com.ar\/2021\/wp-json\/wp\/v2\/media?parent=36552"}],"wp:term":[{"taxonomy":"category","embeddable":true,"href":"https:\/\/www.noticiasradioreflejos.com.ar\/2021\/wp-json\/wp\/v2\/categories?post=36552"},{"taxonomy":"post_tag","embeddable":true,"href":"https:\/\/www.noticiasradioreflejos.com.ar\/2021\/wp-json\/wp\/v2\/tags?post=36552"}],"curies":[{"name":"wp","href":"https:\/\/api.w.org\/{rel}","templated":true}]}}