{"id":36506,"date":"2019-11-17T15:35:59","date_gmt":"2019-11-17T18:35:59","guid":{"rendered":"http:\/\/www.noticiasradioreflejos.com.ar\/noticias\/?p=36506"},"modified":"2019-11-17T15:35:59","modified_gmt":"2019-11-17T18:35:59","slug":"exitosa-primer-jornada-del-congreso-cervecero-ventania-beer-fest-2019","status":"publish","type":"post","link":"https:\/\/www.noticiasradioreflejos.com.ar\/2021\/exitosa-primer-jornada-del-congreso-cervecero-ventania-beer-fest-2019\/","title":{"rendered":"Exitosa primer jornada del Congreso Cervecero &quot;Ventania Beer Fest 2019&quot;"},"content":{"rendered":"<hr \/>\n<p><a title=\"WhatsApp Image 2019-11-17 at 13.01.53\" href=\"http:\/\/live.staticflickr.com\/65535\/49079663758_63bfeee47c_s.jpg\" rel=\"\"><img loading=\"lazy\" decoding=\"async\" class=\"alignleft\" style=\"float: left;\" title=\"WhatsApp Image 2019-11-17 at 13.01.53\" src=\"http:\/\/live.staticflickr.com\/65535\/49079663758_63bfeee47c.jpg\" alt=\"WhatsApp Image 2019-11-17 at 13.01.53\" width=\"500\" height=\"375\" \/><\/a>Se lleva a cabo en el Centro Cultural de Sierra de la Ventana un <em>evento sin precedentes<\/em>, desde el viernes 15 hasta el lunes 18 de noviembre. En la primer jornada se dictaron talleres, cursos y capacitaciones a m\u00e1s de 35 cerveceros que llegaron de diferentes partes del pa\u00eds. El tiempo acompa\u00f1\u00f3 la jornada con una temperatura de m\u00e1s de 30\u00b0 durante y d\u00eda y cuando cay\u00f3 la tarde, el p\u00fablico se acerc\u00f3 al predio del Centro Cultural para disfrutar de espect\u00e1culos, feria de artesan\u00edas y productos regionales, variedad de propuestas gastron\u00f3micas y puestos con cervezas tiradas de la comarca y de otros lugares.<!--more--><br \/>\nEl d\u00eda se prest\u00f3 para la ocasi\u00f3n, una jornada calurosa y una tarde y noche fant\u00e1sticas para disfrutar del aire libre y de las propuestas que present\u00f3 este <strong>Primer Congreso Cervecero y Copa Ventania Beer Fest 2019<\/strong>. El trabajo de varios meses mostr\u00f3 sus frutos, y gran cantidad de p\u00fablico fue pasando y aprovechando la oportunidad para saborear esta \u00abbebida de Reyes\u00bb.<br \/>\nMuchos turistas que visitan la comarca por el fin de semana largo, se dieron un gran gusto en saborear la variedad de propuestas que se presentaban en el predio y que incluyen degustaci\u00f3n y venta de productos regionales, Trucks gastron\u00f3micos con sabros\u00edsimos y deleitantes productos, acompa\u00f1ados de puestos con productos artesanales y espect\u00e1culos para chicos y grandes en un escenario con inmejorable iluminaci\u00f3n y sonido.<br \/>\n<a title=\"Congreso Cervecero (35)\" href=\"http:\/\/live.staticflickr.com\/65535\/49080407332_358a6243e9_s.jpg\" rel=\"\"><img loading=\"lazy\" decoding=\"async\" class=\"alignleft\" style=\"float: left;\" title=\"Congreso Cervecero (35)\" src=\"http:\/\/live.staticflickr.com\/65535\/49080407332_358a6243e9.jpg\" alt=\"Congreso Cervecero (35)\" width=\"500\" height=\"281\" \/><\/a>Un circo a cielo abierto con el payaso <strong>\u00abChisperito\u00bb<\/strong>, malabaristas y variedad de propuestas present\u00f3 a los m\u00e1s chicos y grandes tambi\u00e9n una alternativa cuando la noche comenzaba a pisar la comarca, para continuar con bandas musicales locales y su propuesta.<br \/>\nLa fiesta contin\u00faa hoy, y ma\u00f1ana lunes 18, cuando el jurado presente su veredicto, se conocer\u00e1 el ganador de la Copa 2019 de entre las 50 variedades de cervezas que participan de todo el pa\u00eds, para lo cual trabajan 7 jueces internacionales que est\u00e1n presentes en Sierra de la Ventana, saboreando y calificando cada producto.<br \/>\n<a title=\"WhatsApp Image 2019-11-17 at 13.01.45\" href=\"http:\/\/live.staticflickr.com\/65535\/49080191186_df8bfda973_s.jpg\" rel=\"\"><img loading=\"lazy\" decoding=\"async\" class=\"aligncenter\" title=\"WhatsApp Image 2019-11-17 at 13.01.45\" src=\"http:\/\/live.staticflickr.com\/65535\/49080191186_df8bfda973_z.jpg\" alt=\"WhatsApp Image 2019-11-17 at 13.01.45\" width=\"640\" height=\"480\" \/><\/a><a title=\"Congreso Cervecero (46)\" href=\"http:\/\/live.staticflickr.com\/65535\/49080201976_b2537d40c2_s.jpg\" rel=\"\"><img loading=\"lazy\" decoding=\"async\" class=\"aligncenter\" title=\"Congreso Cervecero (46)\" src=\"http:\/\/live.staticflickr.com\/65535\/49080201976_b2537d40c2_z.jpg\" alt=\"Congreso Cervecero (46)\" width=\"640\" height=\"360\" \/><\/a><br \/>\n<strong>Marcelo Cachorro<\/strong> es productor de cerveza artesanal desde hace varios a\u00f1os en Sierra de la Ventana. Destaca el \u00abTrabajar con responsabilidad y prolijidad en la elaboraci\u00f3n de sus productos y anticipa la presentaci\u00f3n de un whisky y un Gin artesanales de la comarca. Su cerveza lleva la marca Lobo Negro, y en la nota nos cuenta el por qu\u00e9 del nombre.<br \/>\n<iframe loading=\"lazy\" src=\"https:\/\/w.soundcloud.com\/player\/?url=https%3A\/\/api.soundcloud.com\/tracks\/714193555&amp;color=%23ff5500&amp;auto_play=false&amp;hide_related=false&amp;show_comments=true&amp;show_user=true&amp;show_reposts=false&amp;show_teaser=true\" width=\"100%\" height=\"166\" frameborder=\"no\" scrolling=\"no\"><\/iframe><br \/>\n50 variedades de cervezas del pa\u00eds, 7 jueces internacionales y una gran puja por lograr la Copa Ventania 2019, son condimentos de este primer Congreso Cervecero en Sierra de la Ventana.<strong> Mar\u00edn Boon<\/strong>, es un destacado juez internacional y pone su veredicto en la organizaci\u00f3n del evento comos as\u00ed tambi\u00e9n en calificar las cervezas que intervienen en la contienda.<br \/>\n<iframe loading=\"lazy\" src=\"https:\/\/w.soundcloud.com\/player\/?url=https%3A\/\/api.soundcloud.com\/tracks\/714205363&amp;color=%23ff5500&amp;auto_play=false&amp;hide_related=false&amp;show_comments=true&amp;show_user=true&amp;show_reposts=false&amp;show_teaser=true\" width=\"100%\" height=\"166\" frameborder=\"no\" scrolling=\"no\"><\/iframe><br \/>\nVer \u00c1lbum de fotos: <a href=\"https:\/\/www.facebook.com\/pg\/NoticiasRadioReflejos\/photos\/?tab=album&amp;album_id=959963377704904\" target=\"_blank\" rel=\"noopener\"><strong>AQU\u00cd<\/strong><\/a><\/p>\n","protected":false},"excerpt":{"rendered":"<p>Se lleva a cabo en el Centro Cultural de Sierra de la Ventana un evento sin precedentes, desde el viernes 15 hasta el lunes 18 de noviembre. En la primer jornada se dictaron talleres, cursos y capacitaciones a m\u00e1s de 35 cerveceros que llegaron de diferentes partes del pa\u00eds. El tiempo acompa\u00f1\u00f3 la jornada con [&hellip;]<\/p>\n","protected":false},"author":3,"featured_media":0,"comment_status":"closed","ping_status":"open","sticky":false,"template":"","format":"standard","meta":{"footnotes":""},"categories":[33],"tags":[],"class_list":["post-36506","post","type-post","status-publish","format-standard","hentry","category-turismo"],"yoast_head":"<!-- This site is optimized with the Yoast SEO plugin v25.9 - https:\/\/yoast.com\/wordpress\/plugins\/seo\/ -->\n<title>Exitosa primer jornada del Congreso Cervecero &quot;Ventania Beer Fest 2019&quot; - Noticias Radio Reflejos<\/title>\n<meta name=\"robots\" content=\"index, follow, max-snippet:-1, max-image-preview:large, max-video-preview:-1\" \/>\n<link rel=\"canonical\" href=\"https:\/\/www.noticiasradioreflejos.com.ar\/2021\/exitosa-primer-jornada-del-congreso-cervecero-ventania-beer-fest-2019\/\" \/>\n<meta property=\"og:locale\" content=\"es_ES\" \/>\n<meta property=\"og:type\" content=\"article\" \/>\n<meta property=\"og:title\" content=\"Exitosa primer jornada del Congreso Cervecero &quot;Ventania Beer Fest 2019&quot; - Noticias Radio Reflejos\" \/>\n<meta property=\"og:description\" content=\"Se lleva a cabo en el Centro Cultural de Sierra de la Ventana un evento sin precedentes, desde el viernes 15 hasta el lunes 18 de noviembre. En la primer jornada se dictaron talleres, cursos y capacitaciones a m\u00e1s de 35 cerveceros que llegaron de diferentes partes del pa\u00eds. El tiempo acompa\u00f1\u00f3 la jornada con [&hellip;]\" \/>\n<meta property=\"og:url\" content=\"https:\/\/www.noticiasradioreflejos.com.ar\/2021\/exitosa-primer-jornada-del-congreso-cervecero-ventania-beer-fest-2019\/\" \/>\n<meta property=\"og:site_name\" content=\"Noticias Radio Reflejos\" \/>\n<meta property=\"article:published_time\" content=\"2019-11-17T18:35:59+00:00\" \/>\n<meta property=\"og:image\" content=\"http:\/\/live.staticflickr.com\/65535\/49079663758_63bfeee47c.jpg\" \/>\n<meta name=\"author\" content=\"Arnaldo Botto\" \/>\n<meta name=\"twitter:card\" content=\"summary_large_image\" \/>\n<script type=\"application\/ld+json\" class=\"yoast-schema-graph\">{\"@context\":\"https:\/\/schema.org\",\"@graph\":[{\"@type\":\"WebPage\",\"@id\":\"https:\/\/www.noticiasradioreflejos.com.ar\/2021\/exitosa-primer-jornada-del-congreso-cervecero-ventania-beer-fest-2019\/\",\"url\":\"https:\/\/www.noticiasradioreflejos.com.ar\/2021\/exitosa-primer-jornada-del-congreso-cervecero-ventania-beer-fest-2019\/\",\"name\":\"Exitosa primer jornada del Congreso Cervecero &quot;Ventania Beer Fest 2019&quot; - Noticias Radio Reflejos\",\"isPartOf\":{\"@id\":\"https:\/\/www.noticiasradioreflejos.com.ar\/2021\/#website\"},\"primaryImageOfPage\":{\"@id\":\"https:\/\/www.noticiasradioreflejos.com.ar\/2021\/exitosa-primer-jornada-del-congreso-cervecero-ventania-beer-fest-2019\/#primaryimage\"},\"image\":{\"@id\":\"https:\/\/www.noticiasradioreflejos.com.ar\/2021\/exitosa-primer-jornada-del-congreso-cervecero-ventania-beer-fest-2019\/#primaryimage\"},\"thumbnailUrl\":\"http:\/\/live.staticflickr.com\/65535\/49079663758_63bfeee47c.jpg\",\"datePublished\":\"2019-11-17T18:35:59+00:00\",\"author\":{\"@id\":\"https:\/\/www.noticiasradioreflejos.com.ar\/2021\/#\/schema\/person\/ad82545263dcc5ec0996818884fd5fb1\"},\"breadcrumb\":{\"@id\":\"https:\/\/www.noticiasradioreflejos.com.ar\/2021\/exitosa-primer-jornada-del-congreso-cervecero-ventania-beer-fest-2019\/#breadcrumb\"},\"inLanguage\":\"es\",\"potentialAction\":[{\"@type\":\"ReadAction\",\"target\":[\"https:\/\/www.noticiasradioreflejos.com.ar\/2021\/exitosa-primer-jornada-del-congreso-cervecero-ventania-beer-fest-2019\/\"]}]},{\"@type\":\"ImageObject\",\"inLanguage\":\"es\",\"@id\":\"https:\/\/www.noticiasradioreflejos.com.ar\/2021\/exitosa-primer-jornada-del-congreso-cervecero-ventania-beer-fest-2019\/#primaryimage\",\"url\":\"http:\/\/live.staticflickr.com\/65535\/49079663758_63bfeee47c.jpg\",\"contentUrl\":\"http:\/\/live.staticflickr.com\/65535\/49079663758_63bfeee47c.jpg\"},{\"@type\":\"BreadcrumbList\",\"@id\":\"https:\/\/www.noticiasradioreflejos.com.ar\/2021\/exitosa-primer-jornada-del-congreso-cervecero-ventania-beer-fest-2019\/#breadcrumb\",\"itemListElement\":[{\"@type\":\"ListItem\",\"position\":1,\"name\":\"Portada\",\"item\":\"https:\/\/www.noticiasradioreflejos.com.ar\/2021\/\"},{\"@type\":\"ListItem\",\"position\":2,\"name\":\"Exitosa primer jornada del Congreso Cervecero &quot;Ventania Beer Fest 2019&quot;\"}]},{\"@type\":\"WebSite\",\"@id\":\"https:\/\/www.noticiasradioreflejos.com.ar\/2021\/#website\",\"url\":\"https:\/\/www.noticiasradioreflejos.com.ar\/2021\/\",\"name\":\"Noticias Radio Reflejos\",\"description\":\"Las noticias de mi comarca\",\"potentialAction\":[{\"@type\":\"SearchAction\",\"target\":{\"@type\":\"EntryPoint\",\"urlTemplate\":\"https:\/\/www.noticiasradioreflejos.com.ar\/2021\/?s={search_term_string}\"},\"query-input\":{\"@type\":\"PropertyValueSpecification\",\"valueRequired\":true,\"valueName\":\"search_term_string\"}}],\"inLanguage\":\"es\"},{\"@type\":\"Person\",\"@id\":\"https:\/\/www.noticiasradioreflejos.com.ar\/2021\/#\/schema\/person\/ad82545263dcc5ec0996818884fd5fb1\",\"name\":\"Arnaldo Botto\",\"image\":{\"@type\":\"ImageObject\",\"inLanguage\":\"es\",\"@id\":\"https:\/\/www.noticiasradioreflejos.com.ar\/2021\/#\/schema\/person\/image\/\",\"url\":\"https:\/\/secure.gravatar.com\/avatar\/55cb5e37c1efa326397366e6974cb338056df65cb50e7d64d1cf314e87504837?s=96&d=mm&r=g\",\"contentUrl\":\"https:\/\/secure.gravatar.com\/avatar\/55cb5e37c1efa326397366e6974cb338056df65cb50e7d64d1cf314e87504837?s=96&d=mm&r=g\",\"caption\":\"Arnaldo Botto\"},\"url\":\"https:\/\/www.noticiasradioreflejos.com.ar\/2021\/author\/arnaldo\/\"}]}<\/script>\n<!-- \/ Yoast SEO plugin. -->","yoast_head_json":{"title":"Exitosa primer jornada del Congreso Cervecero &quot;Ventania Beer Fest 2019&quot; - Noticias Radio Reflejos","robots":{"index":"index","follow":"follow","max-snippet":"max-snippet:-1","max-image-preview":"max-image-preview:large","max-video-preview":"max-video-preview:-1"},"canonical":"https:\/\/www.noticiasradioreflejos.com.ar\/2021\/exitosa-primer-jornada-del-congreso-cervecero-ventania-beer-fest-2019\/","og_locale":"es_ES","og_type":"article","og_title":"Exitosa primer jornada del Congreso Cervecero &quot;Ventania Beer Fest 2019&quot; - Noticias Radio Reflejos","og_description":"Se lleva a cabo en el Centro Cultural de Sierra de la Ventana un evento sin precedentes, desde el viernes 15 hasta el lunes 18 de noviembre. En la primer jornada se dictaron talleres, cursos y capacitaciones a m\u00e1s de 35 cerveceros que llegaron de diferentes partes del pa\u00eds. El tiempo acompa\u00f1\u00f3 la jornada con [&hellip;]","og_url":"https:\/\/www.noticiasradioreflejos.com.ar\/2021\/exitosa-primer-jornada-del-congreso-cervecero-ventania-beer-fest-2019\/","og_site_name":"Noticias Radio Reflejos","article_published_time":"2019-11-17T18:35:59+00:00","og_image":[{"url":"http:\/\/live.staticflickr.com\/65535\/49079663758_63bfeee47c.jpg","type":"","width":"","height":""}],"author":"Arnaldo Botto","twitter_card":"summary_large_image","schema":{"@context":"https:\/\/schema.org","@graph":[{"@type":"WebPage","@id":"https:\/\/www.noticiasradioreflejos.com.ar\/2021\/exitosa-primer-jornada-del-congreso-cervecero-ventania-beer-fest-2019\/","url":"https:\/\/www.noticiasradioreflejos.com.ar\/2021\/exitosa-primer-jornada-del-congreso-cervecero-ventania-beer-fest-2019\/","name":"Exitosa primer jornada del Congreso Cervecero &quot;Ventania Beer Fest 2019&quot; - Noticias Radio Reflejos","isPartOf":{"@id":"https:\/\/www.noticiasradioreflejos.com.ar\/2021\/#website"},"primaryImageOfPage":{"@id":"https:\/\/www.noticiasradioreflejos.com.ar\/2021\/exitosa-primer-jornada-del-congreso-cervecero-ventania-beer-fest-2019\/#primaryimage"},"image":{"@id":"https:\/\/www.noticiasradioreflejos.com.ar\/2021\/exitosa-primer-jornada-del-congreso-cervecero-ventania-beer-fest-2019\/#primaryimage"},"thumbnailUrl":"http:\/\/live.staticflickr.com\/65535\/49079663758_63bfeee47c.jpg","datePublished":"2019-11-17T18:35:59+00:00","author":{"@id":"https:\/\/www.noticiasradioreflejos.com.ar\/2021\/#\/schema\/person\/ad82545263dcc5ec0996818884fd5fb1"},"breadcrumb":{"@id":"https:\/\/www.noticiasradioreflejos.com.ar\/2021\/exitosa-primer-jornada-del-congreso-cervecero-ventania-beer-fest-2019\/#breadcrumb"},"inLanguage":"es","potentialAction":[{"@type":"ReadAction","target":["https:\/\/www.noticiasradioreflejos.com.ar\/2021\/exitosa-primer-jornada-del-congreso-cervecero-ventania-beer-fest-2019\/"]}]},{"@type":"ImageObject","inLanguage":"es","@id":"https:\/\/www.noticiasradioreflejos.com.ar\/2021\/exitosa-primer-jornada-del-congreso-cervecero-ventania-beer-fest-2019\/#primaryimage","url":"http:\/\/live.staticflickr.com\/65535\/49079663758_63bfeee47c.jpg","contentUrl":"http:\/\/live.staticflickr.com\/65535\/49079663758_63bfeee47c.jpg"},{"@type":"BreadcrumbList","@id":"https:\/\/www.noticiasradioreflejos.com.ar\/2021\/exitosa-primer-jornada-del-congreso-cervecero-ventania-beer-fest-2019\/#breadcrumb","itemListElement":[{"@type":"ListItem","position":1,"name":"Portada","item":"https:\/\/www.noticiasradioreflejos.com.ar\/2021\/"},{"@type":"ListItem","position":2,"name":"Exitosa primer jornada del Congreso Cervecero &quot;Ventania Beer Fest 2019&quot;"}]},{"@type":"WebSite","@id":"https:\/\/www.noticiasradioreflejos.com.ar\/2021\/#website","url":"https:\/\/www.noticiasradioreflejos.com.ar\/2021\/","name":"Noticias Radio Reflejos","description":"Las noticias de mi comarca","potentialAction":[{"@type":"SearchAction","target":{"@type":"EntryPoint","urlTemplate":"https:\/\/www.noticiasradioreflejos.com.ar\/2021\/?s={search_term_string}"},"query-input":{"@type":"PropertyValueSpecification","valueRequired":true,"valueName":"search_term_string"}}],"inLanguage":"es"},{"@type":"Person","@id":"https:\/\/www.noticiasradioreflejos.com.ar\/2021\/#\/schema\/person\/ad82545263dcc5ec0996818884fd5fb1","name":"Arnaldo Botto","image":{"@type":"ImageObject","inLanguage":"es","@id":"https:\/\/www.noticiasradioreflejos.com.ar\/2021\/#\/schema\/person\/image\/","url":"https:\/\/secure.gravatar.com\/avatar\/55cb5e37c1efa326397366e6974cb338056df65cb50e7d64d1cf314e87504837?s=96&d=mm&r=g","contentUrl":"https:\/\/secure.gravatar.com\/avatar\/55cb5e37c1efa326397366e6974cb338056df65cb50e7d64d1cf314e87504837?s=96&d=mm&r=g","caption":"Arnaldo Botto"},"url":"https:\/\/www.noticiasradioreflejos.com.ar\/2021\/author\/arnaldo\/"}]}},"_links":{"self":[{"href":"https:\/\/www.noticiasradioreflejos.com.ar\/2021\/wp-json\/wp\/v2\/posts\/36506","targetHints":{"allow":["GET"]}}],"collection":[{"href":"https:\/\/www.noticiasradioreflejos.com.ar\/2021\/wp-json\/wp\/v2\/posts"}],"about":[{"href":"https:\/\/www.noticiasradioreflejos.com.ar\/2021\/wp-json\/wp\/v2\/types\/post"}],"author":[{"embeddable":true,"href":"https:\/\/www.noticiasradioreflejos.com.ar\/2021\/wp-json\/wp\/v2\/users\/3"}],"replies":[{"embeddable":true,"href":"https:\/\/www.noticiasradioreflejos.com.ar\/2021\/wp-json\/wp\/v2\/comments?post=36506"}],"version-history":[{"count":0,"href":"https:\/\/www.noticiasradioreflejos.com.ar\/2021\/wp-json\/wp\/v2\/posts\/36506\/revisions"}],"wp:attachment":[{"href":"https:\/\/www.noticiasradioreflejos.com.ar\/2021\/wp-json\/wp\/v2\/media?parent=36506"}],"wp:term":[{"taxonomy":"category","embeddable":true,"href":"https:\/\/www.noticiasradioreflejos.com.ar\/2021\/wp-json\/wp\/v2\/categories?post=36506"},{"taxonomy":"post_tag","embeddable":true,"href":"https:\/\/www.noticiasradioreflejos.com.ar\/2021\/wp-json\/wp\/v2\/tags?post=36506"}],"curies":[{"name":"wp","href":"https:\/\/api.w.org\/{rel}","templated":true}]}}