{"id":36492,"date":"2019-11-15T13:03:49","date_gmt":"2019-11-15T16:03:49","guid":{"rendered":"http:\/\/www.noticiasradioreflejos.com.ar\/noticias\/?p=36492"},"modified":"2019-11-15T13:03:49","modified_gmt":"2019-11-15T16:03:49","slug":"el-ix-gran-premio-argentino-de-baquets-paso-por-la-comarca","status":"publish","type":"post","link":"https:\/\/www.noticiasradioreflejos.com.ar\/2021\/el-ix-gran-premio-argentino-de-baquets-paso-por-la-comarca\/","title":{"rendered":"El IX Gran Premio Argentino de Baquets pas\u00f3 por la Comarca"},"content":{"rendered":"<p><a href=\"http:\/\/live.staticflickr.com\/65535\/49068228858_00b321ecdd_s.jpg\" title=\"75282351_423093455038054_375095608676974592_n\" rel=\"\"><img loading=\"lazy\" decoding=\"async\" src=\"http:\/\/live.staticflickr.com\/65535\/49068228858_00b321ecdd.jpg\" width=\"500\" height=\"333\" alt=\"75282351_423093455038054_375095608676974592_n\" title=\"75282351_423093455038054_375095608676974592_n\" class=\"alignleft\" style=\"float: left;\"><\/a>Los baquets, los primeros veh\u00edculos de competici\u00f3n de Argentina arribaron ayer, jueves 14, a Sierra de la Ventana. Sus tripulantes fueron recibidas por el Director de Turismo, Mart\u00edn Olhaberry, frete al acceso al Hotel Provincial, lugar donde se estableci\u00f3 la finalizaci\u00f3n de una de las etapas.<!--more--><br \/>\nAll\u00ed los vecinos y turistas tuvieron la oportunidad de ver estos autom\u00f3viles.<br \/>\nEsta edici\u00f3n cuenta con m\u00e1s de 40 tripulaciones; y este a\u00f1o participan equipos de Austria, Suiza, Italia, Chile y Uruguay; constituyendo para nuestra comarca una manera de promocionarnos y dar a conocer nuestro destino.<br \/>\nA lo largo de la competencia los autos recorrer\u00e1n, por caminos interiores, siete localidades distribuidas en tres provincias: Chubut, R\u00edo Negro y Buenos Aires.<br \/>\nEste Viernes 15 se cumplir\u00e1 con la Quinta etapa: Sierra de la Ventana \u2013 Necochea. El s\u00e1bado 16 de noviembre se cumplir\u00e1 con la \u00faltima: Necochea \u2013 Mar del Plata, en donde se realizar\u00e1 la entrega de premios y cena de despedida.<\/p>\n","protected":false},"excerpt":{"rendered":"<p>Los baquets, los primeros veh\u00edculos de competici\u00f3n de Argentina arribaron ayer, jueves 14, a Sierra de la Ventana. Sus tripulantes fueron recibidas por el Director de Turismo, Mart\u00edn Olhaberry, frete al acceso al Hotel Provincial, lugar donde se estableci\u00f3 la finalizaci\u00f3n de una de las etapas.<\/p>\n","protected":false},"author":3,"featured_media":0,"comment_status":"closed","ping_status":"open","sticky":false,"template":"","format":"standard","meta":{"footnotes":""},"categories":[33],"tags":[],"class_list":["post-36492","post","type-post","status-publish","format-standard","hentry","category-turismo"],"yoast_head":"<!-- This site is optimized with the Yoast SEO plugin v25.9 - https:\/\/yoast.com\/wordpress\/plugins\/seo\/ -->\n<title>El IX Gran Premio Argentino de Baquets pas\u00f3 por la Comarca - Noticias Radio Reflejos<\/title>\n<meta name=\"robots\" content=\"index, follow, max-snippet:-1, max-image-preview:large, max-video-preview:-1\" \/>\n<link rel=\"canonical\" href=\"https:\/\/www.noticiasradioreflejos.com.ar\/2021\/el-ix-gran-premio-argentino-de-baquets-paso-por-la-comarca\/\" \/>\n<meta property=\"og:locale\" content=\"es_ES\" \/>\n<meta property=\"og:type\" content=\"article\" \/>\n<meta property=\"og:title\" content=\"El IX Gran Premio Argentino de Baquets pas\u00f3 por la Comarca - Noticias Radio Reflejos\" \/>\n<meta property=\"og:description\" content=\"Los baquets, los primeros veh\u00edculos de competici\u00f3n de Argentina arribaron ayer, jueves 14, a Sierra de la Ventana. Sus tripulantes fueron recibidas por el Director de Turismo, Mart\u00edn Olhaberry, frete al acceso al Hotel Provincial, lugar donde se estableci\u00f3 la finalizaci\u00f3n de una de las etapas.\" \/>\n<meta property=\"og:url\" content=\"https:\/\/www.noticiasradioreflejos.com.ar\/2021\/el-ix-gran-premio-argentino-de-baquets-paso-por-la-comarca\/\" \/>\n<meta property=\"og:site_name\" content=\"Noticias Radio Reflejos\" \/>\n<meta property=\"article:published_time\" content=\"2019-11-15T16:03:49+00:00\" \/>\n<meta property=\"og:image\" content=\"http:\/\/live.staticflickr.com\/65535\/49068228858_00b321ecdd.jpg\" \/>\n<meta name=\"author\" content=\"Arnaldo Botto\" \/>\n<meta name=\"twitter:card\" content=\"summary_large_image\" \/>\n<script type=\"application\/ld+json\" class=\"yoast-schema-graph\">{\"@context\":\"https:\/\/schema.org\",\"@graph\":[{\"@type\":\"WebPage\",\"@id\":\"https:\/\/www.noticiasradioreflejos.com.ar\/2021\/el-ix-gran-premio-argentino-de-baquets-paso-por-la-comarca\/\",\"url\":\"https:\/\/www.noticiasradioreflejos.com.ar\/2021\/el-ix-gran-premio-argentino-de-baquets-paso-por-la-comarca\/\",\"name\":\"El IX Gran Premio Argentino de Baquets pas\u00f3 por la Comarca - Noticias Radio Reflejos\",\"isPartOf\":{\"@id\":\"https:\/\/www.noticiasradioreflejos.com.ar\/2021\/#website\"},\"primaryImageOfPage\":{\"@id\":\"https:\/\/www.noticiasradioreflejos.com.ar\/2021\/el-ix-gran-premio-argentino-de-baquets-paso-por-la-comarca\/#primaryimage\"},\"image\":{\"@id\":\"https:\/\/www.noticiasradioreflejos.com.ar\/2021\/el-ix-gran-premio-argentino-de-baquets-paso-por-la-comarca\/#primaryimage\"},\"thumbnailUrl\":\"http:\/\/live.staticflickr.com\/65535\/49068228858_00b321ecdd.jpg\",\"datePublished\":\"2019-11-15T16:03:49+00:00\",\"author\":{\"@id\":\"https:\/\/www.noticiasradioreflejos.com.ar\/2021\/#\/schema\/person\/ad82545263dcc5ec0996818884fd5fb1\"},\"breadcrumb\":{\"@id\":\"https:\/\/www.noticiasradioreflejos.com.ar\/2021\/el-ix-gran-premio-argentino-de-baquets-paso-por-la-comarca\/#breadcrumb\"},\"inLanguage\":\"es\",\"potentialAction\":[{\"@type\":\"ReadAction\",\"target\":[\"https:\/\/www.noticiasradioreflejos.com.ar\/2021\/el-ix-gran-premio-argentino-de-baquets-paso-por-la-comarca\/\"]}]},{\"@type\":\"ImageObject\",\"inLanguage\":\"es\",\"@id\":\"https:\/\/www.noticiasradioreflejos.com.ar\/2021\/el-ix-gran-premio-argentino-de-baquets-paso-por-la-comarca\/#primaryimage\",\"url\":\"http:\/\/live.staticflickr.com\/65535\/49068228858_00b321ecdd.jpg\",\"contentUrl\":\"http:\/\/live.staticflickr.com\/65535\/49068228858_00b321ecdd.jpg\"},{\"@type\":\"BreadcrumbList\",\"@id\":\"https:\/\/www.noticiasradioreflejos.com.ar\/2021\/el-ix-gran-premio-argentino-de-baquets-paso-por-la-comarca\/#breadcrumb\",\"itemListElement\":[{\"@type\":\"ListItem\",\"position\":1,\"name\":\"Portada\",\"item\":\"https:\/\/www.noticiasradioreflejos.com.ar\/2021\/\"},{\"@type\":\"ListItem\",\"position\":2,\"name\":\"El IX Gran Premio Argentino de Baquets pas\u00f3 por la Comarca\"}]},{\"@type\":\"WebSite\",\"@id\":\"https:\/\/www.noticiasradioreflejos.com.ar\/2021\/#website\",\"url\":\"https:\/\/www.noticiasradioreflejos.com.ar\/2021\/\",\"name\":\"Noticias Radio Reflejos\",\"description\":\"Las noticias de mi comarca\",\"potentialAction\":[{\"@type\":\"SearchAction\",\"target\":{\"@type\":\"EntryPoint\",\"urlTemplate\":\"https:\/\/www.noticiasradioreflejos.com.ar\/2021\/?s={search_term_string}\"},\"query-input\":{\"@type\":\"PropertyValueSpecification\",\"valueRequired\":true,\"valueName\":\"search_term_string\"}}],\"inLanguage\":\"es\"},{\"@type\":\"Person\",\"@id\":\"https:\/\/www.noticiasradioreflejos.com.ar\/2021\/#\/schema\/person\/ad82545263dcc5ec0996818884fd5fb1\",\"name\":\"Arnaldo Botto\",\"image\":{\"@type\":\"ImageObject\",\"inLanguage\":\"es\",\"@id\":\"https:\/\/www.noticiasradioreflejos.com.ar\/2021\/#\/schema\/person\/image\/\",\"url\":\"https:\/\/secure.gravatar.com\/avatar\/55cb5e37c1efa326397366e6974cb338056df65cb50e7d64d1cf314e87504837?s=96&d=mm&r=g\",\"contentUrl\":\"https:\/\/secure.gravatar.com\/avatar\/55cb5e37c1efa326397366e6974cb338056df65cb50e7d64d1cf314e87504837?s=96&d=mm&r=g\",\"caption\":\"Arnaldo Botto\"},\"url\":\"https:\/\/www.noticiasradioreflejos.com.ar\/2021\/author\/arnaldo\/\"}]}<\/script>\n<!-- \/ Yoast SEO plugin. -->","yoast_head_json":{"title":"El IX Gran Premio Argentino de Baquets pas\u00f3 por la Comarca - Noticias Radio Reflejos","robots":{"index":"index","follow":"follow","max-snippet":"max-snippet:-1","max-image-preview":"max-image-preview:large","max-video-preview":"max-video-preview:-1"},"canonical":"https:\/\/www.noticiasradioreflejos.com.ar\/2021\/el-ix-gran-premio-argentino-de-baquets-paso-por-la-comarca\/","og_locale":"es_ES","og_type":"article","og_title":"El IX Gran Premio Argentino de Baquets pas\u00f3 por la Comarca - Noticias Radio Reflejos","og_description":"Los baquets, los primeros veh\u00edculos de competici\u00f3n de Argentina arribaron ayer, jueves 14, a Sierra de la Ventana. Sus tripulantes fueron recibidas por el Director de Turismo, Mart\u00edn Olhaberry, frete al acceso al Hotel Provincial, lugar donde se estableci\u00f3 la finalizaci\u00f3n de una de las etapas.","og_url":"https:\/\/www.noticiasradioreflejos.com.ar\/2021\/el-ix-gran-premio-argentino-de-baquets-paso-por-la-comarca\/","og_site_name":"Noticias Radio Reflejos","article_published_time":"2019-11-15T16:03:49+00:00","og_image":[{"url":"http:\/\/live.staticflickr.com\/65535\/49068228858_00b321ecdd.jpg","type":"","width":"","height":""}],"author":"Arnaldo Botto","twitter_card":"summary_large_image","schema":{"@context":"https:\/\/schema.org","@graph":[{"@type":"WebPage","@id":"https:\/\/www.noticiasradioreflejos.com.ar\/2021\/el-ix-gran-premio-argentino-de-baquets-paso-por-la-comarca\/","url":"https:\/\/www.noticiasradioreflejos.com.ar\/2021\/el-ix-gran-premio-argentino-de-baquets-paso-por-la-comarca\/","name":"El IX Gran Premio Argentino de Baquets pas\u00f3 por la Comarca - Noticias Radio Reflejos","isPartOf":{"@id":"https:\/\/www.noticiasradioreflejos.com.ar\/2021\/#website"},"primaryImageOfPage":{"@id":"https:\/\/www.noticiasradioreflejos.com.ar\/2021\/el-ix-gran-premio-argentino-de-baquets-paso-por-la-comarca\/#primaryimage"},"image":{"@id":"https:\/\/www.noticiasradioreflejos.com.ar\/2021\/el-ix-gran-premio-argentino-de-baquets-paso-por-la-comarca\/#primaryimage"},"thumbnailUrl":"http:\/\/live.staticflickr.com\/65535\/49068228858_00b321ecdd.jpg","datePublished":"2019-11-15T16:03:49+00:00","author":{"@id":"https:\/\/www.noticiasradioreflejos.com.ar\/2021\/#\/schema\/person\/ad82545263dcc5ec0996818884fd5fb1"},"breadcrumb":{"@id":"https:\/\/www.noticiasradioreflejos.com.ar\/2021\/el-ix-gran-premio-argentino-de-baquets-paso-por-la-comarca\/#breadcrumb"},"inLanguage":"es","potentialAction":[{"@type":"ReadAction","target":["https:\/\/www.noticiasradioreflejos.com.ar\/2021\/el-ix-gran-premio-argentino-de-baquets-paso-por-la-comarca\/"]}]},{"@type":"ImageObject","inLanguage":"es","@id":"https:\/\/www.noticiasradioreflejos.com.ar\/2021\/el-ix-gran-premio-argentino-de-baquets-paso-por-la-comarca\/#primaryimage","url":"http:\/\/live.staticflickr.com\/65535\/49068228858_00b321ecdd.jpg","contentUrl":"http:\/\/live.staticflickr.com\/65535\/49068228858_00b321ecdd.jpg"},{"@type":"BreadcrumbList","@id":"https:\/\/www.noticiasradioreflejos.com.ar\/2021\/el-ix-gran-premio-argentino-de-baquets-paso-por-la-comarca\/#breadcrumb","itemListElement":[{"@type":"ListItem","position":1,"name":"Portada","item":"https:\/\/www.noticiasradioreflejos.com.ar\/2021\/"},{"@type":"ListItem","position":2,"name":"El IX Gran Premio Argentino de Baquets pas\u00f3 por la Comarca"}]},{"@type":"WebSite","@id":"https:\/\/www.noticiasradioreflejos.com.ar\/2021\/#website","url":"https:\/\/www.noticiasradioreflejos.com.ar\/2021\/","name":"Noticias Radio Reflejos","description":"Las noticias de mi comarca","potentialAction":[{"@type":"SearchAction","target":{"@type":"EntryPoint","urlTemplate":"https:\/\/www.noticiasradioreflejos.com.ar\/2021\/?s={search_term_string}"},"query-input":{"@type":"PropertyValueSpecification","valueRequired":true,"valueName":"search_term_string"}}],"inLanguage":"es"},{"@type":"Person","@id":"https:\/\/www.noticiasradioreflejos.com.ar\/2021\/#\/schema\/person\/ad82545263dcc5ec0996818884fd5fb1","name":"Arnaldo Botto","image":{"@type":"ImageObject","inLanguage":"es","@id":"https:\/\/www.noticiasradioreflejos.com.ar\/2021\/#\/schema\/person\/image\/","url":"https:\/\/secure.gravatar.com\/avatar\/55cb5e37c1efa326397366e6974cb338056df65cb50e7d64d1cf314e87504837?s=96&d=mm&r=g","contentUrl":"https:\/\/secure.gravatar.com\/avatar\/55cb5e37c1efa326397366e6974cb338056df65cb50e7d64d1cf314e87504837?s=96&d=mm&r=g","caption":"Arnaldo Botto"},"url":"https:\/\/www.noticiasradioreflejos.com.ar\/2021\/author\/arnaldo\/"}]}},"_links":{"self":[{"href":"https:\/\/www.noticiasradioreflejos.com.ar\/2021\/wp-json\/wp\/v2\/posts\/36492","targetHints":{"allow":["GET"]}}],"collection":[{"href":"https:\/\/www.noticiasradioreflejos.com.ar\/2021\/wp-json\/wp\/v2\/posts"}],"about":[{"href":"https:\/\/www.noticiasradioreflejos.com.ar\/2021\/wp-json\/wp\/v2\/types\/post"}],"author":[{"embeddable":true,"href":"https:\/\/www.noticiasradioreflejos.com.ar\/2021\/wp-json\/wp\/v2\/users\/3"}],"replies":[{"embeddable":true,"href":"https:\/\/www.noticiasradioreflejos.com.ar\/2021\/wp-json\/wp\/v2\/comments?post=36492"}],"version-history":[{"count":0,"href":"https:\/\/www.noticiasradioreflejos.com.ar\/2021\/wp-json\/wp\/v2\/posts\/36492\/revisions"}],"wp:attachment":[{"href":"https:\/\/www.noticiasradioreflejos.com.ar\/2021\/wp-json\/wp\/v2\/media?parent=36492"}],"wp:term":[{"taxonomy":"category","embeddable":true,"href":"https:\/\/www.noticiasradioreflejos.com.ar\/2021\/wp-json\/wp\/v2\/categories?post=36492"},{"taxonomy":"post_tag","embeddable":true,"href":"https:\/\/www.noticiasradioreflejos.com.ar\/2021\/wp-json\/wp\/v2\/tags?post=36492"}],"curies":[{"name":"wp","href":"https:\/\/api.w.org\/{rel}","templated":true}]}}