{"id":36489,"date":"2019-11-15T12:15:05","date_gmt":"2019-11-15T15:15:05","guid":{"rendered":"http:\/\/www.noticiasradioreflejos.com.ar\/noticias\/?p=36489"},"modified":"2019-11-15T12:15:05","modified_gmt":"2019-11-15T15:15:05","slug":"el-intendente-reconocio-a-una-alumna-por-su-participacion-en-el-parlamento-juvenil-del-mercosur","status":"publish","type":"post","link":"https:\/\/www.noticiasradioreflejos.com.ar\/2021\/el-intendente-reconocio-a-una-alumna-por-su-participacion-en-el-parlamento-juvenil-del-mercosur\/","title":{"rendered":"El intendente reconoci\u00f3 a una alumna por su participaci\u00f3n en el Parlamento Juvenil del Mercosur"},"content":{"rendered":"<p>El intendente municipal, Sergio Bordoni entreg\u00f3 el d\u00eda de ayer, un reconocimiento a la Alumna Gianella Haberkorn, de la Escuela Secundaria N\u00b06 de Chasic\u00f3, por su importante participaci\u00f3n en el Parlamento Juvenil del Mercosur. La joven, no solo fue elegida en la etapa distrital si no que se impuso en la instancia provincial, entre m\u00e1s de 1500 alumnos que participaron de todo el territorio bonaerense. <!--more--><br \/>\nEn los diferentes encuentros, la alumna tuvo que exponer y debatir sobre los t\u00f3picos propuestos: Inclusi\u00f3n educativa, G\u00e9nero, Educaci\u00f3n Sexual Integral (ESI), J\u00f3venes y Trabajo, Participaci\u00f3n Ciudadana de los J\u00f3venes, Derechos Humanos e Integraci\u00f3n regional.<br \/>\nDurante el encuentro, el jefe comunal remarc\u00f3 el gran orgullo que representa para nuestro distrito, que una alumna de una localidad como Chasic\u00f3 haya sido elegida entre tantos j\u00f3venes; demostrando sus capacidades para lograr su sue\u00f1o de llegar a la instancia nacional del parlamento. Adem\u00e1s, Bordoni, enfatiz\u00f3 sobre la importancia de estudiar y formarse para ser ciudadanos comprometidos, con la educaci\u00f3n y la participaci\u00f3n democr\u00e1tica.<br \/>\nEl Parlamento Juvenil del Mercosur es una propuesta que surge en el marco del \u201cSector Educativo del Mercosur\u201d, con el objetivo de lograr la inclusi\u00f3n educativa mediante la conformaci\u00f3n de espacios de participaci\u00f3n real que favorezcan la integraci\u00f3n y la adquisici\u00f3n de aprendizajes significativos para que los j\u00f3venes intercambien, dialoguen y debatan abordando temas que tienen una profunda vinculaci\u00f3n con sus vidas, y con ideas acerca de la escuela media que quieren.<\/p>\n","protected":false},"excerpt":{"rendered":"<p>El intendente municipal, Sergio Bordoni entreg\u00f3 el d\u00eda de ayer, un reconocimiento a la Alumna Gianella Haberkorn, de la Escuela Secundaria N\u00b06 de Chasic\u00f3, por su importante participaci\u00f3n en el Parlamento Juvenil del Mercosur. La joven, no solo fue elegida en la etapa distrital si no que se impuso en la instancia provincial, entre m\u00e1s [&hellip;]<\/p>\n","protected":false},"author":3,"featured_media":0,"comment_status":"closed","ping_status":"open","sticky":false,"template":"","format":"standard","meta":{"footnotes":""},"categories":[28],"tags":[],"class_list":["post-36489","post","type-post","status-publish","format-standard","hentry","category-municipales"],"yoast_head":"<!-- This site is optimized with the Yoast SEO plugin v25.9 - https:\/\/yoast.com\/wordpress\/plugins\/seo\/ -->\n<title>El intendente reconoci\u00f3 a una alumna por su participaci\u00f3n en el Parlamento Juvenil del Mercosur - Noticias Radio Reflejos<\/title>\n<meta name=\"robots\" content=\"index, follow, max-snippet:-1, max-image-preview:large, max-video-preview:-1\" \/>\n<link rel=\"canonical\" href=\"https:\/\/www.noticiasradioreflejos.com.ar\/2021\/el-intendente-reconocio-a-una-alumna-por-su-participacion-en-el-parlamento-juvenil-del-mercosur\/\" \/>\n<meta property=\"og:locale\" content=\"es_ES\" \/>\n<meta property=\"og:type\" content=\"article\" \/>\n<meta property=\"og:title\" content=\"El intendente reconoci\u00f3 a una alumna por su participaci\u00f3n en el Parlamento Juvenil del Mercosur - Noticias Radio Reflejos\" \/>\n<meta property=\"og:description\" content=\"El intendente municipal, Sergio Bordoni entreg\u00f3 el d\u00eda de ayer, un reconocimiento a la Alumna Gianella Haberkorn, de la Escuela Secundaria N\u00b06 de Chasic\u00f3, por su importante participaci\u00f3n en el Parlamento Juvenil del Mercosur. La joven, no solo fue elegida en la etapa distrital si no que se impuso en la instancia provincial, entre m\u00e1s [&hellip;]\" \/>\n<meta property=\"og:url\" content=\"https:\/\/www.noticiasradioreflejos.com.ar\/2021\/el-intendente-reconocio-a-una-alumna-por-su-participacion-en-el-parlamento-juvenil-del-mercosur\/\" \/>\n<meta property=\"og:site_name\" content=\"Noticias Radio Reflejos\" \/>\n<meta property=\"article:published_time\" content=\"2019-11-15T15:15:05+00:00\" \/>\n<meta property=\"og:image\" content=\"https:\/\/www.noticiasradioreflejos.com.ar\/2021\/wp-content\/uploads\/2021\/07\/logosol300x200.png\" \/>\n\t<meta property=\"og:image:width\" content=\"300\" \/>\n\t<meta property=\"og:image:height\" content=\"200\" \/>\n\t<meta property=\"og:image:type\" content=\"image\/png\" \/>\n<meta name=\"author\" content=\"Arnaldo Botto\" \/>\n<meta name=\"twitter:card\" content=\"summary_large_image\" \/>\n<script type=\"application\/ld+json\" class=\"yoast-schema-graph\">{\"@context\":\"https:\/\/schema.org\",\"@graph\":[{\"@type\":\"WebPage\",\"@id\":\"https:\/\/www.noticiasradioreflejos.com.ar\/2021\/el-intendente-reconocio-a-una-alumna-por-su-participacion-en-el-parlamento-juvenil-del-mercosur\/\",\"url\":\"https:\/\/www.noticiasradioreflejos.com.ar\/2021\/el-intendente-reconocio-a-una-alumna-por-su-participacion-en-el-parlamento-juvenil-del-mercosur\/\",\"name\":\"El intendente reconoci\u00f3 a una alumna por su participaci\u00f3n en el Parlamento Juvenil del Mercosur - Noticias Radio Reflejos\",\"isPartOf\":{\"@id\":\"https:\/\/www.noticiasradioreflejos.com.ar\/2021\/#website\"},\"datePublished\":\"2019-11-15T15:15:05+00:00\",\"author\":{\"@id\":\"https:\/\/www.noticiasradioreflejos.com.ar\/2021\/#\/schema\/person\/ad82545263dcc5ec0996818884fd5fb1\"},\"breadcrumb\":{\"@id\":\"https:\/\/www.noticiasradioreflejos.com.ar\/2021\/el-intendente-reconocio-a-una-alumna-por-su-participacion-en-el-parlamento-juvenil-del-mercosur\/#breadcrumb\"},\"inLanguage\":\"es\",\"potentialAction\":[{\"@type\":\"ReadAction\",\"target\":[\"https:\/\/www.noticiasradioreflejos.com.ar\/2021\/el-intendente-reconocio-a-una-alumna-por-su-participacion-en-el-parlamento-juvenil-del-mercosur\/\"]}]},{\"@type\":\"BreadcrumbList\",\"@id\":\"https:\/\/www.noticiasradioreflejos.com.ar\/2021\/el-intendente-reconocio-a-una-alumna-por-su-participacion-en-el-parlamento-juvenil-del-mercosur\/#breadcrumb\",\"itemListElement\":[{\"@type\":\"ListItem\",\"position\":1,\"name\":\"Portada\",\"item\":\"https:\/\/www.noticiasradioreflejos.com.ar\/2021\/\"},{\"@type\":\"ListItem\",\"position\":2,\"name\":\"El intendente reconoci\u00f3 a una alumna por su participaci\u00f3n en el Parlamento Juvenil del Mercosur\"}]},{\"@type\":\"WebSite\",\"@id\":\"https:\/\/www.noticiasradioreflejos.com.ar\/2021\/#website\",\"url\":\"https:\/\/www.noticiasradioreflejos.com.ar\/2021\/\",\"name\":\"Noticias Radio Reflejos\",\"description\":\"Las noticias de mi comarca\",\"potentialAction\":[{\"@type\":\"SearchAction\",\"target\":{\"@type\":\"EntryPoint\",\"urlTemplate\":\"https:\/\/www.noticiasradioreflejos.com.ar\/2021\/?s={search_term_string}\"},\"query-input\":{\"@type\":\"PropertyValueSpecification\",\"valueRequired\":true,\"valueName\":\"search_term_string\"}}],\"inLanguage\":\"es\"},{\"@type\":\"Person\",\"@id\":\"https:\/\/www.noticiasradioreflejos.com.ar\/2021\/#\/schema\/person\/ad82545263dcc5ec0996818884fd5fb1\",\"name\":\"Arnaldo Botto\",\"image\":{\"@type\":\"ImageObject\",\"inLanguage\":\"es\",\"@id\":\"https:\/\/www.noticiasradioreflejos.com.ar\/2021\/#\/schema\/person\/image\/\",\"url\":\"https:\/\/secure.gravatar.com\/avatar\/55cb5e37c1efa326397366e6974cb338056df65cb50e7d64d1cf314e87504837?s=96&d=mm&r=g\",\"contentUrl\":\"https:\/\/secure.gravatar.com\/avatar\/55cb5e37c1efa326397366e6974cb338056df65cb50e7d64d1cf314e87504837?s=96&d=mm&r=g\",\"caption\":\"Arnaldo Botto\"},\"url\":\"https:\/\/www.noticiasradioreflejos.com.ar\/2021\/author\/arnaldo\/\"}]}<\/script>\n<!-- \/ Yoast SEO plugin. -->","yoast_head_json":{"title":"El intendente reconoci\u00f3 a una alumna por su participaci\u00f3n en el Parlamento Juvenil del Mercosur - Noticias Radio Reflejos","robots":{"index":"index","follow":"follow","max-snippet":"max-snippet:-1","max-image-preview":"max-image-preview:large","max-video-preview":"max-video-preview:-1"},"canonical":"https:\/\/www.noticiasradioreflejos.com.ar\/2021\/el-intendente-reconocio-a-una-alumna-por-su-participacion-en-el-parlamento-juvenil-del-mercosur\/","og_locale":"es_ES","og_type":"article","og_title":"El intendente reconoci\u00f3 a una alumna por su participaci\u00f3n en el Parlamento Juvenil del Mercosur - Noticias Radio Reflejos","og_description":"El intendente municipal, Sergio Bordoni entreg\u00f3 el d\u00eda de ayer, un reconocimiento a la Alumna Gianella Haberkorn, de la Escuela Secundaria N\u00b06 de Chasic\u00f3, por su importante participaci\u00f3n en el Parlamento Juvenil del Mercosur. La joven, no solo fue elegida en la etapa distrital si no que se impuso en la instancia provincial, entre m\u00e1s [&hellip;]","og_url":"https:\/\/www.noticiasradioreflejos.com.ar\/2021\/el-intendente-reconocio-a-una-alumna-por-su-participacion-en-el-parlamento-juvenil-del-mercosur\/","og_site_name":"Noticias Radio Reflejos","article_published_time":"2019-11-15T15:15:05+00:00","og_image":[{"width":300,"height":200,"url":"https:\/\/www.noticiasradioreflejos.com.ar\/2021\/wp-content\/uploads\/2021\/07\/logosol300x200.png","type":"image\/png"}],"author":"Arnaldo Botto","twitter_card":"summary_large_image","schema":{"@context":"https:\/\/schema.org","@graph":[{"@type":"WebPage","@id":"https:\/\/www.noticiasradioreflejos.com.ar\/2021\/el-intendente-reconocio-a-una-alumna-por-su-participacion-en-el-parlamento-juvenil-del-mercosur\/","url":"https:\/\/www.noticiasradioreflejos.com.ar\/2021\/el-intendente-reconocio-a-una-alumna-por-su-participacion-en-el-parlamento-juvenil-del-mercosur\/","name":"El intendente reconoci\u00f3 a una alumna por su participaci\u00f3n en el Parlamento Juvenil del Mercosur - Noticias Radio Reflejos","isPartOf":{"@id":"https:\/\/www.noticiasradioreflejos.com.ar\/2021\/#website"},"datePublished":"2019-11-15T15:15:05+00:00","author":{"@id":"https:\/\/www.noticiasradioreflejos.com.ar\/2021\/#\/schema\/person\/ad82545263dcc5ec0996818884fd5fb1"},"breadcrumb":{"@id":"https:\/\/www.noticiasradioreflejos.com.ar\/2021\/el-intendente-reconocio-a-una-alumna-por-su-participacion-en-el-parlamento-juvenil-del-mercosur\/#breadcrumb"},"inLanguage":"es","potentialAction":[{"@type":"ReadAction","target":["https:\/\/www.noticiasradioreflejos.com.ar\/2021\/el-intendente-reconocio-a-una-alumna-por-su-participacion-en-el-parlamento-juvenil-del-mercosur\/"]}]},{"@type":"BreadcrumbList","@id":"https:\/\/www.noticiasradioreflejos.com.ar\/2021\/el-intendente-reconocio-a-una-alumna-por-su-participacion-en-el-parlamento-juvenil-del-mercosur\/#breadcrumb","itemListElement":[{"@type":"ListItem","position":1,"name":"Portada","item":"https:\/\/www.noticiasradioreflejos.com.ar\/2021\/"},{"@type":"ListItem","position":2,"name":"El intendente reconoci\u00f3 a una alumna por su participaci\u00f3n en el Parlamento Juvenil del Mercosur"}]},{"@type":"WebSite","@id":"https:\/\/www.noticiasradioreflejos.com.ar\/2021\/#website","url":"https:\/\/www.noticiasradioreflejos.com.ar\/2021\/","name":"Noticias Radio Reflejos","description":"Las noticias de mi comarca","potentialAction":[{"@type":"SearchAction","target":{"@type":"EntryPoint","urlTemplate":"https:\/\/www.noticiasradioreflejos.com.ar\/2021\/?s={search_term_string}"},"query-input":{"@type":"PropertyValueSpecification","valueRequired":true,"valueName":"search_term_string"}}],"inLanguage":"es"},{"@type":"Person","@id":"https:\/\/www.noticiasradioreflejos.com.ar\/2021\/#\/schema\/person\/ad82545263dcc5ec0996818884fd5fb1","name":"Arnaldo Botto","image":{"@type":"ImageObject","inLanguage":"es","@id":"https:\/\/www.noticiasradioreflejos.com.ar\/2021\/#\/schema\/person\/image\/","url":"https:\/\/secure.gravatar.com\/avatar\/55cb5e37c1efa326397366e6974cb338056df65cb50e7d64d1cf314e87504837?s=96&d=mm&r=g","contentUrl":"https:\/\/secure.gravatar.com\/avatar\/55cb5e37c1efa326397366e6974cb338056df65cb50e7d64d1cf314e87504837?s=96&d=mm&r=g","caption":"Arnaldo Botto"},"url":"https:\/\/www.noticiasradioreflejos.com.ar\/2021\/author\/arnaldo\/"}]}},"_links":{"self":[{"href":"https:\/\/www.noticiasradioreflejos.com.ar\/2021\/wp-json\/wp\/v2\/posts\/36489","targetHints":{"allow":["GET"]}}],"collection":[{"href":"https:\/\/www.noticiasradioreflejos.com.ar\/2021\/wp-json\/wp\/v2\/posts"}],"about":[{"href":"https:\/\/www.noticiasradioreflejos.com.ar\/2021\/wp-json\/wp\/v2\/types\/post"}],"author":[{"embeddable":true,"href":"https:\/\/www.noticiasradioreflejos.com.ar\/2021\/wp-json\/wp\/v2\/users\/3"}],"replies":[{"embeddable":true,"href":"https:\/\/www.noticiasradioreflejos.com.ar\/2021\/wp-json\/wp\/v2\/comments?post=36489"}],"version-history":[{"count":0,"href":"https:\/\/www.noticiasradioreflejos.com.ar\/2021\/wp-json\/wp\/v2\/posts\/36489\/revisions"}],"wp:attachment":[{"href":"https:\/\/www.noticiasradioreflejos.com.ar\/2021\/wp-json\/wp\/v2\/media?parent=36489"}],"wp:term":[{"taxonomy":"category","embeddable":true,"href":"https:\/\/www.noticiasradioreflejos.com.ar\/2021\/wp-json\/wp\/v2\/categories?post=36489"},{"taxonomy":"post_tag","embeddable":true,"href":"https:\/\/www.noticiasradioreflejos.com.ar\/2021\/wp-json\/wp\/v2\/tags?post=36489"}],"curies":[{"name":"wp","href":"https:\/\/api.w.org\/{rel}","templated":true}]}}