{"id":36482,"date":"2019-11-15T08:49:57","date_gmt":"2019-11-15T11:49:57","guid":{"rendered":"http:\/\/www.noticiasradioreflejos.com.ar\/noticias\/?p=36482"},"modified":"2019-11-15T08:49:57","modified_gmt":"2019-11-15T11:49:57","slug":"sierra-de-la-ventana-recibio-el-lx-gran-premio-de-baquets","status":"publish","type":"post","link":"https:\/\/www.noticiasradioreflejos.com.ar\/2021\/sierra-de-la-ventana-recibio-el-lx-gran-premio-de-baquets\/","title":{"rendered":"Sierra de la Ventana recibi\u00f3 el lX Gran Premio de Baquets."},"content":{"rendered":"<p><a title=\"75282343_554274892016036_701447156770275328_n\" href=\"http:\/\/live.staticflickr.com\/65535\/49068955177_da90b06d52_s.jpg\" rel=\"\"><img loading=\"lazy\" decoding=\"async\" class=\"alignleft\" style=\"float: left;\" title=\"75282343_554274892016036_701447156770275328_n\" src=\"http:\/\/live.staticflickr.com\/65535\/49068955177_da90b06d52.jpg\" alt=\"75282343_554274892016036_701447156770275328_n\" width=\"500\" height=\"333\" \/><\/a>Las baquets recorren nuevamente los polvorientos caminos interiores de nuestro pa\u00eds, y Sierra de la Ventana se convirti\u00f3 una vez m\u00e1s, en punto de llegada para una etapa del Gran Premio. 46 m\u00e1quinas con sus pilotos y copilotos junto a sus respectivos equipos de apoyo comenzaron el arribo a la localidad a la hora 15,30, luego de atravesar el camino por el Abra de los Vascos\u00a0para cumplir la Etapa en un arco inflable les marcaba la llegada frente al acceso del Hotel Provincial.<!--more--><br \/>\nEste IX Gran Premio Argentino de Baquets \u2013 Edici\u00f3n Atl\u00e1ntica, un evento en el que los pioneros del automovilismo en el pa\u00eds vuelven a las pistas para entretener a participantes y espectadores es una carrera de regularidad, que comenz\u00f3 el domingo 10 de noviembre y terminar\u00e1 el s\u00e1bado 16, premiando al piloto que llegue de un sitio a otro a una determinada velocidad y en un tiempo indicado con anterioridad.<br \/>\n<a title=\"73189066_830392994082813_1693255508867153920_n\" href=\"http:\/\/live.staticflickr.com\/65535\/49068748901_24afe656b5_s.jpg\" rel=\"\"><img loading=\"lazy\" decoding=\"async\" class=\"aligncenter\" title=\"73189066_830392994082813_1693255508867153920_n\" src=\"http:\/\/live.staticflickr.com\/65535\/49068748901_24afe656b5_z.jpg\" alt=\"73189066_830392994082813_1693255508867153920_n\" width=\"640\" height=\"427\" \/><\/a><br \/>\nA lo largo de la competencia, los autos recorren siete localidades distribuidas en tres provincias: Chubut, R\u00edo Negro y Buenos Aires. El trayecto completo se dividir\u00e1 en seis etapas, desde Puerto Madryn y culminar\u00e1 en Mar del Plata.<br \/>\nPuerto Madryn \u2013 Sierra Grande, San Antonio Oeste \u2013 Viedma, Carmen de Patagones \u2013 R\u00edo Colorado fueron las etapas hasta hoy recorridas.<br \/>\nLa Cuarta se larg\u00f3 este jueves de La Adela con llegada al Hotel Provincial de Sierra de la Ventana.<br \/>\nEste Viernes 15 se cumplir\u00e1 con la Quinta etapa: Sierra de la Ventana \u2013 Necochea. La salida desde el Hotel Provincial de Sierra de la Ventana et\u00e1 estipulada a la hora 9 con llegada a la Estaci\u00f3n de Servicio Combustibles Quequ\u00e9n S.A..<br \/>\nEl S\u00e1bado 16 de noviembre se cumplir\u00e1 con la \u00faltima y Sexta etapa: Necochea \u2013 Mar del Plata. Largada a las 10, llegada final al Hotel Sasso, Mar del Plata, donde se dar\u00e1 la bienvenida a los autom\u00f3viles.<br \/>\nFotos Gentileza de<strong> Clau Sos : <\/strong>Ver<strong>\u00a0<\/strong><a href=\"https:\/\/www.facebook.com\/pg\/NoticiasRadioReflejos\/photos\/?tab=album&amp;album_id=957818231252752\"><b>Aqu\u00ed<\/b><\/a><br \/>\n<a title=\"75282351_423093455038054_375095608676974592_n\" href=\"http:\/\/live.staticflickr.com\/65535\/49068228858_00b321ecdd_s.jpg\" rel=\"\"><img loading=\"lazy\" decoding=\"async\" class=\"aligncenter\" title=\"75282351_423093455038054_375095608676974592_n\" src=\"http:\/\/live.staticflickr.com\/65535\/49068228858_00b321ecdd_z.jpg\" alt=\"75282351_423093455038054_375095608676974592_n\" width=\"640\" height=\"427\" \/><\/a><\/p>\n","protected":false},"excerpt":{"rendered":"<p>Las baquets recorren nuevamente los polvorientos caminos interiores de nuestro pa\u00eds, y Sierra de la Ventana se convirti\u00f3 una vez m\u00e1s, en punto de llegada para una etapa del Gran Premio. 46 m\u00e1quinas con sus pilotos y copilotos junto a sus respectivos equipos de apoyo comenzaron el arribo a la localidad a la hora 15,30, [&hellip;]<\/p>\n","protected":false},"author":3,"featured_media":0,"comment_status":"closed","ping_status":"open","sticky":false,"template":"","format":"standard","meta":{"footnotes":""},"categories":[26],"tags":[],"class_list":["post-36482","post","type-post","status-publish","format-standard","hentry","category-sociedad"],"yoast_head":"<!-- This site is optimized with the Yoast SEO plugin v25.9 - https:\/\/yoast.com\/wordpress\/plugins\/seo\/ -->\n<title>Sierra de la Ventana recibi\u00f3 el lX Gran Premio de Baquets. - Noticias Radio Reflejos<\/title>\n<meta name=\"robots\" content=\"index, follow, max-snippet:-1, max-image-preview:large, max-video-preview:-1\" \/>\n<link rel=\"canonical\" href=\"https:\/\/www.noticiasradioreflejos.com.ar\/2021\/sierra-de-la-ventana-recibio-el-lx-gran-premio-de-baquets\/\" \/>\n<meta property=\"og:locale\" content=\"es_ES\" \/>\n<meta property=\"og:type\" content=\"article\" \/>\n<meta property=\"og:title\" content=\"Sierra de la Ventana recibi\u00f3 el lX Gran Premio de Baquets. - Noticias Radio Reflejos\" \/>\n<meta property=\"og:description\" content=\"Las baquets recorren nuevamente los polvorientos caminos interiores de nuestro pa\u00eds, y Sierra de la Ventana se convirti\u00f3 una vez m\u00e1s, en punto de llegada para una etapa del Gran Premio. 46 m\u00e1quinas con sus pilotos y copilotos junto a sus respectivos equipos de apoyo comenzaron el arribo a la localidad a la hora 15,30, [&hellip;]\" \/>\n<meta property=\"og:url\" content=\"https:\/\/www.noticiasradioreflejos.com.ar\/2021\/sierra-de-la-ventana-recibio-el-lx-gran-premio-de-baquets\/\" \/>\n<meta property=\"og:site_name\" content=\"Noticias Radio Reflejos\" \/>\n<meta property=\"article:published_time\" content=\"2019-11-15T11:49:57+00:00\" \/>\n<meta property=\"og:image\" content=\"http:\/\/live.staticflickr.com\/65535\/49068955177_da90b06d52.jpg\" \/>\n<meta name=\"author\" content=\"Arnaldo Botto\" \/>\n<meta name=\"twitter:card\" content=\"summary_large_image\" \/>\n<script type=\"application\/ld+json\" class=\"yoast-schema-graph\">{\"@context\":\"https:\/\/schema.org\",\"@graph\":[{\"@type\":\"WebPage\",\"@id\":\"https:\/\/www.noticiasradioreflejos.com.ar\/2021\/sierra-de-la-ventana-recibio-el-lx-gran-premio-de-baquets\/\",\"url\":\"https:\/\/www.noticiasradioreflejos.com.ar\/2021\/sierra-de-la-ventana-recibio-el-lx-gran-premio-de-baquets\/\",\"name\":\"Sierra de la Ventana recibi\u00f3 el lX Gran Premio de Baquets. - Noticias Radio Reflejos\",\"isPartOf\":{\"@id\":\"https:\/\/www.noticiasradioreflejos.com.ar\/2021\/#website\"},\"primaryImageOfPage\":{\"@id\":\"https:\/\/www.noticiasradioreflejos.com.ar\/2021\/sierra-de-la-ventana-recibio-el-lx-gran-premio-de-baquets\/#primaryimage\"},\"image\":{\"@id\":\"https:\/\/www.noticiasradioreflejos.com.ar\/2021\/sierra-de-la-ventana-recibio-el-lx-gran-premio-de-baquets\/#primaryimage\"},\"thumbnailUrl\":\"http:\/\/live.staticflickr.com\/65535\/49068955177_da90b06d52.jpg\",\"datePublished\":\"2019-11-15T11:49:57+00:00\",\"author\":{\"@id\":\"https:\/\/www.noticiasradioreflejos.com.ar\/2021\/#\/schema\/person\/ad82545263dcc5ec0996818884fd5fb1\"},\"breadcrumb\":{\"@id\":\"https:\/\/www.noticiasradioreflejos.com.ar\/2021\/sierra-de-la-ventana-recibio-el-lx-gran-premio-de-baquets\/#breadcrumb\"},\"inLanguage\":\"es\",\"potentialAction\":[{\"@type\":\"ReadAction\",\"target\":[\"https:\/\/www.noticiasradioreflejos.com.ar\/2021\/sierra-de-la-ventana-recibio-el-lx-gran-premio-de-baquets\/\"]}]},{\"@type\":\"ImageObject\",\"inLanguage\":\"es\",\"@id\":\"https:\/\/www.noticiasradioreflejos.com.ar\/2021\/sierra-de-la-ventana-recibio-el-lx-gran-premio-de-baquets\/#primaryimage\",\"url\":\"http:\/\/live.staticflickr.com\/65535\/49068955177_da90b06d52.jpg\",\"contentUrl\":\"http:\/\/live.staticflickr.com\/65535\/49068955177_da90b06d52.jpg\"},{\"@type\":\"BreadcrumbList\",\"@id\":\"https:\/\/www.noticiasradioreflejos.com.ar\/2021\/sierra-de-la-ventana-recibio-el-lx-gran-premio-de-baquets\/#breadcrumb\",\"itemListElement\":[{\"@type\":\"ListItem\",\"position\":1,\"name\":\"Portada\",\"item\":\"https:\/\/www.noticiasradioreflejos.com.ar\/2021\/\"},{\"@type\":\"ListItem\",\"position\":2,\"name\":\"Sierra de la Ventana recibi\u00f3 el lX Gran Premio de Baquets.\"}]},{\"@type\":\"WebSite\",\"@id\":\"https:\/\/www.noticiasradioreflejos.com.ar\/2021\/#website\",\"url\":\"https:\/\/www.noticiasradioreflejos.com.ar\/2021\/\",\"name\":\"Noticias Radio Reflejos\",\"description\":\"Las noticias de mi comarca\",\"potentialAction\":[{\"@type\":\"SearchAction\",\"target\":{\"@type\":\"EntryPoint\",\"urlTemplate\":\"https:\/\/www.noticiasradioreflejos.com.ar\/2021\/?s={search_term_string}\"},\"query-input\":{\"@type\":\"PropertyValueSpecification\",\"valueRequired\":true,\"valueName\":\"search_term_string\"}}],\"inLanguage\":\"es\"},{\"@type\":\"Person\",\"@id\":\"https:\/\/www.noticiasradioreflejos.com.ar\/2021\/#\/schema\/person\/ad82545263dcc5ec0996818884fd5fb1\",\"name\":\"Arnaldo Botto\",\"image\":{\"@type\":\"ImageObject\",\"inLanguage\":\"es\",\"@id\":\"https:\/\/www.noticiasradioreflejos.com.ar\/2021\/#\/schema\/person\/image\/\",\"url\":\"https:\/\/secure.gravatar.com\/avatar\/55cb5e37c1efa326397366e6974cb338056df65cb50e7d64d1cf314e87504837?s=96&d=mm&r=g\",\"contentUrl\":\"https:\/\/secure.gravatar.com\/avatar\/55cb5e37c1efa326397366e6974cb338056df65cb50e7d64d1cf314e87504837?s=96&d=mm&r=g\",\"caption\":\"Arnaldo Botto\"},\"url\":\"https:\/\/www.noticiasradioreflejos.com.ar\/2021\/author\/arnaldo\/\"}]}<\/script>\n<!-- \/ Yoast SEO plugin. -->","yoast_head_json":{"title":"Sierra de la Ventana recibi\u00f3 el lX Gran Premio de Baquets. - Noticias Radio Reflejos","robots":{"index":"index","follow":"follow","max-snippet":"max-snippet:-1","max-image-preview":"max-image-preview:large","max-video-preview":"max-video-preview:-1"},"canonical":"https:\/\/www.noticiasradioreflejos.com.ar\/2021\/sierra-de-la-ventana-recibio-el-lx-gran-premio-de-baquets\/","og_locale":"es_ES","og_type":"article","og_title":"Sierra de la Ventana recibi\u00f3 el lX Gran Premio de Baquets. - Noticias Radio Reflejos","og_description":"Las baquets recorren nuevamente los polvorientos caminos interiores de nuestro pa\u00eds, y Sierra de la Ventana se convirti\u00f3 una vez m\u00e1s, en punto de llegada para una etapa del Gran Premio. 46 m\u00e1quinas con sus pilotos y copilotos junto a sus respectivos equipos de apoyo comenzaron el arribo a la localidad a la hora 15,30, [&hellip;]","og_url":"https:\/\/www.noticiasradioreflejos.com.ar\/2021\/sierra-de-la-ventana-recibio-el-lx-gran-premio-de-baquets\/","og_site_name":"Noticias Radio Reflejos","article_published_time":"2019-11-15T11:49:57+00:00","og_image":[{"url":"http:\/\/live.staticflickr.com\/65535\/49068955177_da90b06d52.jpg","type":"","width":"","height":""}],"author":"Arnaldo Botto","twitter_card":"summary_large_image","schema":{"@context":"https:\/\/schema.org","@graph":[{"@type":"WebPage","@id":"https:\/\/www.noticiasradioreflejos.com.ar\/2021\/sierra-de-la-ventana-recibio-el-lx-gran-premio-de-baquets\/","url":"https:\/\/www.noticiasradioreflejos.com.ar\/2021\/sierra-de-la-ventana-recibio-el-lx-gran-premio-de-baquets\/","name":"Sierra de la Ventana recibi\u00f3 el lX Gran Premio de Baquets. - Noticias Radio Reflejos","isPartOf":{"@id":"https:\/\/www.noticiasradioreflejos.com.ar\/2021\/#website"},"primaryImageOfPage":{"@id":"https:\/\/www.noticiasradioreflejos.com.ar\/2021\/sierra-de-la-ventana-recibio-el-lx-gran-premio-de-baquets\/#primaryimage"},"image":{"@id":"https:\/\/www.noticiasradioreflejos.com.ar\/2021\/sierra-de-la-ventana-recibio-el-lx-gran-premio-de-baquets\/#primaryimage"},"thumbnailUrl":"http:\/\/live.staticflickr.com\/65535\/49068955177_da90b06d52.jpg","datePublished":"2019-11-15T11:49:57+00:00","author":{"@id":"https:\/\/www.noticiasradioreflejos.com.ar\/2021\/#\/schema\/person\/ad82545263dcc5ec0996818884fd5fb1"},"breadcrumb":{"@id":"https:\/\/www.noticiasradioreflejos.com.ar\/2021\/sierra-de-la-ventana-recibio-el-lx-gran-premio-de-baquets\/#breadcrumb"},"inLanguage":"es","potentialAction":[{"@type":"ReadAction","target":["https:\/\/www.noticiasradioreflejos.com.ar\/2021\/sierra-de-la-ventana-recibio-el-lx-gran-premio-de-baquets\/"]}]},{"@type":"ImageObject","inLanguage":"es","@id":"https:\/\/www.noticiasradioreflejos.com.ar\/2021\/sierra-de-la-ventana-recibio-el-lx-gran-premio-de-baquets\/#primaryimage","url":"http:\/\/live.staticflickr.com\/65535\/49068955177_da90b06d52.jpg","contentUrl":"http:\/\/live.staticflickr.com\/65535\/49068955177_da90b06d52.jpg"},{"@type":"BreadcrumbList","@id":"https:\/\/www.noticiasradioreflejos.com.ar\/2021\/sierra-de-la-ventana-recibio-el-lx-gran-premio-de-baquets\/#breadcrumb","itemListElement":[{"@type":"ListItem","position":1,"name":"Portada","item":"https:\/\/www.noticiasradioreflejos.com.ar\/2021\/"},{"@type":"ListItem","position":2,"name":"Sierra de la Ventana recibi\u00f3 el lX Gran Premio de Baquets."}]},{"@type":"WebSite","@id":"https:\/\/www.noticiasradioreflejos.com.ar\/2021\/#website","url":"https:\/\/www.noticiasradioreflejos.com.ar\/2021\/","name":"Noticias Radio Reflejos","description":"Las noticias de mi comarca","potentialAction":[{"@type":"SearchAction","target":{"@type":"EntryPoint","urlTemplate":"https:\/\/www.noticiasradioreflejos.com.ar\/2021\/?s={search_term_string}"},"query-input":{"@type":"PropertyValueSpecification","valueRequired":true,"valueName":"search_term_string"}}],"inLanguage":"es"},{"@type":"Person","@id":"https:\/\/www.noticiasradioreflejos.com.ar\/2021\/#\/schema\/person\/ad82545263dcc5ec0996818884fd5fb1","name":"Arnaldo Botto","image":{"@type":"ImageObject","inLanguage":"es","@id":"https:\/\/www.noticiasradioreflejos.com.ar\/2021\/#\/schema\/person\/image\/","url":"https:\/\/secure.gravatar.com\/avatar\/55cb5e37c1efa326397366e6974cb338056df65cb50e7d64d1cf314e87504837?s=96&d=mm&r=g","contentUrl":"https:\/\/secure.gravatar.com\/avatar\/55cb5e37c1efa326397366e6974cb338056df65cb50e7d64d1cf314e87504837?s=96&d=mm&r=g","caption":"Arnaldo Botto"},"url":"https:\/\/www.noticiasradioreflejos.com.ar\/2021\/author\/arnaldo\/"}]}},"_links":{"self":[{"href":"https:\/\/www.noticiasradioreflejos.com.ar\/2021\/wp-json\/wp\/v2\/posts\/36482","targetHints":{"allow":["GET"]}}],"collection":[{"href":"https:\/\/www.noticiasradioreflejos.com.ar\/2021\/wp-json\/wp\/v2\/posts"}],"about":[{"href":"https:\/\/www.noticiasradioreflejos.com.ar\/2021\/wp-json\/wp\/v2\/types\/post"}],"author":[{"embeddable":true,"href":"https:\/\/www.noticiasradioreflejos.com.ar\/2021\/wp-json\/wp\/v2\/users\/3"}],"replies":[{"embeddable":true,"href":"https:\/\/www.noticiasradioreflejos.com.ar\/2021\/wp-json\/wp\/v2\/comments?post=36482"}],"version-history":[{"count":0,"href":"https:\/\/www.noticiasradioreflejos.com.ar\/2021\/wp-json\/wp\/v2\/posts\/36482\/revisions"}],"wp:attachment":[{"href":"https:\/\/www.noticiasradioreflejos.com.ar\/2021\/wp-json\/wp\/v2\/media?parent=36482"}],"wp:term":[{"taxonomy":"category","embeddable":true,"href":"https:\/\/www.noticiasradioreflejos.com.ar\/2021\/wp-json\/wp\/v2\/categories?post=36482"},{"taxonomy":"post_tag","embeddable":true,"href":"https:\/\/www.noticiasradioreflejos.com.ar\/2021\/wp-json\/wp\/v2\/tags?post=36482"}],"curies":[{"name":"wp","href":"https:\/\/api.w.org\/{rel}","templated":true}]}}