{"id":36480,"date":"2019-11-15T08:04:33","date_gmt":"2019-11-15T11:04:33","guid":{"rendered":"http:\/\/www.noticiasradioreflejos.com.ar\/noticias\/?p=36480"},"modified":"2019-11-15T08:04:33","modified_gmt":"2019-11-15T11:04:33","slug":"la-defensoria-del-pueblo-fue-a-la-justicia-para-que-se-frene-el-aumento-de-la-luz","status":"publish","type":"post","link":"https:\/\/www.noticiasradioreflejos.com.ar\/2021\/la-defensoria-del-pueblo-fue-a-la-justicia-para-que-se-frene-el-aumento-de-la-luz\/","title":{"rendered":"La Defensor\u00eda del pueblo fue a la Justicia para que se frene el aumento de la luz"},"content":{"rendered":"<p>El organismo que conduce Guido Lorenzino present\u00f3 un planteo de nulidad con la intenci\u00f3n de que se anule la suba del 25% que el gobierno provincial habilit\u00f3 a partir de 2020.<!--more--><br \/>\nEste martes, el Defensor del Pueblo bonaerense, Guido Lorenzino, fue a la Justicia para exigir que se frene el aumento tarifario del 25% que el gobierno provincial autoriz\u00f3 para el servicio el\u00e9ctrico a partir de enero de 2020.<br \/>\nCon un planteo de nulidad hecho al Juzgado Contencioso Administrativo N\u00b04 de La Plata, el organismo reclam\u00f3 que el incremento no tenga lugar, al considerar que la resoluci\u00f3n que lo habilit\u00f3 es de manifiesta ilegalidad y arbitrariedad y genera un grave da\u00f1o a los habitantes de la Provincia.<br \/>\n\u201cEstamos frente a una medida que vulnera a\u00fan m\u00e1s los intereses econ\u00f3micos de los usuarios y consumidores, quienes vienen de a\u00f1os de sufrir tarifazos en un contexto de estancamiento de la actividad econ\u00f3mica, de inflaci\u00f3n y de p\u00e9rdida de poder adquisitivo\u201d, sostuvo Lorenzino.<br \/>\nEn esa l\u00ednea, el Defensor del Pueblo cuestion\u00f3 a las autoridades provinciales por habilitar un aumento que se aplicar\u00e1 cuando ya no est\u00e9n en el gobierno, y consider\u00f3 que la decisi\u00f3n \u201cresponde nuevamente a la forma que tienen de analizar las tarifas como si estuvieran sometidas a las leyes de mercado, cuando en realidad se trata del pago de una contraprestaci\u00f3n por la utilizaci\u00f3n de un servicio p\u00fablico esencial\u201d.<br \/>\nCabe destacar que la Defensor\u00eda ya hab\u00eda rechazado el aumento anunciado por Mar\u00eda Eugenia Vidal para el servicio que prestan EDELAP, EDEA, EDEN, EDES y las 200 cooperativas que operan en la Provincia. En ese sentido, hizo una presentaci\u00f3n administrativa ante el OCEBA y la Direcci\u00f3n Provincial de Energ\u00eda para que se d\u00e9 marcha atr\u00e1s con la suba a aplicarse a partir del primer d\u00eda del a\u00f1o que viene.<br \/>\nEste aumento iba a ser aplicado en agosto, pero como parte de un paquete de medidas electorales el gobierno de Mar\u00eda Eugenia Vidal los posterg\u00f3 hasta el 30 de octubre.<br \/>\nFuente: Info Cielo.<\/p>\n","protected":false},"excerpt":{"rendered":"<p>El organismo que conduce Guido Lorenzino present\u00f3 un planteo de nulidad con la intenci\u00f3n de que se anule la suba del 25% que el gobierno provincial habilit\u00f3 a partir de 2020.<\/p>\n","protected":false},"author":3,"featured_media":0,"comment_status":"closed","ping_status":"open","sticky":false,"template":"","format":"standard","meta":{"footnotes":""},"categories":[24],"tags":[],"class_list":["post-36480","post","type-post","status-publish","format-standard","hentry","category-politica"],"yoast_head":"<!-- This site is optimized with the Yoast SEO plugin v25.9 - https:\/\/yoast.com\/wordpress\/plugins\/seo\/ -->\n<title>La Defensor\u00eda del pueblo fue a la Justicia para que se frene el aumento de la luz - Noticias Radio Reflejos<\/title>\n<meta name=\"robots\" content=\"index, follow, max-snippet:-1, max-image-preview:large, max-video-preview:-1\" \/>\n<link rel=\"canonical\" href=\"https:\/\/www.noticiasradioreflejos.com.ar\/2021\/la-defensoria-del-pueblo-fue-a-la-justicia-para-que-se-frene-el-aumento-de-la-luz\/\" \/>\n<meta property=\"og:locale\" content=\"es_ES\" \/>\n<meta property=\"og:type\" content=\"article\" \/>\n<meta property=\"og:title\" content=\"La Defensor\u00eda del pueblo fue a la Justicia para que se frene el aumento de la luz - Noticias Radio Reflejos\" \/>\n<meta property=\"og:description\" content=\"El organismo que conduce Guido Lorenzino present\u00f3 un planteo de nulidad con la intenci\u00f3n de que se anule la suba del 25% que el gobierno provincial habilit\u00f3 a partir de 2020.\" \/>\n<meta property=\"og:url\" content=\"https:\/\/www.noticiasradioreflejos.com.ar\/2021\/la-defensoria-del-pueblo-fue-a-la-justicia-para-que-se-frene-el-aumento-de-la-luz\/\" \/>\n<meta property=\"og:site_name\" content=\"Noticias Radio Reflejos\" \/>\n<meta property=\"article:published_time\" content=\"2019-11-15T11:04:33+00:00\" \/>\n<meta property=\"og:image\" content=\"https:\/\/www.noticiasradioreflejos.com.ar\/2021\/wp-content\/uploads\/2021\/07\/logosol300x200.png\" \/>\n\t<meta property=\"og:image:width\" content=\"300\" \/>\n\t<meta property=\"og:image:height\" content=\"200\" \/>\n\t<meta property=\"og:image:type\" content=\"image\/png\" \/>\n<meta name=\"author\" content=\"Arnaldo Botto\" \/>\n<meta name=\"twitter:card\" content=\"summary_large_image\" \/>\n<script type=\"application\/ld+json\" class=\"yoast-schema-graph\">{\"@context\":\"https:\/\/schema.org\",\"@graph\":[{\"@type\":\"WebPage\",\"@id\":\"https:\/\/www.noticiasradioreflejos.com.ar\/2021\/la-defensoria-del-pueblo-fue-a-la-justicia-para-que-se-frene-el-aumento-de-la-luz\/\",\"url\":\"https:\/\/www.noticiasradioreflejos.com.ar\/2021\/la-defensoria-del-pueblo-fue-a-la-justicia-para-que-se-frene-el-aumento-de-la-luz\/\",\"name\":\"La Defensor\u00eda del pueblo fue a la Justicia para que se frene el aumento de la luz - Noticias Radio Reflejos\",\"isPartOf\":{\"@id\":\"https:\/\/www.noticiasradioreflejos.com.ar\/2021\/#website\"},\"datePublished\":\"2019-11-15T11:04:33+00:00\",\"author\":{\"@id\":\"https:\/\/www.noticiasradioreflejos.com.ar\/2021\/#\/schema\/person\/ad82545263dcc5ec0996818884fd5fb1\"},\"breadcrumb\":{\"@id\":\"https:\/\/www.noticiasradioreflejos.com.ar\/2021\/la-defensoria-del-pueblo-fue-a-la-justicia-para-que-se-frene-el-aumento-de-la-luz\/#breadcrumb\"},\"inLanguage\":\"es\",\"potentialAction\":[{\"@type\":\"ReadAction\",\"target\":[\"https:\/\/www.noticiasradioreflejos.com.ar\/2021\/la-defensoria-del-pueblo-fue-a-la-justicia-para-que-se-frene-el-aumento-de-la-luz\/\"]}]},{\"@type\":\"BreadcrumbList\",\"@id\":\"https:\/\/www.noticiasradioreflejos.com.ar\/2021\/la-defensoria-del-pueblo-fue-a-la-justicia-para-que-se-frene-el-aumento-de-la-luz\/#breadcrumb\",\"itemListElement\":[{\"@type\":\"ListItem\",\"position\":1,\"name\":\"Portada\",\"item\":\"https:\/\/www.noticiasradioreflejos.com.ar\/2021\/\"},{\"@type\":\"ListItem\",\"position\":2,\"name\":\"La Defensor\u00eda del pueblo fue a la Justicia para que se frene el aumento de la luz\"}]},{\"@type\":\"WebSite\",\"@id\":\"https:\/\/www.noticiasradioreflejos.com.ar\/2021\/#website\",\"url\":\"https:\/\/www.noticiasradioreflejos.com.ar\/2021\/\",\"name\":\"Noticias Radio Reflejos\",\"description\":\"Las noticias de mi comarca\",\"potentialAction\":[{\"@type\":\"SearchAction\",\"target\":{\"@type\":\"EntryPoint\",\"urlTemplate\":\"https:\/\/www.noticiasradioreflejos.com.ar\/2021\/?s={search_term_string}\"},\"query-input\":{\"@type\":\"PropertyValueSpecification\",\"valueRequired\":true,\"valueName\":\"search_term_string\"}}],\"inLanguage\":\"es\"},{\"@type\":\"Person\",\"@id\":\"https:\/\/www.noticiasradioreflejos.com.ar\/2021\/#\/schema\/person\/ad82545263dcc5ec0996818884fd5fb1\",\"name\":\"Arnaldo Botto\",\"image\":{\"@type\":\"ImageObject\",\"inLanguage\":\"es\",\"@id\":\"https:\/\/www.noticiasradioreflejos.com.ar\/2021\/#\/schema\/person\/image\/\",\"url\":\"https:\/\/secure.gravatar.com\/avatar\/55cb5e37c1efa326397366e6974cb338056df65cb50e7d64d1cf314e87504837?s=96&d=mm&r=g\",\"contentUrl\":\"https:\/\/secure.gravatar.com\/avatar\/55cb5e37c1efa326397366e6974cb338056df65cb50e7d64d1cf314e87504837?s=96&d=mm&r=g\",\"caption\":\"Arnaldo Botto\"},\"url\":\"https:\/\/www.noticiasradioreflejos.com.ar\/2021\/author\/arnaldo\/\"}]}<\/script>\n<!-- \/ Yoast SEO plugin. -->","yoast_head_json":{"title":"La Defensor\u00eda del pueblo fue a la Justicia para que se frene el aumento de la luz - Noticias Radio Reflejos","robots":{"index":"index","follow":"follow","max-snippet":"max-snippet:-1","max-image-preview":"max-image-preview:large","max-video-preview":"max-video-preview:-1"},"canonical":"https:\/\/www.noticiasradioreflejos.com.ar\/2021\/la-defensoria-del-pueblo-fue-a-la-justicia-para-que-se-frene-el-aumento-de-la-luz\/","og_locale":"es_ES","og_type":"article","og_title":"La Defensor\u00eda del pueblo fue a la Justicia para que se frene el aumento de la luz - Noticias Radio Reflejos","og_description":"El organismo que conduce Guido Lorenzino present\u00f3 un planteo de nulidad con la intenci\u00f3n de que se anule la suba del 25% que el gobierno provincial habilit\u00f3 a partir de 2020.","og_url":"https:\/\/www.noticiasradioreflejos.com.ar\/2021\/la-defensoria-del-pueblo-fue-a-la-justicia-para-que-se-frene-el-aumento-de-la-luz\/","og_site_name":"Noticias Radio Reflejos","article_published_time":"2019-11-15T11:04:33+00:00","og_image":[{"width":300,"height":200,"url":"https:\/\/www.noticiasradioreflejos.com.ar\/2021\/wp-content\/uploads\/2021\/07\/logosol300x200.png","type":"image\/png"}],"author":"Arnaldo Botto","twitter_card":"summary_large_image","schema":{"@context":"https:\/\/schema.org","@graph":[{"@type":"WebPage","@id":"https:\/\/www.noticiasradioreflejos.com.ar\/2021\/la-defensoria-del-pueblo-fue-a-la-justicia-para-que-se-frene-el-aumento-de-la-luz\/","url":"https:\/\/www.noticiasradioreflejos.com.ar\/2021\/la-defensoria-del-pueblo-fue-a-la-justicia-para-que-se-frene-el-aumento-de-la-luz\/","name":"La Defensor\u00eda del pueblo fue a la Justicia para que se frene el aumento de la luz - Noticias Radio Reflejos","isPartOf":{"@id":"https:\/\/www.noticiasradioreflejos.com.ar\/2021\/#website"},"datePublished":"2019-11-15T11:04:33+00:00","author":{"@id":"https:\/\/www.noticiasradioreflejos.com.ar\/2021\/#\/schema\/person\/ad82545263dcc5ec0996818884fd5fb1"},"breadcrumb":{"@id":"https:\/\/www.noticiasradioreflejos.com.ar\/2021\/la-defensoria-del-pueblo-fue-a-la-justicia-para-que-se-frene-el-aumento-de-la-luz\/#breadcrumb"},"inLanguage":"es","potentialAction":[{"@type":"ReadAction","target":["https:\/\/www.noticiasradioreflejos.com.ar\/2021\/la-defensoria-del-pueblo-fue-a-la-justicia-para-que-se-frene-el-aumento-de-la-luz\/"]}]},{"@type":"BreadcrumbList","@id":"https:\/\/www.noticiasradioreflejos.com.ar\/2021\/la-defensoria-del-pueblo-fue-a-la-justicia-para-que-se-frene-el-aumento-de-la-luz\/#breadcrumb","itemListElement":[{"@type":"ListItem","position":1,"name":"Portada","item":"https:\/\/www.noticiasradioreflejos.com.ar\/2021\/"},{"@type":"ListItem","position":2,"name":"La Defensor\u00eda del pueblo fue a la Justicia para que se frene el aumento de la luz"}]},{"@type":"WebSite","@id":"https:\/\/www.noticiasradioreflejos.com.ar\/2021\/#website","url":"https:\/\/www.noticiasradioreflejos.com.ar\/2021\/","name":"Noticias Radio Reflejos","description":"Las noticias de mi comarca","potentialAction":[{"@type":"SearchAction","target":{"@type":"EntryPoint","urlTemplate":"https:\/\/www.noticiasradioreflejos.com.ar\/2021\/?s={search_term_string}"},"query-input":{"@type":"PropertyValueSpecification","valueRequired":true,"valueName":"search_term_string"}}],"inLanguage":"es"},{"@type":"Person","@id":"https:\/\/www.noticiasradioreflejos.com.ar\/2021\/#\/schema\/person\/ad82545263dcc5ec0996818884fd5fb1","name":"Arnaldo Botto","image":{"@type":"ImageObject","inLanguage":"es","@id":"https:\/\/www.noticiasradioreflejos.com.ar\/2021\/#\/schema\/person\/image\/","url":"https:\/\/secure.gravatar.com\/avatar\/55cb5e37c1efa326397366e6974cb338056df65cb50e7d64d1cf314e87504837?s=96&d=mm&r=g","contentUrl":"https:\/\/secure.gravatar.com\/avatar\/55cb5e37c1efa326397366e6974cb338056df65cb50e7d64d1cf314e87504837?s=96&d=mm&r=g","caption":"Arnaldo Botto"},"url":"https:\/\/www.noticiasradioreflejos.com.ar\/2021\/author\/arnaldo\/"}]}},"_links":{"self":[{"href":"https:\/\/www.noticiasradioreflejos.com.ar\/2021\/wp-json\/wp\/v2\/posts\/36480","targetHints":{"allow":["GET"]}}],"collection":[{"href":"https:\/\/www.noticiasradioreflejos.com.ar\/2021\/wp-json\/wp\/v2\/posts"}],"about":[{"href":"https:\/\/www.noticiasradioreflejos.com.ar\/2021\/wp-json\/wp\/v2\/types\/post"}],"author":[{"embeddable":true,"href":"https:\/\/www.noticiasradioreflejos.com.ar\/2021\/wp-json\/wp\/v2\/users\/3"}],"replies":[{"embeddable":true,"href":"https:\/\/www.noticiasradioreflejos.com.ar\/2021\/wp-json\/wp\/v2\/comments?post=36480"}],"version-history":[{"count":0,"href":"https:\/\/www.noticiasradioreflejos.com.ar\/2021\/wp-json\/wp\/v2\/posts\/36480\/revisions"}],"wp:attachment":[{"href":"https:\/\/www.noticiasradioreflejos.com.ar\/2021\/wp-json\/wp\/v2\/media?parent=36480"}],"wp:term":[{"taxonomy":"category","embeddable":true,"href":"https:\/\/www.noticiasradioreflejos.com.ar\/2021\/wp-json\/wp\/v2\/categories?post=36480"},{"taxonomy":"post_tag","embeddable":true,"href":"https:\/\/www.noticiasradioreflejos.com.ar\/2021\/wp-json\/wp\/v2\/tags?post=36480"}],"curies":[{"name":"wp","href":"https:\/\/api.w.org\/{rel}","templated":true}]}}