{"id":36473,"date":"2019-11-15T07:53:23","date_gmt":"2019-11-15T10:53:23","guid":{"rendered":"http:\/\/www.noticiasradioreflejos.com.ar\/noticias\/?p=36473"},"modified":"2019-11-15T07:53:23","modified_gmt":"2019-11-15T10:53:23","slug":"inferiores-automoto-recibira-este-lunes-el-torneo-esperanzas","status":"publish","type":"post","link":"https:\/\/www.noticiasradioreflejos.com.ar\/2021\/inferiores-automoto-recibira-este-lunes-el-torneo-esperanzas\/","title":{"rendered":"Inferiores: Automoto recibir\u00e1 este lunes el torneo Esperanzas"},"content":{"rendered":"<p>Aprovechando el feriado nacional del pr\u00f3ximo lunes, el Automoto Club Deportivo albergar\u00e1 las dos \u00faltimas fechas de la categor\u00eda 2007 del torneo Esperanzas de la Provincia de Buenos Aires, cuya fase final se disputar\u00e1 el mes entrante en la ciudad de Tandil.<!--more--><br \/>\nA partir de las 10, el Rojo recibir\u00e1 a Tiro Federal de Puan y Racing y San Mart\u00edn de Carhu\u00e9, en un cuadrangular que determinar\u00e1 los clasificados a la pr\u00f3xima instancia.<br \/>\n   La jornada tendr\u00e1 los siguientes encuentros:<br \/>\n&#8211;\tSan Mart\u00edn vs Racing.<br \/>\n&#8211;\tAutomoto vs Tiro Federal.<br \/>\n&#8211;\tTiro Federal vs San Mart\u00edn.<br \/>\n&#8211;\tAutomoto vs Racing.<br \/>\n   Vale recordar que los chicos azulgranas igualaron 3 a 3 frente a San Mart\u00edn en la fecha inaugural de esta fase clasificatoria, que se disput\u00f3 en Carhu\u00e9.<br \/>\n   El ganador del certamen viajar\u00e1 a la ciudad de Tandil en el mes de diciembre, mientras que el segundo jugar\u00e1 en Olavarr\u00eda en la misma fecha.<br \/>\n   La categor\u00eda 2005 tambi\u00e9n est\u00e1 disputando este torneo. En las pr\u00f3ximas horas se confirmar\u00e1 el d\u00eda en que se disputar\u00e1n dos partidos finales, que deben desarrollarse en Puan. En el juego inaugural, Automoto super\u00f3 a San Mart\u00edn de Carhu\u00e9 por 3 a 1.<br \/>\nDepartamento de Prensa \u2013 Automoto Club Deportivo<br \/>\nwww.clubautomotopasion.com.ar<br \/>\nFacebook: \/automototornquist<br \/>\nTwitter: @ClubAutomoto<\/p>\n","protected":false},"excerpt":{"rendered":"<p>Aprovechando el feriado nacional del pr\u00f3ximo lunes, el Automoto Club Deportivo albergar\u00e1 las dos \u00faltimas fechas de la categor\u00eda 2007 del torneo Esperanzas de la Provincia de Buenos Aires, cuya fase final se disputar\u00e1 el mes entrante en la ciudad de Tandil.<\/p>\n","protected":false},"author":3,"featured_media":0,"comment_status":"closed","ping_status":"open","sticky":false,"template":"","format":"standard","meta":{"footnotes":""},"categories":[27],"tags":[],"class_list":["post-36473","post","type-post","status-publish","format-standard","hentry","category-deportes"],"yoast_head":"<!-- This site is optimized with the Yoast SEO plugin v25.9 - https:\/\/yoast.com\/wordpress\/plugins\/seo\/ -->\n<title>Inferiores: Automoto recibir\u00e1 este lunes el torneo Esperanzas - Noticias Radio Reflejos<\/title>\n<meta name=\"robots\" content=\"index, follow, max-snippet:-1, max-image-preview:large, max-video-preview:-1\" \/>\n<link rel=\"canonical\" href=\"https:\/\/www.noticiasradioreflejos.com.ar\/2021\/inferiores-automoto-recibira-este-lunes-el-torneo-esperanzas\/\" \/>\n<meta property=\"og:locale\" content=\"es_ES\" \/>\n<meta property=\"og:type\" content=\"article\" \/>\n<meta property=\"og:title\" content=\"Inferiores: Automoto recibir\u00e1 este lunes el torneo Esperanzas - Noticias Radio Reflejos\" \/>\n<meta property=\"og:description\" content=\"Aprovechando el feriado nacional del pr\u00f3ximo lunes, el Automoto Club Deportivo albergar\u00e1 las dos \u00faltimas fechas de la categor\u00eda 2007 del torneo Esperanzas de la Provincia de Buenos Aires, cuya fase final se disputar\u00e1 el mes entrante en la ciudad de Tandil.\" \/>\n<meta property=\"og:url\" content=\"https:\/\/www.noticiasradioreflejos.com.ar\/2021\/inferiores-automoto-recibira-este-lunes-el-torneo-esperanzas\/\" \/>\n<meta property=\"og:site_name\" content=\"Noticias Radio Reflejos\" \/>\n<meta property=\"article:published_time\" content=\"2019-11-15T10:53:23+00:00\" \/>\n<meta property=\"og:image\" content=\"https:\/\/www.noticiasradioreflejos.com.ar\/2021\/wp-content\/uploads\/2021\/07\/logosol300x200.png\" \/>\n\t<meta property=\"og:image:width\" content=\"300\" \/>\n\t<meta property=\"og:image:height\" content=\"200\" \/>\n\t<meta property=\"og:image:type\" content=\"image\/png\" \/>\n<meta name=\"author\" content=\"Arnaldo Botto\" \/>\n<meta name=\"twitter:card\" content=\"summary_large_image\" \/>\n<script type=\"application\/ld+json\" class=\"yoast-schema-graph\">{\"@context\":\"https:\/\/schema.org\",\"@graph\":[{\"@type\":\"WebPage\",\"@id\":\"https:\/\/www.noticiasradioreflejos.com.ar\/2021\/inferiores-automoto-recibira-este-lunes-el-torneo-esperanzas\/\",\"url\":\"https:\/\/www.noticiasradioreflejos.com.ar\/2021\/inferiores-automoto-recibira-este-lunes-el-torneo-esperanzas\/\",\"name\":\"Inferiores: Automoto recibir\u00e1 este lunes el torneo Esperanzas - Noticias Radio Reflejos\",\"isPartOf\":{\"@id\":\"https:\/\/www.noticiasradioreflejos.com.ar\/2021\/#website\"},\"datePublished\":\"2019-11-15T10:53:23+00:00\",\"author\":{\"@id\":\"https:\/\/www.noticiasradioreflejos.com.ar\/2021\/#\/schema\/person\/ad82545263dcc5ec0996818884fd5fb1\"},\"breadcrumb\":{\"@id\":\"https:\/\/www.noticiasradioreflejos.com.ar\/2021\/inferiores-automoto-recibira-este-lunes-el-torneo-esperanzas\/#breadcrumb\"},\"inLanguage\":\"es\",\"potentialAction\":[{\"@type\":\"ReadAction\",\"target\":[\"https:\/\/www.noticiasradioreflejos.com.ar\/2021\/inferiores-automoto-recibira-este-lunes-el-torneo-esperanzas\/\"]}]},{\"@type\":\"BreadcrumbList\",\"@id\":\"https:\/\/www.noticiasradioreflejos.com.ar\/2021\/inferiores-automoto-recibira-este-lunes-el-torneo-esperanzas\/#breadcrumb\",\"itemListElement\":[{\"@type\":\"ListItem\",\"position\":1,\"name\":\"Portada\",\"item\":\"https:\/\/www.noticiasradioreflejos.com.ar\/2021\/\"},{\"@type\":\"ListItem\",\"position\":2,\"name\":\"Inferiores: Automoto recibir\u00e1 este lunes el torneo Esperanzas\"}]},{\"@type\":\"WebSite\",\"@id\":\"https:\/\/www.noticiasradioreflejos.com.ar\/2021\/#website\",\"url\":\"https:\/\/www.noticiasradioreflejos.com.ar\/2021\/\",\"name\":\"Noticias Radio Reflejos\",\"description\":\"Las noticias de mi comarca\",\"potentialAction\":[{\"@type\":\"SearchAction\",\"target\":{\"@type\":\"EntryPoint\",\"urlTemplate\":\"https:\/\/www.noticiasradioreflejos.com.ar\/2021\/?s={search_term_string}\"},\"query-input\":{\"@type\":\"PropertyValueSpecification\",\"valueRequired\":true,\"valueName\":\"search_term_string\"}}],\"inLanguage\":\"es\"},{\"@type\":\"Person\",\"@id\":\"https:\/\/www.noticiasradioreflejos.com.ar\/2021\/#\/schema\/person\/ad82545263dcc5ec0996818884fd5fb1\",\"name\":\"Arnaldo Botto\",\"image\":{\"@type\":\"ImageObject\",\"inLanguage\":\"es\",\"@id\":\"https:\/\/www.noticiasradioreflejos.com.ar\/2021\/#\/schema\/person\/image\/\",\"url\":\"https:\/\/secure.gravatar.com\/avatar\/55cb5e37c1efa326397366e6974cb338056df65cb50e7d64d1cf314e87504837?s=96&d=mm&r=g\",\"contentUrl\":\"https:\/\/secure.gravatar.com\/avatar\/55cb5e37c1efa326397366e6974cb338056df65cb50e7d64d1cf314e87504837?s=96&d=mm&r=g\",\"caption\":\"Arnaldo Botto\"},\"url\":\"https:\/\/www.noticiasradioreflejos.com.ar\/2021\/author\/arnaldo\/\"}]}<\/script>\n<!-- \/ Yoast SEO plugin. -->","yoast_head_json":{"title":"Inferiores: Automoto recibir\u00e1 este lunes el torneo Esperanzas - Noticias Radio Reflejos","robots":{"index":"index","follow":"follow","max-snippet":"max-snippet:-1","max-image-preview":"max-image-preview:large","max-video-preview":"max-video-preview:-1"},"canonical":"https:\/\/www.noticiasradioreflejos.com.ar\/2021\/inferiores-automoto-recibira-este-lunes-el-torneo-esperanzas\/","og_locale":"es_ES","og_type":"article","og_title":"Inferiores: Automoto recibir\u00e1 este lunes el torneo Esperanzas - Noticias Radio Reflejos","og_description":"Aprovechando el feriado nacional del pr\u00f3ximo lunes, el Automoto Club Deportivo albergar\u00e1 las dos \u00faltimas fechas de la categor\u00eda 2007 del torneo Esperanzas de la Provincia de Buenos Aires, cuya fase final se disputar\u00e1 el mes entrante en la ciudad de Tandil.","og_url":"https:\/\/www.noticiasradioreflejos.com.ar\/2021\/inferiores-automoto-recibira-este-lunes-el-torneo-esperanzas\/","og_site_name":"Noticias Radio Reflejos","article_published_time":"2019-11-15T10:53:23+00:00","og_image":[{"width":300,"height":200,"url":"https:\/\/www.noticiasradioreflejos.com.ar\/2021\/wp-content\/uploads\/2021\/07\/logosol300x200.png","type":"image\/png"}],"author":"Arnaldo Botto","twitter_card":"summary_large_image","schema":{"@context":"https:\/\/schema.org","@graph":[{"@type":"WebPage","@id":"https:\/\/www.noticiasradioreflejos.com.ar\/2021\/inferiores-automoto-recibira-este-lunes-el-torneo-esperanzas\/","url":"https:\/\/www.noticiasradioreflejos.com.ar\/2021\/inferiores-automoto-recibira-este-lunes-el-torneo-esperanzas\/","name":"Inferiores: Automoto recibir\u00e1 este lunes el torneo Esperanzas - Noticias Radio Reflejos","isPartOf":{"@id":"https:\/\/www.noticiasradioreflejos.com.ar\/2021\/#website"},"datePublished":"2019-11-15T10:53:23+00:00","author":{"@id":"https:\/\/www.noticiasradioreflejos.com.ar\/2021\/#\/schema\/person\/ad82545263dcc5ec0996818884fd5fb1"},"breadcrumb":{"@id":"https:\/\/www.noticiasradioreflejos.com.ar\/2021\/inferiores-automoto-recibira-este-lunes-el-torneo-esperanzas\/#breadcrumb"},"inLanguage":"es","potentialAction":[{"@type":"ReadAction","target":["https:\/\/www.noticiasradioreflejos.com.ar\/2021\/inferiores-automoto-recibira-este-lunes-el-torneo-esperanzas\/"]}]},{"@type":"BreadcrumbList","@id":"https:\/\/www.noticiasradioreflejos.com.ar\/2021\/inferiores-automoto-recibira-este-lunes-el-torneo-esperanzas\/#breadcrumb","itemListElement":[{"@type":"ListItem","position":1,"name":"Portada","item":"https:\/\/www.noticiasradioreflejos.com.ar\/2021\/"},{"@type":"ListItem","position":2,"name":"Inferiores: Automoto recibir\u00e1 este lunes el torneo Esperanzas"}]},{"@type":"WebSite","@id":"https:\/\/www.noticiasradioreflejos.com.ar\/2021\/#website","url":"https:\/\/www.noticiasradioreflejos.com.ar\/2021\/","name":"Noticias Radio Reflejos","description":"Las noticias de mi comarca","potentialAction":[{"@type":"SearchAction","target":{"@type":"EntryPoint","urlTemplate":"https:\/\/www.noticiasradioreflejos.com.ar\/2021\/?s={search_term_string}"},"query-input":{"@type":"PropertyValueSpecification","valueRequired":true,"valueName":"search_term_string"}}],"inLanguage":"es"},{"@type":"Person","@id":"https:\/\/www.noticiasradioreflejos.com.ar\/2021\/#\/schema\/person\/ad82545263dcc5ec0996818884fd5fb1","name":"Arnaldo Botto","image":{"@type":"ImageObject","inLanguage":"es","@id":"https:\/\/www.noticiasradioreflejos.com.ar\/2021\/#\/schema\/person\/image\/","url":"https:\/\/secure.gravatar.com\/avatar\/55cb5e37c1efa326397366e6974cb338056df65cb50e7d64d1cf314e87504837?s=96&d=mm&r=g","contentUrl":"https:\/\/secure.gravatar.com\/avatar\/55cb5e37c1efa326397366e6974cb338056df65cb50e7d64d1cf314e87504837?s=96&d=mm&r=g","caption":"Arnaldo Botto"},"url":"https:\/\/www.noticiasradioreflejos.com.ar\/2021\/author\/arnaldo\/"}]}},"_links":{"self":[{"href":"https:\/\/www.noticiasradioreflejos.com.ar\/2021\/wp-json\/wp\/v2\/posts\/36473","targetHints":{"allow":["GET"]}}],"collection":[{"href":"https:\/\/www.noticiasradioreflejos.com.ar\/2021\/wp-json\/wp\/v2\/posts"}],"about":[{"href":"https:\/\/www.noticiasradioreflejos.com.ar\/2021\/wp-json\/wp\/v2\/types\/post"}],"author":[{"embeddable":true,"href":"https:\/\/www.noticiasradioreflejos.com.ar\/2021\/wp-json\/wp\/v2\/users\/3"}],"replies":[{"embeddable":true,"href":"https:\/\/www.noticiasradioreflejos.com.ar\/2021\/wp-json\/wp\/v2\/comments?post=36473"}],"version-history":[{"count":0,"href":"https:\/\/www.noticiasradioreflejos.com.ar\/2021\/wp-json\/wp\/v2\/posts\/36473\/revisions"}],"wp:attachment":[{"href":"https:\/\/www.noticiasradioreflejos.com.ar\/2021\/wp-json\/wp\/v2\/media?parent=36473"}],"wp:term":[{"taxonomy":"category","embeddable":true,"href":"https:\/\/www.noticiasradioreflejos.com.ar\/2021\/wp-json\/wp\/v2\/categories?post=36473"},{"taxonomy":"post_tag","embeddable":true,"href":"https:\/\/www.noticiasradioreflejos.com.ar\/2021\/wp-json\/wp\/v2\/tags?post=36473"}],"curies":[{"name":"wp","href":"https:\/\/api.w.org\/{rel}","templated":true}]}}