{"id":36453,"date":"2019-11-14T15:41:22","date_gmt":"2019-11-14T18:41:22","guid":{"rendered":"http:\/\/www.noticiasradioreflejos.com.ar\/noticias\/?p=36453"},"modified":"2019-11-14T15:41:22","modified_gmt":"2019-11-14T18:41:22","slug":"se-vive-con-mucha-intensidad-este-momento-antonela-luce","status":"publish","type":"post","link":"https:\/\/www.noticiasradioreflejos.com.ar\/2021\/se-vive-con-mucha-intensidad-este-momento-antonela-luce\/","title":{"rendered":"&quot;Se vive con mucha intensidad este momento&quot; &#8211; Antonela Luce"},"content":{"rendered":"<p><strong><a href=\"http:\/\/www.noticiasradioreflejos.com.ar\/noticias\/wp-content\/uploads\/2019\/11\/75278360_10162542757040394_2063966389726609408_n.jpg\"><img loading=\"lazy\" decoding=\"async\" class=\"alignleft size-full wp-image-36442\" src=\"http:\/\/www.noticiasradioreflejos.com.ar\/noticias\/wp-content\/uploads\/2019\/11\/75278360_10162542757040394_2063966389726609408_n.jpg\" alt=\"75278360_10162542757040394_2063966389726609408_n\" width=\"524\" height=\"348\" \/><\/a>Antonela Luce<\/strong> en el papel protag\u00f3nico una madre a punto de dar a luz, en un dram\u00e1tico periplo junto a su hija en el cortometraje <strong>\u00ab12 Kil\u00f3metros\u00bb<\/strong>, nos relata su experiencia, vivencias del rodaje y sensaciones; a pocas horas del estreno del film en el Festival Internacional de Cine de Mar del Plata.<!--more--><br \/>\n\u00abLa gran protagonista y hero\u00edna es Valentina, y la gran maestra tambi\u00e9n, yo voy con ella de la mano como su mam\u00e1, y la verdad que fue una experiencia \u00fanica para mi. En La Plata estudie cine, y hacia teatro pero eran todas experiencias bastantes amateurs, no eran tan sofisticadas como esta, lo mio es mas el teatro. Esta es mi primera experiencia as\u00ed tan importante, fue para mi todo nuevo, Valentina fue una gran maestra porque la realidad es que ella lo hizo con una naturalidad, nada le resulto complejo y mas all\u00e1 de la situaci\u00f3n de estar con toda esa gente alrededor, trabajando escenas bastante dram\u00e1ticas, eran horas y horas de rodaje y ella fant\u00e1stica, dec\u00edan acci\u00f3n y repetir y repetir, y siempre igual e incre\u00edble, ami me ense\u00f1o mucho Valentina\u00bb. Inici\u00f3 Antonela<br \/>\n\u00abUno lo vive desde esta simpleza, que es la primera que me voy a ver en pantalla grande, y la primera que voy a vivir un estreno desde una butaca, durante el rodaje no quise verme, y despu\u00e9s la directora me iba mandando fotos y cosas del montaje de la edici\u00f3n, pero no quise ver nada. Ma\u00f1ana ser\u00e1 la primera vez que me siente a ver el paisaje m\u00e1s que nada, que nunca vi las sierras en cine, y mi cara y mi cuerpo caminando por ah\u00ed, no lo voy a poder creer\u00bb describi\u00f3 emocionada Antonela.<br \/>\nSobre el libreto y la historia en particular, dijo: \u00abEs un relato, una historia profunda, que habla de una mujer en un estado bastante de abandono y de lucha, con muchos hijos viviendo sola en el medio del campo, en esta situaci\u00f3n a punto de parir, de la mano de esta hijita, es una historia bastante fuerte para poder vivirla en el cine, se vive con mucha intensidad este momento\u00bb. Finaliz\u00f3.<br \/>\n<a title=\"12_KILOMETROS_FOTOS_11\" href=\"http:\/\/live.staticflickr.com\/65535\/49064912286_1c9ffc0cd9_s.jpg\" rel=\"\"><img loading=\"lazy\" decoding=\"async\" class=\"aligncenter\" title=\"12_KILOMETROS_FOTOS_11\" src=\"http:\/\/live.staticflickr.com\/65535\/49064912286_1c9ffc0cd9_z.jpg\" alt=\"12_KILOMETROS_FOTOS_11\" width=\"640\" height=\"427\" \/><\/a><br \/>\n<a title=\"12_KILOMETROS_FOTOS_2\" href=\"http:\/\/live.staticflickr.com\/65535\/49064400948_d7ddccdb49_s.jpg\" rel=\"\"><img loading=\"lazy\" decoding=\"async\" class=\"aligncenter\" title=\"12_KILOMETROS_FOTOS_2\" src=\"http:\/\/live.staticflickr.com\/65535\/49064400948_d7ddccdb49_z.jpg\" alt=\"12_KILOMETROS_FOTOS_2\" width=\"640\" height=\"427\" \/><\/a><br \/>\n<a title=\"WhatsApp Image 2019-11-13 at 11.04.31\" href=\"http:\/\/live.staticflickr.com\/65535\/49064767211_5e3f19d830_s.jpg\" rel=\"\"><img loading=\"lazy\" decoding=\"async\" class=\"aligncenter\" title=\"WhatsApp Image 2019-11-13 at 11.04.31\" src=\"http:\/\/live.staticflickr.com\/65535\/49064767211_5e3f19d830_z.jpg\" alt=\"WhatsApp Image 2019-11-13 at 11.04.31\" width=\"640\" height=\"427\" \/><\/a><br \/>\nNOTA COMPLETA:<br \/>\n<iframe loading=\"lazy\" src=\"https:\/\/w.soundcloud.com\/player\/?url=https%3A\/\/api.soundcloud.com\/tracks\/712735813&amp;color=%23ff5500&amp;auto_play=false&amp;hide_related=false&amp;show_comments=true&amp;show_user=true&amp;show_reposts=false&amp;show_teaser=true\" width=\"100%\" height=\"166\" frameborder=\"no\" scrolling=\"no\"><\/iframe><\/p>\n","protected":false},"excerpt":{"rendered":"<p>Antonela Luce en el papel protag\u00f3nico una madre a punto de dar a luz, en un dram\u00e1tico periplo junto a su hija en el cortometraje \u00ab12 Kil\u00f3metros\u00bb, nos relata su experiencia, vivencias del rodaje y sensaciones; a pocas horas del estreno del film en el Festival Internacional de Cine de Mar del Plata.<\/p>\n","protected":false},"author":3,"featured_media":0,"comment_status":"closed","ping_status":"open","sticky":false,"template":"","format":"standard","meta":{"footnotes":""},"categories":[35],"tags":[],"class_list":["post-36453","post","type-post","status-publish","format-standard","hentry","category-cultura"],"yoast_head":"<!-- This site is optimized with the Yoast SEO plugin v25.9 - https:\/\/yoast.com\/wordpress\/plugins\/seo\/ -->\n<title>&quot;Se vive con mucha intensidad este momento&quot; - Antonela Luce - Noticias Radio Reflejos<\/title>\n<meta name=\"robots\" content=\"index, follow, max-snippet:-1, max-image-preview:large, max-video-preview:-1\" \/>\n<link rel=\"canonical\" href=\"https:\/\/www.noticiasradioreflejos.com.ar\/2021\/se-vive-con-mucha-intensidad-este-momento-antonela-luce\/\" \/>\n<meta property=\"og:locale\" content=\"es_ES\" \/>\n<meta property=\"og:type\" content=\"article\" \/>\n<meta property=\"og:title\" content=\"&quot;Se vive con mucha intensidad este momento&quot; - Antonela Luce - Noticias Radio Reflejos\" \/>\n<meta property=\"og:description\" content=\"Antonela Luce en el papel protag\u00f3nico una madre a punto de dar a luz, en un dram\u00e1tico periplo junto a su hija en el cortometraje \u00ab12 Kil\u00f3metros\u00bb, nos relata su experiencia, vivencias del rodaje y sensaciones; a pocas horas del estreno del film en el Festival Internacional de Cine de Mar del Plata.\" \/>\n<meta property=\"og:url\" content=\"https:\/\/www.noticiasradioreflejos.com.ar\/2021\/se-vive-con-mucha-intensidad-este-momento-antonela-luce\/\" \/>\n<meta property=\"og:site_name\" content=\"Noticias Radio Reflejos\" \/>\n<meta property=\"article:published_time\" content=\"2019-11-14T18:41:22+00:00\" \/>\n<meta property=\"og:image\" content=\"https:\/\/www.noticiasradioreflejos.com.ar\/2021\/wp-content\/uploads\/2021\/07\/logosol300x200.png\" \/>\n\t<meta property=\"og:image:width\" content=\"300\" \/>\n\t<meta property=\"og:image:height\" content=\"200\" \/>\n\t<meta property=\"og:image:type\" content=\"image\/png\" \/>\n<meta name=\"author\" content=\"Arnaldo Botto\" \/>\n<meta name=\"twitter:card\" content=\"summary_large_image\" \/>\n<script type=\"application\/ld+json\" class=\"yoast-schema-graph\">{\"@context\":\"https:\/\/schema.org\",\"@graph\":[{\"@type\":\"WebPage\",\"@id\":\"https:\/\/www.noticiasradioreflejos.com.ar\/2021\/se-vive-con-mucha-intensidad-este-momento-antonela-luce\/\",\"url\":\"https:\/\/www.noticiasradioreflejos.com.ar\/2021\/se-vive-con-mucha-intensidad-este-momento-antonela-luce\/\",\"name\":\"&quot;Se vive con mucha intensidad este momento&quot; - Antonela Luce - Noticias Radio Reflejos\",\"isPartOf\":{\"@id\":\"https:\/\/www.noticiasradioreflejos.com.ar\/2021\/#website\"},\"primaryImageOfPage\":{\"@id\":\"https:\/\/www.noticiasradioreflejos.com.ar\/2021\/se-vive-con-mucha-intensidad-este-momento-antonela-luce\/#primaryimage\"},\"image\":{\"@id\":\"https:\/\/www.noticiasradioreflejos.com.ar\/2021\/se-vive-con-mucha-intensidad-este-momento-antonela-luce\/#primaryimage\"},\"thumbnailUrl\":\"http:\/\/www.noticiasradioreflejos.com.ar\/noticias\/wp-content\/uploads\/2019\/11\/75278360_10162542757040394_2063966389726609408_n.jpg\",\"datePublished\":\"2019-11-14T18:41:22+00:00\",\"author\":{\"@id\":\"https:\/\/www.noticiasradioreflejos.com.ar\/2021\/#\/schema\/person\/ad82545263dcc5ec0996818884fd5fb1\"},\"breadcrumb\":{\"@id\":\"https:\/\/www.noticiasradioreflejos.com.ar\/2021\/se-vive-con-mucha-intensidad-este-momento-antonela-luce\/#breadcrumb\"},\"inLanguage\":\"es\",\"potentialAction\":[{\"@type\":\"ReadAction\",\"target\":[\"https:\/\/www.noticiasradioreflejos.com.ar\/2021\/se-vive-con-mucha-intensidad-este-momento-antonela-luce\/\"]}]},{\"@type\":\"ImageObject\",\"inLanguage\":\"es\",\"@id\":\"https:\/\/www.noticiasradioreflejos.com.ar\/2021\/se-vive-con-mucha-intensidad-este-momento-antonela-luce\/#primaryimage\",\"url\":\"http:\/\/www.noticiasradioreflejos.com.ar\/noticias\/wp-content\/uploads\/2019\/11\/75278360_10162542757040394_2063966389726609408_n.jpg\",\"contentUrl\":\"http:\/\/www.noticiasradioreflejos.com.ar\/noticias\/wp-content\/uploads\/2019\/11\/75278360_10162542757040394_2063966389726609408_n.jpg\"},{\"@type\":\"BreadcrumbList\",\"@id\":\"https:\/\/www.noticiasradioreflejos.com.ar\/2021\/se-vive-con-mucha-intensidad-este-momento-antonela-luce\/#breadcrumb\",\"itemListElement\":[{\"@type\":\"ListItem\",\"position\":1,\"name\":\"Portada\",\"item\":\"https:\/\/www.noticiasradioreflejos.com.ar\/2021\/\"},{\"@type\":\"ListItem\",\"position\":2,\"name\":\"&quot;Se vive con mucha intensidad este momento&quot; &#8211; Antonela Luce\"}]},{\"@type\":\"WebSite\",\"@id\":\"https:\/\/www.noticiasradioreflejos.com.ar\/2021\/#website\",\"url\":\"https:\/\/www.noticiasradioreflejos.com.ar\/2021\/\",\"name\":\"Noticias Radio Reflejos\",\"description\":\"Las noticias de mi comarca\",\"potentialAction\":[{\"@type\":\"SearchAction\",\"target\":{\"@type\":\"EntryPoint\",\"urlTemplate\":\"https:\/\/www.noticiasradioreflejos.com.ar\/2021\/?s={search_term_string}\"},\"query-input\":{\"@type\":\"PropertyValueSpecification\",\"valueRequired\":true,\"valueName\":\"search_term_string\"}}],\"inLanguage\":\"es\"},{\"@type\":\"Person\",\"@id\":\"https:\/\/www.noticiasradioreflejos.com.ar\/2021\/#\/schema\/person\/ad82545263dcc5ec0996818884fd5fb1\",\"name\":\"Arnaldo Botto\",\"image\":{\"@type\":\"ImageObject\",\"inLanguage\":\"es\",\"@id\":\"https:\/\/www.noticiasradioreflejos.com.ar\/2021\/#\/schema\/person\/image\/\",\"url\":\"https:\/\/secure.gravatar.com\/avatar\/55cb5e37c1efa326397366e6974cb338056df65cb50e7d64d1cf314e87504837?s=96&d=mm&r=g\",\"contentUrl\":\"https:\/\/secure.gravatar.com\/avatar\/55cb5e37c1efa326397366e6974cb338056df65cb50e7d64d1cf314e87504837?s=96&d=mm&r=g\",\"caption\":\"Arnaldo Botto\"},\"url\":\"https:\/\/www.noticiasradioreflejos.com.ar\/2021\/author\/arnaldo\/\"}]}<\/script>\n<!-- \/ Yoast SEO plugin. -->","yoast_head_json":{"title":"&quot;Se vive con mucha intensidad este momento&quot; - Antonela Luce - Noticias Radio Reflejos","robots":{"index":"index","follow":"follow","max-snippet":"max-snippet:-1","max-image-preview":"max-image-preview:large","max-video-preview":"max-video-preview:-1"},"canonical":"https:\/\/www.noticiasradioreflejos.com.ar\/2021\/se-vive-con-mucha-intensidad-este-momento-antonela-luce\/","og_locale":"es_ES","og_type":"article","og_title":"&quot;Se vive con mucha intensidad este momento&quot; - Antonela Luce - Noticias Radio Reflejos","og_description":"Antonela Luce en el papel protag\u00f3nico una madre a punto de dar a luz, en un dram\u00e1tico periplo junto a su hija en el cortometraje \u00ab12 Kil\u00f3metros\u00bb, nos relata su experiencia, vivencias del rodaje y sensaciones; a pocas horas del estreno del film en el Festival Internacional de Cine de Mar del Plata.","og_url":"https:\/\/www.noticiasradioreflejos.com.ar\/2021\/se-vive-con-mucha-intensidad-este-momento-antonela-luce\/","og_site_name":"Noticias Radio Reflejos","article_published_time":"2019-11-14T18:41:22+00:00","og_image":[{"width":300,"height":200,"url":"https:\/\/www.noticiasradioreflejos.com.ar\/2021\/wp-content\/uploads\/2021\/07\/logosol300x200.png","type":"image\/png"}],"author":"Arnaldo Botto","twitter_card":"summary_large_image","schema":{"@context":"https:\/\/schema.org","@graph":[{"@type":"WebPage","@id":"https:\/\/www.noticiasradioreflejos.com.ar\/2021\/se-vive-con-mucha-intensidad-este-momento-antonela-luce\/","url":"https:\/\/www.noticiasradioreflejos.com.ar\/2021\/se-vive-con-mucha-intensidad-este-momento-antonela-luce\/","name":"&quot;Se vive con mucha intensidad este momento&quot; - Antonela Luce - Noticias Radio Reflejos","isPartOf":{"@id":"https:\/\/www.noticiasradioreflejos.com.ar\/2021\/#website"},"primaryImageOfPage":{"@id":"https:\/\/www.noticiasradioreflejos.com.ar\/2021\/se-vive-con-mucha-intensidad-este-momento-antonela-luce\/#primaryimage"},"image":{"@id":"https:\/\/www.noticiasradioreflejos.com.ar\/2021\/se-vive-con-mucha-intensidad-este-momento-antonela-luce\/#primaryimage"},"thumbnailUrl":"http:\/\/www.noticiasradioreflejos.com.ar\/noticias\/wp-content\/uploads\/2019\/11\/75278360_10162542757040394_2063966389726609408_n.jpg","datePublished":"2019-11-14T18:41:22+00:00","author":{"@id":"https:\/\/www.noticiasradioreflejos.com.ar\/2021\/#\/schema\/person\/ad82545263dcc5ec0996818884fd5fb1"},"breadcrumb":{"@id":"https:\/\/www.noticiasradioreflejos.com.ar\/2021\/se-vive-con-mucha-intensidad-este-momento-antonela-luce\/#breadcrumb"},"inLanguage":"es","potentialAction":[{"@type":"ReadAction","target":["https:\/\/www.noticiasradioreflejos.com.ar\/2021\/se-vive-con-mucha-intensidad-este-momento-antonela-luce\/"]}]},{"@type":"ImageObject","inLanguage":"es","@id":"https:\/\/www.noticiasradioreflejos.com.ar\/2021\/se-vive-con-mucha-intensidad-este-momento-antonela-luce\/#primaryimage","url":"http:\/\/www.noticiasradioreflejos.com.ar\/noticias\/wp-content\/uploads\/2019\/11\/75278360_10162542757040394_2063966389726609408_n.jpg","contentUrl":"http:\/\/www.noticiasradioreflejos.com.ar\/noticias\/wp-content\/uploads\/2019\/11\/75278360_10162542757040394_2063966389726609408_n.jpg"},{"@type":"BreadcrumbList","@id":"https:\/\/www.noticiasradioreflejos.com.ar\/2021\/se-vive-con-mucha-intensidad-este-momento-antonela-luce\/#breadcrumb","itemListElement":[{"@type":"ListItem","position":1,"name":"Portada","item":"https:\/\/www.noticiasradioreflejos.com.ar\/2021\/"},{"@type":"ListItem","position":2,"name":"&quot;Se vive con mucha intensidad este momento&quot; &#8211; Antonela Luce"}]},{"@type":"WebSite","@id":"https:\/\/www.noticiasradioreflejos.com.ar\/2021\/#website","url":"https:\/\/www.noticiasradioreflejos.com.ar\/2021\/","name":"Noticias Radio Reflejos","description":"Las noticias de mi comarca","potentialAction":[{"@type":"SearchAction","target":{"@type":"EntryPoint","urlTemplate":"https:\/\/www.noticiasradioreflejos.com.ar\/2021\/?s={search_term_string}"},"query-input":{"@type":"PropertyValueSpecification","valueRequired":true,"valueName":"search_term_string"}}],"inLanguage":"es"},{"@type":"Person","@id":"https:\/\/www.noticiasradioreflejos.com.ar\/2021\/#\/schema\/person\/ad82545263dcc5ec0996818884fd5fb1","name":"Arnaldo Botto","image":{"@type":"ImageObject","inLanguage":"es","@id":"https:\/\/www.noticiasradioreflejos.com.ar\/2021\/#\/schema\/person\/image\/","url":"https:\/\/secure.gravatar.com\/avatar\/55cb5e37c1efa326397366e6974cb338056df65cb50e7d64d1cf314e87504837?s=96&d=mm&r=g","contentUrl":"https:\/\/secure.gravatar.com\/avatar\/55cb5e37c1efa326397366e6974cb338056df65cb50e7d64d1cf314e87504837?s=96&d=mm&r=g","caption":"Arnaldo Botto"},"url":"https:\/\/www.noticiasradioreflejos.com.ar\/2021\/author\/arnaldo\/"}]}},"_links":{"self":[{"href":"https:\/\/www.noticiasradioreflejos.com.ar\/2021\/wp-json\/wp\/v2\/posts\/36453","targetHints":{"allow":["GET"]}}],"collection":[{"href":"https:\/\/www.noticiasradioreflejos.com.ar\/2021\/wp-json\/wp\/v2\/posts"}],"about":[{"href":"https:\/\/www.noticiasradioreflejos.com.ar\/2021\/wp-json\/wp\/v2\/types\/post"}],"author":[{"embeddable":true,"href":"https:\/\/www.noticiasradioreflejos.com.ar\/2021\/wp-json\/wp\/v2\/users\/3"}],"replies":[{"embeddable":true,"href":"https:\/\/www.noticiasradioreflejos.com.ar\/2021\/wp-json\/wp\/v2\/comments?post=36453"}],"version-history":[{"count":0,"href":"https:\/\/www.noticiasradioreflejos.com.ar\/2021\/wp-json\/wp\/v2\/posts\/36453\/revisions"}],"wp:attachment":[{"href":"https:\/\/www.noticiasradioreflejos.com.ar\/2021\/wp-json\/wp\/v2\/media?parent=36453"}],"wp:term":[{"taxonomy":"category","embeddable":true,"href":"https:\/\/www.noticiasradioreflejos.com.ar\/2021\/wp-json\/wp\/v2\/categories?post=36453"},{"taxonomy":"post_tag","embeddable":true,"href":"https:\/\/www.noticiasradioreflejos.com.ar\/2021\/wp-json\/wp\/v2\/tags?post=36453"}],"curies":[{"name":"wp","href":"https:\/\/api.w.org\/{rel}","templated":true}]}}