{"id":36445,"date":"2019-11-14T12:12:25","date_gmt":"2019-11-14T15:12:25","guid":{"rendered":"http:\/\/www.noticiasradioreflejos.com.ar\/noticias\/?p=36445"},"modified":"2019-11-14T12:12:25","modified_gmt":"2019-11-14T15:12:25","slug":"un-film-realizado-en-la-comarca-llega-al-34-festival-internacional","status":"publish","type":"post","link":"https:\/\/www.noticiasradioreflejos.com.ar\/2021\/un-film-realizado-en-la-comarca-llega-al-34-festival-internacional\/","title":{"rendered":"Un film realizado en la Comarca llega al 34\u00b0 Festival Internacional"},"content":{"rendered":"<p><a title=\"12km_Afiche_Final\" href=\"http:\/\/live.staticflickr.com\/65535\/49064169493_018772308b_s.jpg\" rel=\"\"><img loading=\"lazy\" decoding=\"async\" class=\"alignleft\" style=\"float: left;\" title=\"12km_Afiche_Final\" src=\"http:\/\/live.staticflickr.com\/65535\/49064169493_018772308b_z.jpg\" alt=\"12km_Afiche_Final\" width=\"457\" height=\"640\" \/><\/a>12 kil\u00f3metros, el cortometraje que realizado con actores locales y que se film\u00f3 \u00edntegramente en la Comarca, fue seleccionado por el INCAA para participar del 34\u00b0 Festival Internacional de Cine de Mar del Plata.<!--more--><br \/>\nEl film, de Mar\u00eda Soledad Laici, ser\u00e1 parte de la programaci\u00f3n de inter\u00e9s especial por formar parte del concurso Historia Breves 2018.<br \/>\n\u00ab12 Kil\u00f3metros\u00bb, una historia intimista enclavada en las sierras, narra el periplo de una ni\u00f1a en busca de ayuda para asistir a su madre a punto de dar a luz.<br \/>\nLa Direcci\u00f3n de Cultura tiene programado, dentro de sus actividades, exhibir dicho corto en el teatro \u201cRodolfo Funke\u201d, el s\u00e1bado 14 de diciembre a las 20.00 hs.<br \/>\nEs importante destacar que Tornquist forma parte del cat\u00e1logo de locaciones de BA Film, quien facilita a las productoras locales, nacionales e internacionales la realizaci\u00f3n de producciones audiovisuales en territorio bonaerense.<\/p>\n","protected":false},"excerpt":{"rendered":"<p>12 kil\u00f3metros, el cortometraje que realizado con actores locales y que se film\u00f3 \u00edntegramente en la Comarca, fue seleccionado por el INCAA para participar del 34\u00b0 Festival Internacional de Cine de Mar del Plata.<\/p>\n","protected":false},"author":3,"featured_media":0,"comment_status":"closed","ping_status":"open","sticky":false,"template":"","format":"standard","meta":{"footnotes":""},"categories":[35],"tags":[],"class_list":["post-36445","post","type-post","status-publish","format-standard","hentry","category-cultura"],"yoast_head":"<!-- This site is optimized with the Yoast SEO plugin v25.9 - https:\/\/yoast.com\/wordpress\/plugins\/seo\/ -->\n<title>Un film realizado en la Comarca llega al 34\u00b0 Festival Internacional - Noticias Radio Reflejos<\/title>\n<meta name=\"robots\" content=\"index, follow, max-snippet:-1, max-image-preview:large, max-video-preview:-1\" \/>\n<link rel=\"canonical\" href=\"https:\/\/www.noticiasradioreflejos.com.ar\/2021\/un-film-realizado-en-la-comarca-llega-al-34-festival-internacional\/\" \/>\n<meta property=\"og:locale\" content=\"es_ES\" \/>\n<meta property=\"og:type\" content=\"article\" \/>\n<meta property=\"og:title\" content=\"Un film realizado en la Comarca llega al 34\u00b0 Festival Internacional - Noticias Radio Reflejos\" \/>\n<meta property=\"og:description\" content=\"12 kil\u00f3metros, el cortometraje que realizado con actores locales y que se film\u00f3 \u00edntegramente en la Comarca, fue seleccionado por el INCAA para participar del 34\u00b0 Festival Internacional de Cine de Mar del Plata.\" \/>\n<meta property=\"og:url\" content=\"https:\/\/www.noticiasradioreflejos.com.ar\/2021\/un-film-realizado-en-la-comarca-llega-al-34-festival-internacional\/\" \/>\n<meta property=\"og:site_name\" content=\"Noticias Radio Reflejos\" \/>\n<meta property=\"article:published_time\" content=\"2019-11-14T15:12:25+00:00\" \/>\n<meta property=\"og:image\" content=\"http:\/\/live.staticflickr.com\/65535\/49064169493_018772308b_z.jpg\" \/>\n<meta name=\"author\" content=\"Arnaldo Botto\" \/>\n<meta name=\"twitter:card\" content=\"summary_large_image\" \/>\n<script type=\"application\/ld+json\" class=\"yoast-schema-graph\">{\"@context\":\"https:\/\/schema.org\",\"@graph\":[{\"@type\":\"WebPage\",\"@id\":\"https:\/\/www.noticiasradioreflejos.com.ar\/2021\/un-film-realizado-en-la-comarca-llega-al-34-festival-internacional\/\",\"url\":\"https:\/\/www.noticiasradioreflejos.com.ar\/2021\/un-film-realizado-en-la-comarca-llega-al-34-festival-internacional\/\",\"name\":\"Un film realizado en la Comarca llega al 34\u00b0 Festival Internacional - Noticias Radio Reflejos\",\"isPartOf\":{\"@id\":\"https:\/\/www.noticiasradioreflejos.com.ar\/2021\/#website\"},\"primaryImageOfPage\":{\"@id\":\"https:\/\/www.noticiasradioreflejos.com.ar\/2021\/un-film-realizado-en-la-comarca-llega-al-34-festival-internacional\/#primaryimage\"},\"image\":{\"@id\":\"https:\/\/www.noticiasradioreflejos.com.ar\/2021\/un-film-realizado-en-la-comarca-llega-al-34-festival-internacional\/#primaryimage\"},\"thumbnailUrl\":\"http:\/\/live.staticflickr.com\/65535\/49064169493_018772308b_z.jpg\",\"datePublished\":\"2019-11-14T15:12:25+00:00\",\"author\":{\"@id\":\"https:\/\/www.noticiasradioreflejos.com.ar\/2021\/#\/schema\/person\/ad82545263dcc5ec0996818884fd5fb1\"},\"breadcrumb\":{\"@id\":\"https:\/\/www.noticiasradioreflejos.com.ar\/2021\/un-film-realizado-en-la-comarca-llega-al-34-festival-internacional\/#breadcrumb\"},\"inLanguage\":\"es\",\"potentialAction\":[{\"@type\":\"ReadAction\",\"target\":[\"https:\/\/www.noticiasradioreflejos.com.ar\/2021\/un-film-realizado-en-la-comarca-llega-al-34-festival-internacional\/\"]}]},{\"@type\":\"ImageObject\",\"inLanguage\":\"es\",\"@id\":\"https:\/\/www.noticiasradioreflejos.com.ar\/2021\/un-film-realizado-en-la-comarca-llega-al-34-festival-internacional\/#primaryimage\",\"url\":\"http:\/\/live.staticflickr.com\/65535\/49064169493_018772308b_z.jpg\",\"contentUrl\":\"http:\/\/live.staticflickr.com\/65535\/49064169493_018772308b_z.jpg\"},{\"@type\":\"BreadcrumbList\",\"@id\":\"https:\/\/www.noticiasradioreflejos.com.ar\/2021\/un-film-realizado-en-la-comarca-llega-al-34-festival-internacional\/#breadcrumb\",\"itemListElement\":[{\"@type\":\"ListItem\",\"position\":1,\"name\":\"Portada\",\"item\":\"https:\/\/www.noticiasradioreflejos.com.ar\/2021\/\"},{\"@type\":\"ListItem\",\"position\":2,\"name\":\"Un film realizado en la Comarca llega al 34\u00b0 Festival Internacional\"}]},{\"@type\":\"WebSite\",\"@id\":\"https:\/\/www.noticiasradioreflejos.com.ar\/2021\/#website\",\"url\":\"https:\/\/www.noticiasradioreflejos.com.ar\/2021\/\",\"name\":\"Noticias Radio Reflejos\",\"description\":\"Las noticias de mi comarca\",\"potentialAction\":[{\"@type\":\"SearchAction\",\"target\":{\"@type\":\"EntryPoint\",\"urlTemplate\":\"https:\/\/www.noticiasradioreflejos.com.ar\/2021\/?s={search_term_string}\"},\"query-input\":{\"@type\":\"PropertyValueSpecification\",\"valueRequired\":true,\"valueName\":\"search_term_string\"}}],\"inLanguage\":\"es\"},{\"@type\":\"Person\",\"@id\":\"https:\/\/www.noticiasradioreflejos.com.ar\/2021\/#\/schema\/person\/ad82545263dcc5ec0996818884fd5fb1\",\"name\":\"Arnaldo Botto\",\"image\":{\"@type\":\"ImageObject\",\"inLanguage\":\"es\",\"@id\":\"https:\/\/www.noticiasradioreflejos.com.ar\/2021\/#\/schema\/person\/image\/\",\"url\":\"https:\/\/secure.gravatar.com\/avatar\/55cb5e37c1efa326397366e6974cb338056df65cb50e7d64d1cf314e87504837?s=96&d=mm&r=g\",\"contentUrl\":\"https:\/\/secure.gravatar.com\/avatar\/55cb5e37c1efa326397366e6974cb338056df65cb50e7d64d1cf314e87504837?s=96&d=mm&r=g\",\"caption\":\"Arnaldo Botto\"},\"url\":\"https:\/\/www.noticiasradioreflejos.com.ar\/2021\/author\/arnaldo\/\"}]}<\/script>\n<!-- \/ Yoast SEO plugin. -->","yoast_head_json":{"title":"Un film realizado en la Comarca llega al 34\u00b0 Festival Internacional - Noticias Radio Reflejos","robots":{"index":"index","follow":"follow","max-snippet":"max-snippet:-1","max-image-preview":"max-image-preview:large","max-video-preview":"max-video-preview:-1"},"canonical":"https:\/\/www.noticiasradioreflejos.com.ar\/2021\/un-film-realizado-en-la-comarca-llega-al-34-festival-internacional\/","og_locale":"es_ES","og_type":"article","og_title":"Un film realizado en la Comarca llega al 34\u00b0 Festival Internacional - Noticias Radio Reflejos","og_description":"12 kil\u00f3metros, el cortometraje que realizado con actores locales y que se film\u00f3 \u00edntegramente en la Comarca, fue seleccionado por el INCAA para participar del 34\u00b0 Festival Internacional de Cine de Mar del Plata.","og_url":"https:\/\/www.noticiasradioreflejos.com.ar\/2021\/un-film-realizado-en-la-comarca-llega-al-34-festival-internacional\/","og_site_name":"Noticias Radio Reflejos","article_published_time":"2019-11-14T15:12:25+00:00","og_image":[{"url":"http:\/\/live.staticflickr.com\/65535\/49064169493_018772308b_z.jpg","type":"","width":"","height":""}],"author":"Arnaldo Botto","twitter_card":"summary_large_image","schema":{"@context":"https:\/\/schema.org","@graph":[{"@type":"WebPage","@id":"https:\/\/www.noticiasradioreflejos.com.ar\/2021\/un-film-realizado-en-la-comarca-llega-al-34-festival-internacional\/","url":"https:\/\/www.noticiasradioreflejos.com.ar\/2021\/un-film-realizado-en-la-comarca-llega-al-34-festival-internacional\/","name":"Un film realizado en la Comarca llega al 34\u00b0 Festival Internacional - Noticias Radio Reflejos","isPartOf":{"@id":"https:\/\/www.noticiasradioreflejos.com.ar\/2021\/#website"},"primaryImageOfPage":{"@id":"https:\/\/www.noticiasradioreflejos.com.ar\/2021\/un-film-realizado-en-la-comarca-llega-al-34-festival-internacional\/#primaryimage"},"image":{"@id":"https:\/\/www.noticiasradioreflejos.com.ar\/2021\/un-film-realizado-en-la-comarca-llega-al-34-festival-internacional\/#primaryimage"},"thumbnailUrl":"http:\/\/live.staticflickr.com\/65535\/49064169493_018772308b_z.jpg","datePublished":"2019-11-14T15:12:25+00:00","author":{"@id":"https:\/\/www.noticiasradioreflejos.com.ar\/2021\/#\/schema\/person\/ad82545263dcc5ec0996818884fd5fb1"},"breadcrumb":{"@id":"https:\/\/www.noticiasradioreflejos.com.ar\/2021\/un-film-realizado-en-la-comarca-llega-al-34-festival-internacional\/#breadcrumb"},"inLanguage":"es","potentialAction":[{"@type":"ReadAction","target":["https:\/\/www.noticiasradioreflejos.com.ar\/2021\/un-film-realizado-en-la-comarca-llega-al-34-festival-internacional\/"]}]},{"@type":"ImageObject","inLanguage":"es","@id":"https:\/\/www.noticiasradioreflejos.com.ar\/2021\/un-film-realizado-en-la-comarca-llega-al-34-festival-internacional\/#primaryimage","url":"http:\/\/live.staticflickr.com\/65535\/49064169493_018772308b_z.jpg","contentUrl":"http:\/\/live.staticflickr.com\/65535\/49064169493_018772308b_z.jpg"},{"@type":"BreadcrumbList","@id":"https:\/\/www.noticiasradioreflejos.com.ar\/2021\/un-film-realizado-en-la-comarca-llega-al-34-festival-internacional\/#breadcrumb","itemListElement":[{"@type":"ListItem","position":1,"name":"Portada","item":"https:\/\/www.noticiasradioreflejos.com.ar\/2021\/"},{"@type":"ListItem","position":2,"name":"Un film realizado en la Comarca llega al 34\u00b0 Festival Internacional"}]},{"@type":"WebSite","@id":"https:\/\/www.noticiasradioreflejos.com.ar\/2021\/#website","url":"https:\/\/www.noticiasradioreflejos.com.ar\/2021\/","name":"Noticias Radio Reflejos","description":"Las noticias de mi comarca","potentialAction":[{"@type":"SearchAction","target":{"@type":"EntryPoint","urlTemplate":"https:\/\/www.noticiasradioreflejos.com.ar\/2021\/?s={search_term_string}"},"query-input":{"@type":"PropertyValueSpecification","valueRequired":true,"valueName":"search_term_string"}}],"inLanguage":"es"},{"@type":"Person","@id":"https:\/\/www.noticiasradioreflejos.com.ar\/2021\/#\/schema\/person\/ad82545263dcc5ec0996818884fd5fb1","name":"Arnaldo Botto","image":{"@type":"ImageObject","inLanguage":"es","@id":"https:\/\/www.noticiasradioreflejos.com.ar\/2021\/#\/schema\/person\/image\/","url":"https:\/\/secure.gravatar.com\/avatar\/55cb5e37c1efa326397366e6974cb338056df65cb50e7d64d1cf314e87504837?s=96&d=mm&r=g","contentUrl":"https:\/\/secure.gravatar.com\/avatar\/55cb5e37c1efa326397366e6974cb338056df65cb50e7d64d1cf314e87504837?s=96&d=mm&r=g","caption":"Arnaldo Botto"},"url":"https:\/\/www.noticiasradioreflejos.com.ar\/2021\/author\/arnaldo\/"}]}},"_links":{"self":[{"href":"https:\/\/www.noticiasradioreflejos.com.ar\/2021\/wp-json\/wp\/v2\/posts\/36445","targetHints":{"allow":["GET"]}}],"collection":[{"href":"https:\/\/www.noticiasradioreflejos.com.ar\/2021\/wp-json\/wp\/v2\/posts"}],"about":[{"href":"https:\/\/www.noticiasradioreflejos.com.ar\/2021\/wp-json\/wp\/v2\/types\/post"}],"author":[{"embeddable":true,"href":"https:\/\/www.noticiasradioreflejos.com.ar\/2021\/wp-json\/wp\/v2\/users\/3"}],"replies":[{"embeddable":true,"href":"https:\/\/www.noticiasradioreflejos.com.ar\/2021\/wp-json\/wp\/v2\/comments?post=36445"}],"version-history":[{"count":0,"href":"https:\/\/www.noticiasradioreflejos.com.ar\/2021\/wp-json\/wp\/v2\/posts\/36445\/revisions"}],"wp:attachment":[{"href":"https:\/\/www.noticiasradioreflejos.com.ar\/2021\/wp-json\/wp\/v2\/media?parent=36445"}],"wp:term":[{"taxonomy":"category","embeddable":true,"href":"https:\/\/www.noticiasradioreflejos.com.ar\/2021\/wp-json\/wp\/v2\/categories?post=36445"},{"taxonomy":"post_tag","embeddable":true,"href":"https:\/\/www.noticiasradioreflejos.com.ar\/2021\/wp-json\/wp\/v2\/tags?post=36445"}],"curies":[{"name":"wp","href":"https:\/\/api.w.org\/{rel}","templated":true}]}}