{"id":36441,"date":"2019-11-14T12:33:42","date_gmt":"2019-11-14T15:33:42","guid":{"rendered":"http:\/\/www.noticiasradioreflejos.com.ar\/noticias\/?p=36441"},"modified":"2019-11-14T12:33:42","modified_gmt":"2019-11-14T15:33:42","slug":"el-mejor-premio-es-actuar-en-la-pelicula-valentina-schiaffino","status":"publish","type":"post","link":"https:\/\/www.noticiasradioreflejos.com.ar\/2021\/el-mejor-premio-es-actuar-en-la-pelicula-valentina-schiaffino\/","title":{"rendered":"&quot;El mejor premio es actuar en la pel\u00edcula&quot; Valentina Schiaffino."},"content":{"rendered":"<p><a title=\"IMG_20191114_114002635\" href=\"http:\/\/live.staticflickr.com\/65535\/49064745161_ab31ecc219_s.jpg\" rel=\"\"><img loading=\"lazy\" decoding=\"async\" class=\"alignleft\" style=\"float: left;\" title=\"IMG_20191114_114002635\" src=\"http:\/\/live.staticflickr.com\/65535\/49064745161_ab31ecc219.jpg\" alt=\"IMG_20191114_114002635\" width=\"500\" height=\"332\" \/><\/a>Protagonista del cortometraje \u00ab12 Kil\u00f3metros\u00bb, que este viernes se estrena en el Festival Internacional de Cine en Mar del Plata; <strong>Valentina Schiaffino<\/strong> visit\u00f3 los estudios de la radio, momentos previos\u00a0de su viaje al avant premier.<br \/>\nValentina de 9 a\u00f1os, fue seleccionada en un casting que se realiz\u00f3 en el mes de mayo en nuestra comarca, y es protagonista, junto a <strong>Antonela Luce,<\/strong> del film de Mar\u00eda Soledad Laici<br \/>\n<strong>\u00ab12 Kil\u00f3metros\u00bb<\/strong>, una historia intimista enclavada en las sierras, que narra el periplo de una ni\u00f1a en busca de ayuda para asistir a su madre a punto de dar a luz.<!--more--><br \/>\nDurante la entrevista con Valentina, hicimos duplex con FM Transformaci\u00f3n en Cnel. Pringles, desde donde pudieron informarse sobre esta importante presentaci\u00f3n que se realizar\u00e1 ma\u00f1ana a las 12 hs en Mar del Plata.<br \/>\nEl rodaje se realiz\u00f3 durante los \u00faltimos d\u00edas del mes de agosto de este a\u00f1o,\u00a0 en varios escenarios de la Comarca Serrana, especialmente en exteriores en\u00a0 Saldungaray, El Divisorio, el Parque Provincial Ernesto Tornquist y Sierra de la Ventana.<br \/>\n\u00abEstoy re feliz\u00bb, inici\u00f3. \u00abMi mam\u00e1 me fue a buscar a la escuela y me pregunt\u00f3: \u00bfvamos al casting?, yo le dije s\u00ed, y me entrevistaron, todo re bien, un d\u00eda volv\u00ed de Mar del Plata, mi mam\u00e1 me hab\u00eda dicho que no hab\u00eda quedado, no me puse tan mal porque para m\u00ed era un juego. Despu\u00e9s me dijeron que s\u00ed y me puse re feliz\u00bb, cont\u00f3.<br \/>\n\u00abLa pel\u00edcula se va a estrenar en Mar del Plata, yo voy a viajar hoy, y la van a dar el viernes a las 13 hs y el domingo a las 12 hs\u00bb.<br \/>\n\u00abFilmamos en Saldungaray, ac\u00e1 en Sierra , en el Parque Provincial, y en El Divisorio. Estuve un poquito nerviosa, nunca hab\u00eda filmado, primero me dec\u00edan qu\u00e9 ten\u00eda que hacer y despu\u00e9s las hac\u00eda; estuvimos cuatro d\u00edas. Estuvo muy bueno, me trataban bien, film\u00e1bamos de las 7 de la ma\u00f1ana, a las 18\u00bb, continu\u00f3.<br \/>\n\u00abQuiero nombrar a mi se\u00f1orita Iara que me dej\u00f3 retirarme antes de la escuela, y que le mando un beso grande\u00bb, destac\u00f3.<br \/>\n\u00abEl mejor premio fue actuar en la pel\u00edcula\u00bb, finaliz\u00f3 Valentina.<br \/>\nNOTA COMPLETA:<br \/>\n<iframe loading=\"lazy\" src=\"https:\/\/w.soundcloud.com\/player\/?url=https%3A\/\/api.soundcloud.com\/tracks\/712723963&amp;color=%23ff5500&amp;auto_play=false&amp;hide_related=false&amp;show_comments=true&amp;show_user=true&amp;show_reposts=false&amp;show_teaser=true\" width=\"100%\" height=\"166\" frameborder=\"no\" scrolling=\"no\"><\/iframe><br \/>\n<a title=\"WhatsApp Image 2019-11-13 at 11.04.29\" href=\"http:\/\/live.staticflickr.com\/65535\/49064980842_b6f6e14ae8_s.jpg\" rel=\"\"><img loading=\"lazy\" decoding=\"async\" class=\"aligncenter\" title=\"WhatsApp Image 2019-11-13 at 11.04.29\" src=\"http:\/\/live.staticflickr.com\/65535\/49064980842_b6f6e14ae8_z.jpg\" alt=\"WhatsApp Image 2019-11-13 at 11.04.29\" width=\"640\" height=\"427\" \/><\/a><br \/>\n<a title=\"WhatsApp Image 2019-11-13 at 11.04.31\" href=\"http:\/\/live.staticflickr.com\/65535\/49064767211_5e3f19d830_s.jpg\" rel=\"\"><img loading=\"lazy\" decoding=\"async\" class=\"aligncenter\" title=\"WhatsApp Image 2019-11-13 at 11.04.31\" src=\"http:\/\/live.staticflickr.com\/65535\/49064767211_5e3f19d830_z.jpg\" alt=\"WhatsApp Image 2019-11-13 at 11.04.31\" width=\"640\" height=\"427\" \/><\/a><br \/>\n&nbsp;<br \/>\n<a href=\"http:\/\/www.noticiasradioreflejos.com.ar\/noticias\/wp-content\/uploads\/2019\/11\/75278360_10162542757040394_2063966389726609408_n.jpg\"><img loading=\"lazy\" decoding=\"async\" class=\"aligncenter size-full wp-image-36442\" src=\"http:\/\/www.noticiasradioreflejos.com.ar\/noticias\/wp-content\/uploads\/2019\/11\/75278360_10162542757040394_2063966389726609408_n.jpg\" alt=\"75278360_10162542757040394_2063966389726609408_n\" width=\"524\" height=\"348\" \/><\/a><br \/>\n&nbsp;<\/p>\n","protected":false},"excerpt":{"rendered":"<p>Protagonista del cortometraje \u00ab12 Kil\u00f3metros\u00bb, que este viernes se estrena en el Festival Internacional de Cine en Mar del Plata; Valentina Schiaffino visit\u00f3 los estudios de la radio, momentos previos\u00a0de su viaje al avant premier. Valentina de 9 a\u00f1os, fue seleccionada en un casting que se realiz\u00f3 en el mes de mayo en nuestra comarca, [&hellip;]<\/p>\n","protected":false},"author":3,"featured_media":0,"comment_status":"closed","ping_status":"open","sticky":false,"template":"","format":"standard","meta":{"footnotes":""},"categories":[35],"tags":[],"class_list":["post-36441","post","type-post","status-publish","format-standard","hentry","category-cultura"],"yoast_head":"<!-- This site is optimized with the Yoast SEO plugin v25.9 - https:\/\/yoast.com\/wordpress\/plugins\/seo\/ -->\n<title>&quot;El mejor premio es actuar en la pel\u00edcula&quot; Valentina Schiaffino. - Noticias Radio Reflejos<\/title>\n<meta name=\"robots\" content=\"index, follow, max-snippet:-1, max-image-preview:large, max-video-preview:-1\" \/>\n<link rel=\"canonical\" href=\"https:\/\/www.noticiasradioreflejos.com.ar\/2021\/el-mejor-premio-es-actuar-en-la-pelicula-valentina-schiaffino\/\" \/>\n<meta property=\"og:locale\" content=\"es_ES\" \/>\n<meta property=\"og:type\" content=\"article\" \/>\n<meta property=\"og:title\" content=\"&quot;El mejor premio es actuar en la pel\u00edcula&quot; Valentina Schiaffino. - Noticias Radio Reflejos\" \/>\n<meta property=\"og:description\" content=\"Protagonista del cortometraje \u00ab12 Kil\u00f3metros\u00bb, que este viernes se estrena en el Festival Internacional de Cine en Mar del Plata; Valentina Schiaffino visit\u00f3 los estudios de la radio, momentos previos\u00a0de su viaje al avant premier. Valentina de 9 a\u00f1os, fue seleccionada en un casting que se realiz\u00f3 en el mes de mayo en nuestra comarca, [&hellip;]\" \/>\n<meta property=\"og:url\" content=\"https:\/\/www.noticiasradioreflejos.com.ar\/2021\/el-mejor-premio-es-actuar-en-la-pelicula-valentina-schiaffino\/\" \/>\n<meta property=\"og:site_name\" content=\"Noticias Radio Reflejos\" \/>\n<meta property=\"article:published_time\" content=\"2019-11-14T15:33:42+00:00\" \/>\n<meta property=\"og:image\" content=\"http:\/\/live.staticflickr.com\/65535\/49064745161_ab31ecc219.jpg\" \/>\n<meta name=\"author\" content=\"Arnaldo Botto\" \/>\n<meta name=\"twitter:card\" content=\"summary_large_image\" \/>\n<script type=\"application\/ld+json\" class=\"yoast-schema-graph\">{\"@context\":\"https:\/\/schema.org\",\"@graph\":[{\"@type\":\"WebPage\",\"@id\":\"https:\/\/www.noticiasradioreflejos.com.ar\/2021\/el-mejor-premio-es-actuar-en-la-pelicula-valentina-schiaffino\/\",\"url\":\"https:\/\/www.noticiasradioreflejos.com.ar\/2021\/el-mejor-premio-es-actuar-en-la-pelicula-valentina-schiaffino\/\",\"name\":\"&quot;El mejor premio es actuar en la pel\u00edcula&quot; Valentina Schiaffino. - Noticias Radio Reflejos\",\"isPartOf\":{\"@id\":\"https:\/\/www.noticiasradioreflejos.com.ar\/2021\/#website\"},\"primaryImageOfPage\":{\"@id\":\"https:\/\/www.noticiasradioreflejos.com.ar\/2021\/el-mejor-premio-es-actuar-en-la-pelicula-valentina-schiaffino\/#primaryimage\"},\"image\":{\"@id\":\"https:\/\/www.noticiasradioreflejos.com.ar\/2021\/el-mejor-premio-es-actuar-en-la-pelicula-valentina-schiaffino\/#primaryimage\"},\"thumbnailUrl\":\"http:\/\/live.staticflickr.com\/65535\/49064745161_ab31ecc219.jpg\",\"datePublished\":\"2019-11-14T15:33:42+00:00\",\"author\":{\"@id\":\"https:\/\/www.noticiasradioreflejos.com.ar\/2021\/#\/schema\/person\/ad82545263dcc5ec0996818884fd5fb1\"},\"breadcrumb\":{\"@id\":\"https:\/\/www.noticiasradioreflejos.com.ar\/2021\/el-mejor-premio-es-actuar-en-la-pelicula-valentina-schiaffino\/#breadcrumb\"},\"inLanguage\":\"es\",\"potentialAction\":[{\"@type\":\"ReadAction\",\"target\":[\"https:\/\/www.noticiasradioreflejos.com.ar\/2021\/el-mejor-premio-es-actuar-en-la-pelicula-valentina-schiaffino\/\"]}]},{\"@type\":\"ImageObject\",\"inLanguage\":\"es\",\"@id\":\"https:\/\/www.noticiasradioreflejos.com.ar\/2021\/el-mejor-premio-es-actuar-en-la-pelicula-valentina-schiaffino\/#primaryimage\",\"url\":\"http:\/\/live.staticflickr.com\/65535\/49064745161_ab31ecc219.jpg\",\"contentUrl\":\"http:\/\/live.staticflickr.com\/65535\/49064745161_ab31ecc219.jpg\"},{\"@type\":\"BreadcrumbList\",\"@id\":\"https:\/\/www.noticiasradioreflejos.com.ar\/2021\/el-mejor-premio-es-actuar-en-la-pelicula-valentina-schiaffino\/#breadcrumb\",\"itemListElement\":[{\"@type\":\"ListItem\",\"position\":1,\"name\":\"Portada\",\"item\":\"https:\/\/www.noticiasradioreflejos.com.ar\/2021\/\"},{\"@type\":\"ListItem\",\"position\":2,\"name\":\"&quot;El mejor premio es actuar en la pel\u00edcula&quot; Valentina Schiaffino.\"}]},{\"@type\":\"WebSite\",\"@id\":\"https:\/\/www.noticiasradioreflejos.com.ar\/2021\/#website\",\"url\":\"https:\/\/www.noticiasradioreflejos.com.ar\/2021\/\",\"name\":\"Noticias Radio Reflejos\",\"description\":\"Las noticias de mi comarca\",\"potentialAction\":[{\"@type\":\"SearchAction\",\"target\":{\"@type\":\"EntryPoint\",\"urlTemplate\":\"https:\/\/www.noticiasradioreflejos.com.ar\/2021\/?s={search_term_string}\"},\"query-input\":{\"@type\":\"PropertyValueSpecification\",\"valueRequired\":true,\"valueName\":\"search_term_string\"}}],\"inLanguage\":\"es\"},{\"@type\":\"Person\",\"@id\":\"https:\/\/www.noticiasradioreflejos.com.ar\/2021\/#\/schema\/person\/ad82545263dcc5ec0996818884fd5fb1\",\"name\":\"Arnaldo Botto\",\"image\":{\"@type\":\"ImageObject\",\"inLanguage\":\"es\",\"@id\":\"https:\/\/www.noticiasradioreflejos.com.ar\/2021\/#\/schema\/person\/image\/\",\"url\":\"https:\/\/secure.gravatar.com\/avatar\/55cb5e37c1efa326397366e6974cb338056df65cb50e7d64d1cf314e87504837?s=96&d=mm&r=g\",\"contentUrl\":\"https:\/\/secure.gravatar.com\/avatar\/55cb5e37c1efa326397366e6974cb338056df65cb50e7d64d1cf314e87504837?s=96&d=mm&r=g\",\"caption\":\"Arnaldo Botto\"},\"url\":\"https:\/\/www.noticiasradioreflejos.com.ar\/2021\/author\/arnaldo\/\"}]}<\/script>\n<!-- \/ Yoast SEO plugin. -->","yoast_head_json":{"title":"&quot;El mejor premio es actuar en la pel\u00edcula&quot; Valentina Schiaffino. - Noticias Radio Reflejos","robots":{"index":"index","follow":"follow","max-snippet":"max-snippet:-1","max-image-preview":"max-image-preview:large","max-video-preview":"max-video-preview:-1"},"canonical":"https:\/\/www.noticiasradioreflejos.com.ar\/2021\/el-mejor-premio-es-actuar-en-la-pelicula-valentina-schiaffino\/","og_locale":"es_ES","og_type":"article","og_title":"&quot;El mejor premio es actuar en la pel\u00edcula&quot; Valentina Schiaffino. - Noticias Radio Reflejos","og_description":"Protagonista del cortometraje \u00ab12 Kil\u00f3metros\u00bb, que este viernes se estrena en el Festival Internacional de Cine en Mar del Plata; Valentina Schiaffino visit\u00f3 los estudios de la radio, momentos previos\u00a0de su viaje al avant premier. Valentina de 9 a\u00f1os, fue seleccionada en un casting que se realiz\u00f3 en el mes de mayo en nuestra comarca, [&hellip;]","og_url":"https:\/\/www.noticiasradioreflejos.com.ar\/2021\/el-mejor-premio-es-actuar-en-la-pelicula-valentina-schiaffino\/","og_site_name":"Noticias Radio Reflejos","article_published_time":"2019-11-14T15:33:42+00:00","og_image":[{"url":"http:\/\/live.staticflickr.com\/65535\/49064745161_ab31ecc219.jpg","type":"","width":"","height":""}],"author":"Arnaldo Botto","twitter_card":"summary_large_image","schema":{"@context":"https:\/\/schema.org","@graph":[{"@type":"WebPage","@id":"https:\/\/www.noticiasradioreflejos.com.ar\/2021\/el-mejor-premio-es-actuar-en-la-pelicula-valentina-schiaffino\/","url":"https:\/\/www.noticiasradioreflejos.com.ar\/2021\/el-mejor-premio-es-actuar-en-la-pelicula-valentina-schiaffino\/","name":"&quot;El mejor premio es actuar en la pel\u00edcula&quot; Valentina Schiaffino. - Noticias Radio Reflejos","isPartOf":{"@id":"https:\/\/www.noticiasradioreflejos.com.ar\/2021\/#website"},"primaryImageOfPage":{"@id":"https:\/\/www.noticiasradioreflejos.com.ar\/2021\/el-mejor-premio-es-actuar-en-la-pelicula-valentina-schiaffino\/#primaryimage"},"image":{"@id":"https:\/\/www.noticiasradioreflejos.com.ar\/2021\/el-mejor-premio-es-actuar-en-la-pelicula-valentina-schiaffino\/#primaryimage"},"thumbnailUrl":"http:\/\/live.staticflickr.com\/65535\/49064745161_ab31ecc219.jpg","datePublished":"2019-11-14T15:33:42+00:00","author":{"@id":"https:\/\/www.noticiasradioreflejos.com.ar\/2021\/#\/schema\/person\/ad82545263dcc5ec0996818884fd5fb1"},"breadcrumb":{"@id":"https:\/\/www.noticiasradioreflejos.com.ar\/2021\/el-mejor-premio-es-actuar-en-la-pelicula-valentina-schiaffino\/#breadcrumb"},"inLanguage":"es","potentialAction":[{"@type":"ReadAction","target":["https:\/\/www.noticiasradioreflejos.com.ar\/2021\/el-mejor-premio-es-actuar-en-la-pelicula-valentina-schiaffino\/"]}]},{"@type":"ImageObject","inLanguage":"es","@id":"https:\/\/www.noticiasradioreflejos.com.ar\/2021\/el-mejor-premio-es-actuar-en-la-pelicula-valentina-schiaffino\/#primaryimage","url":"http:\/\/live.staticflickr.com\/65535\/49064745161_ab31ecc219.jpg","contentUrl":"http:\/\/live.staticflickr.com\/65535\/49064745161_ab31ecc219.jpg"},{"@type":"BreadcrumbList","@id":"https:\/\/www.noticiasradioreflejos.com.ar\/2021\/el-mejor-premio-es-actuar-en-la-pelicula-valentina-schiaffino\/#breadcrumb","itemListElement":[{"@type":"ListItem","position":1,"name":"Portada","item":"https:\/\/www.noticiasradioreflejos.com.ar\/2021\/"},{"@type":"ListItem","position":2,"name":"&quot;El mejor premio es actuar en la pel\u00edcula&quot; Valentina Schiaffino."}]},{"@type":"WebSite","@id":"https:\/\/www.noticiasradioreflejos.com.ar\/2021\/#website","url":"https:\/\/www.noticiasradioreflejos.com.ar\/2021\/","name":"Noticias Radio Reflejos","description":"Las noticias de mi comarca","potentialAction":[{"@type":"SearchAction","target":{"@type":"EntryPoint","urlTemplate":"https:\/\/www.noticiasradioreflejos.com.ar\/2021\/?s={search_term_string}"},"query-input":{"@type":"PropertyValueSpecification","valueRequired":true,"valueName":"search_term_string"}}],"inLanguage":"es"},{"@type":"Person","@id":"https:\/\/www.noticiasradioreflejos.com.ar\/2021\/#\/schema\/person\/ad82545263dcc5ec0996818884fd5fb1","name":"Arnaldo Botto","image":{"@type":"ImageObject","inLanguage":"es","@id":"https:\/\/www.noticiasradioreflejos.com.ar\/2021\/#\/schema\/person\/image\/","url":"https:\/\/secure.gravatar.com\/avatar\/55cb5e37c1efa326397366e6974cb338056df65cb50e7d64d1cf314e87504837?s=96&d=mm&r=g","contentUrl":"https:\/\/secure.gravatar.com\/avatar\/55cb5e37c1efa326397366e6974cb338056df65cb50e7d64d1cf314e87504837?s=96&d=mm&r=g","caption":"Arnaldo Botto"},"url":"https:\/\/www.noticiasradioreflejos.com.ar\/2021\/author\/arnaldo\/"}]}},"_links":{"self":[{"href":"https:\/\/www.noticiasradioreflejos.com.ar\/2021\/wp-json\/wp\/v2\/posts\/36441","targetHints":{"allow":["GET"]}}],"collection":[{"href":"https:\/\/www.noticiasradioreflejos.com.ar\/2021\/wp-json\/wp\/v2\/posts"}],"about":[{"href":"https:\/\/www.noticiasradioreflejos.com.ar\/2021\/wp-json\/wp\/v2\/types\/post"}],"author":[{"embeddable":true,"href":"https:\/\/www.noticiasradioreflejos.com.ar\/2021\/wp-json\/wp\/v2\/users\/3"}],"replies":[{"embeddable":true,"href":"https:\/\/www.noticiasradioreflejos.com.ar\/2021\/wp-json\/wp\/v2\/comments?post=36441"}],"version-history":[{"count":0,"href":"https:\/\/www.noticiasradioreflejos.com.ar\/2021\/wp-json\/wp\/v2\/posts\/36441\/revisions"}],"wp:attachment":[{"href":"https:\/\/www.noticiasradioreflejos.com.ar\/2021\/wp-json\/wp\/v2\/media?parent=36441"}],"wp:term":[{"taxonomy":"category","embeddable":true,"href":"https:\/\/www.noticiasradioreflejos.com.ar\/2021\/wp-json\/wp\/v2\/categories?post=36441"},{"taxonomy":"post_tag","embeddable":true,"href":"https:\/\/www.noticiasradioreflejos.com.ar\/2021\/wp-json\/wp\/v2\/tags?post=36441"}],"curies":[{"name":"wp","href":"https:\/\/api.w.org\/{rel}","templated":true}]}}