{"id":36406,"date":"2019-11-13T09:06:55","date_gmt":"2019-11-13T12:06:55","guid":{"rendered":"http:\/\/www.noticiasradioreflejos.com.ar\/noticias\/?p=36406"},"modified":"2019-11-13T09:06:55","modified_gmt":"2019-11-13T12:06:55","slug":"continuan-cayendo-autos-y-camiones-al-dique-y-no-se-colocan-barandas-de-contencion-eficientes","status":"publish","type":"post","link":"https:\/\/www.noticiasradioreflejos.com.ar\/2021\/continuan-cayendo-autos-y-camiones-al-dique-y-no-se-colocan-barandas-de-contencion-eficientes\/","title":{"rendered":"Contin\u00faan cayendo autos y camiones al Dique y no se colocan barandas de contenci\u00f3n eficientes"},"content":{"rendered":"<p><a title=\"alf4o7tzljphkmhxos3o\" href=\"http:\/\/live.staticflickr.com\/65535\/49058619138_0fa8d5bc00_s.jpg\" rel=\"\"><img loading=\"lazy\" decoding=\"async\" class=\"alignleft\" style=\"float: left;\" title=\"alf4o7tzljphkmhxos3o\" src=\"http:\/\/live.staticflickr.com\/65535\/49058619138_0fa8d5bc00.jpg\" alt=\"alf4o7tzljphkmhxos3o\" width=\"500\" height=\"281\" \/><\/a>Ayer desde las 12:30 hs y hasta las 15 hs, estuvo cortada la Ruta N\u00ba 51, mientras se proced\u00edan a realizar estas tareas para retirar el Renault Sandero, que en la madrugada del lunes, cay\u00f3 al lago, luego que el conductor del mismo, intent\u00f3 esquivar un carpincho. En los \u00faltimos a\u00f1os, varios autos e incluso un cami\u00f3n han ca\u00eddo al espejo de agua y no se toman medidas de seguridad para reforzar o colocar un guardarrail que realmente contenga a los veh\u00edculos, en caso de perder el control y salir disparados hacia el espejo de agua. Tres rodados<!--more--> En los \u00faltimos a\u00f1os, son varios los autos, camionetas e incluso camiones que han ca\u00eddo del puente del Dique paso de las Piedras, en su gran mayor\u00eda al agua y en otros casos desbarrancando varios metros por el terrapl\u00e9n. Lo cierto es que cada accidente, que tiene lugar, termina da\u00f1ando la baranda de contenci\u00f3n del puente y cabe se\u00f1alar que la misma no ha sido renovada y reemplazada en gran parte del sector, representando un peligro para todos los que por all\u00ed transitan, ya que hay partes en donde, si el veh\u00edculo pierde el control, pr\u00e1cticamente est\u00e1 librado al azar y lo \u00fanico que le espera, es una ca\u00edda libre hacia el espejo de agua. En otros sectores, el guardarrail se encuentra chocado, da\u00f1ado, e incluso por la cantidad de a\u00f1os que tiene, ya no brinda seguridad o resguardo para los veh\u00edculos y rodados de gran porte que circulan por la Ruta N\u00ba 51. Es por ello que muchos se preguntan luego de que se han registrado tantos casos en los \u00faltimos a\u00f1os de veh\u00edculos que caen al agua, por qu\u00e9 no se colocan nuevas barandas, m\u00e1s modernas y que brinden una<br \/>\nmayor contenci\u00f3n, como se han colocado en otros sectores de la ruta como por ejemplo, entre Pringles y la bajada a Divisorio, donde los mismos son fuertes, eficientes, y al impactar contra ellos, producen un efecto rebote que hacen regresar el auto hacia la cinta asf\u00e1ltica. Sin lugar a dudas, es un tema no menor y a tener en cuenta por parte de las autoridades y de Vialidad, para evitar p\u00e9rdidas humanas.<br \/>\n<a title=\"6gwgnxf7ahqmv5hlp6j2\" href=\"http:\/\/live.staticflickr.com\/65535\/49059132161_1ea52bcce3_s.jpg\" rel=\"\"><img loading=\"lazy\" decoding=\"async\" class=\"alignleft\" style=\"float: left;\" title=\"6gwgnxf7ahqmv5hlp6j2\" src=\"http:\/\/live.staticflickr.com\/65535\/49059132161_1ea52bcce3.jpg\" alt=\"6gwgnxf7ahqmv5hlp6j2\" width=\"500\" height=\"375\" \/><\/a>Varios casos en los \u00faltimos a\u00f1os Si nos remontamos solamente a los \u00faltimos 3 a\u00f1os, 3 veh\u00edculos cayeron desde el puente al lago.<br \/>\nEn noviembre del a\u00f1o 2016 un camionero perdi\u00f3 el control de su rodado, producto de un desperfecto mec\u00e1nico y cay\u00f3 al interior del Dique paso de las Piedras. El conductor oriundo de Ramos Mej\u00eda, identificado como Eduardo Horacio Bayro, pudo salir por sus propios medios, sin sufrir lesiones de consideraci\u00f3n.<br \/>\nEn junio del a\u00f1o 2016 un utilitario, en el que iban dos personas cay\u00f3 del puente al dique. Se trat\u00f3 de Claudio Promenzio y de Cristian Luna, que iban en una Peugeot Partner cuando perdieron el control en la Ruta 51. En la ocasi\u00f3n el conductor fren\u00f3 repentinamente en el lugar debido a la presencia de pescadores que se hallaban arriba del puente, intent\u00f3 esquivar otro veh\u00edculo, choc\u00f3 contra el guardarrail y sali\u00f3 despedido para luego caer al agua.<br \/>\nSi vamos m\u00e1s atr\u00e1s en el tiempo, en noviembre del 2014, un Renault Clio, en el que circulaban 4 personas, sali\u00f3 despedido en el momento<br \/>\njusto que pasaba sobre el puente del \u00abDique Paso de Las Piedras\u00bb, choca contra el guardarrail y despu\u00e9s de dar varios tumbos, termin\u00f3 dentro del lago.<br \/>\nSi nos vamos m\u00e1s atr\u00e1s en el tiempo, all\u00e1 por julio del a\u00f1o 2006, un cami\u00f3n Scania 112, que transportaba un container frigor\u00edfico, luego de cruzar practicamente todo el puente carretero sobre el dique, invadi\u00f3 el carril opuesto, impact\u00f3 los protectores laterales y se desbarranc\u00f3 violentamente por el terrapl\u00e9n hormigonado de unos 8 metros de altura hasta detener su marcha en el canal aliviador lateral.<br \/>\n<a title=\"7sbpkir63v88xnqj06p8\" href=\"http:\/\/live.staticflickr.com\/65535\/49059132096_d12f898201_s.jpg\" rel=\"\"><img loading=\"lazy\" decoding=\"async\" class=\"aligncenter\" title=\"7sbpkir63v88xnqj06p8\" src=\"http:\/\/live.staticflickr.com\/65535\/49059132096_d12f898201_z.jpg\" alt=\"7sbpkir63v88xnqj06p8\" width=\"640\" height=\"357\" \/><\/a><br \/>\n<strong>Fuente Diario de Pringles.<\/strong><\/p>\n","protected":false},"excerpt":{"rendered":"<p>Ayer desde las 12:30 hs y hasta las 15 hs, estuvo cortada la Ruta N\u00ba 51, mientras se proced\u00edan a realizar estas tareas para retirar el Renault Sandero, que en la madrugada del lunes, cay\u00f3 al lago, luego que el conductor del mismo, intent\u00f3 esquivar un carpincho. En los \u00faltimos a\u00f1os, varios autos e incluso [&hellip;]<\/p>\n","protected":false},"author":3,"featured_media":0,"comment_status":"closed","ping_status":"open","sticky":false,"template":"","format":"standard","meta":{"footnotes":""},"categories":[26],"tags":[],"class_list":["post-36406","post","type-post","status-publish","format-standard","hentry","category-sociedad"],"yoast_head":"<!-- This site is optimized with the Yoast SEO plugin v25.9 - https:\/\/yoast.com\/wordpress\/plugins\/seo\/ -->\n<title>Contin\u00faan cayendo autos y camiones al Dique y no se colocan barandas de contenci\u00f3n eficientes - Noticias Radio Reflejos<\/title>\n<meta name=\"robots\" content=\"index, follow, max-snippet:-1, max-image-preview:large, max-video-preview:-1\" \/>\n<link rel=\"canonical\" href=\"https:\/\/www.noticiasradioreflejos.com.ar\/2021\/continuan-cayendo-autos-y-camiones-al-dique-y-no-se-colocan-barandas-de-contencion-eficientes\/\" \/>\n<meta property=\"og:locale\" content=\"es_ES\" \/>\n<meta property=\"og:type\" content=\"article\" \/>\n<meta property=\"og:title\" content=\"Contin\u00faan cayendo autos y camiones al Dique y no se colocan barandas de contenci\u00f3n eficientes - Noticias Radio Reflejos\" \/>\n<meta property=\"og:description\" content=\"Ayer desde las 12:30 hs y hasta las 15 hs, estuvo cortada la Ruta N\u00ba 51, mientras se proced\u00edan a realizar estas tareas para retirar el Renault Sandero, que en la madrugada del lunes, cay\u00f3 al lago, luego que el conductor del mismo, intent\u00f3 esquivar un carpincho. En los \u00faltimos a\u00f1os, varios autos e incluso [&hellip;]\" \/>\n<meta property=\"og:url\" content=\"https:\/\/www.noticiasradioreflejos.com.ar\/2021\/continuan-cayendo-autos-y-camiones-al-dique-y-no-se-colocan-barandas-de-contencion-eficientes\/\" \/>\n<meta property=\"og:site_name\" content=\"Noticias Radio Reflejos\" \/>\n<meta property=\"article:published_time\" content=\"2019-11-13T12:06:55+00:00\" \/>\n<meta property=\"og:image\" content=\"http:\/\/live.staticflickr.com\/65535\/49058619138_0fa8d5bc00.jpg\" \/>\n<meta name=\"author\" content=\"Arnaldo Botto\" \/>\n<meta name=\"twitter:card\" content=\"summary_large_image\" \/>\n<script type=\"application\/ld+json\" class=\"yoast-schema-graph\">{\"@context\":\"https:\/\/schema.org\",\"@graph\":[{\"@type\":\"WebPage\",\"@id\":\"https:\/\/www.noticiasradioreflejos.com.ar\/2021\/continuan-cayendo-autos-y-camiones-al-dique-y-no-se-colocan-barandas-de-contencion-eficientes\/\",\"url\":\"https:\/\/www.noticiasradioreflejos.com.ar\/2021\/continuan-cayendo-autos-y-camiones-al-dique-y-no-se-colocan-barandas-de-contencion-eficientes\/\",\"name\":\"Contin\u00faan cayendo autos y camiones al Dique y no se colocan barandas de contenci\u00f3n eficientes - Noticias Radio Reflejos\",\"isPartOf\":{\"@id\":\"https:\/\/www.noticiasradioreflejos.com.ar\/2021\/#website\"},\"primaryImageOfPage\":{\"@id\":\"https:\/\/www.noticiasradioreflejos.com.ar\/2021\/continuan-cayendo-autos-y-camiones-al-dique-y-no-se-colocan-barandas-de-contencion-eficientes\/#primaryimage\"},\"image\":{\"@id\":\"https:\/\/www.noticiasradioreflejos.com.ar\/2021\/continuan-cayendo-autos-y-camiones-al-dique-y-no-se-colocan-barandas-de-contencion-eficientes\/#primaryimage\"},\"thumbnailUrl\":\"http:\/\/live.staticflickr.com\/65535\/49058619138_0fa8d5bc00.jpg\",\"datePublished\":\"2019-11-13T12:06:55+00:00\",\"author\":{\"@id\":\"https:\/\/www.noticiasradioreflejos.com.ar\/2021\/#\/schema\/person\/ad82545263dcc5ec0996818884fd5fb1\"},\"breadcrumb\":{\"@id\":\"https:\/\/www.noticiasradioreflejos.com.ar\/2021\/continuan-cayendo-autos-y-camiones-al-dique-y-no-se-colocan-barandas-de-contencion-eficientes\/#breadcrumb\"},\"inLanguage\":\"es\",\"potentialAction\":[{\"@type\":\"ReadAction\",\"target\":[\"https:\/\/www.noticiasradioreflejos.com.ar\/2021\/continuan-cayendo-autos-y-camiones-al-dique-y-no-se-colocan-barandas-de-contencion-eficientes\/\"]}]},{\"@type\":\"ImageObject\",\"inLanguage\":\"es\",\"@id\":\"https:\/\/www.noticiasradioreflejos.com.ar\/2021\/continuan-cayendo-autos-y-camiones-al-dique-y-no-se-colocan-barandas-de-contencion-eficientes\/#primaryimage\",\"url\":\"http:\/\/live.staticflickr.com\/65535\/49058619138_0fa8d5bc00.jpg\",\"contentUrl\":\"http:\/\/live.staticflickr.com\/65535\/49058619138_0fa8d5bc00.jpg\"},{\"@type\":\"BreadcrumbList\",\"@id\":\"https:\/\/www.noticiasradioreflejos.com.ar\/2021\/continuan-cayendo-autos-y-camiones-al-dique-y-no-se-colocan-barandas-de-contencion-eficientes\/#breadcrumb\",\"itemListElement\":[{\"@type\":\"ListItem\",\"position\":1,\"name\":\"Portada\",\"item\":\"https:\/\/www.noticiasradioreflejos.com.ar\/2021\/\"},{\"@type\":\"ListItem\",\"position\":2,\"name\":\"Contin\u00faan cayendo autos y camiones al Dique y no se colocan barandas de contenci\u00f3n eficientes\"}]},{\"@type\":\"WebSite\",\"@id\":\"https:\/\/www.noticiasradioreflejos.com.ar\/2021\/#website\",\"url\":\"https:\/\/www.noticiasradioreflejos.com.ar\/2021\/\",\"name\":\"Noticias Radio Reflejos\",\"description\":\"Las noticias de mi comarca\",\"potentialAction\":[{\"@type\":\"SearchAction\",\"target\":{\"@type\":\"EntryPoint\",\"urlTemplate\":\"https:\/\/www.noticiasradioreflejos.com.ar\/2021\/?s={search_term_string}\"},\"query-input\":{\"@type\":\"PropertyValueSpecification\",\"valueRequired\":true,\"valueName\":\"search_term_string\"}}],\"inLanguage\":\"es\"},{\"@type\":\"Person\",\"@id\":\"https:\/\/www.noticiasradioreflejos.com.ar\/2021\/#\/schema\/person\/ad82545263dcc5ec0996818884fd5fb1\",\"name\":\"Arnaldo Botto\",\"image\":{\"@type\":\"ImageObject\",\"inLanguage\":\"es\",\"@id\":\"https:\/\/www.noticiasradioreflejos.com.ar\/2021\/#\/schema\/person\/image\/\",\"url\":\"https:\/\/secure.gravatar.com\/avatar\/55cb5e37c1efa326397366e6974cb338056df65cb50e7d64d1cf314e87504837?s=96&d=mm&r=g\",\"contentUrl\":\"https:\/\/secure.gravatar.com\/avatar\/55cb5e37c1efa326397366e6974cb338056df65cb50e7d64d1cf314e87504837?s=96&d=mm&r=g\",\"caption\":\"Arnaldo Botto\"},\"url\":\"https:\/\/www.noticiasradioreflejos.com.ar\/2021\/author\/arnaldo\/\"}]}<\/script>\n<!-- \/ Yoast SEO plugin. -->","yoast_head_json":{"title":"Contin\u00faan cayendo autos y camiones al Dique y no se colocan barandas de contenci\u00f3n eficientes - Noticias Radio Reflejos","robots":{"index":"index","follow":"follow","max-snippet":"max-snippet:-1","max-image-preview":"max-image-preview:large","max-video-preview":"max-video-preview:-1"},"canonical":"https:\/\/www.noticiasradioreflejos.com.ar\/2021\/continuan-cayendo-autos-y-camiones-al-dique-y-no-se-colocan-barandas-de-contencion-eficientes\/","og_locale":"es_ES","og_type":"article","og_title":"Contin\u00faan cayendo autos y camiones al Dique y no se colocan barandas de contenci\u00f3n eficientes - Noticias Radio Reflejos","og_description":"Ayer desde las 12:30 hs y hasta las 15 hs, estuvo cortada la Ruta N\u00ba 51, mientras se proced\u00edan a realizar estas tareas para retirar el Renault Sandero, que en la madrugada del lunes, cay\u00f3 al lago, luego que el conductor del mismo, intent\u00f3 esquivar un carpincho. En los \u00faltimos a\u00f1os, varios autos e incluso [&hellip;]","og_url":"https:\/\/www.noticiasradioreflejos.com.ar\/2021\/continuan-cayendo-autos-y-camiones-al-dique-y-no-se-colocan-barandas-de-contencion-eficientes\/","og_site_name":"Noticias Radio Reflejos","article_published_time":"2019-11-13T12:06:55+00:00","og_image":[{"url":"http:\/\/live.staticflickr.com\/65535\/49058619138_0fa8d5bc00.jpg","type":"","width":"","height":""}],"author":"Arnaldo Botto","twitter_card":"summary_large_image","schema":{"@context":"https:\/\/schema.org","@graph":[{"@type":"WebPage","@id":"https:\/\/www.noticiasradioreflejos.com.ar\/2021\/continuan-cayendo-autos-y-camiones-al-dique-y-no-se-colocan-barandas-de-contencion-eficientes\/","url":"https:\/\/www.noticiasradioreflejos.com.ar\/2021\/continuan-cayendo-autos-y-camiones-al-dique-y-no-se-colocan-barandas-de-contencion-eficientes\/","name":"Contin\u00faan cayendo autos y camiones al Dique y no se colocan barandas de contenci\u00f3n eficientes - Noticias Radio Reflejos","isPartOf":{"@id":"https:\/\/www.noticiasradioreflejos.com.ar\/2021\/#website"},"primaryImageOfPage":{"@id":"https:\/\/www.noticiasradioreflejos.com.ar\/2021\/continuan-cayendo-autos-y-camiones-al-dique-y-no-se-colocan-barandas-de-contencion-eficientes\/#primaryimage"},"image":{"@id":"https:\/\/www.noticiasradioreflejos.com.ar\/2021\/continuan-cayendo-autos-y-camiones-al-dique-y-no-se-colocan-barandas-de-contencion-eficientes\/#primaryimage"},"thumbnailUrl":"http:\/\/live.staticflickr.com\/65535\/49058619138_0fa8d5bc00.jpg","datePublished":"2019-11-13T12:06:55+00:00","author":{"@id":"https:\/\/www.noticiasradioreflejos.com.ar\/2021\/#\/schema\/person\/ad82545263dcc5ec0996818884fd5fb1"},"breadcrumb":{"@id":"https:\/\/www.noticiasradioreflejos.com.ar\/2021\/continuan-cayendo-autos-y-camiones-al-dique-y-no-se-colocan-barandas-de-contencion-eficientes\/#breadcrumb"},"inLanguage":"es","potentialAction":[{"@type":"ReadAction","target":["https:\/\/www.noticiasradioreflejos.com.ar\/2021\/continuan-cayendo-autos-y-camiones-al-dique-y-no-se-colocan-barandas-de-contencion-eficientes\/"]}]},{"@type":"ImageObject","inLanguage":"es","@id":"https:\/\/www.noticiasradioreflejos.com.ar\/2021\/continuan-cayendo-autos-y-camiones-al-dique-y-no-se-colocan-barandas-de-contencion-eficientes\/#primaryimage","url":"http:\/\/live.staticflickr.com\/65535\/49058619138_0fa8d5bc00.jpg","contentUrl":"http:\/\/live.staticflickr.com\/65535\/49058619138_0fa8d5bc00.jpg"},{"@type":"BreadcrumbList","@id":"https:\/\/www.noticiasradioreflejos.com.ar\/2021\/continuan-cayendo-autos-y-camiones-al-dique-y-no-se-colocan-barandas-de-contencion-eficientes\/#breadcrumb","itemListElement":[{"@type":"ListItem","position":1,"name":"Portada","item":"https:\/\/www.noticiasradioreflejos.com.ar\/2021\/"},{"@type":"ListItem","position":2,"name":"Contin\u00faan cayendo autos y camiones al Dique y no se colocan barandas de contenci\u00f3n eficientes"}]},{"@type":"WebSite","@id":"https:\/\/www.noticiasradioreflejos.com.ar\/2021\/#website","url":"https:\/\/www.noticiasradioreflejos.com.ar\/2021\/","name":"Noticias Radio Reflejos","description":"Las noticias de mi comarca","potentialAction":[{"@type":"SearchAction","target":{"@type":"EntryPoint","urlTemplate":"https:\/\/www.noticiasradioreflejos.com.ar\/2021\/?s={search_term_string}"},"query-input":{"@type":"PropertyValueSpecification","valueRequired":true,"valueName":"search_term_string"}}],"inLanguage":"es"},{"@type":"Person","@id":"https:\/\/www.noticiasradioreflejos.com.ar\/2021\/#\/schema\/person\/ad82545263dcc5ec0996818884fd5fb1","name":"Arnaldo Botto","image":{"@type":"ImageObject","inLanguage":"es","@id":"https:\/\/www.noticiasradioreflejos.com.ar\/2021\/#\/schema\/person\/image\/","url":"https:\/\/secure.gravatar.com\/avatar\/55cb5e37c1efa326397366e6974cb338056df65cb50e7d64d1cf314e87504837?s=96&d=mm&r=g","contentUrl":"https:\/\/secure.gravatar.com\/avatar\/55cb5e37c1efa326397366e6974cb338056df65cb50e7d64d1cf314e87504837?s=96&d=mm&r=g","caption":"Arnaldo Botto"},"url":"https:\/\/www.noticiasradioreflejos.com.ar\/2021\/author\/arnaldo\/"}]}},"_links":{"self":[{"href":"https:\/\/www.noticiasradioreflejos.com.ar\/2021\/wp-json\/wp\/v2\/posts\/36406","targetHints":{"allow":["GET"]}}],"collection":[{"href":"https:\/\/www.noticiasradioreflejos.com.ar\/2021\/wp-json\/wp\/v2\/posts"}],"about":[{"href":"https:\/\/www.noticiasradioreflejos.com.ar\/2021\/wp-json\/wp\/v2\/types\/post"}],"author":[{"embeddable":true,"href":"https:\/\/www.noticiasradioreflejos.com.ar\/2021\/wp-json\/wp\/v2\/users\/3"}],"replies":[{"embeddable":true,"href":"https:\/\/www.noticiasradioreflejos.com.ar\/2021\/wp-json\/wp\/v2\/comments?post=36406"}],"version-history":[{"count":0,"href":"https:\/\/www.noticiasradioreflejos.com.ar\/2021\/wp-json\/wp\/v2\/posts\/36406\/revisions"}],"wp:attachment":[{"href":"https:\/\/www.noticiasradioreflejos.com.ar\/2021\/wp-json\/wp\/v2\/media?parent=36406"}],"wp:term":[{"taxonomy":"category","embeddable":true,"href":"https:\/\/www.noticiasradioreflejos.com.ar\/2021\/wp-json\/wp\/v2\/categories?post=36406"},{"taxonomy":"post_tag","embeddable":true,"href":"https:\/\/www.noticiasradioreflejos.com.ar\/2021\/wp-json\/wp\/v2\/tags?post=36406"}],"curies":[{"name":"wp","href":"https:\/\/api.w.org\/{rel}","templated":true}]}}