{"id":36401,"date":"2019-11-13T08:48:54","date_gmt":"2019-11-13T11:48:54","guid":{"rendered":"http:\/\/www.noticiasradioreflejos.com.ar\/noticias\/?p=36401"},"modified":"2019-11-13T08:48:54","modified_gmt":"2019-11-13T11:48:54","slug":"llega-a-la-comarca-ventania-beer-2019","status":"publish","type":"post","link":"https:\/\/www.noticiasradioreflejos.com.ar\/2021\/llega-a-la-comarca-ventania-beer-2019\/","title":{"rendered":"Llega a la comarca el primer congreso cervecero &quot;Ventania BEER 2019&quot;."},"content":{"rendered":"<p><a title=\"WhatsApp Image 2019-11-12 at 23.37.35 (1)\" href=\"http:\/\/live.staticflickr.com\/65535\/49058567008_e7f7ed3258_s.jpg\" rel=\"\"><img loading=\"lazy\" decoding=\"async\" class=\"alignleft\" style=\"float: left;\" title=\"WhatsApp Image 2019-11-12 at 23.37.35 (1)\" src=\"http:\/\/live.staticflickr.com\/65535\/49058567008_e7f7ed3258.jpg\" alt=\"WhatsApp Image 2019-11-12 at 23.37.35 (1)\" width=\"500\" height=\"355\" \/><\/a>Esta edici\u00f3n se har\u00e1 el 16, 17 y 18 de Noviembre en el Centro Cultural de Sierra de la Ventana, con espect\u00e1culos, talleres y cursos para fabricantes y aficionados.<!--more--><br \/>\n* Contar\u00e1 con 10 Jueces BJCP<br \/>\n* Se har\u00e1n talleres de<br \/>\n*Dise\u00f1o de Recetas, A cargo de Alexis Reynoso (Cervecero del A\u00f1o 2019)<br \/>\n* Manejo de agua, a cargo de Diego Serrano (Asociacion Civil Somos Cerveceros)<br \/>\n* Taller de mejoras de birra<br \/>\n*Cerveza tirada<br \/>\n* Bandas en Vivo<br \/>\n* Artesanos locales y regionales<br \/>\n* Proveedores y productores de Insumos<br \/>\n* Desayuno y merienda<br \/>\n* Descuentos en locales de comida de la comarca<br \/>\n* Sorteos<br \/>\n<a title=\"WhatsApp Image 2019-11-12 at 23.37.35\" href=\"http:\/\/live.staticflickr.com\/65535\/49058566968_a9cc836dd1_s.jpg\" rel=\"\"><img loading=\"lazy\" decoding=\"async\" class=\"aligncenter\" title=\"WhatsApp Image 2019-11-12 at 23.37.35\" src=\"http:\/\/live.staticflickr.com\/65535\/49058566968_a9cc836dd1_z.jpg\" alt=\"WhatsApp Image 2019-11-12 at 23.37.35\" width=\"640\" height=\"454\" \/><\/a><\/p>\n","protected":false},"excerpt":{"rendered":"<p>Esta edici\u00f3n se har\u00e1 el 16, 17 y 18 de Noviembre en el Centro Cultural de Sierra de la Ventana, con espect\u00e1culos, talleres y cursos para fabricantes y aficionados.<\/p>\n","protected":false},"author":3,"featured_media":0,"comment_status":"closed","ping_status":"open","sticky":false,"template":"","format":"standard","meta":{"footnotes":""},"categories":[35],"tags":[],"class_list":["post-36401","post","type-post","status-publish","format-standard","hentry","category-cultura"],"yoast_head":"<!-- This site is optimized with the Yoast SEO plugin v25.9 - https:\/\/yoast.com\/wordpress\/plugins\/seo\/ -->\n<title>Llega a la comarca el primer congreso cervecero &quot;Ventania BEER 2019&quot;. - Noticias Radio Reflejos<\/title>\n<meta name=\"robots\" content=\"index, follow, max-snippet:-1, max-image-preview:large, max-video-preview:-1\" \/>\n<link rel=\"canonical\" href=\"https:\/\/www.noticiasradioreflejos.com.ar\/2021\/llega-a-la-comarca-ventania-beer-2019\/\" \/>\n<meta property=\"og:locale\" content=\"es_ES\" \/>\n<meta property=\"og:type\" content=\"article\" \/>\n<meta property=\"og:title\" content=\"Llega a la comarca el primer congreso cervecero &quot;Ventania BEER 2019&quot;. - Noticias Radio Reflejos\" \/>\n<meta property=\"og:description\" content=\"Esta edici\u00f3n se har\u00e1 el 16, 17 y 18 de Noviembre en el Centro Cultural de Sierra de la Ventana, con espect\u00e1culos, talleres y cursos para fabricantes y aficionados.\" \/>\n<meta property=\"og:url\" content=\"https:\/\/www.noticiasradioreflejos.com.ar\/2021\/llega-a-la-comarca-ventania-beer-2019\/\" \/>\n<meta property=\"og:site_name\" content=\"Noticias Radio Reflejos\" \/>\n<meta property=\"article:published_time\" content=\"2019-11-13T11:48:54+00:00\" \/>\n<meta property=\"og:image\" content=\"http:\/\/live.staticflickr.com\/65535\/49058567008_e7f7ed3258.jpg\" \/>\n<meta name=\"author\" content=\"Arnaldo Botto\" \/>\n<meta name=\"twitter:card\" content=\"summary_large_image\" \/>\n<script type=\"application\/ld+json\" class=\"yoast-schema-graph\">{\"@context\":\"https:\/\/schema.org\",\"@graph\":[{\"@type\":\"WebPage\",\"@id\":\"https:\/\/www.noticiasradioreflejos.com.ar\/2021\/llega-a-la-comarca-ventania-beer-2019\/\",\"url\":\"https:\/\/www.noticiasradioreflejos.com.ar\/2021\/llega-a-la-comarca-ventania-beer-2019\/\",\"name\":\"Llega a la comarca el primer congreso cervecero &quot;Ventania BEER 2019&quot;. - Noticias Radio Reflejos\",\"isPartOf\":{\"@id\":\"https:\/\/www.noticiasradioreflejos.com.ar\/2021\/#website\"},\"primaryImageOfPage\":{\"@id\":\"https:\/\/www.noticiasradioreflejos.com.ar\/2021\/llega-a-la-comarca-ventania-beer-2019\/#primaryimage\"},\"image\":{\"@id\":\"https:\/\/www.noticiasradioreflejos.com.ar\/2021\/llega-a-la-comarca-ventania-beer-2019\/#primaryimage\"},\"thumbnailUrl\":\"http:\/\/live.staticflickr.com\/65535\/49058567008_e7f7ed3258.jpg\",\"datePublished\":\"2019-11-13T11:48:54+00:00\",\"author\":{\"@id\":\"https:\/\/www.noticiasradioreflejos.com.ar\/2021\/#\/schema\/person\/ad82545263dcc5ec0996818884fd5fb1\"},\"breadcrumb\":{\"@id\":\"https:\/\/www.noticiasradioreflejos.com.ar\/2021\/llega-a-la-comarca-ventania-beer-2019\/#breadcrumb\"},\"inLanguage\":\"es\",\"potentialAction\":[{\"@type\":\"ReadAction\",\"target\":[\"https:\/\/www.noticiasradioreflejos.com.ar\/2021\/llega-a-la-comarca-ventania-beer-2019\/\"]}]},{\"@type\":\"ImageObject\",\"inLanguage\":\"es\",\"@id\":\"https:\/\/www.noticiasradioreflejos.com.ar\/2021\/llega-a-la-comarca-ventania-beer-2019\/#primaryimage\",\"url\":\"http:\/\/live.staticflickr.com\/65535\/49058567008_e7f7ed3258.jpg\",\"contentUrl\":\"http:\/\/live.staticflickr.com\/65535\/49058567008_e7f7ed3258.jpg\"},{\"@type\":\"BreadcrumbList\",\"@id\":\"https:\/\/www.noticiasradioreflejos.com.ar\/2021\/llega-a-la-comarca-ventania-beer-2019\/#breadcrumb\",\"itemListElement\":[{\"@type\":\"ListItem\",\"position\":1,\"name\":\"Portada\",\"item\":\"https:\/\/www.noticiasradioreflejos.com.ar\/2021\/\"},{\"@type\":\"ListItem\",\"position\":2,\"name\":\"Llega a la comarca el primer congreso cervecero &quot;Ventania BEER 2019&quot;.\"}]},{\"@type\":\"WebSite\",\"@id\":\"https:\/\/www.noticiasradioreflejos.com.ar\/2021\/#website\",\"url\":\"https:\/\/www.noticiasradioreflejos.com.ar\/2021\/\",\"name\":\"Noticias Radio Reflejos\",\"description\":\"Las noticias de mi comarca\",\"potentialAction\":[{\"@type\":\"SearchAction\",\"target\":{\"@type\":\"EntryPoint\",\"urlTemplate\":\"https:\/\/www.noticiasradioreflejos.com.ar\/2021\/?s={search_term_string}\"},\"query-input\":{\"@type\":\"PropertyValueSpecification\",\"valueRequired\":true,\"valueName\":\"search_term_string\"}}],\"inLanguage\":\"es\"},{\"@type\":\"Person\",\"@id\":\"https:\/\/www.noticiasradioreflejos.com.ar\/2021\/#\/schema\/person\/ad82545263dcc5ec0996818884fd5fb1\",\"name\":\"Arnaldo Botto\",\"image\":{\"@type\":\"ImageObject\",\"inLanguage\":\"es\",\"@id\":\"https:\/\/www.noticiasradioreflejos.com.ar\/2021\/#\/schema\/person\/image\/\",\"url\":\"https:\/\/secure.gravatar.com\/avatar\/55cb5e37c1efa326397366e6974cb338056df65cb50e7d64d1cf314e87504837?s=96&d=mm&r=g\",\"contentUrl\":\"https:\/\/secure.gravatar.com\/avatar\/55cb5e37c1efa326397366e6974cb338056df65cb50e7d64d1cf314e87504837?s=96&d=mm&r=g\",\"caption\":\"Arnaldo Botto\"},\"url\":\"https:\/\/www.noticiasradioreflejos.com.ar\/2021\/author\/arnaldo\/\"}]}<\/script>\n<!-- \/ Yoast SEO plugin. -->","yoast_head_json":{"title":"Llega a la comarca el primer congreso cervecero &quot;Ventania BEER 2019&quot;. - Noticias Radio Reflejos","robots":{"index":"index","follow":"follow","max-snippet":"max-snippet:-1","max-image-preview":"max-image-preview:large","max-video-preview":"max-video-preview:-1"},"canonical":"https:\/\/www.noticiasradioreflejos.com.ar\/2021\/llega-a-la-comarca-ventania-beer-2019\/","og_locale":"es_ES","og_type":"article","og_title":"Llega a la comarca el primer congreso cervecero &quot;Ventania BEER 2019&quot;. - Noticias Radio Reflejos","og_description":"Esta edici\u00f3n se har\u00e1 el 16, 17 y 18 de Noviembre en el Centro Cultural de Sierra de la Ventana, con espect\u00e1culos, talleres y cursos para fabricantes y aficionados.","og_url":"https:\/\/www.noticiasradioreflejos.com.ar\/2021\/llega-a-la-comarca-ventania-beer-2019\/","og_site_name":"Noticias Radio Reflejos","article_published_time":"2019-11-13T11:48:54+00:00","og_image":[{"url":"http:\/\/live.staticflickr.com\/65535\/49058567008_e7f7ed3258.jpg","type":"","width":"","height":""}],"author":"Arnaldo Botto","twitter_card":"summary_large_image","schema":{"@context":"https:\/\/schema.org","@graph":[{"@type":"WebPage","@id":"https:\/\/www.noticiasradioreflejos.com.ar\/2021\/llega-a-la-comarca-ventania-beer-2019\/","url":"https:\/\/www.noticiasradioreflejos.com.ar\/2021\/llega-a-la-comarca-ventania-beer-2019\/","name":"Llega a la comarca el primer congreso cervecero &quot;Ventania BEER 2019&quot;. - Noticias Radio Reflejos","isPartOf":{"@id":"https:\/\/www.noticiasradioreflejos.com.ar\/2021\/#website"},"primaryImageOfPage":{"@id":"https:\/\/www.noticiasradioreflejos.com.ar\/2021\/llega-a-la-comarca-ventania-beer-2019\/#primaryimage"},"image":{"@id":"https:\/\/www.noticiasradioreflejos.com.ar\/2021\/llega-a-la-comarca-ventania-beer-2019\/#primaryimage"},"thumbnailUrl":"http:\/\/live.staticflickr.com\/65535\/49058567008_e7f7ed3258.jpg","datePublished":"2019-11-13T11:48:54+00:00","author":{"@id":"https:\/\/www.noticiasradioreflejos.com.ar\/2021\/#\/schema\/person\/ad82545263dcc5ec0996818884fd5fb1"},"breadcrumb":{"@id":"https:\/\/www.noticiasradioreflejos.com.ar\/2021\/llega-a-la-comarca-ventania-beer-2019\/#breadcrumb"},"inLanguage":"es","potentialAction":[{"@type":"ReadAction","target":["https:\/\/www.noticiasradioreflejos.com.ar\/2021\/llega-a-la-comarca-ventania-beer-2019\/"]}]},{"@type":"ImageObject","inLanguage":"es","@id":"https:\/\/www.noticiasradioreflejos.com.ar\/2021\/llega-a-la-comarca-ventania-beer-2019\/#primaryimage","url":"http:\/\/live.staticflickr.com\/65535\/49058567008_e7f7ed3258.jpg","contentUrl":"http:\/\/live.staticflickr.com\/65535\/49058567008_e7f7ed3258.jpg"},{"@type":"BreadcrumbList","@id":"https:\/\/www.noticiasradioreflejos.com.ar\/2021\/llega-a-la-comarca-ventania-beer-2019\/#breadcrumb","itemListElement":[{"@type":"ListItem","position":1,"name":"Portada","item":"https:\/\/www.noticiasradioreflejos.com.ar\/2021\/"},{"@type":"ListItem","position":2,"name":"Llega a la comarca el primer congreso cervecero &quot;Ventania BEER 2019&quot;."}]},{"@type":"WebSite","@id":"https:\/\/www.noticiasradioreflejos.com.ar\/2021\/#website","url":"https:\/\/www.noticiasradioreflejos.com.ar\/2021\/","name":"Noticias Radio Reflejos","description":"Las noticias de mi comarca","potentialAction":[{"@type":"SearchAction","target":{"@type":"EntryPoint","urlTemplate":"https:\/\/www.noticiasradioreflejos.com.ar\/2021\/?s={search_term_string}"},"query-input":{"@type":"PropertyValueSpecification","valueRequired":true,"valueName":"search_term_string"}}],"inLanguage":"es"},{"@type":"Person","@id":"https:\/\/www.noticiasradioreflejos.com.ar\/2021\/#\/schema\/person\/ad82545263dcc5ec0996818884fd5fb1","name":"Arnaldo Botto","image":{"@type":"ImageObject","inLanguage":"es","@id":"https:\/\/www.noticiasradioreflejos.com.ar\/2021\/#\/schema\/person\/image\/","url":"https:\/\/secure.gravatar.com\/avatar\/55cb5e37c1efa326397366e6974cb338056df65cb50e7d64d1cf314e87504837?s=96&d=mm&r=g","contentUrl":"https:\/\/secure.gravatar.com\/avatar\/55cb5e37c1efa326397366e6974cb338056df65cb50e7d64d1cf314e87504837?s=96&d=mm&r=g","caption":"Arnaldo Botto"},"url":"https:\/\/www.noticiasradioreflejos.com.ar\/2021\/author\/arnaldo\/"}]}},"_links":{"self":[{"href":"https:\/\/www.noticiasradioreflejos.com.ar\/2021\/wp-json\/wp\/v2\/posts\/36401","targetHints":{"allow":["GET"]}}],"collection":[{"href":"https:\/\/www.noticiasradioreflejos.com.ar\/2021\/wp-json\/wp\/v2\/posts"}],"about":[{"href":"https:\/\/www.noticiasradioreflejos.com.ar\/2021\/wp-json\/wp\/v2\/types\/post"}],"author":[{"embeddable":true,"href":"https:\/\/www.noticiasradioreflejos.com.ar\/2021\/wp-json\/wp\/v2\/users\/3"}],"replies":[{"embeddable":true,"href":"https:\/\/www.noticiasradioreflejos.com.ar\/2021\/wp-json\/wp\/v2\/comments?post=36401"}],"version-history":[{"count":0,"href":"https:\/\/www.noticiasradioreflejos.com.ar\/2021\/wp-json\/wp\/v2\/posts\/36401\/revisions"}],"wp:attachment":[{"href":"https:\/\/www.noticiasradioreflejos.com.ar\/2021\/wp-json\/wp\/v2\/media?parent=36401"}],"wp:term":[{"taxonomy":"category","embeddable":true,"href":"https:\/\/www.noticiasradioreflejos.com.ar\/2021\/wp-json\/wp\/v2\/categories?post=36401"},{"taxonomy":"post_tag","embeddable":true,"href":"https:\/\/www.noticiasradioreflejos.com.ar\/2021\/wp-json\/wp\/v2\/tags?post=36401"}],"curies":[{"name":"wp","href":"https:\/\/api.w.org\/{rel}","templated":true}]}}