{"id":36384,"date":"2019-11-12T17:39:20","date_gmt":"2019-11-12T20:39:20","guid":{"rendered":"http:\/\/www.noticiasradioreflejos.com.ar\/noticias\/?p=36384"},"modified":"2019-11-12T17:39:20","modified_gmt":"2019-11-12T20:39:20","slug":"automoto-voley-jugara-dos-finales","status":"publish","type":"post","link":"https:\/\/www.noticiasradioreflejos.com.ar\/2021\/automoto-voley-jugara-dos-finales\/","title":{"rendered":"Automoto voley jugar\u00e1 dos finales"},"content":{"rendered":"<p><a title=\"01\" href=\"http:\/\/live.staticflickr.com\/65535\/49056324921_48cbc9b86f_s.jpg\" rel=\"\"><img loading=\"lazy\" decoding=\"async\" class=\"alignleft\" style=\"float: left;\" title=\"01\" src=\"http:\/\/live.staticflickr.com\/65535\/49056324921_48cbc9b86f.jpg\" alt=\"01\" width=\"500\" height=\"472\" \/><\/a>El equipo femenino Sub 18 del Automoto Club Deportivo se meti\u00f3 en la final del torneo que organiza la Asociaci\u00f3n Bahiense de V\u00f3leibol, el Sub 16 jugar\u00e1 la definici\u00f3n de la Copa de Plata y el conjunto masculino Sub 19 obtuvo el triunfo necesario para clasificar a la Copa de Oro, en una jornada que result\u00f3 por dem\u00e1s positiva para la instituci\u00f3n azulgrana.<!--more--><br \/>\nLa nota saliente de la programaci\u00f3n, desarrollada en una de las canchas de Villa Mitre, result\u00f3 la clasificaci\u00f3n de la divisional m\u00e1s grande femenina al partido decisivo de la Copa de Oro, luego de cosechar un triunfo y una derrota y quedar al tope de las posiciones del mini certamen.<br \/>\nEn primera instancia, el Rojo super\u00f3 a Estudiantes por 2 a 0, con parciales de 25-22 y 25-18, mientras que en segundo juego de la jornada cay\u00f3 ante Espora por 2 a 1 (25-13, 20-25 y 8-15).<br \/>\nDe este modo, las chicas quedaron igualadas con Espora en lo m\u00e1s alto de la tabla de posiciones de la Copa de Oro (con 7 unidades cada equipo) y accedieron a disputar ante el mismo rival el partido decisivo, que ser\u00e1 el pr\u00f3ximo 30 de noviembre.<br \/>\nLos varones dieron un gran paso<br \/>\nEn su temporada debut en el certamen de v\u00f3leibol bahiense, los chicos del Sub 19 masculino sorprendieron a propios y extra\u00f1os y se insertaron en la Copa de Oro de su categor\u00eda, demostrando una importante evoluci\u00f3n en esta etapa de aprendizaje.<br \/>\nPara lograrlo, el azulgrana se vio beneficiado por la no presentaci\u00f3n de Olimpo y luego sum\u00f3 una unidad al caer frente a Espora por 2 a 1, con parciales de 18-25, 25-21 y 5-15.<br \/>\nEsos puntos le permitieron al Rojo quedar en la cuarta ubicaci\u00f3n de la tabla de posiciones y meterse en la instancia decisiva (acceden los cuatro mejores), que se disputar\u00e1 el pr\u00f3ximo lunes 18 en cancha de Villa Mitre.<br \/>\nLas ubicaciones finales fueron: 1) Espora, 14 puntos; 2) Universitario y Liniers, 12; 4) Automoto, 11; 5) Villa Mitre, 9; 6) Olimpo, 4; 7) Tiro Federal, -1.<br \/>\nEl Sub 16, finalista<br \/>\nCon las dos victorias que consigui\u00f3 el fin de semana, el equipo Sub 16 femenino clasific\u00f3 a la final de la Copa de Plata de su categor\u00eda.<br \/>\nAutomoto super\u00f3 a Liniers por 2 a 1, con parciales de 23-25, 25-15 y 15-11, y a Estudiantes por el mismo marcador (25-14, 24-26 y 15-10). El rival saldr\u00e1 el pr\u00f3ximo fin de semana entre estos dos mismo equipos.<br \/>\nEl juego decisivo ser\u00e1 el s\u00e1bado 30 del corriente.<br \/>\nEl Sub 12 espera<br \/>\nFinalmente, los dos equipos Sub 12 femenino no tuvieron actividad. Su cronograma indica que deber\u00e1n recuperar los juegos frente a Olimpo, con fecha a confirmar. Ese encuentro marcar\u00e1 su ubicaci\u00f3n definitiva para los cruces que determinar\u00e1n al campe\u00f3n del certamen, que ir\u00e1n el domingo 1 de diciembre.<br \/>\nLas posiciones hasta el momento son: 1) Tiro Federal A, 20 puntos; 2) Automoto A y Tiro Federal B, 19; 4) Olimpo, 17; 5) Club Universitario A, 15; 6) Liniers, 10; 7) Espora, 7; 8) Automoto B y Libertad, 6; 10) Club Universitario B, 0.<br \/>\n<a title=\"04\" href=\"http:\/\/live.staticflickr.com\/65535\/49056314076_4855ba6438_s.jpg\" rel=\"\"><img loading=\"lazy\" decoding=\"async\" class=\"aligncenter\" title=\"04\" src=\"http:\/\/live.staticflickr.com\/65535\/49056314076_4855ba6438_z.jpg\" alt=\"04\" width=\"640\" height=\"283\" \/><\/a><br \/>\n<a title=\"02\" href=\"http:\/\/live.staticflickr.com\/65535\/48874402238_47de4644b9_s.jpg\" rel=\"\"><img loading=\"lazy\" decoding=\"async\" class=\"aligncenter\" title=\"02\" src=\"http:\/\/live.staticflickr.com\/65535\/48874402238_47de4644b9_z.jpg\" alt=\"02\" width=\"640\" height=\"640\" \/><\/a><br \/>\nDepartamento de Prensa \u2013 Automoto Club Deportivo<br \/>\nwww.clubautomotopasion.com.ar<br \/>\nFacebook: \/automototornquist<br \/>\nTwitter: @ClubAutomoto<\/p>\n","protected":false},"excerpt":{"rendered":"<p>El equipo femenino Sub 18 del Automoto Club Deportivo se meti\u00f3 en la final del torneo que organiza la Asociaci\u00f3n Bahiense de V\u00f3leibol, el Sub 16 jugar\u00e1 la definici\u00f3n de la Copa de Plata y el conjunto masculino Sub 19 obtuvo el triunfo necesario para clasificar a la Copa de Oro, en una jornada que [&hellip;]<\/p>\n","protected":false},"author":3,"featured_media":0,"comment_status":"closed","ping_status":"open","sticky":false,"template":"","format":"standard","meta":{"footnotes":""},"categories":[27],"tags":[],"class_list":["post-36384","post","type-post","status-publish","format-standard","hentry","category-deportes"],"yoast_head":"<!-- This site is optimized with the Yoast SEO plugin v25.9 - https:\/\/yoast.com\/wordpress\/plugins\/seo\/ -->\n<title>Automoto voley jugar\u00e1 dos finales - Noticias Radio Reflejos<\/title>\n<meta name=\"robots\" content=\"index, follow, max-snippet:-1, max-image-preview:large, max-video-preview:-1\" \/>\n<link rel=\"canonical\" href=\"https:\/\/www.noticiasradioreflejos.com.ar\/2021\/automoto-voley-jugara-dos-finales\/\" \/>\n<meta property=\"og:locale\" content=\"es_ES\" \/>\n<meta property=\"og:type\" content=\"article\" \/>\n<meta property=\"og:title\" content=\"Automoto voley jugar\u00e1 dos finales - Noticias Radio Reflejos\" \/>\n<meta property=\"og:description\" content=\"El equipo femenino Sub 18 del Automoto Club Deportivo se meti\u00f3 en la final del torneo que organiza la Asociaci\u00f3n Bahiense de V\u00f3leibol, el Sub 16 jugar\u00e1 la definici\u00f3n de la Copa de Plata y el conjunto masculino Sub 19 obtuvo el triunfo necesario para clasificar a la Copa de Oro, en una jornada que [&hellip;]\" \/>\n<meta property=\"og:url\" content=\"https:\/\/www.noticiasradioreflejos.com.ar\/2021\/automoto-voley-jugara-dos-finales\/\" \/>\n<meta property=\"og:site_name\" content=\"Noticias Radio Reflejos\" \/>\n<meta property=\"article:published_time\" content=\"2019-11-12T20:39:20+00:00\" \/>\n<meta property=\"og:image\" content=\"http:\/\/live.staticflickr.com\/65535\/49056324921_48cbc9b86f.jpg\" \/>\n<meta name=\"author\" content=\"Arnaldo Botto\" \/>\n<meta name=\"twitter:card\" content=\"summary_large_image\" \/>\n<script type=\"application\/ld+json\" class=\"yoast-schema-graph\">{\"@context\":\"https:\/\/schema.org\",\"@graph\":[{\"@type\":\"WebPage\",\"@id\":\"https:\/\/www.noticiasradioreflejos.com.ar\/2021\/automoto-voley-jugara-dos-finales\/\",\"url\":\"https:\/\/www.noticiasradioreflejos.com.ar\/2021\/automoto-voley-jugara-dos-finales\/\",\"name\":\"Automoto voley jugar\u00e1 dos finales - Noticias Radio Reflejos\",\"isPartOf\":{\"@id\":\"https:\/\/www.noticiasradioreflejos.com.ar\/2021\/#website\"},\"primaryImageOfPage\":{\"@id\":\"https:\/\/www.noticiasradioreflejos.com.ar\/2021\/automoto-voley-jugara-dos-finales\/#primaryimage\"},\"image\":{\"@id\":\"https:\/\/www.noticiasradioreflejos.com.ar\/2021\/automoto-voley-jugara-dos-finales\/#primaryimage\"},\"thumbnailUrl\":\"http:\/\/live.staticflickr.com\/65535\/49056324921_48cbc9b86f.jpg\",\"datePublished\":\"2019-11-12T20:39:20+00:00\",\"author\":{\"@id\":\"https:\/\/www.noticiasradioreflejos.com.ar\/2021\/#\/schema\/person\/ad82545263dcc5ec0996818884fd5fb1\"},\"breadcrumb\":{\"@id\":\"https:\/\/www.noticiasradioreflejos.com.ar\/2021\/automoto-voley-jugara-dos-finales\/#breadcrumb\"},\"inLanguage\":\"es\",\"potentialAction\":[{\"@type\":\"ReadAction\",\"target\":[\"https:\/\/www.noticiasradioreflejos.com.ar\/2021\/automoto-voley-jugara-dos-finales\/\"]}]},{\"@type\":\"ImageObject\",\"inLanguage\":\"es\",\"@id\":\"https:\/\/www.noticiasradioreflejos.com.ar\/2021\/automoto-voley-jugara-dos-finales\/#primaryimage\",\"url\":\"http:\/\/live.staticflickr.com\/65535\/49056324921_48cbc9b86f.jpg\",\"contentUrl\":\"http:\/\/live.staticflickr.com\/65535\/49056324921_48cbc9b86f.jpg\"},{\"@type\":\"BreadcrumbList\",\"@id\":\"https:\/\/www.noticiasradioreflejos.com.ar\/2021\/automoto-voley-jugara-dos-finales\/#breadcrumb\",\"itemListElement\":[{\"@type\":\"ListItem\",\"position\":1,\"name\":\"Portada\",\"item\":\"https:\/\/www.noticiasradioreflejos.com.ar\/2021\/\"},{\"@type\":\"ListItem\",\"position\":2,\"name\":\"Automoto voley jugar\u00e1 dos finales\"}]},{\"@type\":\"WebSite\",\"@id\":\"https:\/\/www.noticiasradioreflejos.com.ar\/2021\/#website\",\"url\":\"https:\/\/www.noticiasradioreflejos.com.ar\/2021\/\",\"name\":\"Noticias Radio Reflejos\",\"description\":\"Las noticias de mi comarca\",\"potentialAction\":[{\"@type\":\"SearchAction\",\"target\":{\"@type\":\"EntryPoint\",\"urlTemplate\":\"https:\/\/www.noticiasradioreflejos.com.ar\/2021\/?s={search_term_string}\"},\"query-input\":{\"@type\":\"PropertyValueSpecification\",\"valueRequired\":true,\"valueName\":\"search_term_string\"}}],\"inLanguage\":\"es\"},{\"@type\":\"Person\",\"@id\":\"https:\/\/www.noticiasradioreflejos.com.ar\/2021\/#\/schema\/person\/ad82545263dcc5ec0996818884fd5fb1\",\"name\":\"Arnaldo Botto\",\"image\":{\"@type\":\"ImageObject\",\"inLanguage\":\"es\",\"@id\":\"https:\/\/www.noticiasradioreflejos.com.ar\/2021\/#\/schema\/person\/image\/\",\"url\":\"https:\/\/secure.gravatar.com\/avatar\/55cb5e37c1efa326397366e6974cb338056df65cb50e7d64d1cf314e87504837?s=96&d=mm&r=g\",\"contentUrl\":\"https:\/\/secure.gravatar.com\/avatar\/55cb5e37c1efa326397366e6974cb338056df65cb50e7d64d1cf314e87504837?s=96&d=mm&r=g\",\"caption\":\"Arnaldo Botto\"},\"url\":\"https:\/\/www.noticiasradioreflejos.com.ar\/2021\/author\/arnaldo\/\"}]}<\/script>\n<!-- \/ Yoast SEO plugin. -->","yoast_head_json":{"title":"Automoto voley jugar\u00e1 dos finales - Noticias Radio Reflejos","robots":{"index":"index","follow":"follow","max-snippet":"max-snippet:-1","max-image-preview":"max-image-preview:large","max-video-preview":"max-video-preview:-1"},"canonical":"https:\/\/www.noticiasradioreflejos.com.ar\/2021\/automoto-voley-jugara-dos-finales\/","og_locale":"es_ES","og_type":"article","og_title":"Automoto voley jugar\u00e1 dos finales - Noticias Radio Reflejos","og_description":"El equipo femenino Sub 18 del Automoto Club Deportivo se meti\u00f3 en la final del torneo que organiza la Asociaci\u00f3n Bahiense de V\u00f3leibol, el Sub 16 jugar\u00e1 la definici\u00f3n de la Copa de Plata y el conjunto masculino Sub 19 obtuvo el triunfo necesario para clasificar a la Copa de Oro, en una jornada que [&hellip;]","og_url":"https:\/\/www.noticiasradioreflejos.com.ar\/2021\/automoto-voley-jugara-dos-finales\/","og_site_name":"Noticias Radio Reflejos","article_published_time":"2019-11-12T20:39:20+00:00","og_image":[{"url":"http:\/\/live.staticflickr.com\/65535\/49056324921_48cbc9b86f.jpg","type":"","width":"","height":""}],"author":"Arnaldo Botto","twitter_card":"summary_large_image","schema":{"@context":"https:\/\/schema.org","@graph":[{"@type":"WebPage","@id":"https:\/\/www.noticiasradioreflejos.com.ar\/2021\/automoto-voley-jugara-dos-finales\/","url":"https:\/\/www.noticiasradioreflejos.com.ar\/2021\/automoto-voley-jugara-dos-finales\/","name":"Automoto voley jugar\u00e1 dos finales - Noticias Radio Reflejos","isPartOf":{"@id":"https:\/\/www.noticiasradioreflejos.com.ar\/2021\/#website"},"primaryImageOfPage":{"@id":"https:\/\/www.noticiasradioreflejos.com.ar\/2021\/automoto-voley-jugara-dos-finales\/#primaryimage"},"image":{"@id":"https:\/\/www.noticiasradioreflejos.com.ar\/2021\/automoto-voley-jugara-dos-finales\/#primaryimage"},"thumbnailUrl":"http:\/\/live.staticflickr.com\/65535\/49056324921_48cbc9b86f.jpg","datePublished":"2019-11-12T20:39:20+00:00","author":{"@id":"https:\/\/www.noticiasradioreflejos.com.ar\/2021\/#\/schema\/person\/ad82545263dcc5ec0996818884fd5fb1"},"breadcrumb":{"@id":"https:\/\/www.noticiasradioreflejos.com.ar\/2021\/automoto-voley-jugara-dos-finales\/#breadcrumb"},"inLanguage":"es","potentialAction":[{"@type":"ReadAction","target":["https:\/\/www.noticiasradioreflejos.com.ar\/2021\/automoto-voley-jugara-dos-finales\/"]}]},{"@type":"ImageObject","inLanguage":"es","@id":"https:\/\/www.noticiasradioreflejos.com.ar\/2021\/automoto-voley-jugara-dos-finales\/#primaryimage","url":"http:\/\/live.staticflickr.com\/65535\/49056324921_48cbc9b86f.jpg","contentUrl":"http:\/\/live.staticflickr.com\/65535\/49056324921_48cbc9b86f.jpg"},{"@type":"BreadcrumbList","@id":"https:\/\/www.noticiasradioreflejos.com.ar\/2021\/automoto-voley-jugara-dos-finales\/#breadcrumb","itemListElement":[{"@type":"ListItem","position":1,"name":"Portada","item":"https:\/\/www.noticiasradioreflejos.com.ar\/2021\/"},{"@type":"ListItem","position":2,"name":"Automoto voley jugar\u00e1 dos finales"}]},{"@type":"WebSite","@id":"https:\/\/www.noticiasradioreflejos.com.ar\/2021\/#website","url":"https:\/\/www.noticiasradioreflejos.com.ar\/2021\/","name":"Noticias Radio Reflejos","description":"Las noticias de mi comarca","potentialAction":[{"@type":"SearchAction","target":{"@type":"EntryPoint","urlTemplate":"https:\/\/www.noticiasradioreflejos.com.ar\/2021\/?s={search_term_string}"},"query-input":{"@type":"PropertyValueSpecification","valueRequired":true,"valueName":"search_term_string"}}],"inLanguage":"es"},{"@type":"Person","@id":"https:\/\/www.noticiasradioreflejos.com.ar\/2021\/#\/schema\/person\/ad82545263dcc5ec0996818884fd5fb1","name":"Arnaldo Botto","image":{"@type":"ImageObject","inLanguage":"es","@id":"https:\/\/www.noticiasradioreflejos.com.ar\/2021\/#\/schema\/person\/image\/","url":"https:\/\/secure.gravatar.com\/avatar\/55cb5e37c1efa326397366e6974cb338056df65cb50e7d64d1cf314e87504837?s=96&d=mm&r=g","contentUrl":"https:\/\/secure.gravatar.com\/avatar\/55cb5e37c1efa326397366e6974cb338056df65cb50e7d64d1cf314e87504837?s=96&d=mm&r=g","caption":"Arnaldo Botto"},"url":"https:\/\/www.noticiasradioreflejos.com.ar\/2021\/author\/arnaldo\/"}]}},"_links":{"self":[{"href":"https:\/\/www.noticiasradioreflejos.com.ar\/2021\/wp-json\/wp\/v2\/posts\/36384","targetHints":{"allow":["GET"]}}],"collection":[{"href":"https:\/\/www.noticiasradioreflejos.com.ar\/2021\/wp-json\/wp\/v2\/posts"}],"about":[{"href":"https:\/\/www.noticiasradioreflejos.com.ar\/2021\/wp-json\/wp\/v2\/types\/post"}],"author":[{"embeddable":true,"href":"https:\/\/www.noticiasradioreflejos.com.ar\/2021\/wp-json\/wp\/v2\/users\/3"}],"replies":[{"embeddable":true,"href":"https:\/\/www.noticiasradioreflejos.com.ar\/2021\/wp-json\/wp\/v2\/comments?post=36384"}],"version-history":[{"count":0,"href":"https:\/\/www.noticiasradioreflejos.com.ar\/2021\/wp-json\/wp\/v2\/posts\/36384\/revisions"}],"wp:attachment":[{"href":"https:\/\/www.noticiasradioreflejos.com.ar\/2021\/wp-json\/wp\/v2\/media?parent=36384"}],"wp:term":[{"taxonomy":"category","embeddable":true,"href":"https:\/\/www.noticiasradioreflejos.com.ar\/2021\/wp-json\/wp\/v2\/categories?post=36384"},{"taxonomy":"post_tag","embeddable":true,"href":"https:\/\/www.noticiasradioreflejos.com.ar\/2021\/wp-json\/wp\/v2\/tags?post=36384"}],"curies":[{"name":"wp","href":"https:\/\/api.w.org\/{rel}","templated":true}]}}