{"id":36381,"date":"2019-11-12T17:32:46","date_gmt":"2019-11-12T20:32:46","guid":{"rendered":"http:\/\/www.noticiasradioreflejos.com.ar\/noticias\/?p=36381"},"modified":"2019-11-12T17:32:46","modified_gmt":"2019-11-12T20:32:46","slug":"sacaron-del-dique-al-auto-que-cayo-por-esquivar-a-un-carpincho","status":"publish","type":"post","link":"https:\/\/www.noticiasradioreflejos.com.ar\/2021\/sacaron-del-dique-al-auto-que-cayo-por-esquivar-a-un-carpincho\/","title":{"rendered":"Sacaron del Dique al auto que cay\u00f3 por esquivar a un carpincho"},"content":{"rendered":"<p>En los trabajos participaron bomberos de Saldungaray, buzos t\u00e1cticos, polic\u00eda de Coronel Pringles y un productor local, que colabor\u00f3 con un tractor. Se restableci\u00f3 el tr\u00e1nsito en la Ruta 51.<!--more--><br \/>\nTras dos horas de trabajo, y luego de un intenso operativo en el kil\u00f3metro 675 de la Ruta Nacional N\u00b051, lograron retirar del agua al Renault Sandero que hab\u00eda ca\u00eddo ayer al Dique Paso de las Piedras por esquivar a un carpincho.<br \/>\nEn los trabajos participaron bomberos de Saldungaray, buzos t\u00e1cticos, polic\u00eda de Coronel Pringles y un productor local, que colabor\u00f3 con un tractor.<br \/>\nDe esta manera, y una vez finalizados los trabajos, qued\u00f3 restablecido el tr\u00e1nsito en la mencionada ruta.<br \/>\nEl accidente fue protagonizado por Esteban Ben\u00edtez, de 44 a\u00f1os, quien iba al volante del rodado, acompa\u00f1ado de Viviana Baldovino, de 39, Kelly Ben\u00edtez, de 18, y un menor de edad, quienes fueron derivados al Hospital Penna y a un nosocomio de Coronel Pringles.<br \/>\n<strong>Fuente La Br\u00fajula<\/strong><\/p>\n","protected":false},"excerpt":{"rendered":"<p>En los trabajos participaron bomberos de Saldungaray, buzos t\u00e1cticos, polic\u00eda de Coronel Pringles y un productor local, que colabor\u00f3 con un tractor. Se restableci\u00f3 el tr\u00e1nsito en la Ruta 51.<\/p>\n","protected":false},"author":3,"featured_media":0,"comment_status":"closed","ping_status":"open","sticky":false,"template":"","format":"standard","meta":{"footnotes":""},"categories":[29],"tags":[],"class_list":["post-36381","post","type-post","status-publish","format-standard","hentry","category-policiales"],"yoast_head":"<!-- This site is optimized with the Yoast SEO plugin v25.9 - https:\/\/yoast.com\/wordpress\/plugins\/seo\/ -->\n<title>Sacaron del Dique al auto que cay\u00f3 por esquivar a un carpincho - Noticias Radio Reflejos<\/title>\n<meta name=\"robots\" content=\"index, follow, max-snippet:-1, max-image-preview:large, max-video-preview:-1\" \/>\n<link rel=\"canonical\" href=\"https:\/\/www.noticiasradioreflejos.com.ar\/2021\/sacaron-del-dique-al-auto-que-cayo-por-esquivar-a-un-carpincho\/\" \/>\n<meta property=\"og:locale\" content=\"es_ES\" \/>\n<meta property=\"og:type\" content=\"article\" \/>\n<meta property=\"og:title\" content=\"Sacaron del Dique al auto que cay\u00f3 por esquivar a un carpincho - Noticias Radio Reflejos\" \/>\n<meta property=\"og:description\" content=\"En los trabajos participaron bomberos de Saldungaray, buzos t\u00e1cticos, polic\u00eda de Coronel Pringles y un productor local, que colabor\u00f3 con un tractor. Se restableci\u00f3 el tr\u00e1nsito en la Ruta 51.\" \/>\n<meta property=\"og:url\" content=\"https:\/\/www.noticiasradioreflejos.com.ar\/2021\/sacaron-del-dique-al-auto-que-cayo-por-esquivar-a-un-carpincho\/\" \/>\n<meta property=\"og:site_name\" content=\"Noticias Radio Reflejos\" \/>\n<meta property=\"article:published_time\" content=\"2019-11-12T20:32:46+00:00\" \/>\n<meta property=\"og:image\" content=\"https:\/\/www.noticiasradioreflejos.com.ar\/2021\/wp-content\/uploads\/2021\/07\/logosol300x200.png\" \/>\n\t<meta property=\"og:image:width\" content=\"300\" \/>\n\t<meta property=\"og:image:height\" content=\"200\" \/>\n\t<meta property=\"og:image:type\" content=\"image\/png\" \/>\n<meta name=\"author\" content=\"Arnaldo Botto\" \/>\n<meta name=\"twitter:card\" content=\"summary_large_image\" \/>\n<script type=\"application\/ld+json\" class=\"yoast-schema-graph\">{\"@context\":\"https:\/\/schema.org\",\"@graph\":[{\"@type\":\"WebPage\",\"@id\":\"https:\/\/www.noticiasradioreflejos.com.ar\/2021\/sacaron-del-dique-al-auto-que-cayo-por-esquivar-a-un-carpincho\/\",\"url\":\"https:\/\/www.noticiasradioreflejos.com.ar\/2021\/sacaron-del-dique-al-auto-que-cayo-por-esquivar-a-un-carpincho\/\",\"name\":\"Sacaron del Dique al auto que cay\u00f3 por esquivar a un carpincho - Noticias Radio Reflejos\",\"isPartOf\":{\"@id\":\"https:\/\/www.noticiasradioreflejos.com.ar\/2021\/#website\"},\"datePublished\":\"2019-11-12T20:32:46+00:00\",\"author\":{\"@id\":\"https:\/\/www.noticiasradioreflejos.com.ar\/2021\/#\/schema\/person\/ad82545263dcc5ec0996818884fd5fb1\"},\"breadcrumb\":{\"@id\":\"https:\/\/www.noticiasradioreflejos.com.ar\/2021\/sacaron-del-dique-al-auto-que-cayo-por-esquivar-a-un-carpincho\/#breadcrumb\"},\"inLanguage\":\"es\",\"potentialAction\":[{\"@type\":\"ReadAction\",\"target\":[\"https:\/\/www.noticiasradioreflejos.com.ar\/2021\/sacaron-del-dique-al-auto-que-cayo-por-esquivar-a-un-carpincho\/\"]}]},{\"@type\":\"BreadcrumbList\",\"@id\":\"https:\/\/www.noticiasradioreflejos.com.ar\/2021\/sacaron-del-dique-al-auto-que-cayo-por-esquivar-a-un-carpincho\/#breadcrumb\",\"itemListElement\":[{\"@type\":\"ListItem\",\"position\":1,\"name\":\"Portada\",\"item\":\"https:\/\/www.noticiasradioreflejos.com.ar\/2021\/\"},{\"@type\":\"ListItem\",\"position\":2,\"name\":\"Sacaron del Dique al auto que cay\u00f3 por esquivar a un carpincho\"}]},{\"@type\":\"WebSite\",\"@id\":\"https:\/\/www.noticiasradioreflejos.com.ar\/2021\/#website\",\"url\":\"https:\/\/www.noticiasradioreflejos.com.ar\/2021\/\",\"name\":\"Noticias Radio Reflejos\",\"description\":\"Las noticias de mi comarca\",\"potentialAction\":[{\"@type\":\"SearchAction\",\"target\":{\"@type\":\"EntryPoint\",\"urlTemplate\":\"https:\/\/www.noticiasradioreflejos.com.ar\/2021\/?s={search_term_string}\"},\"query-input\":{\"@type\":\"PropertyValueSpecification\",\"valueRequired\":true,\"valueName\":\"search_term_string\"}}],\"inLanguage\":\"es\"},{\"@type\":\"Person\",\"@id\":\"https:\/\/www.noticiasradioreflejos.com.ar\/2021\/#\/schema\/person\/ad82545263dcc5ec0996818884fd5fb1\",\"name\":\"Arnaldo Botto\",\"image\":{\"@type\":\"ImageObject\",\"inLanguage\":\"es\",\"@id\":\"https:\/\/www.noticiasradioreflejos.com.ar\/2021\/#\/schema\/person\/image\/\",\"url\":\"https:\/\/secure.gravatar.com\/avatar\/55cb5e37c1efa326397366e6974cb338056df65cb50e7d64d1cf314e87504837?s=96&d=mm&r=g\",\"contentUrl\":\"https:\/\/secure.gravatar.com\/avatar\/55cb5e37c1efa326397366e6974cb338056df65cb50e7d64d1cf314e87504837?s=96&d=mm&r=g\",\"caption\":\"Arnaldo Botto\"},\"url\":\"https:\/\/www.noticiasradioreflejos.com.ar\/2021\/author\/arnaldo\/\"}]}<\/script>\n<!-- \/ Yoast SEO plugin. -->","yoast_head_json":{"title":"Sacaron del Dique al auto que cay\u00f3 por esquivar a un carpincho - Noticias Radio Reflejos","robots":{"index":"index","follow":"follow","max-snippet":"max-snippet:-1","max-image-preview":"max-image-preview:large","max-video-preview":"max-video-preview:-1"},"canonical":"https:\/\/www.noticiasradioreflejos.com.ar\/2021\/sacaron-del-dique-al-auto-que-cayo-por-esquivar-a-un-carpincho\/","og_locale":"es_ES","og_type":"article","og_title":"Sacaron del Dique al auto que cay\u00f3 por esquivar a un carpincho - Noticias Radio Reflejos","og_description":"En los trabajos participaron bomberos de Saldungaray, buzos t\u00e1cticos, polic\u00eda de Coronel Pringles y un productor local, que colabor\u00f3 con un tractor. Se restableci\u00f3 el tr\u00e1nsito en la Ruta 51.","og_url":"https:\/\/www.noticiasradioreflejos.com.ar\/2021\/sacaron-del-dique-al-auto-que-cayo-por-esquivar-a-un-carpincho\/","og_site_name":"Noticias Radio Reflejos","article_published_time":"2019-11-12T20:32:46+00:00","og_image":[{"width":300,"height":200,"url":"https:\/\/www.noticiasradioreflejos.com.ar\/2021\/wp-content\/uploads\/2021\/07\/logosol300x200.png","type":"image\/png"}],"author":"Arnaldo Botto","twitter_card":"summary_large_image","schema":{"@context":"https:\/\/schema.org","@graph":[{"@type":"WebPage","@id":"https:\/\/www.noticiasradioreflejos.com.ar\/2021\/sacaron-del-dique-al-auto-que-cayo-por-esquivar-a-un-carpincho\/","url":"https:\/\/www.noticiasradioreflejos.com.ar\/2021\/sacaron-del-dique-al-auto-que-cayo-por-esquivar-a-un-carpincho\/","name":"Sacaron del Dique al auto que cay\u00f3 por esquivar a un carpincho - Noticias Radio Reflejos","isPartOf":{"@id":"https:\/\/www.noticiasradioreflejos.com.ar\/2021\/#website"},"datePublished":"2019-11-12T20:32:46+00:00","author":{"@id":"https:\/\/www.noticiasradioreflejos.com.ar\/2021\/#\/schema\/person\/ad82545263dcc5ec0996818884fd5fb1"},"breadcrumb":{"@id":"https:\/\/www.noticiasradioreflejos.com.ar\/2021\/sacaron-del-dique-al-auto-que-cayo-por-esquivar-a-un-carpincho\/#breadcrumb"},"inLanguage":"es","potentialAction":[{"@type":"ReadAction","target":["https:\/\/www.noticiasradioreflejos.com.ar\/2021\/sacaron-del-dique-al-auto-que-cayo-por-esquivar-a-un-carpincho\/"]}]},{"@type":"BreadcrumbList","@id":"https:\/\/www.noticiasradioreflejos.com.ar\/2021\/sacaron-del-dique-al-auto-que-cayo-por-esquivar-a-un-carpincho\/#breadcrumb","itemListElement":[{"@type":"ListItem","position":1,"name":"Portada","item":"https:\/\/www.noticiasradioreflejos.com.ar\/2021\/"},{"@type":"ListItem","position":2,"name":"Sacaron del Dique al auto que cay\u00f3 por esquivar a un carpincho"}]},{"@type":"WebSite","@id":"https:\/\/www.noticiasradioreflejos.com.ar\/2021\/#website","url":"https:\/\/www.noticiasradioreflejos.com.ar\/2021\/","name":"Noticias Radio Reflejos","description":"Las noticias de mi comarca","potentialAction":[{"@type":"SearchAction","target":{"@type":"EntryPoint","urlTemplate":"https:\/\/www.noticiasradioreflejos.com.ar\/2021\/?s={search_term_string}"},"query-input":{"@type":"PropertyValueSpecification","valueRequired":true,"valueName":"search_term_string"}}],"inLanguage":"es"},{"@type":"Person","@id":"https:\/\/www.noticiasradioreflejos.com.ar\/2021\/#\/schema\/person\/ad82545263dcc5ec0996818884fd5fb1","name":"Arnaldo Botto","image":{"@type":"ImageObject","inLanguage":"es","@id":"https:\/\/www.noticiasradioreflejos.com.ar\/2021\/#\/schema\/person\/image\/","url":"https:\/\/secure.gravatar.com\/avatar\/55cb5e37c1efa326397366e6974cb338056df65cb50e7d64d1cf314e87504837?s=96&d=mm&r=g","contentUrl":"https:\/\/secure.gravatar.com\/avatar\/55cb5e37c1efa326397366e6974cb338056df65cb50e7d64d1cf314e87504837?s=96&d=mm&r=g","caption":"Arnaldo Botto"},"url":"https:\/\/www.noticiasradioreflejos.com.ar\/2021\/author\/arnaldo\/"}]}},"_links":{"self":[{"href":"https:\/\/www.noticiasradioreflejos.com.ar\/2021\/wp-json\/wp\/v2\/posts\/36381","targetHints":{"allow":["GET"]}}],"collection":[{"href":"https:\/\/www.noticiasradioreflejos.com.ar\/2021\/wp-json\/wp\/v2\/posts"}],"about":[{"href":"https:\/\/www.noticiasradioreflejos.com.ar\/2021\/wp-json\/wp\/v2\/types\/post"}],"author":[{"embeddable":true,"href":"https:\/\/www.noticiasradioreflejos.com.ar\/2021\/wp-json\/wp\/v2\/users\/3"}],"replies":[{"embeddable":true,"href":"https:\/\/www.noticiasradioreflejos.com.ar\/2021\/wp-json\/wp\/v2\/comments?post=36381"}],"version-history":[{"count":0,"href":"https:\/\/www.noticiasradioreflejos.com.ar\/2021\/wp-json\/wp\/v2\/posts\/36381\/revisions"}],"wp:attachment":[{"href":"https:\/\/www.noticiasradioreflejos.com.ar\/2021\/wp-json\/wp\/v2\/media?parent=36381"}],"wp:term":[{"taxonomy":"category","embeddable":true,"href":"https:\/\/www.noticiasradioreflejos.com.ar\/2021\/wp-json\/wp\/v2\/categories?post=36381"},{"taxonomy":"post_tag","embeddable":true,"href":"https:\/\/www.noticiasradioreflejos.com.ar\/2021\/wp-json\/wp\/v2\/tags?post=36381"}],"curies":[{"name":"wp","href":"https:\/\/api.w.org\/{rel}","templated":true}]}}