{"id":36366,"date":"2019-11-12T13:06:59","date_gmt":"2019-11-12T16:06:59","guid":{"rendered":"http:\/\/www.noticiasradioreflejos.com.ar\/noticias\/?p=36366"},"modified":"2019-11-12T13:06:59","modified_gmt":"2019-11-12T16:06:59","slug":"actividades-por-el-dia-mundial-de-la-diabetes","status":"publish","type":"post","link":"https:\/\/www.noticiasradioreflejos.com.ar\/2021\/actividades-por-el-dia-mundial-de-la-diabetes\/","title":{"rendered":"Actividades por el D\u00eda mundial de la Diabetes"},"content":{"rendered":"<p><a title=\"D\u00eda Mundial de la Diabetes (1)\" href=\"http:\/\/live.staticflickr.com\/65535\/49055085326_c2f2eb50a2_s.jpg\" rel=\"\"><img loading=\"lazy\" decoding=\"async\" class=\"alignleft\" style=\"float: left;\" title=\"D\u00eda Mundial de la Diabetes (1)\" src=\"http:\/\/live.staticflickr.com\/65535\/49055085326_c2f2eb50a2.jpg\" alt=\"D\u00eda Mundial de la Diabetes (1)\" width=\"500\" height=\"500\" \/><\/a>La Secretar\u00eda de Salud, a trav\u00e9s del \u00e1rea de Nutrici\u00f3n, llevar\u00e1 a cabo actividades de prevenci\u00f3n con el fin de concientizar sobre la enfermedad.<!--more--><br \/>\nEn el marco del D\u00eda Mundial de la Diabetes, el Jueves 21 de noviembre se realizar\u00e1n actividades, gratuitas y abiertas a todo p\u00fablico, de prevenci\u00f3n en la Plaza \u201cErnesto Tornquist\u201d, a partir delas 09.00 hs.<br \/>\nEl objetivo de la Jornada es concientizar sobre los factores de riesgo que influyen en la diabetes, el diagn\u00f3stico precoz y prevenci\u00f3n de las complicaciones de la enfermedad.<br \/>\nCronograma de actividades:<br \/>\nCharlas:<br \/>\n\u2022 Diabetes, las complicaciones en una mala adherencia: a las 10 y 13 hs.<br \/>\n\u2022 Dieta en el paciente diab\u00e9tico: a las 10:30 y 13.30 hs.<br \/>\nOtras actividades:<br \/>\n\u2022 Mediciones de glucemia, tensi\u00f3n arterial: a las 9.00 y a las 13.00 hs<br \/>\n\u2022 Peso corporal y circunferencia de cintura: de 9 a 16 hs.<br \/>\n\u2022 Caminata: a las 14 hs. junto al grupo de running.<br \/>\nEl D\u00eda Mundial de la Diabetes se cre\u00f3 en 1991 la campa\u00f1a de concienciaci\u00f3n sobre la diabetes m\u00e1s importante del mundo.<br \/>\nFue instaurado por la Federaci\u00f3n Internacional de Diabetes y la Organizaci\u00f3n Mundial de la Salud (OMS) en 1991, como respuesta al alarmante aumento de los casos de diabetes en el mundo.<br \/>\nEn Argentina la diabetes es responsable de casi el 50% de las amputaciones no traum\u00e1ticas de miembros inferiores, una importante proporci\u00f3n de los infartos agudos de miocardio, accidentes cerebrovasculares y enfermedad renal cr\u00f3nica en di\u00e1lisis, constituyendo una de las principales causas de ceguera en adultos.<\/p>\n","protected":false},"excerpt":{"rendered":"<p>La Secretar\u00eda de Salud, a trav\u00e9s del \u00e1rea de Nutrici\u00f3n, llevar\u00e1 a cabo actividades de prevenci\u00f3n con el fin de concientizar sobre la enfermedad.<\/p>\n","protected":false},"author":3,"featured_media":0,"comment_status":"closed","ping_status":"open","sticky":false,"template":"","format":"standard","meta":{"footnotes":""},"categories":[30],"tags":[],"class_list":["post-36366","post","type-post","status-publish","format-standard","hentry","category-salud"],"yoast_head":"<!-- This site is optimized with the Yoast SEO plugin v25.9 - https:\/\/yoast.com\/wordpress\/plugins\/seo\/ -->\n<title>Actividades por el D\u00eda mundial de la Diabetes - Noticias Radio Reflejos<\/title>\n<meta name=\"robots\" content=\"index, follow, max-snippet:-1, max-image-preview:large, max-video-preview:-1\" \/>\n<link rel=\"canonical\" href=\"https:\/\/www.noticiasradioreflejos.com.ar\/2021\/actividades-por-el-dia-mundial-de-la-diabetes\/\" \/>\n<meta property=\"og:locale\" content=\"es_ES\" \/>\n<meta property=\"og:type\" content=\"article\" \/>\n<meta property=\"og:title\" content=\"Actividades por el D\u00eda mundial de la Diabetes - Noticias Radio Reflejos\" \/>\n<meta property=\"og:description\" content=\"La Secretar\u00eda de Salud, a trav\u00e9s del \u00e1rea de Nutrici\u00f3n, llevar\u00e1 a cabo actividades de prevenci\u00f3n con el fin de concientizar sobre la enfermedad.\" \/>\n<meta property=\"og:url\" content=\"https:\/\/www.noticiasradioreflejos.com.ar\/2021\/actividades-por-el-dia-mundial-de-la-diabetes\/\" \/>\n<meta property=\"og:site_name\" content=\"Noticias Radio Reflejos\" \/>\n<meta property=\"article:published_time\" content=\"2019-11-12T16:06:59+00:00\" \/>\n<meta property=\"og:image\" content=\"http:\/\/live.staticflickr.com\/65535\/49055085326_c2f2eb50a2.jpg\" \/>\n<meta name=\"author\" content=\"Arnaldo Botto\" \/>\n<meta name=\"twitter:card\" content=\"summary_large_image\" \/>\n<script type=\"application\/ld+json\" class=\"yoast-schema-graph\">{\"@context\":\"https:\/\/schema.org\",\"@graph\":[{\"@type\":\"WebPage\",\"@id\":\"https:\/\/www.noticiasradioreflejos.com.ar\/2021\/actividades-por-el-dia-mundial-de-la-diabetes\/\",\"url\":\"https:\/\/www.noticiasradioreflejos.com.ar\/2021\/actividades-por-el-dia-mundial-de-la-diabetes\/\",\"name\":\"Actividades por el D\u00eda mundial de la Diabetes - Noticias Radio Reflejos\",\"isPartOf\":{\"@id\":\"https:\/\/www.noticiasradioreflejos.com.ar\/2021\/#website\"},\"primaryImageOfPage\":{\"@id\":\"https:\/\/www.noticiasradioreflejos.com.ar\/2021\/actividades-por-el-dia-mundial-de-la-diabetes\/#primaryimage\"},\"image\":{\"@id\":\"https:\/\/www.noticiasradioreflejos.com.ar\/2021\/actividades-por-el-dia-mundial-de-la-diabetes\/#primaryimage\"},\"thumbnailUrl\":\"http:\/\/live.staticflickr.com\/65535\/49055085326_c2f2eb50a2.jpg\",\"datePublished\":\"2019-11-12T16:06:59+00:00\",\"author\":{\"@id\":\"https:\/\/www.noticiasradioreflejos.com.ar\/2021\/#\/schema\/person\/ad82545263dcc5ec0996818884fd5fb1\"},\"breadcrumb\":{\"@id\":\"https:\/\/www.noticiasradioreflejos.com.ar\/2021\/actividades-por-el-dia-mundial-de-la-diabetes\/#breadcrumb\"},\"inLanguage\":\"es\",\"potentialAction\":[{\"@type\":\"ReadAction\",\"target\":[\"https:\/\/www.noticiasradioreflejos.com.ar\/2021\/actividades-por-el-dia-mundial-de-la-diabetes\/\"]}]},{\"@type\":\"ImageObject\",\"inLanguage\":\"es\",\"@id\":\"https:\/\/www.noticiasradioreflejos.com.ar\/2021\/actividades-por-el-dia-mundial-de-la-diabetes\/#primaryimage\",\"url\":\"http:\/\/live.staticflickr.com\/65535\/49055085326_c2f2eb50a2.jpg\",\"contentUrl\":\"http:\/\/live.staticflickr.com\/65535\/49055085326_c2f2eb50a2.jpg\"},{\"@type\":\"BreadcrumbList\",\"@id\":\"https:\/\/www.noticiasradioreflejos.com.ar\/2021\/actividades-por-el-dia-mundial-de-la-diabetes\/#breadcrumb\",\"itemListElement\":[{\"@type\":\"ListItem\",\"position\":1,\"name\":\"Portada\",\"item\":\"https:\/\/www.noticiasradioreflejos.com.ar\/2021\/\"},{\"@type\":\"ListItem\",\"position\":2,\"name\":\"Actividades por el D\u00eda mundial de la Diabetes\"}]},{\"@type\":\"WebSite\",\"@id\":\"https:\/\/www.noticiasradioreflejos.com.ar\/2021\/#website\",\"url\":\"https:\/\/www.noticiasradioreflejos.com.ar\/2021\/\",\"name\":\"Noticias Radio Reflejos\",\"description\":\"Las noticias de mi comarca\",\"potentialAction\":[{\"@type\":\"SearchAction\",\"target\":{\"@type\":\"EntryPoint\",\"urlTemplate\":\"https:\/\/www.noticiasradioreflejos.com.ar\/2021\/?s={search_term_string}\"},\"query-input\":{\"@type\":\"PropertyValueSpecification\",\"valueRequired\":true,\"valueName\":\"search_term_string\"}}],\"inLanguage\":\"es\"},{\"@type\":\"Person\",\"@id\":\"https:\/\/www.noticiasradioreflejos.com.ar\/2021\/#\/schema\/person\/ad82545263dcc5ec0996818884fd5fb1\",\"name\":\"Arnaldo Botto\",\"image\":{\"@type\":\"ImageObject\",\"inLanguage\":\"es\",\"@id\":\"https:\/\/www.noticiasradioreflejos.com.ar\/2021\/#\/schema\/person\/image\/\",\"url\":\"https:\/\/secure.gravatar.com\/avatar\/55cb5e37c1efa326397366e6974cb338056df65cb50e7d64d1cf314e87504837?s=96&d=mm&r=g\",\"contentUrl\":\"https:\/\/secure.gravatar.com\/avatar\/55cb5e37c1efa326397366e6974cb338056df65cb50e7d64d1cf314e87504837?s=96&d=mm&r=g\",\"caption\":\"Arnaldo Botto\"},\"url\":\"https:\/\/www.noticiasradioreflejos.com.ar\/2021\/author\/arnaldo\/\"}]}<\/script>\n<!-- \/ Yoast SEO plugin. -->","yoast_head_json":{"title":"Actividades por el D\u00eda mundial de la Diabetes - Noticias Radio Reflejos","robots":{"index":"index","follow":"follow","max-snippet":"max-snippet:-1","max-image-preview":"max-image-preview:large","max-video-preview":"max-video-preview:-1"},"canonical":"https:\/\/www.noticiasradioreflejos.com.ar\/2021\/actividades-por-el-dia-mundial-de-la-diabetes\/","og_locale":"es_ES","og_type":"article","og_title":"Actividades por el D\u00eda mundial de la Diabetes - Noticias Radio Reflejos","og_description":"La Secretar\u00eda de Salud, a trav\u00e9s del \u00e1rea de Nutrici\u00f3n, llevar\u00e1 a cabo actividades de prevenci\u00f3n con el fin de concientizar sobre la enfermedad.","og_url":"https:\/\/www.noticiasradioreflejos.com.ar\/2021\/actividades-por-el-dia-mundial-de-la-diabetes\/","og_site_name":"Noticias Radio Reflejos","article_published_time":"2019-11-12T16:06:59+00:00","og_image":[{"url":"http:\/\/live.staticflickr.com\/65535\/49055085326_c2f2eb50a2.jpg","type":"","width":"","height":""}],"author":"Arnaldo Botto","twitter_card":"summary_large_image","schema":{"@context":"https:\/\/schema.org","@graph":[{"@type":"WebPage","@id":"https:\/\/www.noticiasradioreflejos.com.ar\/2021\/actividades-por-el-dia-mundial-de-la-diabetes\/","url":"https:\/\/www.noticiasradioreflejos.com.ar\/2021\/actividades-por-el-dia-mundial-de-la-diabetes\/","name":"Actividades por el D\u00eda mundial de la Diabetes - Noticias Radio Reflejos","isPartOf":{"@id":"https:\/\/www.noticiasradioreflejos.com.ar\/2021\/#website"},"primaryImageOfPage":{"@id":"https:\/\/www.noticiasradioreflejos.com.ar\/2021\/actividades-por-el-dia-mundial-de-la-diabetes\/#primaryimage"},"image":{"@id":"https:\/\/www.noticiasradioreflejos.com.ar\/2021\/actividades-por-el-dia-mundial-de-la-diabetes\/#primaryimage"},"thumbnailUrl":"http:\/\/live.staticflickr.com\/65535\/49055085326_c2f2eb50a2.jpg","datePublished":"2019-11-12T16:06:59+00:00","author":{"@id":"https:\/\/www.noticiasradioreflejos.com.ar\/2021\/#\/schema\/person\/ad82545263dcc5ec0996818884fd5fb1"},"breadcrumb":{"@id":"https:\/\/www.noticiasradioreflejos.com.ar\/2021\/actividades-por-el-dia-mundial-de-la-diabetes\/#breadcrumb"},"inLanguage":"es","potentialAction":[{"@type":"ReadAction","target":["https:\/\/www.noticiasradioreflejos.com.ar\/2021\/actividades-por-el-dia-mundial-de-la-diabetes\/"]}]},{"@type":"ImageObject","inLanguage":"es","@id":"https:\/\/www.noticiasradioreflejos.com.ar\/2021\/actividades-por-el-dia-mundial-de-la-diabetes\/#primaryimage","url":"http:\/\/live.staticflickr.com\/65535\/49055085326_c2f2eb50a2.jpg","contentUrl":"http:\/\/live.staticflickr.com\/65535\/49055085326_c2f2eb50a2.jpg"},{"@type":"BreadcrumbList","@id":"https:\/\/www.noticiasradioreflejos.com.ar\/2021\/actividades-por-el-dia-mundial-de-la-diabetes\/#breadcrumb","itemListElement":[{"@type":"ListItem","position":1,"name":"Portada","item":"https:\/\/www.noticiasradioreflejos.com.ar\/2021\/"},{"@type":"ListItem","position":2,"name":"Actividades por el D\u00eda mundial de la Diabetes"}]},{"@type":"WebSite","@id":"https:\/\/www.noticiasradioreflejos.com.ar\/2021\/#website","url":"https:\/\/www.noticiasradioreflejos.com.ar\/2021\/","name":"Noticias Radio Reflejos","description":"Las noticias de mi comarca","potentialAction":[{"@type":"SearchAction","target":{"@type":"EntryPoint","urlTemplate":"https:\/\/www.noticiasradioreflejos.com.ar\/2021\/?s={search_term_string}"},"query-input":{"@type":"PropertyValueSpecification","valueRequired":true,"valueName":"search_term_string"}}],"inLanguage":"es"},{"@type":"Person","@id":"https:\/\/www.noticiasradioreflejos.com.ar\/2021\/#\/schema\/person\/ad82545263dcc5ec0996818884fd5fb1","name":"Arnaldo Botto","image":{"@type":"ImageObject","inLanguage":"es","@id":"https:\/\/www.noticiasradioreflejos.com.ar\/2021\/#\/schema\/person\/image\/","url":"https:\/\/secure.gravatar.com\/avatar\/55cb5e37c1efa326397366e6974cb338056df65cb50e7d64d1cf314e87504837?s=96&d=mm&r=g","contentUrl":"https:\/\/secure.gravatar.com\/avatar\/55cb5e37c1efa326397366e6974cb338056df65cb50e7d64d1cf314e87504837?s=96&d=mm&r=g","caption":"Arnaldo Botto"},"url":"https:\/\/www.noticiasradioreflejos.com.ar\/2021\/author\/arnaldo\/"}]}},"_links":{"self":[{"href":"https:\/\/www.noticiasradioreflejos.com.ar\/2021\/wp-json\/wp\/v2\/posts\/36366","targetHints":{"allow":["GET"]}}],"collection":[{"href":"https:\/\/www.noticiasradioreflejos.com.ar\/2021\/wp-json\/wp\/v2\/posts"}],"about":[{"href":"https:\/\/www.noticiasradioreflejos.com.ar\/2021\/wp-json\/wp\/v2\/types\/post"}],"author":[{"embeddable":true,"href":"https:\/\/www.noticiasradioreflejos.com.ar\/2021\/wp-json\/wp\/v2\/users\/3"}],"replies":[{"embeddable":true,"href":"https:\/\/www.noticiasradioreflejos.com.ar\/2021\/wp-json\/wp\/v2\/comments?post=36366"}],"version-history":[{"count":0,"href":"https:\/\/www.noticiasradioreflejos.com.ar\/2021\/wp-json\/wp\/v2\/posts\/36366\/revisions"}],"wp:attachment":[{"href":"https:\/\/www.noticiasradioreflejos.com.ar\/2021\/wp-json\/wp\/v2\/media?parent=36366"}],"wp:term":[{"taxonomy":"category","embeddable":true,"href":"https:\/\/www.noticiasradioreflejos.com.ar\/2021\/wp-json\/wp\/v2\/categories?post=36366"},{"taxonomy":"post_tag","embeddable":true,"href":"https:\/\/www.noticiasradioreflejos.com.ar\/2021\/wp-json\/wp\/v2\/tags?post=36366"}],"curies":[{"name":"wp","href":"https:\/\/api.w.org\/{rel}","templated":true}]}}