{"id":36349,"date":"2019-11-12T17:25:14","date_gmt":"2019-11-12T20:25:14","guid":{"rendered":"http:\/\/www.noticiasradioreflejos.com.ar\/noticias\/?p=36349"},"modified":"2019-11-12T17:25:14","modified_gmt":"2019-11-12T20:25:14","slug":"que-es-y-que-campo-de-accion-que-tiene-un-tecnico-electromecanico-expresa-esta-muestra-interactiva-luis-quintana","status":"publish","type":"post","link":"https:\/\/www.noticiasradioreflejos.com.ar\/2021\/que-es-y-que-campo-de-accion-que-tiene-un-tecnico-electromecanico-expresa-esta-muestra-interactiva-luis-quintana\/","title":{"rendered":"&quot;Qu\u00e9 es y qu\u00e9 campo de acci\u00f3n tiene un t\u00e9cnico electromec\u00e1nico, expresa esta muestra interactiva&quot; &#8211; Luis Quintana"},"content":{"rendered":"<p><a title=\"Luis Quintana\" href=\"http:\/\/live.staticflickr.com\/65535\/49055750663_3bda1fc0c5_s.jpg\" rel=\"\"><img loading=\"lazy\" decoding=\"async\" class=\"alignleft\" style=\"float: left;\" title=\"Luis Quintana\" src=\"http:\/\/live.staticflickr.com\/65535\/49055750663_3bda1fc0c5_w.jpg\" alt=\"Luis Quintana\" width=\"336\" height=\"400\" \/><\/a>Durante el jueves 14 y viernes 15 de noviembre se realizar\u00e1 la Expo T\u00e9cnica 2019 en las instalaciones de la Escuela T\u00e9cnica de Tornquist. Para conocer la propuesta y todo lo que se trabaja e instruye en el establecimiento, hablamos con el <strong>Prof. Luis Quintana<\/strong>, director de\u00a0la EET N\u00b0 1, durante el Programa <strong>\u00abUn Mate y un Caf\u00e9\u00bb<\/strong>.<!--more--><br \/>\nA lo largo de la nota realizada al Prof. Quintana, conocemos el abanico de posibilidades que brinda\u00a0la Escuela T\u00e9cnica en el campo de la electromec\u00e1nica, donde m\u00e1s de 100 alumnos se preparan para afrontar\u00a0el futuro. Este a\u00f1o\u00a0egresa la primera promoci\u00f3n de alumnos, con el consecuente orgullo que esto significa en la educaci\u00f3n distrital.<br \/>\nQuintana nos describe tambien un ambicioso proyecto que est\u00e1n elaborando en la construcci\u00f3n y perfeccionamiento de un nanosat\u00e9lite, para el cu\u00e1l tendr\u00e1n el apoyo de una empresa espa\u00f1ola.<br \/>\nEs importante destacar que a la escuela asisten m\u00e1s de 20 alumnos que son de Saldungaray, Sierra y Villa Ventana; lo que realizan un destacable esfuerzo para asistir todos los d\u00edas a clases.<br \/>\n&nbsp;<br \/>\nPor otra parte, Quintana mencion\u00f3 que el pasado s\u00e1bado, alumnos de la Escuela T\u00e9cnica obtuvieron un segundo y cuarto puesto en el Campeonato Internacional de Rob\u00f3tica, realizado en Bah\u00eda Blanca con la participaci\u00f3n de colegios t\u00e9cnicos de toda la provincia.<br \/>\n<strong>Nota con el Profesor Luis Quintana<\/strong><br \/>\n<iframe loading=\"lazy\" src=\"https:\/\/w.soundcloud.com\/player\/?url=https%3A\/\/api.soundcloud.com\/tracks\/711724240&amp;color=%23ff5500&amp;auto_play=false&amp;hide_related=false&amp;show_comments=true&amp;show_user=true&amp;show_reposts=false&amp;show_teaser=true\" width=\"100%\" height=\"166\" frameborder=\"no\" scrolling=\"no\"><\/iframe><br \/>\n<strong>Cursos y Charlas: Expo T\u00e9cnica 2019 <\/strong><br \/>\nLugar: Escuela T\u00e9cnica Ruta 76 km 263,7 y Av. Moreno \uf0b7 Charla Introducci\u00f3n a Soldadura MIG Dictado por N\u00e9stor Schmidtke: jueves y Viernes 14:00 a 16:00 horas. Lugar: Taller de la Instituci\u00f3n. Inscripci\u00f3n 291-413-2553<br \/>\n\uf0b7 Curso Impresora 3D Dictado por Coria Christian: jueves 14 de Noviembre 12:00 a 13:00 y de 13:30 a 15:30 horas. Lugar: Sal\u00f3n de Conferencias. Inscripci\u00f3n 291-413-2553<br \/>\n\uf0b7 Curso de Rob\u00f3tica Dictado por Coria Christian: jueves 14 de Noviembre 16:00 a 18:00 horas. Lugar: Sal\u00f3n de Conferencias. Inscripci\u00f3n 291-413-2553<br \/>\n\uf0b7 Charla sobre Energ\u00eda Solar Empresa GreenTech a cargo de Gonzalo Rodriguez Viernes 15 de Noviembre 11:00 Horas. Lugar: SUM<br \/>\n\uf0b7 Charla y Muestra de Modelismo Cristian Hern\u00e1n: jueves y viernes (Ma\u00f1ana y Tarde)<br \/>\n\uf0b7 Muestra de Electromec\u00e1nica:<br \/>\n<strong>Bomberos Voluntarios de Tornquist<br \/>\nMazzarini<br \/>\nEj\u00e9rcito Argentino<br \/>\nMunicipalidad de Tornquist<br \/>\nCooperativa El\u00e9ctrica de Tornquist.<\/strong><\/p>\n","protected":false},"excerpt":{"rendered":"<p>Durante el jueves 14 y viernes 15 de noviembre se realizar\u00e1 la Expo T\u00e9cnica 2019 en las instalaciones de la Escuela T\u00e9cnica de Tornquist. Para conocer la propuesta y todo lo que se trabaja e instruye en el establecimiento, hablamos con el Prof. Luis Quintana, director de\u00a0la EET N\u00b0 1, durante el Programa \u00abUn Mate [&hellip;]<\/p>\n","protected":false},"author":3,"featured_media":0,"comment_status":"closed","ping_status":"open","sticky":false,"template":"","format":"standard","meta":{"footnotes":""},"categories":[34],"tags":[],"class_list":["post-36349","post","type-post","status-publish","format-standard","hentry","category-educacion"],"yoast_head":"<!-- This site is optimized with the Yoast SEO plugin v25.9 - https:\/\/yoast.com\/wordpress\/plugins\/seo\/ -->\n<title>&quot;Qu\u00e9 es y qu\u00e9 campo de acci\u00f3n tiene un t\u00e9cnico electromec\u00e1nico, expresa esta muestra interactiva&quot; - Luis Quintana - Noticias Radio Reflejos<\/title>\n<meta name=\"robots\" content=\"index, follow, max-snippet:-1, max-image-preview:large, max-video-preview:-1\" \/>\n<link rel=\"canonical\" href=\"https:\/\/www.noticiasradioreflejos.com.ar\/2021\/que-es-y-que-campo-de-accion-que-tiene-un-tecnico-electromecanico-expresa-esta-muestra-interactiva-luis-quintana\/\" \/>\n<meta property=\"og:locale\" content=\"es_ES\" \/>\n<meta property=\"og:type\" content=\"article\" \/>\n<meta property=\"og:title\" content=\"&quot;Qu\u00e9 es y qu\u00e9 campo de acci\u00f3n tiene un t\u00e9cnico electromec\u00e1nico, expresa esta muestra interactiva&quot; - Luis Quintana - Noticias Radio Reflejos\" \/>\n<meta property=\"og:description\" content=\"Durante el jueves 14 y viernes 15 de noviembre se realizar\u00e1 la Expo T\u00e9cnica 2019 en las instalaciones de la Escuela T\u00e9cnica de Tornquist. Para conocer la propuesta y todo lo que se trabaja e instruye en el establecimiento, hablamos con el Prof. Luis Quintana, director de\u00a0la EET N\u00b0 1, durante el Programa \u00abUn Mate [&hellip;]\" \/>\n<meta property=\"og:url\" content=\"https:\/\/www.noticiasradioreflejos.com.ar\/2021\/que-es-y-que-campo-de-accion-que-tiene-un-tecnico-electromecanico-expresa-esta-muestra-interactiva-luis-quintana\/\" \/>\n<meta property=\"og:site_name\" content=\"Noticias Radio Reflejos\" \/>\n<meta property=\"article:published_time\" content=\"2019-11-12T20:25:14+00:00\" \/>\n<meta property=\"og:image\" content=\"http:\/\/live.staticflickr.com\/65535\/49055750663_3bda1fc0c5_w.jpg\" \/>\n<meta name=\"author\" content=\"Arnaldo Botto\" \/>\n<meta name=\"twitter:card\" content=\"summary_large_image\" \/>\n<script type=\"application\/ld+json\" class=\"yoast-schema-graph\">{\"@context\":\"https:\/\/schema.org\",\"@graph\":[{\"@type\":\"WebPage\",\"@id\":\"https:\/\/www.noticiasradioreflejos.com.ar\/2021\/que-es-y-que-campo-de-accion-que-tiene-un-tecnico-electromecanico-expresa-esta-muestra-interactiva-luis-quintana\/\",\"url\":\"https:\/\/www.noticiasradioreflejos.com.ar\/2021\/que-es-y-que-campo-de-accion-que-tiene-un-tecnico-electromecanico-expresa-esta-muestra-interactiva-luis-quintana\/\",\"name\":\"&quot;Qu\u00e9 es y qu\u00e9 campo de acci\u00f3n tiene un t\u00e9cnico electromec\u00e1nico, expresa esta muestra interactiva&quot; - Luis Quintana - Noticias Radio Reflejos\",\"isPartOf\":{\"@id\":\"https:\/\/www.noticiasradioreflejos.com.ar\/2021\/#website\"},\"primaryImageOfPage\":{\"@id\":\"https:\/\/www.noticiasradioreflejos.com.ar\/2021\/que-es-y-que-campo-de-accion-que-tiene-un-tecnico-electromecanico-expresa-esta-muestra-interactiva-luis-quintana\/#primaryimage\"},\"image\":{\"@id\":\"https:\/\/www.noticiasradioreflejos.com.ar\/2021\/que-es-y-que-campo-de-accion-que-tiene-un-tecnico-electromecanico-expresa-esta-muestra-interactiva-luis-quintana\/#primaryimage\"},\"thumbnailUrl\":\"http:\/\/live.staticflickr.com\/65535\/49055750663_3bda1fc0c5_w.jpg\",\"datePublished\":\"2019-11-12T20:25:14+00:00\",\"author\":{\"@id\":\"https:\/\/www.noticiasradioreflejos.com.ar\/2021\/#\/schema\/person\/ad82545263dcc5ec0996818884fd5fb1\"},\"breadcrumb\":{\"@id\":\"https:\/\/www.noticiasradioreflejos.com.ar\/2021\/que-es-y-que-campo-de-accion-que-tiene-un-tecnico-electromecanico-expresa-esta-muestra-interactiva-luis-quintana\/#breadcrumb\"},\"inLanguage\":\"es\",\"potentialAction\":[{\"@type\":\"ReadAction\",\"target\":[\"https:\/\/www.noticiasradioreflejos.com.ar\/2021\/que-es-y-que-campo-de-accion-que-tiene-un-tecnico-electromecanico-expresa-esta-muestra-interactiva-luis-quintana\/\"]}]},{\"@type\":\"ImageObject\",\"inLanguage\":\"es\",\"@id\":\"https:\/\/www.noticiasradioreflejos.com.ar\/2021\/que-es-y-que-campo-de-accion-que-tiene-un-tecnico-electromecanico-expresa-esta-muestra-interactiva-luis-quintana\/#primaryimage\",\"url\":\"http:\/\/live.staticflickr.com\/65535\/49055750663_3bda1fc0c5_w.jpg\",\"contentUrl\":\"http:\/\/live.staticflickr.com\/65535\/49055750663_3bda1fc0c5_w.jpg\"},{\"@type\":\"BreadcrumbList\",\"@id\":\"https:\/\/www.noticiasradioreflejos.com.ar\/2021\/que-es-y-que-campo-de-accion-que-tiene-un-tecnico-electromecanico-expresa-esta-muestra-interactiva-luis-quintana\/#breadcrumb\",\"itemListElement\":[{\"@type\":\"ListItem\",\"position\":1,\"name\":\"Portada\",\"item\":\"https:\/\/www.noticiasradioreflejos.com.ar\/2021\/\"},{\"@type\":\"ListItem\",\"position\":2,\"name\":\"&quot;Qu\u00e9 es y qu\u00e9 campo de acci\u00f3n tiene un t\u00e9cnico electromec\u00e1nico, expresa esta muestra interactiva&quot; &#8211; Luis Quintana\"}]},{\"@type\":\"WebSite\",\"@id\":\"https:\/\/www.noticiasradioreflejos.com.ar\/2021\/#website\",\"url\":\"https:\/\/www.noticiasradioreflejos.com.ar\/2021\/\",\"name\":\"Noticias Radio Reflejos\",\"description\":\"Las noticias de mi comarca\",\"potentialAction\":[{\"@type\":\"SearchAction\",\"target\":{\"@type\":\"EntryPoint\",\"urlTemplate\":\"https:\/\/www.noticiasradioreflejos.com.ar\/2021\/?s={search_term_string}\"},\"query-input\":{\"@type\":\"PropertyValueSpecification\",\"valueRequired\":true,\"valueName\":\"search_term_string\"}}],\"inLanguage\":\"es\"},{\"@type\":\"Person\",\"@id\":\"https:\/\/www.noticiasradioreflejos.com.ar\/2021\/#\/schema\/person\/ad82545263dcc5ec0996818884fd5fb1\",\"name\":\"Arnaldo Botto\",\"image\":{\"@type\":\"ImageObject\",\"inLanguage\":\"es\",\"@id\":\"https:\/\/www.noticiasradioreflejos.com.ar\/2021\/#\/schema\/person\/image\/\",\"url\":\"https:\/\/secure.gravatar.com\/avatar\/55cb5e37c1efa326397366e6974cb338056df65cb50e7d64d1cf314e87504837?s=96&d=mm&r=g\",\"contentUrl\":\"https:\/\/secure.gravatar.com\/avatar\/55cb5e37c1efa326397366e6974cb338056df65cb50e7d64d1cf314e87504837?s=96&d=mm&r=g\",\"caption\":\"Arnaldo Botto\"},\"url\":\"https:\/\/www.noticiasradioreflejos.com.ar\/2021\/author\/arnaldo\/\"}]}<\/script>\n<!-- \/ Yoast SEO plugin. -->","yoast_head_json":{"title":"&quot;Qu\u00e9 es y qu\u00e9 campo de acci\u00f3n tiene un t\u00e9cnico electromec\u00e1nico, expresa esta muestra interactiva&quot; - Luis Quintana - Noticias Radio Reflejos","robots":{"index":"index","follow":"follow","max-snippet":"max-snippet:-1","max-image-preview":"max-image-preview:large","max-video-preview":"max-video-preview:-1"},"canonical":"https:\/\/www.noticiasradioreflejos.com.ar\/2021\/que-es-y-que-campo-de-accion-que-tiene-un-tecnico-electromecanico-expresa-esta-muestra-interactiva-luis-quintana\/","og_locale":"es_ES","og_type":"article","og_title":"&quot;Qu\u00e9 es y qu\u00e9 campo de acci\u00f3n tiene un t\u00e9cnico electromec\u00e1nico, expresa esta muestra interactiva&quot; - Luis Quintana - Noticias Radio Reflejos","og_description":"Durante el jueves 14 y viernes 15 de noviembre se realizar\u00e1 la Expo T\u00e9cnica 2019 en las instalaciones de la Escuela T\u00e9cnica de Tornquist. Para conocer la propuesta y todo lo que se trabaja e instruye en el establecimiento, hablamos con el Prof. Luis Quintana, director de\u00a0la EET N\u00b0 1, durante el Programa \u00abUn Mate [&hellip;]","og_url":"https:\/\/www.noticiasradioreflejos.com.ar\/2021\/que-es-y-que-campo-de-accion-que-tiene-un-tecnico-electromecanico-expresa-esta-muestra-interactiva-luis-quintana\/","og_site_name":"Noticias Radio Reflejos","article_published_time":"2019-11-12T20:25:14+00:00","og_image":[{"url":"http:\/\/live.staticflickr.com\/65535\/49055750663_3bda1fc0c5_w.jpg","type":"","width":"","height":""}],"author":"Arnaldo Botto","twitter_card":"summary_large_image","schema":{"@context":"https:\/\/schema.org","@graph":[{"@type":"WebPage","@id":"https:\/\/www.noticiasradioreflejos.com.ar\/2021\/que-es-y-que-campo-de-accion-que-tiene-un-tecnico-electromecanico-expresa-esta-muestra-interactiva-luis-quintana\/","url":"https:\/\/www.noticiasradioreflejos.com.ar\/2021\/que-es-y-que-campo-de-accion-que-tiene-un-tecnico-electromecanico-expresa-esta-muestra-interactiva-luis-quintana\/","name":"&quot;Qu\u00e9 es y qu\u00e9 campo de acci\u00f3n tiene un t\u00e9cnico electromec\u00e1nico, expresa esta muestra interactiva&quot; - Luis Quintana - Noticias Radio Reflejos","isPartOf":{"@id":"https:\/\/www.noticiasradioreflejos.com.ar\/2021\/#website"},"primaryImageOfPage":{"@id":"https:\/\/www.noticiasradioreflejos.com.ar\/2021\/que-es-y-que-campo-de-accion-que-tiene-un-tecnico-electromecanico-expresa-esta-muestra-interactiva-luis-quintana\/#primaryimage"},"image":{"@id":"https:\/\/www.noticiasradioreflejos.com.ar\/2021\/que-es-y-que-campo-de-accion-que-tiene-un-tecnico-electromecanico-expresa-esta-muestra-interactiva-luis-quintana\/#primaryimage"},"thumbnailUrl":"http:\/\/live.staticflickr.com\/65535\/49055750663_3bda1fc0c5_w.jpg","datePublished":"2019-11-12T20:25:14+00:00","author":{"@id":"https:\/\/www.noticiasradioreflejos.com.ar\/2021\/#\/schema\/person\/ad82545263dcc5ec0996818884fd5fb1"},"breadcrumb":{"@id":"https:\/\/www.noticiasradioreflejos.com.ar\/2021\/que-es-y-que-campo-de-accion-que-tiene-un-tecnico-electromecanico-expresa-esta-muestra-interactiva-luis-quintana\/#breadcrumb"},"inLanguage":"es","potentialAction":[{"@type":"ReadAction","target":["https:\/\/www.noticiasradioreflejos.com.ar\/2021\/que-es-y-que-campo-de-accion-que-tiene-un-tecnico-electromecanico-expresa-esta-muestra-interactiva-luis-quintana\/"]}]},{"@type":"ImageObject","inLanguage":"es","@id":"https:\/\/www.noticiasradioreflejos.com.ar\/2021\/que-es-y-que-campo-de-accion-que-tiene-un-tecnico-electromecanico-expresa-esta-muestra-interactiva-luis-quintana\/#primaryimage","url":"http:\/\/live.staticflickr.com\/65535\/49055750663_3bda1fc0c5_w.jpg","contentUrl":"http:\/\/live.staticflickr.com\/65535\/49055750663_3bda1fc0c5_w.jpg"},{"@type":"BreadcrumbList","@id":"https:\/\/www.noticiasradioreflejos.com.ar\/2021\/que-es-y-que-campo-de-accion-que-tiene-un-tecnico-electromecanico-expresa-esta-muestra-interactiva-luis-quintana\/#breadcrumb","itemListElement":[{"@type":"ListItem","position":1,"name":"Portada","item":"https:\/\/www.noticiasradioreflejos.com.ar\/2021\/"},{"@type":"ListItem","position":2,"name":"&quot;Qu\u00e9 es y qu\u00e9 campo de acci\u00f3n tiene un t\u00e9cnico electromec\u00e1nico, expresa esta muestra interactiva&quot; &#8211; Luis Quintana"}]},{"@type":"WebSite","@id":"https:\/\/www.noticiasradioreflejos.com.ar\/2021\/#website","url":"https:\/\/www.noticiasradioreflejos.com.ar\/2021\/","name":"Noticias Radio Reflejos","description":"Las noticias de mi comarca","potentialAction":[{"@type":"SearchAction","target":{"@type":"EntryPoint","urlTemplate":"https:\/\/www.noticiasradioreflejos.com.ar\/2021\/?s={search_term_string}"},"query-input":{"@type":"PropertyValueSpecification","valueRequired":true,"valueName":"search_term_string"}}],"inLanguage":"es"},{"@type":"Person","@id":"https:\/\/www.noticiasradioreflejos.com.ar\/2021\/#\/schema\/person\/ad82545263dcc5ec0996818884fd5fb1","name":"Arnaldo Botto","image":{"@type":"ImageObject","inLanguage":"es","@id":"https:\/\/www.noticiasradioreflejos.com.ar\/2021\/#\/schema\/person\/image\/","url":"https:\/\/secure.gravatar.com\/avatar\/55cb5e37c1efa326397366e6974cb338056df65cb50e7d64d1cf314e87504837?s=96&d=mm&r=g","contentUrl":"https:\/\/secure.gravatar.com\/avatar\/55cb5e37c1efa326397366e6974cb338056df65cb50e7d64d1cf314e87504837?s=96&d=mm&r=g","caption":"Arnaldo Botto"},"url":"https:\/\/www.noticiasradioreflejos.com.ar\/2021\/author\/arnaldo\/"}]}},"_links":{"self":[{"href":"https:\/\/www.noticiasradioreflejos.com.ar\/2021\/wp-json\/wp\/v2\/posts\/36349","targetHints":{"allow":["GET"]}}],"collection":[{"href":"https:\/\/www.noticiasradioreflejos.com.ar\/2021\/wp-json\/wp\/v2\/posts"}],"about":[{"href":"https:\/\/www.noticiasradioreflejos.com.ar\/2021\/wp-json\/wp\/v2\/types\/post"}],"author":[{"embeddable":true,"href":"https:\/\/www.noticiasradioreflejos.com.ar\/2021\/wp-json\/wp\/v2\/users\/3"}],"replies":[{"embeddable":true,"href":"https:\/\/www.noticiasradioreflejos.com.ar\/2021\/wp-json\/wp\/v2\/comments?post=36349"}],"version-history":[{"count":0,"href":"https:\/\/www.noticiasradioreflejos.com.ar\/2021\/wp-json\/wp\/v2\/posts\/36349\/revisions"}],"wp:attachment":[{"href":"https:\/\/www.noticiasradioreflejos.com.ar\/2021\/wp-json\/wp\/v2\/media?parent=36349"}],"wp:term":[{"taxonomy":"category","embeddable":true,"href":"https:\/\/www.noticiasradioreflejos.com.ar\/2021\/wp-json\/wp\/v2\/categories?post=36349"},{"taxonomy":"post_tag","embeddable":true,"href":"https:\/\/www.noticiasradioreflejos.com.ar\/2021\/wp-json\/wp\/v2\/tags?post=36349"}],"curies":[{"name":"wp","href":"https:\/\/api.w.org\/{rel}","templated":true}]}}