{"id":36286,"date":"2019-11-11T07:47:28","date_gmt":"2019-11-11T10:47:28","guid":{"rendered":"http:\/\/www.noticiasradioreflejos.com.ar\/noticias\/?p=36286"},"modified":"2019-11-11T07:47:28","modified_gmt":"2019-11-11T10:47:28","slug":"repudio-al-golpe-de-estado-en-bolivia","status":"publish","type":"post","link":"https:\/\/www.noticiasradioreflejos.com.ar\/2021\/repudio-al-golpe-de-estado-en-bolivia\/","title":{"rendered":"Repudio al Golpe de Estado en Bolivia."},"content":{"rendered":"<p><del datetime=\"2019-11-11T10:47:31+00:00\"><\/del>El Partido Intransigente repudia el golpe c\u00edvico militar realizado en  Bolivia contra el gobierno popular de Evo Morales y Alvaro Garc\u00eda Linera y hace un llamamiento al conjunto de fuerzas pol\u00edticas y sociales democr\u00e1ticas a resistir el avance del autoritarismo fascista neoliberal.<!--more-->Que quede claro: se trata de un golpe de estado olig\u00e1rquico encabezado por algunas organizaciones de terratenientes y parte de los sectores empresarios. Es fundamentalista porque se hace en nombre de un supuesto Dios \u00fanico avasallando el respeto a todas las creencias religiosas. Es racista porque se realiza contra los pueblos originarios. Es polic\u00edaco militar porque se han desacatado contra el Presidente constitucional. Por \u00faltimo, es medi\u00e1tico porque se ha tratado de desinformar permanentemente por parte de la comunicaci\u00f3n neoliberal dominante.<br \/>\nSin embargo, debe quedar marcado a fuego cu\u00e1les son las principales causas de los golpes y desestabilizaciones: contrariar una mejor distribuci\u00f3n del ingreso y una mayor autonom\u00eda nacional.<br \/>\nAnte cada intentona golpista, la historia lo muestra: desde los movimientos nacionales y populares se vuelven a concebir gobiernos capaces de avanzar en t\u00e9rminos de soberan\u00eda nacional y de justicia social. Volveremos a hacerlo tantas veces como sea necesario.<br \/>\nFinalmente, instamos la actuaci\u00f3n de los organismos internacionales para garantizar el esclarecimiento de los actos de violencia cometidos, el juicio para los responsables, y el restablecimiento del orden, la paz, la convivencia social y la democracia en Bolivia.<br \/>\nMESA NACIONAL<\/p>\n","protected":false},"excerpt":{"rendered":"<p>El Partido Intransigente repudia el golpe c\u00edvico militar realizado en Bolivia contra el gobierno popular de Evo Morales y Alvaro Garc\u00eda Linera y hace un llamamiento al conjunto de fuerzas pol\u00edticas y sociales democr\u00e1ticas a resistir el avance del autoritarismo fascista neoliberal.<\/p>\n","protected":false},"author":3,"featured_media":0,"comment_status":"closed","ping_status":"open","sticky":false,"template":"","format":"standard","meta":{"footnotes":""},"categories":[24],"tags":[],"class_list":["post-36286","post","type-post","status-publish","format-standard","hentry","category-politica"],"yoast_head":"<!-- This site is optimized with the Yoast SEO plugin v25.9 - https:\/\/yoast.com\/wordpress\/plugins\/seo\/ -->\n<title>Repudio al Golpe de Estado en Bolivia. - Noticias Radio Reflejos<\/title>\n<meta name=\"robots\" content=\"index, follow, max-snippet:-1, max-image-preview:large, max-video-preview:-1\" \/>\n<link rel=\"canonical\" href=\"https:\/\/www.noticiasradioreflejos.com.ar\/2021\/repudio-al-golpe-de-estado-en-bolivia\/\" \/>\n<meta property=\"og:locale\" content=\"es_ES\" \/>\n<meta property=\"og:type\" content=\"article\" \/>\n<meta property=\"og:title\" content=\"Repudio al Golpe de Estado en Bolivia. - Noticias Radio Reflejos\" \/>\n<meta property=\"og:description\" content=\"El Partido Intransigente repudia el golpe c\u00edvico militar realizado en Bolivia contra el gobierno popular de Evo Morales y Alvaro Garc\u00eda Linera y hace un llamamiento al conjunto de fuerzas pol\u00edticas y sociales democr\u00e1ticas a resistir el avance del autoritarismo fascista neoliberal.\" \/>\n<meta property=\"og:url\" content=\"https:\/\/www.noticiasradioreflejos.com.ar\/2021\/repudio-al-golpe-de-estado-en-bolivia\/\" \/>\n<meta property=\"og:site_name\" content=\"Noticias Radio Reflejos\" \/>\n<meta property=\"article:published_time\" content=\"2019-11-11T10:47:28+00:00\" \/>\n<meta property=\"og:image\" content=\"https:\/\/www.noticiasradioreflejos.com.ar\/2021\/wp-content\/uploads\/2021\/07\/logosol300x200.png\" \/>\n\t<meta property=\"og:image:width\" content=\"300\" \/>\n\t<meta property=\"og:image:height\" content=\"200\" \/>\n\t<meta property=\"og:image:type\" content=\"image\/png\" \/>\n<meta name=\"author\" content=\"Arnaldo Botto\" \/>\n<meta name=\"twitter:card\" content=\"summary_large_image\" \/>\n<script type=\"application\/ld+json\" class=\"yoast-schema-graph\">{\"@context\":\"https:\/\/schema.org\",\"@graph\":[{\"@type\":\"WebPage\",\"@id\":\"https:\/\/www.noticiasradioreflejos.com.ar\/2021\/repudio-al-golpe-de-estado-en-bolivia\/\",\"url\":\"https:\/\/www.noticiasradioreflejos.com.ar\/2021\/repudio-al-golpe-de-estado-en-bolivia\/\",\"name\":\"Repudio al Golpe de Estado en Bolivia. - Noticias Radio Reflejos\",\"isPartOf\":{\"@id\":\"https:\/\/www.noticiasradioreflejos.com.ar\/2021\/#website\"},\"datePublished\":\"2019-11-11T10:47:28+00:00\",\"author\":{\"@id\":\"https:\/\/www.noticiasradioreflejos.com.ar\/2021\/#\/schema\/person\/ad82545263dcc5ec0996818884fd5fb1\"},\"breadcrumb\":{\"@id\":\"https:\/\/www.noticiasradioreflejos.com.ar\/2021\/repudio-al-golpe-de-estado-en-bolivia\/#breadcrumb\"},\"inLanguage\":\"es\",\"potentialAction\":[{\"@type\":\"ReadAction\",\"target\":[\"https:\/\/www.noticiasradioreflejos.com.ar\/2021\/repudio-al-golpe-de-estado-en-bolivia\/\"]}]},{\"@type\":\"BreadcrumbList\",\"@id\":\"https:\/\/www.noticiasradioreflejos.com.ar\/2021\/repudio-al-golpe-de-estado-en-bolivia\/#breadcrumb\",\"itemListElement\":[{\"@type\":\"ListItem\",\"position\":1,\"name\":\"Portada\",\"item\":\"https:\/\/www.noticiasradioreflejos.com.ar\/2021\/\"},{\"@type\":\"ListItem\",\"position\":2,\"name\":\"Repudio al Golpe de Estado en Bolivia.\"}]},{\"@type\":\"WebSite\",\"@id\":\"https:\/\/www.noticiasradioreflejos.com.ar\/2021\/#website\",\"url\":\"https:\/\/www.noticiasradioreflejos.com.ar\/2021\/\",\"name\":\"Noticias Radio Reflejos\",\"description\":\"Las noticias de mi comarca\",\"potentialAction\":[{\"@type\":\"SearchAction\",\"target\":{\"@type\":\"EntryPoint\",\"urlTemplate\":\"https:\/\/www.noticiasradioreflejos.com.ar\/2021\/?s={search_term_string}\"},\"query-input\":{\"@type\":\"PropertyValueSpecification\",\"valueRequired\":true,\"valueName\":\"search_term_string\"}}],\"inLanguage\":\"es\"},{\"@type\":\"Person\",\"@id\":\"https:\/\/www.noticiasradioreflejos.com.ar\/2021\/#\/schema\/person\/ad82545263dcc5ec0996818884fd5fb1\",\"name\":\"Arnaldo Botto\",\"image\":{\"@type\":\"ImageObject\",\"inLanguage\":\"es\",\"@id\":\"https:\/\/www.noticiasradioreflejos.com.ar\/2021\/#\/schema\/person\/image\/\",\"url\":\"https:\/\/secure.gravatar.com\/avatar\/55cb5e37c1efa326397366e6974cb338056df65cb50e7d64d1cf314e87504837?s=96&d=mm&r=g\",\"contentUrl\":\"https:\/\/secure.gravatar.com\/avatar\/55cb5e37c1efa326397366e6974cb338056df65cb50e7d64d1cf314e87504837?s=96&d=mm&r=g\",\"caption\":\"Arnaldo Botto\"},\"url\":\"https:\/\/www.noticiasradioreflejos.com.ar\/2021\/author\/arnaldo\/\"}]}<\/script>\n<!-- \/ Yoast SEO plugin. -->","yoast_head_json":{"title":"Repudio al Golpe de Estado en Bolivia. - Noticias Radio Reflejos","robots":{"index":"index","follow":"follow","max-snippet":"max-snippet:-1","max-image-preview":"max-image-preview:large","max-video-preview":"max-video-preview:-1"},"canonical":"https:\/\/www.noticiasradioreflejos.com.ar\/2021\/repudio-al-golpe-de-estado-en-bolivia\/","og_locale":"es_ES","og_type":"article","og_title":"Repudio al Golpe de Estado en Bolivia. - Noticias Radio Reflejos","og_description":"El Partido Intransigente repudia el golpe c\u00edvico militar realizado en Bolivia contra el gobierno popular de Evo Morales y Alvaro Garc\u00eda Linera y hace un llamamiento al conjunto de fuerzas pol\u00edticas y sociales democr\u00e1ticas a resistir el avance del autoritarismo fascista neoliberal.","og_url":"https:\/\/www.noticiasradioreflejos.com.ar\/2021\/repudio-al-golpe-de-estado-en-bolivia\/","og_site_name":"Noticias Radio Reflejos","article_published_time":"2019-11-11T10:47:28+00:00","og_image":[{"width":300,"height":200,"url":"https:\/\/www.noticiasradioreflejos.com.ar\/2021\/wp-content\/uploads\/2021\/07\/logosol300x200.png","type":"image\/png"}],"author":"Arnaldo Botto","twitter_card":"summary_large_image","schema":{"@context":"https:\/\/schema.org","@graph":[{"@type":"WebPage","@id":"https:\/\/www.noticiasradioreflejos.com.ar\/2021\/repudio-al-golpe-de-estado-en-bolivia\/","url":"https:\/\/www.noticiasradioreflejos.com.ar\/2021\/repudio-al-golpe-de-estado-en-bolivia\/","name":"Repudio al Golpe de Estado en Bolivia. - Noticias Radio Reflejos","isPartOf":{"@id":"https:\/\/www.noticiasradioreflejos.com.ar\/2021\/#website"},"datePublished":"2019-11-11T10:47:28+00:00","author":{"@id":"https:\/\/www.noticiasradioreflejos.com.ar\/2021\/#\/schema\/person\/ad82545263dcc5ec0996818884fd5fb1"},"breadcrumb":{"@id":"https:\/\/www.noticiasradioreflejos.com.ar\/2021\/repudio-al-golpe-de-estado-en-bolivia\/#breadcrumb"},"inLanguage":"es","potentialAction":[{"@type":"ReadAction","target":["https:\/\/www.noticiasradioreflejos.com.ar\/2021\/repudio-al-golpe-de-estado-en-bolivia\/"]}]},{"@type":"BreadcrumbList","@id":"https:\/\/www.noticiasradioreflejos.com.ar\/2021\/repudio-al-golpe-de-estado-en-bolivia\/#breadcrumb","itemListElement":[{"@type":"ListItem","position":1,"name":"Portada","item":"https:\/\/www.noticiasradioreflejos.com.ar\/2021\/"},{"@type":"ListItem","position":2,"name":"Repudio al Golpe de Estado en Bolivia."}]},{"@type":"WebSite","@id":"https:\/\/www.noticiasradioreflejos.com.ar\/2021\/#website","url":"https:\/\/www.noticiasradioreflejos.com.ar\/2021\/","name":"Noticias Radio Reflejos","description":"Las noticias de mi comarca","potentialAction":[{"@type":"SearchAction","target":{"@type":"EntryPoint","urlTemplate":"https:\/\/www.noticiasradioreflejos.com.ar\/2021\/?s={search_term_string}"},"query-input":{"@type":"PropertyValueSpecification","valueRequired":true,"valueName":"search_term_string"}}],"inLanguage":"es"},{"@type":"Person","@id":"https:\/\/www.noticiasradioreflejos.com.ar\/2021\/#\/schema\/person\/ad82545263dcc5ec0996818884fd5fb1","name":"Arnaldo Botto","image":{"@type":"ImageObject","inLanguage":"es","@id":"https:\/\/www.noticiasradioreflejos.com.ar\/2021\/#\/schema\/person\/image\/","url":"https:\/\/secure.gravatar.com\/avatar\/55cb5e37c1efa326397366e6974cb338056df65cb50e7d64d1cf314e87504837?s=96&d=mm&r=g","contentUrl":"https:\/\/secure.gravatar.com\/avatar\/55cb5e37c1efa326397366e6974cb338056df65cb50e7d64d1cf314e87504837?s=96&d=mm&r=g","caption":"Arnaldo Botto"},"url":"https:\/\/www.noticiasradioreflejos.com.ar\/2021\/author\/arnaldo\/"}]}},"_links":{"self":[{"href":"https:\/\/www.noticiasradioreflejos.com.ar\/2021\/wp-json\/wp\/v2\/posts\/36286","targetHints":{"allow":["GET"]}}],"collection":[{"href":"https:\/\/www.noticiasradioreflejos.com.ar\/2021\/wp-json\/wp\/v2\/posts"}],"about":[{"href":"https:\/\/www.noticiasradioreflejos.com.ar\/2021\/wp-json\/wp\/v2\/types\/post"}],"author":[{"embeddable":true,"href":"https:\/\/www.noticiasradioreflejos.com.ar\/2021\/wp-json\/wp\/v2\/users\/3"}],"replies":[{"embeddable":true,"href":"https:\/\/www.noticiasradioreflejos.com.ar\/2021\/wp-json\/wp\/v2\/comments?post=36286"}],"version-history":[{"count":0,"href":"https:\/\/www.noticiasradioreflejos.com.ar\/2021\/wp-json\/wp\/v2\/posts\/36286\/revisions"}],"wp:attachment":[{"href":"https:\/\/www.noticiasradioreflejos.com.ar\/2021\/wp-json\/wp\/v2\/media?parent=36286"}],"wp:term":[{"taxonomy":"category","embeddable":true,"href":"https:\/\/www.noticiasradioreflejos.com.ar\/2021\/wp-json\/wp\/v2\/categories?post=36286"},{"taxonomy":"post_tag","embeddable":true,"href":"https:\/\/www.noticiasradioreflejos.com.ar\/2021\/wp-json\/wp\/v2\/tags?post=36286"}],"curies":[{"name":"wp","href":"https:\/\/api.w.org\/{rel}","templated":true}]}}