{"id":36283,"date":"2019-11-09T21:07:10","date_gmt":"2019-11-10T00:07:10","guid":{"rendered":"http:\/\/www.noticiasradioreflejos.com.ar\/noticias\/?p=36283"},"modified":"2019-11-09T21:07:10","modified_gmt":"2019-11-10T00:07:10","slug":"un-nuevo-gran-premio-argentino-de-baquets-y-pasara-por-sierra-de-la-ventana","status":"publish","type":"post","link":"https:\/\/www.noticiasradioreflejos.com.ar\/2021\/un-nuevo-gran-premio-argentino-de-baquets-y-pasara-por-sierra-de-la-ventana\/","title":{"rendered":"Un nuevo Gran Premio Argentino de Baquets y pasar\u00e1 por Sierra de la Ventana"},"content":{"rendered":"<p>La 9\u00b0 edici\u00f3n del evento largar\u00e1 este domingo en la ciudad de Puerto Madryn y pasar\u00e1 por la comarca serrana el pr\u00f3ximo jueves.<!--more--><br \/>\nCon la organizaci\u00f3n conjunta de la Secretar\u00eda de Turismo de la Naci\u00f3n, Puma Energy y el Club Amigos de Autom\u00f3viles Antiguos (CadeAA), a partir del domingo se realizar\u00e1 el IX Gran Premio Argentino de Baquets \u2013 Edici\u00f3n Atl\u00e1ntica, un evento en el que los pioneros del automovilismo en el pa\u00eds vuelven a las pistas para entretener a participantes y espectadores.<br \/>\nLa carrera de regularidad, que comenzar\u00e1 el domingo y terminar\u00e1 el s\u00e1bado siguiente, consistir\u00e1 en un paseo en el que se premiar\u00e1 al piloto que llegue de un sitio a otro a una determinada velocidad y en un tiempo indicado con anterioridad.<br \/>\n<a href=\"http:\/\/live.staticflickr.com\/65535\/49039901608_44b17e3f52_s.jpg\" title=\"baquets 3\" rel=\"\"><img loading=\"lazy\" decoding=\"async\" src=\"http:\/\/live.staticflickr.com\/65535\/49039901608_44b17e3f52_c.jpg\" width=\"800\" height=\"450\" alt=\"baquets 3\" title=\"baquets 3\" class=\"aligncenter\"><\/a><br \/>\nA lo largo de la competencia, los autos recorrer\u00e1n siete localidades distribuidas en tres provincias: Chubut, R\u00edo Negro y Buenos Aires. El trayecto completo se dividir\u00e1 en seis etapas, se iniciar\u00e1 en Puerto Madryn y culminar\u00e1 en Mar del Plata.<br \/>\nAdem\u00e1s, en el marco de un itinerario previamente habilitado y seleccionado, los conductores tambi\u00e9n viajar\u00e1n por Las Grutas, Viedma, R\u00edo Colorado, Sierra de la Ventana y Necochea.<br \/>\nDe esta forma, los habitantes de estos lugares podr\u00e1n disfrutar de la camarader\u00eda y del particular andar de estos veh\u00edculos, que se abastecer\u00e1n de combustibles en la red de estaciones Puma.<br \/>\n<strong>Recorrido<br \/>\n<\/strong><br \/>\nS\u00e1bado 9: Recepci\u00f3n de tripulaciones en el hotel Rayaentral de Puerto Madryn. Se entregar\u00e1n kits, se realizar\u00e1n verificaciones t\u00e9cnicas y se expondr\u00e1n los autom\u00f3viles.<br \/>\nDomingo 10: Primera etapa. Puerto Madryn \u2013 Sierra Grande. Largada a las 7 desde Puerto Madryn. A mitad del recorrido se efectuar\u00e1 una parada t\u00e9cnica en Sierra Grande para reaprovisionamiento de los veh\u00edculos.<br \/>\nLunes 11: Segunda etapa. San Antonio Oeste \u2013 Viedma. Salida a las 10, llegada aproximadamente a las 15\/16.<br \/>\nMartes 12: Tercera etapa: Carmen de Patagones \u2013 R\u00edo Colorado. Largada a las 9, arribo a las 16.<br \/>\nMi\u00e9rcoles 13: D\u00eda de descanso y reparaciones. Concentraci\u00f3n de veh\u00edculos en La Adela.<br \/>\nJueves 14: Cuarta etapa: La Adela \u2013 Sierra de la Ventana. Largada desde la Estaci\u00f3n de Servicio Petropampa S.R.L. y llegada al Hotel Provincial de Sierra de la Ventana.<br \/>\nViernes 15: Quinta etapa: Sierra de la Ventana \u2013 Necochea. Salida desde el Hotel Provincial de Sierra de la Ventana y llegada a la Estaci\u00f3n de Servicio Combustibles Quequ\u00e9n S.A..<br \/>\nS\u00e1bado 16 de noviembre. Sexta etapa: Necochea \u2013 Mar del Plata. Largada a las 10, llegada final al Hotel Sasso, Mar del Plata, donde se dar\u00e1 la bienvenida a los autom\u00f3viles.<br \/>\nFuente La Nueva<\/p>\n","protected":false},"excerpt":{"rendered":"<p>La 9\u00b0 edici\u00f3n del evento largar\u00e1 este domingo en la ciudad de Puerto Madryn y pasar\u00e1 por la comarca serrana el pr\u00f3ximo jueves.<\/p>\n","protected":false},"author":3,"featured_media":0,"comment_status":"closed","ping_status":"open","sticky":false,"template":"","format":"standard","meta":{"footnotes":""},"categories":[33],"tags":[],"class_list":["post-36283","post","type-post","status-publish","format-standard","hentry","category-turismo"],"yoast_head":"<!-- This site is optimized with the Yoast SEO plugin v25.9 - https:\/\/yoast.com\/wordpress\/plugins\/seo\/ -->\n<title>Un nuevo Gran Premio Argentino de Baquets y pasar\u00e1 por Sierra de la Ventana - Noticias Radio Reflejos<\/title>\n<meta name=\"robots\" content=\"index, follow, max-snippet:-1, max-image-preview:large, max-video-preview:-1\" \/>\n<link rel=\"canonical\" href=\"https:\/\/www.noticiasradioreflejos.com.ar\/2021\/un-nuevo-gran-premio-argentino-de-baquets-y-pasara-por-sierra-de-la-ventana\/\" \/>\n<meta property=\"og:locale\" content=\"es_ES\" \/>\n<meta property=\"og:type\" content=\"article\" \/>\n<meta property=\"og:title\" content=\"Un nuevo Gran Premio Argentino de Baquets y pasar\u00e1 por Sierra de la Ventana - Noticias Radio Reflejos\" \/>\n<meta property=\"og:description\" content=\"La 9\u00b0 edici\u00f3n del evento largar\u00e1 este domingo en la ciudad de Puerto Madryn y pasar\u00e1 por la comarca serrana el pr\u00f3ximo jueves.\" \/>\n<meta property=\"og:url\" content=\"https:\/\/www.noticiasradioreflejos.com.ar\/2021\/un-nuevo-gran-premio-argentino-de-baquets-y-pasara-por-sierra-de-la-ventana\/\" \/>\n<meta property=\"og:site_name\" content=\"Noticias Radio Reflejos\" \/>\n<meta property=\"article:published_time\" content=\"2019-11-10T00:07:10+00:00\" \/>\n<meta property=\"og:image\" content=\"http:\/\/live.staticflickr.com\/65535\/49039901608_44b17e3f52_c.jpg\" \/>\n<meta name=\"author\" content=\"Arnaldo Botto\" \/>\n<meta name=\"twitter:card\" content=\"summary_large_image\" \/>\n<script type=\"application\/ld+json\" class=\"yoast-schema-graph\">{\"@context\":\"https:\/\/schema.org\",\"@graph\":[{\"@type\":\"WebPage\",\"@id\":\"https:\/\/www.noticiasradioreflejos.com.ar\/2021\/un-nuevo-gran-premio-argentino-de-baquets-y-pasara-por-sierra-de-la-ventana\/\",\"url\":\"https:\/\/www.noticiasradioreflejos.com.ar\/2021\/un-nuevo-gran-premio-argentino-de-baquets-y-pasara-por-sierra-de-la-ventana\/\",\"name\":\"Un nuevo Gran Premio Argentino de Baquets y pasar\u00e1 por Sierra de la Ventana - Noticias Radio Reflejos\",\"isPartOf\":{\"@id\":\"https:\/\/www.noticiasradioreflejos.com.ar\/2021\/#website\"},\"primaryImageOfPage\":{\"@id\":\"https:\/\/www.noticiasradioreflejos.com.ar\/2021\/un-nuevo-gran-premio-argentino-de-baquets-y-pasara-por-sierra-de-la-ventana\/#primaryimage\"},\"image\":{\"@id\":\"https:\/\/www.noticiasradioreflejos.com.ar\/2021\/un-nuevo-gran-premio-argentino-de-baquets-y-pasara-por-sierra-de-la-ventana\/#primaryimage\"},\"thumbnailUrl\":\"http:\/\/live.staticflickr.com\/65535\/49039901608_44b17e3f52_c.jpg\",\"datePublished\":\"2019-11-10T00:07:10+00:00\",\"author\":{\"@id\":\"https:\/\/www.noticiasradioreflejos.com.ar\/2021\/#\/schema\/person\/ad82545263dcc5ec0996818884fd5fb1\"},\"breadcrumb\":{\"@id\":\"https:\/\/www.noticiasradioreflejos.com.ar\/2021\/un-nuevo-gran-premio-argentino-de-baquets-y-pasara-por-sierra-de-la-ventana\/#breadcrumb\"},\"inLanguage\":\"es\",\"potentialAction\":[{\"@type\":\"ReadAction\",\"target\":[\"https:\/\/www.noticiasradioreflejos.com.ar\/2021\/un-nuevo-gran-premio-argentino-de-baquets-y-pasara-por-sierra-de-la-ventana\/\"]}]},{\"@type\":\"ImageObject\",\"inLanguage\":\"es\",\"@id\":\"https:\/\/www.noticiasradioreflejos.com.ar\/2021\/un-nuevo-gran-premio-argentino-de-baquets-y-pasara-por-sierra-de-la-ventana\/#primaryimage\",\"url\":\"http:\/\/live.staticflickr.com\/65535\/49039901608_44b17e3f52_c.jpg\",\"contentUrl\":\"http:\/\/live.staticflickr.com\/65535\/49039901608_44b17e3f52_c.jpg\"},{\"@type\":\"BreadcrumbList\",\"@id\":\"https:\/\/www.noticiasradioreflejos.com.ar\/2021\/un-nuevo-gran-premio-argentino-de-baquets-y-pasara-por-sierra-de-la-ventana\/#breadcrumb\",\"itemListElement\":[{\"@type\":\"ListItem\",\"position\":1,\"name\":\"Portada\",\"item\":\"https:\/\/www.noticiasradioreflejos.com.ar\/2021\/\"},{\"@type\":\"ListItem\",\"position\":2,\"name\":\"Un nuevo Gran Premio Argentino de Baquets y pasar\u00e1 por Sierra de la Ventana\"}]},{\"@type\":\"WebSite\",\"@id\":\"https:\/\/www.noticiasradioreflejos.com.ar\/2021\/#website\",\"url\":\"https:\/\/www.noticiasradioreflejos.com.ar\/2021\/\",\"name\":\"Noticias Radio Reflejos\",\"description\":\"Las noticias de mi comarca\",\"potentialAction\":[{\"@type\":\"SearchAction\",\"target\":{\"@type\":\"EntryPoint\",\"urlTemplate\":\"https:\/\/www.noticiasradioreflejos.com.ar\/2021\/?s={search_term_string}\"},\"query-input\":{\"@type\":\"PropertyValueSpecification\",\"valueRequired\":true,\"valueName\":\"search_term_string\"}}],\"inLanguage\":\"es\"},{\"@type\":\"Person\",\"@id\":\"https:\/\/www.noticiasradioreflejos.com.ar\/2021\/#\/schema\/person\/ad82545263dcc5ec0996818884fd5fb1\",\"name\":\"Arnaldo Botto\",\"image\":{\"@type\":\"ImageObject\",\"inLanguage\":\"es\",\"@id\":\"https:\/\/www.noticiasradioreflejos.com.ar\/2021\/#\/schema\/person\/image\/\",\"url\":\"https:\/\/secure.gravatar.com\/avatar\/55cb5e37c1efa326397366e6974cb338056df65cb50e7d64d1cf314e87504837?s=96&d=mm&r=g\",\"contentUrl\":\"https:\/\/secure.gravatar.com\/avatar\/55cb5e37c1efa326397366e6974cb338056df65cb50e7d64d1cf314e87504837?s=96&d=mm&r=g\",\"caption\":\"Arnaldo Botto\"},\"url\":\"https:\/\/www.noticiasradioreflejos.com.ar\/2021\/author\/arnaldo\/\"}]}<\/script>\n<!-- \/ Yoast SEO plugin. -->","yoast_head_json":{"title":"Un nuevo Gran Premio Argentino de Baquets y pasar\u00e1 por Sierra de la Ventana - Noticias Radio Reflejos","robots":{"index":"index","follow":"follow","max-snippet":"max-snippet:-1","max-image-preview":"max-image-preview:large","max-video-preview":"max-video-preview:-1"},"canonical":"https:\/\/www.noticiasradioreflejos.com.ar\/2021\/un-nuevo-gran-premio-argentino-de-baquets-y-pasara-por-sierra-de-la-ventana\/","og_locale":"es_ES","og_type":"article","og_title":"Un nuevo Gran Premio Argentino de Baquets y pasar\u00e1 por Sierra de la Ventana - Noticias Radio Reflejos","og_description":"La 9\u00b0 edici\u00f3n del evento largar\u00e1 este domingo en la ciudad de Puerto Madryn y pasar\u00e1 por la comarca serrana el pr\u00f3ximo jueves.","og_url":"https:\/\/www.noticiasradioreflejos.com.ar\/2021\/un-nuevo-gran-premio-argentino-de-baquets-y-pasara-por-sierra-de-la-ventana\/","og_site_name":"Noticias Radio Reflejos","article_published_time":"2019-11-10T00:07:10+00:00","og_image":[{"url":"http:\/\/live.staticflickr.com\/65535\/49039901608_44b17e3f52_c.jpg","type":"","width":"","height":""}],"author":"Arnaldo Botto","twitter_card":"summary_large_image","schema":{"@context":"https:\/\/schema.org","@graph":[{"@type":"WebPage","@id":"https:\/\/www.noticiasradioreflejos.com.ar\/2021\/un-nuevo-gran-premio-argentino-de-baquets-y-pasara-por-sierra-de-la-ventana\/","url":"https:\/\/www.noticiasradioreflejos.com.ar\/2021\/un-nuevo-gran-premio-argentino-de-baquets-y-pasara-por-sierra-de-la-ventana\/","name":"Un nuevo Gran Premio Argentino de Baquets y pasar\u00e1 por Sierra de la Ventana - Noticias Radio Reflejos","isPartOf":{"@id":"https:\/\/www.noticiasradioreflejos.com.ar\/2021\/#website"},"primaryImageOfPage":{"@id":"https:\/\/www.noticiasradioreflejos.com.ar\/2021\/un-nuevo-gran-premio-argentino-de-baquets-y-pasara-por-sierra-de-la-ventana\/#primaryimage"},"image":{"@id":"https:\/\/www.noticiasradioreflejos.com.ar\/2021\/un-nuevo-gran-premio-argentino-de-baquets-y-pasara-por-sierra-de-la-ventana\/#primaryimage"},"thumbnailUrl":"http:\/\/live.staticflickr.com\/65535\/49039901608_44b17e3f52_c.jpg","datePublished":"2019-11-10T00:07:10+00:00","author":{"@id":"https:\/\/www.noticiasradioreflejos.com.ar\/2021\/#\/schema\/person\/ad82545263dcc5ec0996818884fd5fb1"},"breadcrumb":{"@id":"https:\/\/www.noticiasradioreflejos.com.ar\/2021\/un-nuevo-gran-premio-argentino-de-baquets-y-pasara-por-sierra-de-la-ventana\/#breadcrumb"},"inLanguage":"es","potentialAction":[{"@type":"ReadAction","target":["https:\/\/www.noticiasradioreflejos.com.ar\/2021\/un-nuevo-gran-premio-argentino-de-baquets-y-pasara-por-sierra-de-la-ventana\/"]}]},{"@type":"ImageObject","inLanguage":"es","@id":"https:\/\/www.noticiasradioreflejos.com.ar\/2021\/un-nuevo-gran-premio-argentino-de-baquets-y-pasara-por-sierra-de-la-ventana\/#primaryimage","url":"http:\/\/live.staticflickr.com\/65535\/49039901608_44b17e3f52_c.jpg","contentUrl":"http:\/\/live.staticflickr.com\/65535\/49039901608_44b17e3f52_c.jpg"},{"@type":"BreadcrumbList","@id":"https:\/\/www.noticiasradioreflejos.com.ar\/2021\/un-nuevo-gran-premio-argentino-de-baquets-y-pasara-por-sierra-de-la-ventana\/#breadcrumb","itemListElement":[{"@type":"ListItem","position":1,"name":"Portada","item":"https:\/\/www.noticiasradioreflejos.com.ar\/2021\/"},{"@type":"ListItem","position":2,"name":"Un nuevo Gran Premio Argentino de Baquets y pasar\u00e1 por Sierra de la Ventana"}]},{"@type":"WebSite","@id":"https:\/\/www.noticiasradioreflejos.com.ar\/2021\/#website","url":"https:\/\/www.noticiasradioreflejos.com.ar\/2021\/","name":"Noticias Radio Reflejos","description":"Las noticias de mi comarca","potentialAction":[{"@type":"SearchAction","target":{"@type":"EntryPoint","urlTemplate":"https:\/\/www.noticiasradioreflejos.com.ar\/2021\/?s={search_term_string}"},"query-input":{"@type":"PropertyValueSpecification","valueRequired":true,"valueName":"search_term_string"}}],"inLanguage":"es"},{"@type":"Person","@id":"https:\/\/www.noticiasradioreflejos.com.ar\/2021\/#\/schema\/person\/ad82545263dcc5ec0996818884fd5fb1","name":"Arnaldo Botto","image":{"@type":"ImageObject","inLanguage":"es","@id":"https:\/\/www.noticiasradioreflejos.com.ar\/2021\/#\/schema\/person\/image\/","url":"https:\/\/secure.gravatar.com\/avatar\/55cb5e37c1efa326397366e6974cb338056df65cb50e7d64d1cf314e87504837?s=96&d=mm&r=g","contentUrl":"https:\/\/secure.gravatar.com\/avatar\/55cb5e37c1efa326397366e6974cb338056df65cb50e7d64d1cf314e87504837?s=96&d=mm&r=g","caption":"Arnaldo Botto"},"url":"https:\/\/www.noticiasradioreflejos.com.ar\/2021\/author\/arnaldo\/"}]}},"_links":{"self":[{"href":"https:\/\/www.noticiasradioreflejos.com.ar\/2021\/wp-json\/wp\/v2\/posts\/36283","targetHints":{"allow":["GET"]}}],"collection":[{"href":"https:\/\/www.noticiasradioreflejos.com.ar\/2021\/wp-json\/wp\/v2\/posts"}],"about":[{"href":"https:\/\/www.noticiasradioreflejos.com.ar\/2021\/wp-json\/wp\/v2\/types\/post"}],"author":[{"embeddable":true,"href":"https:\/\/www.noticiasradioreflejos.com.ar\/2021\/wp-json\/wp\/v2\/users\/3"}],"replies":[{"embeddable":true,"href":"https:\/\/www.noticiasradioreflejos.com.ar\/2021\/wp-json\/wp\/v2\/comments?post=36283"}],"version-history":[{"count":0,"href":"https:\/\/www.noticiasradioreflejos.com.ar\/2021\/wp-json\/wp\/v2\/posts\/36283\/revisions"}],"wp:attachment":[{"href":"https:\/\/www.noticiasradioreflejos.com.ar\/2021\/wp-json\/wp\/v2\/media?parent=36283"}],"wp:term":[{"taxonomy":"category","embeddable":true,"href":"https:\/\/www.noticiasradioreflejos.com.ar\/2021\/wp-json\/wp\/v2\/categories?post=36283"},{"taxonomy":"post_tag","embeddable":true,"href":"https:\/\/www.noticiasradioreflejos.com.ar\/2021\/wp-json\/wp\/v2\/tags?post=36283"}],"curies":[{"name":"wp","href":"https:\/\/api.w.org\/{rel}","templated":true}]}}