{"id":36278,"date":"2019-11-09T20:08:10","date_gmt":"2019-11-09T23:08:10","guid":{"rendered":"http:\/\/www.noticiasradioreflejos.com.ar\/noticias\/?p=36278"},"modified":"2019-11-09T20:08:10","modified_gmt":"2019-11-09T23:08:10","slug":"trabajadores-de-casinos-provinciales-iniciaron-un-paro-de-actividades","status":"publish","type":"post","link":"https:\/\/www.noticiasradioreflejos.com.ar\/2021\/trabajadores-de-casinos-provinciales-iniciaron-un-paro-de-actividades\/","title":{"rendered":"Trabajadores de casinos provinciales iniciaron un paro de actividades"},"content":{"rendered":"<p>Desde la medianoche de este s\u00e1bado dispusieron una medida de fuerza en las salas de juego provinciales. Reclaman el \u00abdep\u00f3sito de conceptos adeudados\u00bb.<!--more--> La Asociaci\u00f3n de Empleados de Casinos Nacionales (AECN) inici\u00f3 este s\u00e1bado a la medianoche un paro de actividades en los casinos de la Provincia a partir de un conflicto existente con el Instituto Provincial de Loter\u00edas y Casinos al que le reclaman el \u201cdep\u00f3sito de conceptos adeudados\u201d a los trabajadores.  \u201cNo vamos a ser los que paguemos las cuentas en rojo de la Provincia\u201d, advirtieron.<br \/>\nSeg\u00fan informaron desde el gremio AECN la medida de fuerza fue dispuesta desde las 0 del s\u00e1bado en formato de \u201cparo total de actividades en todos los casinos de la Provincia hasta tanto se haga efectivo el dep\u00f3sito de los conceptos adeudados\u201d. Concretamente, apuntan contra la \u201cfalta de dep\u00f3sito en la caja de Empleados y Productividad\u201d.<br \/>\nDe acuerdo a lo explicado a trav\u00e9s de un comunicado, desde el gremio se\u00f1alaron que este viernes hab\u00edan mantenido en La Plata una reuni\u00f3n con distintos funcionarios del Instituto Provincial de Loter\u00edas y Casinos tambi\u00e9n en el marco de diferentes reclamos que hacen al sector como pases a planta permanente, la reapertura de paritarias, la contrataci\u00f3n de personal en los casinos anexos de la temporada de verano y el aumento del coeficiente de desarraigo.<br \/>\n\u201cSab\u00edamos que frenar el cierre de nuestros casinos no iba a ser gratis. Los empleados de casinos hicimos nuestro trabajo, somos nosotros la fuerza productiva y no vamos a ser los que paguemos las cuentas en rojo de la Provincia\u201d, plantearon.<\/p>\n","protected":false},"excerpt":{"rendered":"<p>Desde la medianoche de este s\u00e1bado dispusieron una medida de fuerza en las salas de juego provinciales. Reclaman el \u00abdep\u00f3sito de conceptos adeudados\u00bb.<\/p>\n","protected":false},"author":3,"featured_media":35869,"comment_status":"closed","ping_status":"open","sticky":false,"template":"","format":"standard","meta":{"footnotes":""},"categories":[26],"tags":[],"class_list":["post-36278","post","type-post","status-publish","format-standard","has-post-thumbnail","hentry","category-sociedad"],"yoast_head":"<!-- This site is optimized with the Yoast SEO plugin v25.9 - https:\/\/yoast.com\/wordpress\/plugins\/seo\/ -->\n<title>Trabajadores de casinos provinciales iniciaron un paro de actividades - Noticias Radio Reflejos<\/title>\n<meta name=\"robots\" content=\"index, follow, max-snippet:-1, max-image-preview:large, max-video-preview:-1\" \/>\n<link rel=\"canonical\" href=\"https:\/\/www.noticiasradioreflejos.com.ar\/2021\/trabajadores-de-casinos-provinciales-iniciaron-un-paro-de-actividades\/\" \/>\n<meta property=\"og:locale\" content=\"es_ES\" \/>\n<meta property=\"og:type\" content=\"article\" \/>\n<meta property=\"og:title\" content=\"Trabajadores de casinos provinciales iniciaron un paro de actividades - Noticias Radio Reflejos\" \/>\n<meta property=\"og:description\" content=\"Desde la medianoche de este s\u00e1bado dispusieron una medida de fuerza en las salas de juego provinciales. Reclaman el \u00abdep\u00f3sito de conceptos adeudados\u00bb.\" \/>\n<meta property=\"og:url\" content=\"https:\/\/www.noticiasradioreflejos.com.ar\/2021\/trabajadores-de-casinos-provinciales-iniciaron-un-paro-de-actividades\/\" \/>\n<meta property=\"og:site_name\" content=\"Noticias Radio Reflejos\" \/>\n<meta property=\"article:published_time\" content=\"2019-11-09T23:08:10+00:00\" \/>\n<meta property=\"og:image\" content=\"https:\/\/www.noticiasradioreflejos.com.ar\/2021\/wp-content\/uploads\/2019\/10\/Casino-SV-scaled.jpg\" \/>\n\t<meta property=\"og:image:width\" content=\"2560\" \/>\n\t<meta property=\"og:image:height\" content=\"1440\" \/>\n\t<meta property=\"og:image:type\" content=\"image\/jpeg\" \/>\n<meta name=\"author\" content=\"Arnaldo Botto\" \/>\n<meta name=\"twitter:card\" content=\"summary_large_image\" \/>\n<script type=\"application\/ld+json\" class=\"yoast-schema-graph\">{\"@context\":\"https:\/\/schema.org\",\"@graph\":[{\"@type\":\"WebPage\",\"@id\":\"https:\/\/www.noticiasradioreflejos.com.ar\/2021\/trabajadores-de-casinos-provinciales-iniciaron-un-paro-de-actividades\/\",\"url\":\"https:\/\/www.noticiasradioreflejos.com.ar\/2021\/trabajadores-de-casinos-provinciales-iniciaron-un-paro-de-actividades\/\",\"name\":\"Trabajadores de casinos provinciales iniciaron un paro de actividades - Noticias Radio Reflejos\",\"isPartOf\":{\"@id\":\"https:\/\/www.noticiasradioreflejos.com.ar\/2021\/#website\"},\"primaryImageOfPage\":{\"@id\":\"https:\/\/www.noticiasradioreflejos.com.ar\/2021\/trabajadores-de-casinos-provinciales-iniciaron-un-paro-de-actividades\/#primaryimage\"},\"image\":{\"@id\":\"https:\/\/www.noticiasradioreflejos.com.ar\/2021\/trabajadores-de-casinos-provinciales-iniciaron-un-paro-de-actividades\/#primaryimage\"},\"thumbnailUrl\":\"https:\/\/www.noticiasradioreflejos.com.ar\/2021\/wp-content\/uploads\/2019\/10\/Casino-SV-scaled.jpg\",\"datePublished\":\"2019-11-09T23:08:10+00:00\",\"author\":{\"@id\":\"https:\/\/www.noticiasradioreflejos.com.ar\/2021\/#\/schema\/person\/ad82545263dcc5ec0996818884fd5fb1\"},\"breadcrumb\":{\"@id\":\"https:\/\/www.noticiasradioreflejos.com.ar\/2021\/trabajadores-de-casinos-provinciales-iniciaron-un-paro-de-actividades\/#breadcrumb\"},\"inLanguage\":\"es\",\"potentialAction\":[{\"@type\":\"ReadAction\",\"target\":[\"https:\/\/www.noticiasradioreflejos.com.ar\/2021\/trabajadores-de-casinos-provinciales-iniciaron-un-paro-de-actividades\/\"]}]},{\"@type\":\"ImageObject\",\"inLanguage\":\"es\",\"@id\":\"https:\/\/www.noticiasradioreflejos.com.ar\/2021\/trabajadores-de-casinos-provinciales-iniciaron-un-paro-de-actividades\/#primaryimage\",\"url\":\"https:\/\/www.noticiasradioreflejos.com.ar\/2021\/wp-content\/uploads\/2019\/10\/Casino-SV-scaled.jpg\",\"contentUrl\":\"https:\/\/www.noticiasradioreflejos.com.ar\/2021\/wp-content\/uploads\/2019\/10\/Casino-SV-scaled.jpg\",\"width\":2560,\"height\":1440},{\"@type\":\"BreadcrumbList\",\"@id\":\"https:\/\/www.noticiasradioreflejos.com.ar\/2021\/trabajadores-de-casinos-provinciales-iniciaron-un-paro-de-actividades\/#breadcrumb\",\"itemListElement\":[{\"@type\":\"ListItem\",\"position\":1,\"name\":\"Portada\",\"item\":\"https:\/\/www.noticiasradioreflejos.com.ar\/2021\/\"},{\"@type\":\"ListItem\",\"position\":2,\"name\":\"Trabajadores de casinos provinciales iniciaron un paro de actividades\"}]},{\"@type\":\"WebSite\",\"@id\":\"https:\/\/www.noticiasradioreflejos.com.ar\/2021\/#website\",\"url\":\"https:\/\/www.noticiasradioreflejos.com.ar\/2021\/\",\"name\":\"Noticias Radio Reflejos\",\"description\":\"Las noticias de mi comarca\",\"potentialAction\":[{\"@type\":\"SearchAction\",\"target\":{\"@type\":\"EntryPoint\",\"urlTemplate\":\"https:\/\/www.noticiasradioreflejos.com.ar\/2021\/?s={search_term_string}\"},\"query-input\":{\"@type\":\"PropertyValueSpecification\",\"valueRequired\":true,\"valueName\":\"search_term_string\"}}],\"inLanguage\":\"es\"},{\"@type\":\"Person\",\"@id\":\"https:\/\/www.noticiasradioreflejos.com.ar\/2021\/#\/schema\/person\/ad82545263dcc5ec0996818884fd5fb1\",\"name\":\"Arnaldo Botto\",\"image\":{\"@type\":\"ImageObject\",\"inLanguage\":\"es\",\"@id\":\"https:\/\/www.noticiasradioreflejos.com.ar\/2021\/#\/schema\/person\/image\/\",\"url\":\"https:\/\/secure.gravatar.com\/avatar\/55cb5e37c1efa326397366e6974cb338056df65cb50e7d64d1cf314e87504837?s=96&d=mm&r=g\",\"contentUrl\":\"https:\/\/secure.gravatar.com\/avatar\/55cb5e37c1efa326397366e6974cb338056df65cb50e7d64d1cf314e87504837?s=96&d=mm&r=g\",\"caption\":\"Arnaldo Botto\"},\"url\":\"https:\/\/www.noticiasradioreflejos.com.ar\/2021\/author\/arnaldo\/\"}]}<\/script>\n<!-- \/ Yoast SEO plugin. -->","yoast_head_json":{"title":"Trabajadores de casinos provinciales iniciaron un paro de actividades - Noticias Radio Reflejos","robots":{"index":"index","follow":"follow","max-snippet":"max-snippet:-1","max-image-preview":"max-image-preview:large","max-video-preview":"max-video-preview:-1"},"canonical":"https:\/\/www.noticiasradioreflejos.com.ar\/2021\/trabajadores-de-casinos-provinciales-iniciaron-un-paro-de-actividades\/","og_locale":"es_ES","og_type":"article","og_title":"Trabajadores de casinos provinciales iniciaron un paro de actividades - Noticias Radio Reflejos","og_description":"Desde la medianoche de este s\u00e1bado dispusieron una medida de fuerza en las salas de juego provinciales. Reclaman el \u00abdep\u00f3sito de conceptos adeudados\u00bb.","og_url":"https:\/\/www.noticiasradioreflejos.com.ar\/2021\/trabajadores-de-casinos-provinciales-iniciaron-un-paro-de-actividades\/","og_site_name":"Noticias Radio Reflejos","article_published_time":"2019-11-09T23:08:10+00:00","og_image":[{"width":2560,"height":1440,"url":"https:\/\/www.noticiasradioreflejos.com.ar\/2021\/wp-content\/uploads\/2019\/10\/Casino-SV-scaled.jpg","type":"image\/jpeg"}],"author":"Arnaldo Botto","twitter_card":"summary_large_image","schema":{"@context":"https:\/\/schema.org","@graph":[{"@type":"WebPage","@id":"https:\/\/www.noticiasradioreflejos.com.ar\/2021\/trabajadores-de-casinos-provinciales-iniciaron-un-paro-de-actividades\/","url":"https:\/\/www.noticiasradioreflejos.com.ar\/2021\/trabajadores-de-casinos-provinciales-iniciaron-un-paro-de-actividades\/","name":"Trabajadores de casinos provinciales iniciaron un paro de actividades - Noticias Radio Reflejos","isPartOf":{"@id":"https:\/\/www.noticiasradioreflejos.com.ar\/2021\/#website"},"primaryImageOfPage":{"@id":"https:\/\/www.noticiasradioreflejos.com.ar\/2021\/trabajadores-de-casinos-provinciales-iniciaron-un-paro-de-actividades\/#primaryimage"},"image":{"@id":"https:\/\/www.noticiasradioreflejos.com.ar\/2021\/trabajadores-de-casinos-provinciales-iniciaron-un-paro-de-actividades\/#primaryimage"},"thumbnailUrl":"https:\/\/www.noticiasradioreflejos.com.ar\/2021\/wp-content\/uploads\/2019\/10\/Casino-SV-scaled.jpg","datePublished":"2019-11-09T23:08:10+00:00","author":{"@id":"https:\/\/www.noticiasradioreflejos.com.ar\/2021\/#\/schema\/person\/ad82545263dcc5ec0996818884fd5fb1"},"breadcrumb":{"@id":"https:\/\/www.noticiasradioreflejos.com.ar\/2021\/trabajadores-de-casinos-provinciales-iniciaron-un-paro-de-actividades\/#breadcrumb"},"inLanguage":"es","potentialAction":[{"@type":"ReadAction","target":["https:\/\/www.noticiasradioreflejos.com.ar\/2021\/trabajadores-de-casinos-provinciales-iniciaron-un-paro-de-actividades\/"]}]},{"@type":"ImageObject","inLanguage":"es","@id":"https:\/\/www.noticiasradioreflejos.com.ar\/2021\/trabajadores-de-casinos-provinciales-iniciaron-un-paro-de-actividades\/#primaryimage","url":"https:\/\/www.noticiasradioreflejos.com.ar\/2021\/wp-content\/uploads\/2019\/10\/Casino-SV-scaled.jpg","contentUrl":"https:\/\/www.noticiasradioreflejos.com.ar\/2021\/wp-content\/uploads\/2019\/10\/Casino-SV-scaled.jpg","width":2560,"height":1440},{"@type":"BreadcrumbList","@id":"https:\/\/www.noticiasradioreflejos.com.ar\/2021\/trabajadores-de-casinos-provinciales-iniciaron-un-paro-de-actividades\/#breadcrumb","itemListElement":[{"@type":"ListItem","position":1,"name":"Portada","item":"https:\/\/www.noticiasradioreflejos.com.ar\/2021\/"},{"@type":"ListItem","position":2,"name":"Trabajadores de casinos provinciales iniciaron un paro de actividades"}]},{"@type":"WebSite","@id":"https:\/\/www.noticiasradioreflejos.com.ar\/2021\/#website","url":"https:\/\/www.noticiasradioreflejos.com.ar\/2021\/","name":"Noticias Radio Reflejos","description":"Las noticias de mi comarca","potentialAction":[{"@type":"SearchAction","target":{"@type":"EntryPoint","urlTemplate":"https:\/\/www.noticiasradioreflejos.com.ar\/2021\/?s={search_term_string}"},"query-input":{"@type":"PropertyValueSpecification","valueRequired":true,"valueName":"search_term_string"}}],"inLanguage":"es"},{"@type":"Person","@id":"https:\/\/www.noticiasradioreflejos.com.ar\/2021\/#\/schema\/person\/ad82545263dcc5ec0996818884fd5fb1","name":"Arnaldo Botto","image":{"@type":"ImageObject","inLanguage":"es","@id":"https:\/\/www.noticiasradioreflejos.com.ar\/2021\/#\/schema\/person\/image\/","url":"https:\/\/secure.gravatar.com\/avatar\/55cb5e37c1efa326397366e6974cb338056df65cb50e7d64d1cf314e87504837?s=96&d=mm&r=g","contentUrl":"https:\/\/secure.gravatar.com\/avatar\/55cb5e37c1efa326397366e6974cb338056df65cb50e7d64d1cf314e87504837?s=96&d=mm&r=g","caption":"Arnaldo Botto"},"url":"https:\/\/www.noticiasradioreflejos.com.ar\/2021\/author\/arnaldo\/"}]}},"_links":{"self":[{"href":"https:\/\/www.noticiasradioreflejos.com.ar\/2021\/wp-json\/wp\/v2\/posts\/36278","targetHints":{"allow":["GET"]}}],"collection":[{"href":"https:\/\/www.noticiasradioreflejos.com.ar\/2021\/wp-json\/wp\/v2\/posts"}],"about":[{"href":"https:\/\/www.noticiasradioreflejos.com.ar\/2021\/wp-json\/wp\/v2\/types\/post"}],"author":[{"embeddable":true,"href":"https:\/\/www.noticiasradioreflejos.com.ar\/2021\/wp-json\/wp\/v2\/users\/3"}],"replies":[{"embeddable":true,"href":"https:\/\/www.noticiasradioreflejos.com.ar\/2021\/wp-json\/wp\/v2\/comments?post=36278"}],"version-history":[{"count":0,"href":"https:\/\/www.noticiasradioreflejos.com.ar\/2021\/wp-json\/wp\/v2\/posts\/36278\/revisions"}],"wp:featuredmedia":[{"embeddable":true,"href":"https:\/\/www.noticiasradioreflejos.com.ar\/2021\/wp-json\/wp\/v2\/media\/35869"}],"wp:attachment":[{"href":"https:\/\/www.noticiasradioreflejos.com.ar\/2021\/wp-json\/wp\/v2\/media?parent=36278"}],"wp:term":[{"taxonomy":"category","embeddable":true,"href":"https:\/\/www.noticiasradioreflejos.com.ar\/2021\/wp-json\/wp\/v2\/categories?post=36278"},{"taxonomy":"post_tag","embeddable":true,"href":"https:\/\/www.noticiasradioreflejos.com.ar\/2021\/wp-json\/wp\/v2\/tags?post=36278"}],"curies":[{"name":"wp","href":"https:\/\/api.w.org\/{rel}","templated":true}]}}