{"id":36271,"date":"2019-11-08T14:58:33","date_gmt":"2019-11-08T17:58:33","guid":{"rendered":"http:\/\/www.noticiasradioreflejos.com.ar\/noticias\/?p=36271"},"modified":"2019-11-08T14:58:33","modified_gmt":"2019-11-08T17:58:33","slug":"ratas-en-el-frigorifico-las-fotos-que-se-viralizaron-no-son-actuales-pablo-barrayazarra","status":"publish","type":"post","link":"https:\/\/www.noticiasradioreflejos.com.ar\/2021\/ratas-en-el-frigorifico-las-fotos-que-se-viralizaron-no-son-actuales-pablo-barrayazarra\/","title":{"rendered":"Ratas en el frigor\u00edfico: &quot;Las fotos que se viralizaron no son actuales&quot; &#8211; Pablo Barrayazarra"},"content":{"rendered":"<p>El Secretario General del gremio de la carne vincul\u00f3 el episodio a dos trabajadores que fueron echados por robar mercader\u00eda.<br \/>\nUna tanda de fotograf\u00edas que se viralizaron en los \u00faltimos d\u00edas y daban cuenta de la presencia de roedores en un frigor\u00edfico de Tornquist encendi\u00f3 el alerta en toda la regi\u00f3n, por el riesgo bromatol\u00f3gico que existe en cuanto a la mercader\u00eda que luego se vende al p\u00fablico.<!--more--><br \/>\nEl Secretario General del Sindicato de la Carne, Pablo Barrayazarra sostuvo en LA BR\u00daJULA 24: \u00abCreeriamos que las im\u00e1genes son viejas porque tuvimos el frigor\u00edfico suspendido por ese mismo tema. Hab\u00eda muchas irregularidades y se pidi\u00f3 el cierre temporario. Por tres semanas se hizo desratizaci\u00f3n y un control de las instalaciones el\u00e9ctricas. La empresa hizo todo lo que se deb\u00eda hacer\u00bb.<br \/>\n\u00abEstuvo all\u00ed Bromatolog\u00eda del municipio, no podr\u00eda asegurar que la imagen sea actual. El frigor\u00edfico es del municipio y lo tiene a concesi\u00f3n una empresa. El problema es que hay un basural a 200 metros. Hay otro tema vinculado al despido de dos obreros por robar mercader\u00eda. Uno de ellos est\u00e1 molesto y creo que pueden ser ellos, m\u00e1s all\u00e1 de que no puedo acusarlos\u00bb, expuso Barrayazarra, en su charla con el periodista Germ\u00e1n Sasso.<br \/>\nY resalt\u00f3: \u00abLos gremios est\u00e1n para defender los derechos del trabajador, pero no para avalar hurtos. Llevarse cosas de una empresa y est\u00e1 todo probado, lo lamento. Se llevaban menudencias y argumentaron que era para un comisario de Tornquist. Esta persona luego sali\u00f3 a desmentir\u00bb.<br \/>\n\u00abHay 10 o 12 trabajadores en el Frigor\u00edfico que, por la viralizaci\u00f3n de fotos que no son actuales, est\u00e1n muy preocupados. Lo que se hace all\u00ed es la faena de la carne. Es un rubro que est\u00e1 atravesando una situaci\u00f3n dif\u00edcil, por la baja del consumo y una actualizaci\u00f3n de los sueldos que no llega a empardar el \u00edndice de inflaci\u00f3n\u00bb, finaliz\u00f3 el dirigente gremial.<br \/>\n<strong>Escuchar :<\/strong> <\/strong><a href=\"https:\/\/ar.radiocut.fm\/audiocut\/pablo-barrayazarra-en-dialogo-con-brujula-24\/\" target=\"_blank\" rel=\"noopener\">Pablo Barrayazarra en di\u00e1logo con LA BR\u00daJULA 24<\/a><\/p>\n","protected":false},"excerpt":{"rendered":"<p>El Secretario General del gremio de la carne vincul\u00f3 el episodio a dos trabajadores que fueron echados por robar mercader\u00eda. Una tanda de fotograf\u00edas que se viralizaron en los \u00faltimos d\u00edas y daban cuenta de la presencia de roedores en un frigor\u00edfico de Tornquist encendi\u00f3 el alerta en toda la regi\u00f3n, por el riesgo bromatol\u00f3gico [&hellip;]<\/p>\n","protected":false},"author":3,"featured_media":0,"comment_status":"closed","ping_status":"open","sticky":false,"template":"","format":"standard","meta":{"footnotes":""},"categories":[30],"tags":[],"class_list":["post-36271","post","type-post","status-publish","format-standard","hentry","category-salud"],"yoast_head":"<!-- This site is optimized with the Yoast SEO plugin v25.9 - https:\/\/yoast.com\/wordpress\/plugins\/seo\/ -->\n<title>Ratas en el frigor\u00edfico: &quot;Las fotos que se viralizaron no son actuales&quot; - Pablo Barrayazarra - Noticias Radio Reflejos<\/title>\n<meta name=\"robots\" content=\"index, follow, max-snippet:-1, max-image-preview:large, max-video-preview:-1\" \/>\n<link rel=\"canonical\" href=\"https:\/\/www.noticiasradioreflejos.com.ar\/2021\/ratas-en-el-frigorifico-las-fotos-que-se-viralizaron-no-son-actuales-pablo-barrayazarra\/\" \/>\n<meta property=\"og:locale\" content=\"es_ES\" \/>\n<meta property=\"og:type\" content=\"article\" \/>\n<meta property=\"og:title\" content=\"Ratas en el frigor\u00edfico: &quot;Las fotos que se viralizaron no son actuales&quot; - Pablo Barrayazarra - Noticias Radio Reflejos\" \/>\n<meta property=\"og:description\" content=\"El Secretario General del gremio de la carne vincul\u00f3 el episodio a dos trabajadores que fueron echados por robar mercader\u00eda. Una tanda de fotograf\u00edas que se viralizaron en los \u00faltimos d\u00edas y daban cuenta de la presencia de roedores en un frigor\u00edfico de Tornquist encendi\u00f3 el alerta en toda la regi\u00f3n, por el riesgo bromatol\u00f3gico [&hellip;]\" \/>\n<meta property=\"og:url\" content=\"https:\/\/www.noticiasradioreflejos.com.ar\/2021\/ratas-en-el-frigorifico-las-fotos-que-se-viralizaron-no-son-actuales-pablo-barrayazarra\/\" \/>\n<meta property=\"og:site_name\" content=\"Noticias Radio Reflejos\" \/>\n<meta property=\"article:published_time\" content=\"2019-11-08T17:58:33+00:00\" \/>\n<meta property=\"og:image\" content=\"https:\/\/www.noticiasradioreflejos.com.ar\/2021\/wp-content\/uploads\/2021\/07\/logosol300x200.png\" \/>\n\t<meta property=\"og:image:width\" content=\"300\" \/>\n\t<meta property=\"og:image:height\" content=\"200\" \/>\n\t<meta property=\"og:image:type\" content=\"image\/png\" \/>\n<meta name=\"author\" content=\"Arnaldo Botto\" \/>\n<meta name=\"twitter:card\" content=\"summary_large_image\" \/>\n<script type=\"application\/ld+json\" class=\"yoast-schema-graph\">{\"@context\":\"https:\/\/schema.org\",\"@graph\":[{\"@type\":\"WebPage\",\"@id\":\"https:\/\/www.noticiasradioreflejos.com.ar\/2021\/ratas-en-el-frigorifico-las-fotos-que-se-viralizaron-no-son-actuales-pablo-barrayazarra\/\",\"url\":\"https:\/\/www.noticiasradioreflejos.com.ar\/2021\/ratas-en-el-frigorifico-las-fotos-que-se-viralizaron-no-son-actuales-pablo-barrayazarra\/\",\"name\":\"Ratas en el frigor\u00edfico: &quot;Las fotos que se viralizaron no son actuales&quot; - Pablo Barrayazarra - Noticias Radio Reflejos\",\"isPartOf\":{\"@id\":\"https:\/\/www.noticiasradioreflejos.com.ar\/2021\/#website\"},\"datePublished\":\"2019-11-08T17:58:33+00:00\",\"author\":{\"@id\":\"https:\/\/www.noticiasradioreflejos.com.ar\/2021\/#\/schema\/person\/ad82545263dcc5ec0996818884fd5fb1\"},\"breadcrumb\":{\"@id\":\"https:\/\/www.noticiasradioreflejos.com.ar\/2021\/ratas-en-el-frigorifico-las-fotos-que-se-viralizaron-no-son-actuales-pablo-barrayazarra\/#breadcrumb\"},\"inLanguage\":\"es\",\"potentialAction\":[{\"@type\":\"ReadAction\",\"target\":[\"https:\/\/www.noticiasradioreflejos.com.ar\/2021\/ratas-en-el-frigorifico-las-fotos-que-se-viralizaron-no-son-actuales-pablo-barrayazarra\/\"]}]},{\"@type\":\"BreadcrumbList\",\"@id\":\"https:\/\/www.noticiasradioreflejos.com.ar\/2021\/ratas-en-el-frigorifico-las-fotos-que-se-viralizaron-no-son-actuales-pablo-barrayazarra\/#breadcrumb\",\"itemListElement\":[{\"@type\":\"ListItem\",\"position\":1,\"name\":\"Portada\",\"item\":\"https:\/\/www.noticiasradioreflejos.com.ar\/2021\/\"},{\"@type\":\"ListItem\",\"position\":2,\"name\":\"Ratas en el frigor\u00edfico: &quot;Las fotos que se viralizaron no son actuales&quot; &#8211; Pablo Barrayazarra\"}]},{\"@type\":\"WebSite\",\"@id\":\"https:\/\/www.noticiasradioreflejos.com.ar\/2021\/#website\",\"url\":\"https:\/\/www.noticiasradioreflejos.com.ar\/2021\/\",\"name\":\"Noticias Radio Reflejos\",\"description\":\"Las noticias de mi comarca\",\"potentialAction\":[{\"@type\":\"SearchAction\",\"target\":{\"@type\":\"EntryPoint\",\"urlTemplate\":\"https:\/\/www.noticiasradioreflejos.com.ar\/2021\/?s={search_term_string}\"},\"query-input\":{\"@type\":\"PropertyValueSpecification\",\"valueRequired\":true,\"valueName\":\"search_term_string\"}}],\"inLanguage\":\"es\"},{\"@type\":\"Person\",\"@id\":\"https:\/\/www.noticiasradioreflejos.com.ar\/2021\/#\/schema\/person\/ad82545263dcc5ec0996818884fd5fb1\",\"name\":\"Arnaldo Botto\",\"image\":{\"@type\":\"ImageObject\",\"inLanguage\":\"es\",\"@id\":\"https:\/\/www.noticiasradioreflejos.com.ar\/2021\/#\/schema\/person\/image\/\",\"url\":\"https:\/\/secure.gravatar.com\/avatar\/55cb5e37c1efa326397366e6974cb338056df65cb50e7d64d1cf314e87504837?s=96&d=mm&r=g\",\"contentUrl\":\"https:\/\/secure.gravatar.com\/avatar\/55cb5e37c1efa326397366e6974cb338056df65cb50e7d64d1cf314e87504837?s=96&d=mm&r=g\",\"caption\":\"Arnaldo Botto\"},\"url\":\"https:\/\/www.noticiasradioreflejos.com.ar\/2021\/author\/arnaldo\/\"}]}<\/script>\n<!-- \/ Yoast SEO plugin. -->","yoast_head_json":{"title":"Ratas en el frigor\u00edfico: &quot;Las fotos que se viralizaron no son actuales&quot; - Pablo Barrayazarra - Noticias Radio Reflejos","robots":{"index":"index","follow":"follow","max-snippet":"max-snippet:-1","max-image-preview":"max-image-preview:large","max-video-preview":"max-video-preview:-1"},"canonical":"https:\/\/www.noticiasradioreflejos.com.ar\/2021\/ratas-en-el-frigorifico-las-fotos-que-se-viralizaron-no-son-actuales-pablo-barrayazarra\/","og_locale":"es_ES","og_type":"article","og_title":"Ratas en el frigor\u00edfico: &quot;Las fotos que se viralizaron no son actuales&quot; - Pablo Barrayazarra - Noticias Radio Reflejos","og_description":"El Secretario General del gremio de la carne vincul\u00f3 el episodio a dos trabajadores que fueron echados por robar mercader\u00eda. Una tanda de fotograf\u00edas que se viralizaron en los \u00faltimos d\u00edas y daban cuenta de la presencia de roedores en un frigor\u00edfico de Tornquist encendi\u00f3 el alerta en toda la regi\u00f3n, por el riesgo bromatol\u00f3gico [&hellip;]","og_url":"https:\/\/www.noticiasradioreflejos.com.ar\/2021\/ratas-en-el-frigorifico-las-fotos-que-se-viralizaron-no-son-actuales-pablo-barrayazarra\/","og_site_name":"Noticias Radio Reflejos","article_published_time":"2019-11-08T17:58:33+00:00","og_image":[{"width":300,"height":200,"url":"https:\/\/www.noticiasradioreflejos.com.ar\/2021\/wp-content\/uploads\/2021\/07\/logosol300x200.png","type":"image\/png"}],"author":"Arnaldo Botto","twitter_card":"summary_large_image","schema":{"@context":"https:\/\/schema.org","@graph":[{"@type":"WebPage","@id":"https:\/\/www.noticiasradioreflejos.com.ar\/2021\/ratas-en-el-frigorifico-las-fotos-que-se-viralizaron-no-son-actuales-pablo-barrayazarra\/","url":"https:\/\/www.noticiasradioreflejos.com.ar\/2021\/ratas-en-el-frigorifico-las-fotos-que-se-viralizaron-no-son-actuales-pablo-barrayazarra\/","name":"Ratas en el frigor\u00edfico: &quot;Las fotos que se viralizaron no son actuales&quot; - Pablo Barrayazarra - Noticias Radio Reflejos","isPartOf":{"@id":"https:\/\/www.noticiasradioreflejos.com.ar\/2021\/#website"},"datePublished":"2019-11-08T17:58:33+00:00","author":{"@id":"https:\/\/www.noticiasradioreflejos.com.ar\/2021\/#\/schema\/person\/ad82545263dcc5ec0996818884fd5fb1"},"breadcrumb":{"@id":"https:\/\/www.noticiasradioreflejos.com.ar\/2021\/ratas-en-el-frigorifico-las-fotos-que-se-viralizaron-no-son-actuales-pablo-barrayazarra\/#breadcrumb"},"inLanguage":"es","potentialAction":[{"@type":"ReadAction","target":["https:\/\/www.noticiasradioreflejos.com.ar\/2021\/ratas-en-el-frigorifico-las-fotos-que-se-viralizaron-no-son-actuales-pablo-barrayazarra\/"]}]},{"@type":"BreadcrumbList","@id":"https:\/\/www.noticiasradioreflejos.com.ar\/2021\/ratas-en-el-frigorifico-las-fotos-que-se-viralizaron-no-son-actuales-pablo-barrayazarra\/#breadcrumb","itemListElement":[{"@type":"ListItem","position":1,"name":"Portada","item":"https:\/\/www.noticiasradioreflejos.com.ar\/2021\/"},{"@type":"ListItem","position":2,"name":"Ratas en el frigor\u00edfico: &quot;Las fotos que se viralizaron no son actuales&quot; &#8211; Pablo Barrayazarra"}]},{"@type":"WebSite","@id":"https:\/\/www.noticiasradioreflejos.com.ar\/2021\/#website","url":"https:\/\/www.noticiasradioreflejos.com.ar\/2021\/","name":"Noticias Radio Reflejos","description":"Las noticias de mi comarca","potentialAction":[{"@type":"SearchAction","target":{"@type":"EntryPoint","urlTemplate":"https:\/\/www.noticiasradioreflejos.com.ar\/2021\/?s={search_term_string}"},"query-input":{"@type":"PropertyValueSpecification","valueRequired":true,"valueName":"search_term_string"}}],"inLanguage":"es"},{"@type":"Person","@id":"https:\/\/www.noticiasradioreflejos.com.ar\/2021\/#\/schema\/person\/ad82545263dcc5ec0996818884fd5fb1","name":"Arnaldo Botto","image":{"@type":"ImageObject","inLanguage":"es","@id":"https:\/\/www.noticiasradioreflejos.com.ar\/2021\/#\/schema\/person\/image\/","url":"https:\/\/secure.gravatar.com\/avatar\/55cb5e37c1efa326397366e6974cb338056df65cb50e7d64d1cf314e87504837?s=96&d=mm&r=g","contentUrl":"https:\/\/secure.gravatar.com\/avatar\/55cb5e37c1efa326397366e6974cb338056df65cb50e7d64d1cf314e87504837?s=96&d=mm&r=g","caption":"Arnaldo Botto"},"url":"https:\/\/www.noticiasradioreflejos.com.ar\/2021\/author\/arnaldo\/"}]}},"_links":{"self":[{"href":"https:\/\/www.noticiasradioreflejos.com.ar\/2021\/wp-json\/wp\/v2\/posts\/36271","targetHints":{"allow":["GET"]}}],"collection":[{"href":"https:\/\/www.noticiasradioreflejos.com.ar\/2021\/wp-json\/wp\/v2\/posts"}],"about":[{"href":"https:\/\/www.noticiasradioreflejos.com.ar\/2021\/wp-json\/wp\/v2\/types\/post"}],"author":[{"embeddable":true,"href":"https:\/\/www.noticiasradioreflejos.com.ar\/2021\/wp-json\/wp\/v2\/users\/3"}],"replies":[{"embeddable":true,"href":"https:\/\/www.noticiasradioreflejos.com.ar\/2021\/wp-json\/wp\/v2\/comments?post=36271"}],"version-history":[{"count":0,"href":"https:\/\/www.noticiasradioreflejos.com.ar\/2021\/wp-json\/wp\/v2\/posts\/36271\/revisions"}],"wp:attachment":[{"href":"https:\/\/www.noticiasradioreflejos.com.ar\/2021\/wp-json\/wp\/v2\/media?parent=36271"}],"wp:term":[{"taxonomy":"category","embeddable":true,"href":"https:\/\/www.noticiasradioreflejos.com.ar\/2021\/wp-json\/wp\/v2\/categories?post=36271"},{"taxonomy":"post_tag","embeddable":true,"href":"https:\/\/www.noticiasradioreflejos.com.ar\/2021\/wp-json\/wp\/v2\/tags?post=36271"}],"curies":[{"name":"wp","href":"https:\/\/api.w.org\/{rel}","templated":true}]}}