{"id":36176,"date":"2019-11-06T07:55:29","date_gmt":"2019-11-06T10:55:29","guid":{"rendered":"http:\/\/www.noticiasradioreflejos.com.ar\/noticias\/?p=36176"},"modified":"2019-11-06T07:55:29","modified_gmt":"2019-11-06T10:55:29","slug":"accidente-fatal-en-la-ruta-33","status":"publish","type":"post","link":"https:\/\/www.noticiasradioreflejos.com.ar\/2021\/accidente-fatal-en-la-ruta-33\/","title":{"rendered":"Accidente fatal en la ruta 33"},"content":{"rendered":"<p><a title=\"110_8751_2c44b4ab-1e50-4b79-b8db-c8f174c5e3d0_1573036882.jpg_1032\" href=\"http:\/\/live.staticflickr.com\/65535\/49023516412_afb1b3ac6d_s.jpg\" rel=\"\"><img loading=\"lazy\" decoding=\"async\" class=\"alignleft\" style=\"float: left;\" title=\"110_8751_2c44b4ab-1e50-4b79-b8db-c8f174c5e3d0_1573036882.jpg_1032\" src=\"http:\/\/live.staticflickr.com\/65535\/49023516412_afb1b3ac6d.jpg\" alt=\"110_8751_2c44b4ab-1e50-4b79-b8db-c8f174c5e3d0_1573036882.jpg_1032\" width=\"500\" height=\"281\" \/><\/a>Ocurri\u00f3 en la madrugada de este mi\u00e9rcoles en el kil\u00f3metro 75. Un auto y un cami\u00f3n protagonizaron el mismo.<!--more--><br \/>\nA las dos de la ma\u00f1ana, la sirena del cuartel de bomberos de Tornquist alert\u00f3 a los servidores que conjuntamente con personal policial y ambulancias concurrieron al kil\u00f3metro 75 de la ruta nacional 33 en jurisdicci\u00f3n de Saavedra y en cercan\u00edas del acceso a ruta 76.<!--more--><br \/>\nUn choque fatal se produjo en ese lugar, con el deceso del m\u00e9dico de Saavedra Carlos Alberto Rostand que guiaba una VW suran(AD 589 GE) impactando contra un cami\u00f3n scania 112 (UOZ 372) con acoplado(AGQ 092) al mando de Osvaldo Hernan Duche domiciliado en Salliquelo.<br \/>\nSeg\u00fan informaron fuentes confiables a nuestro medio el veh\u00edculo se dirig\u00eda sentido a Bah\u00eda Blanca y el cami\u00f3n lo hac\u00eda con destino a su localidad.<br \/>\nTrabajaron durante la madrugada ya que permaneci\u00f3 la ruta cortada luego del accidente.<br \/>\n<a href=\"http:\/\/live.staticflickr.com\/65535\/49022791458_1cdcae487e_s.jpg\" title=\"110_1095_ac38850d-6965-4b7a-b1f4-9722ac529257_1573036883.jpg_1032\" rel=\"\"><img loading=\"lazy\" decoding=\"async\" src=\"http:\/\/live.staticflickr.com\/65535\/49022791458_1cdcae487e_z.jpg\" width=\"640\" height=\"360\" alt=\"110_1095_ac38850d-6965-4b7a-b1f4-9722ac529257_1573036883.jpg_1032\" title=\"110_1095_ac38850d-6965-4b7a-b1f4-9722ac529257_1573036883.jpg_1032\" class=\"aligncenter\"><\/a><a href=\"http:\/\/live.staticflickr.com\/65535\/49023516322_2cb92729bd_s.jpg\" title=\"110_b291_f9b9fc47-2d94-42ff-8f65-aa9b2cd6f621_1573036885.jpg_581\" rel=\"\"><img loading=\"lazy\" decoding=\"async\" src=\"http:\/\/live.staticflickr.com\/65535\/49023516322_2cb92729bd_z.jpg\" width=\"360\" height=\"640\" alt=\"110_b291_f9b9fc47-2d94-42ff-8f65-aa9b2cd6f621_1573036885.jpg_581\" title=\"110_b291_f9b9fc47-2d94-42ff-8f65-aa9b2cd6f621_1573036885.jpg_581\" class=\"aligncenter\"><\/a><\/p>\n","protected":false},"excerpt":{"rendered":"<p>Ocurri\u00f3 en la madrugada de este mi\u00e9rcoles en el kil\u00f3metro 75. Un auto y un cami\u00f3n protagonizaron el mismo.<\/p>\n","protected":false},"author":3,"featured_media":0,"comment_status":"closed","ping_status":"open","sticky":false,"template":"","format":"standard","meta":{"footnotes":""},"categories":[29],"tags":[],"class_list":["post-36176","post","type-post","status-publish","format-standard","hentry","category-policiales"],"yoast_head":"<!-- This site is optimized with the Yoast SEO plugin v25.9 - https:\/\/yoast.com\/wordpress\/plugins\/seo\/ -->\n<title>Accidente fatal en la ruta 33 - Noticias Radio Reflejos<\/title>\n<meta name=\"robots\" content=\"index, follow, max-snippet:-1, max-image-preview:large, max-video-preview:-1\" \/>\n<link rel=\"canonical\" href=\"https:\/\/www.noticiasradioreflejos.com.ar\/2021\/accidente-fatal-en-la-ruta-33\/\" \/>\n<meta property=\"og:locale\" content=\"es_ES\" \/>\n<meta property=\"og:type\" content=\"article\" \/>\n<meta property=\"og:title\" content=\"Accidente fatal en la ruta 33 - Noticias Radio Reflejos\" \/>\n<meta property=\"og:description\" content=\"Ocurri\u00f3 en la madrugada de este mi\u00e9rcoles en el kil\u00f3metro 75. Un auto y un cami\u00f3n protagonizaron el mismo.\" \/>\n<meta property=\"og:url\" content=\"https:\/\/www.noticiasradioreflejos.com.ar\/2021\/accidente-fatal-en-la-ruta-33\/\" \/>\n<meta property=\"og:site_name\" content=\"Noticias Radio Reflejos\" \/>\n<meta property=\"article:published_time\" content=\"2019-11-06T10:55:29+00:00\" \/>\n<meta property=\"og:image\" content=\"http:\/\/live.staticflickr.com\/65535\/49023516412_afb1b3ac6d.jpg\" \/>\n<meta name=\"author\" content=\"Arnaldo Botto\" \/>\n<meta name=\"twitter:card\" content=\"summary_large_image\" \/>\n<script type=\"application\/ld+json\" class=\"yoast-schema-graph\">{\"@context\":\"https:\/\/schema.org\",\"@graph\":[{\"@type\":\"WebPage\",\"@id\":\"https:\/\/www.noticiasradioreflejos.com.ar\/2021\/accidente-fatal-en-la-ruta-33\/\",\"url\":\"https:\/\/www.noticiasradioreflejos.com.ar\/2021\/accidente-fatal-en-la-ruta-33\/\",\"name\":\"Accidente fatal en la ruta 33 - Noticias Radio Reflejos\",\"isPartOf\":{\"@id\":\"https:\/\/www.noticiasradioreflejos.com.ar\/2021\/#website\"},\"primaryImageOfPage\":{\"@id\":\"https:\/\/www.noticiasradioreflejos.com.ar\/2021\/accidente-fatal-en-la-ruta-33\/#primaryimage\"},\"image\":{\"@id\":\"https:\/\/www.noticiasradioreflejos.com.ar\/2021\/accidente-fatal-en-la-ruta-33\/#primaryimage\"},\"thumbnailUrl\":\"http:\/\/live.staticflickr.com\/65535\/49023516412_afb1b3ac6d.jpg\",\"datePublished\":\"2019-11-06T10:55:29+00:00\",\"author\":{\"@id\":\"https:\/\/www.noticiasradioreflejos.com.ar\/2021\/#\/schema\/person\/ad82545263dcc5ec0996818884fd5fb1\"},\"breadcrumb\":{\"@id\":\"https:\/\/www.noticiasradioreflejos.com.ar\/2021\/accidente-fatal-en-la-ruta-33\/#breadcrumb\"},\"inLanguage\":\"es\",\"potentialAction\":[{\"@type\":\"ReadAction\",\"target\":[\"https:\/\/www.noticiasradioreflejos.com.ar\/2021\/accidente-fatal-en-la-ruta-33\/\"]}]},{\"@type\":\"ImageObject\",\"inLanguage\":\"es\",\"@id\":\"https:\/\/www.noticiasradioreflejos.com.ar\/2021\/accidente-fatal-en-la-ruta-33\/#primaryimage\",\"url\":\"http:\/\/live.staticflickr.com\/65535\/49023516412_afb1b3ac6d.jpg\",\"contentUrl\":\"http:\/\/live.staticflickr.com\/65535\/49023516412_afb1b3ac6d.jpg\"},{\"@type\":\"BreadcrumbList\",\"@id\":\"https:\/\/www.noticiasradioreflejos.com.ar\/2021\/accidente-fatal-en-la-ruta-33\/#breadcrumb\",\"itemListElement\":[{\"@type\":\"ListItem\",\"position\":1,\"name\":\"Portada\",\"item\":\"https:\/\/www.noticiasradioreflejos.com.ar\/2021\/\"},{\"@type\":\"ListItem\",\"position\":2,\"name\":\"Accidente fatal en la ruta 33\"}]},{\"@type\":\"WebSite\",\"@id\":\"https:\/\/www.noticiasradioreflejos.com.ar\/2021\/#website\",\"url\":\"https:\/\/www.noticiasradioreflejos.com.ar\/2021\/\",\"name\":\"Noticias Radio Reflejos\",\"description\":\"Las noticias de mi comarca\",\"potentialAction\":[{\"@type\":\"SearchAction\",\"target\":{\"@type\":\"EntryPoint\",\"urlTemplate\":\"https:\/\/www.noticiasradioreflejos.com.ar\/2021\/?s={search_term_string}\"},\"query-input\":{\"@type\":\"PropertyValueSpecification\",\"valueRequired\":true,\"valueName\":\"search_term_string\"}}],\"inLanguage\":\"es\"},{\"@type\":\"Person\",\"@id\":\"https:\/\/www.noticiasradioreflejos.com.ar\/2021\/#\/schema\/person\/ad82545263dcc5ec0996818884fd5fb1\",\"name\":\"Arnaldo Botto\",\"image\":{\"@type\":\"ImageObject\",\"inLanguage\":\"es\",\"@id\":\"https:\/\/www.noticiasradioreflejos.com.ar\/2021\/#\/schema\/person\/image\/\",\"url\":\"https:\/\/secure.gravatar.com\/avatar\/55cb5e37c1efa326397366e6974cb338056df65cb50e7d64d1cf314e87504837?s=96&d=mm&r=g\",\"contentUrl\":\"https:\/\/secure.gravatar.com\/avatar\/55cb5e37c1efa326397366e6974cb338056df65cb50e7d64d1cf314e87504837?s=96&d=mm&r=g\",\"caption\":\"Arnaldo Botto\"},\"url\":\"https:\/\/www.noticiasradioreflejos.com.ar\/2021\/author\/arnaldo\/\"}]}<\/script>\n<!-- \/ Yoast SEO plugin. -->","yoast_head_json":{"title":"Accidente fatal en la ruta 33 - Noticias Radio Reflejos","robots":{"index":"index","follow":"follow","max-snippet":"max-snippet:-1","max-image-preview":"max-image-preview:large","max-video-preview":"max-video-preview:-1"},"canonical":"https:\/\/www.noticiasradioreflejos.com.ar\/2021\/accidente-fatal-en-la-ruta-33\/","og_locale":"es_ES","og_type":"article","og_title":"Accidente fatal en la ruta 33 - Noticias Radio Reflejos","og_description":"Ocurri\u00f3 en la madrugada de este mi\u00e9rcoles en el kil\u00f3metro 75. Un auto y un cami\u00f3n protagonizaron el mismo.","og_url":"https:\/\/www.noticiasradioreflejos.com.ar\/2021\/accidente-fatal-en-la-ruta-33\/","og_site_name":"Noticias Radio Reflejos","article_published_time":"2019-11-06T10:55:29+00:00","og_image":[{"url":"http:\/\/live.staticflickr.com\/65535\/49023516412_afb1b3ac6d.jpg","type":"","width":"","height":""}],"author":"Arnaldo Botto","twitter_card":"summary_large_image","schema":{"@context":"https:\/\/schema.org","@graph":[{"@type":"WebPage","@id":"https:\/\/www.noticiasradioreflejos.com.ar\/2021\/accidente-fatal-en-la-ruta-33\/","url":"https:\/\/www.noticiasradioreflejos.com.ar\/2021\/accidente-fatal-en-la-ruta-33\/","name":"Accidente fatal en la ruta 33 - Noticias Radio Reflejos","isPartOf":{"@id":"https:\/\/www.noticiasradioreflejos.com.ar\/2021\/#website"},"primaryImageOfPage":{"@id":"https:\/\/www.noticiasradioreflejos.com.ar\/2021\/accidente-fatal-en-la-ruta-33\/#primaryimage"},"image":{"@id":"https:\/\/www.noticiasradioreflejos.com.ar\/2021\/accidente-fatal-en-la-ruta-33\/#primaryimage"},"thumbnailUrl":"http:\/\/live.staticflickr.com\/65535\/49023516412_afb1b3ac6d.jpg","datePublished":"2019-11-06T10:55:29+00:00","author":{"@id":"https:\/\/www.noticiasradioreflejos.com.ar\/2021\/#\/schema\/person\/ad82545263dcc5ec0996818884fd5fb1"},"breadcrumb":{"@id":"https:\/\/www.noticiasradioreflejos.com.ar\/2021\/accidente-fatal-en-la-ruta-33\/#breadcrumb"},"inLanguage":"es","potentialAction":[{"@type":"ReadAction","target":["https:\/\/www.noticiasradioreflejos.com.ar\/2021\/accidente-fatal-en-la-ruta-33\/"]}]},{"@type":"ImageObject","inLanguage":"es","@id":"https:\/\/www.noticiasradioreflejos.com.ar\/2021\/accidente-fatal-en-la-ruta-33\/#primaryimage","url":"http:\/\/live.staticflickr.com\/65535\/49023516412_afb1b3ac6d.jpg","contentUrl":"http:\/\/live.staticflickr.com\/65535\/49023516412_afb1b3ac6d.jpg"},{"@type":"BreadcrumbList","@id":"https:\/\/www.noticiasradioreflejos.com.ar\/2021\/accidente-fatal-en-la-ruta-33\/#breadcrumb","itemListElement":[{"@type":"ListItem","position":1,"name":"Portada","item":"https:\/\/www.noticiasradioreflejos.com.ar\/2021\/"},{"@type":"ListItem","position":2,"name":"Accidente fatal en la ruta 33"}]},{"@type":"WebSite","@id":"https:\/\/www.noticiasradioreflejos.com.ar\/2021\/#website","url":"https:\/\/www.noticiasradioreflejos.com.ar\/2021\/","name":"Noticias Radio Reflejos","description":"Las noticias de mi comarca","potentialAction":[{"@type":"SearchAction","target":{"@type":"EntryPoint","urlTemplate":"https:\/\/www.noticiasradioreflejos.com.ar\/2021\/?s={search_term_string}"},"query-input":{"@type":"PropertyValueSpecification","valueRequired":true,"valueName":"search_term_string"}}],"inLanguage":"es"},{"@type":"Person","@id":"https:\/\/www.noticiasradioreflejos.com.ar\/2021\/#\/schema\/person\/ad82545263dcc5ec0996818884fd5fb1","name":"Arnaldo Botto","image":{"@type":"ImageObject","inLanguage":"es","@id":"https:\/\/www.noticiasradioreflejos.com.ar\/2021\/#\/schema\/person\/image\/","url":"https:\/\/secure.gravatar.com\/avatar\/55cb5e37c1efa326397366e6974cb338056df65cb50e7d64d1cf314e87504837?s=96&d=mm&r=g","contentUrl":"https:\/\/secure.gravatar.com\/avatar\/55cb5e37c1efa326397366e6974cb338056df65cb50e7d64d1cf314e87504837?s=96&d=mm&r=g","caption":"Arnaldo Botto"},"url":"https:\/\/www.noticiasradioreflejos.com.ar\/2021\/author\/arnaldo\/"}]}},"_links":{"self":[{"href":"https:\/\/www.noticiasradioreflejos.com.ar\/2021\/wp-json\/wp\/v2\/posts\/36176","targetHints":{"allow":["GET"]}}],"collection":[{"href":"https:\/\/www.noticiasradioreflejos.com.ar\/2021\/wp-json\/wp\/v2\/posts"}],"about":[{"href":"https:\/\/www.noticiasradioreflejos.com.ar\/2021\/wp-json\/wp\/v2\/types\/post"}],"author":[{"embeddable":true,"href":"https:\/\/www.noticiasradioreflejos.com.ar\/2021\/wp-json\/wp\/v2\/users\/3"}],"replies":[{"embeddable":true,"href":"https:\/\/www.noticiasradioreflejos.com.ar\/2021\/wp-json\/wp\/v2\/comments?post=36176"}],"version-history":[{"count":0,"href":"https:\/\/www.noticiasradioreflejos.com.ar\/2021\/wp-json\/wp\/v2\/posts\/36176\/revisions"}],"wp:attachment":[{"href":"https:\/\/www.noticiasradioreflejos.com.ar\/2021\/wp-json\/wp\/v2\/media?parent=36176"}],"wp:term":[{"taxonomy":"category","embeddable":true,"href":"https:\/\/www.noticiasradioreflejos.com.ar\/2021\/wp-json\/wp\/v2\/categories?post=36176"},{"taxonomy":"post_tag","embeddable":true,"href":"https:\/\/www.noticiasradioreflejos.com.ar\/2021\/wp-json\/wp\/v2\/tags?post=36176"}],"curies":[{"name":"wp","href":"https:\/\/api.w.org\/{rel}","templated":true}]}}