{"id":36171,"date":"2019-11-06T07:02:37","date_gmt":"2019-11-06T10:02:37","guid":{"rendered":"http:\/\/www.noticiasradioreflejos.com.ar\/noticias\/?p=36171"},"modified":"2019-11-06T07:02:37","modified_gmt":"2019-11-06T10:02:37","slug":"voleibol-el-sub-18-de-automoto-arranco-con-todo-en-la-copa-de-oro","status":"publish","type":"post","link":"https:\/\/www.noticiasradioreflejos.com.ar\/2021\/voleibol-el-sub-18-de-automoto-arranco-con-todo-en-la-copa-de-oro\/","title":{"rendered":"V\u00f3leibol: el Sub 18 de Automoto arranc\u00f3 con todo en la Copa de Oro"},"content":{"rendered":"<p>Despu\u00e9s de cumplir una excelente fase regular, en la cual obtuvo todas victorias y de manera holgada, el equipo Sub 18 femenino del Automoto Club Deportivo comenz\u00f3 de la mejor manera su incursi\u00f3n en la Copa de Oro del certamen que organiza la Asociaci\u00f3n Bahiense de V\u00f3leibol.<!--more--><br \/>\nEn cancha de Villa Mitre, donde se llev\u00f3 a cabo la jornada, las chicas sumaron otro triunfo, esta vez frente a La Garma, por 2 a 0. La victoria fue con parciales de 25 a 17 y 25 a 20, para demostrar que es uno de los principales protagonistas del torneo.<br \/>\n   El Rojo volver\u00e1 a presentarse el pr\u00f3ximo s\u00e1bado en cancha de Estudiantes, para disputar otros dos encuentros de la fase definitoria. Adem\u00e1s, se producir\u00e1 el debut del Sub 16 en la Copa de Oro de su categor\u00eda.<br \/>\n   Los dos mejores puntajes de esta instancia se medir\u00e1n en la final que determinar\u00e1 el t\u00edtulo de este segundo segmento de la temporada.<br \/>\nDepartamento de Prensa \u2013 Automoto Club Deportivo<br \/>\nwww.clubautomotopasion.com.ar<\/p>\n","protected":false},"excerpt":{"rendered":"<p>Despu\u00e9s de cumplir una excelente fase regular, en la cual obtuvo todas victorias y de manera holgada, el equipo Sub 18 femenino del Automoto Club Deportivo comenz\u00f3 de la mejor manera su incursi\u00f3n en la Copa de Oro del certamen que organiza la Asociaci\u00f3n Bahiense de V\u00f3leibol.<\/p>\n","protected":false},"author":3,"featured_media":0,"comment_status":"closed","ping_status":"open","sticky":false,"template":"","format":"standard","meta":{"footnotes":""},"categories":[27],"tags":[],"class_list":["post-36171","post","type-post","status-publish","format-standard","hentry","category-deportes"],"yoast_head":"<!-- This site is optimized with the Yoast SEO plugin v25.9 - https:\/\/yoast.com\/wordpress\/plugins\/seo\/ -->\n<title>V\u00f3leibol: el Sub 18 de Automoto arranc\u00f3 con todo en la Copa de Oro - Noticias Radio Reflejos<\/title>\n<meta name=\"robots\" content=\"index, follow, max-snippet:-1, max-image-preview:large, max-video-preview:-1\" \/>\n<link rel=\"canonical\" href=\"https:\/\/www.noticiasradioreflejos.com.ar\/2021\/voleibol-el-sub-18-de-automoto-arranco-con-todo-en-la-copa-de-oro\/\" \/>\n<meta property=\"og:locale\" content=\"es_ES\" \/>\n<meta property=\"og:type\" content=\"article\" \/>\n<meta property=\"og:title\" content=\"V\u00f3leibol: el Sub 18 de Automoto arranc\u00f3 con todo en la Copa de Oro - Noticias Radio Reflejos\" \/>\n<meta property=\"og:description\" content=\"Despu\u00e9s de cumplir una excelente fase regular, en la cual obtuvo todas victorias y de manera holgada, el equipo Sub 18 femenino del Automoto Club Deportivo comenz\u00f3 de la mejor manera su incursi\u00f3n en la Copa de Oro del certamen que organiza la Asociaci\u00f3n Bahiense de V\u00f3leibol.\" \/>\n<meta property=\"og:url\" content=\"https:\/\/www.noticiasradioreflejos.com.ar\/2021\/voleibol-el-sub-18-de-automoto-arranco-con-todo-en-la-copa-de-oro\/\" \/>\n<meta property=\"og:site_name\" content=\"Noticias Radio Reflejos\" \/>\n<meta property=\"article:published_time\" content=\"2019-11-06T10:02:37+00:00\" \/>\n<meta property=\"og:image\" content=\"https:\/\/www.noticiasradioreflejos.com.ar\/2021\/wp-content\/uploads\/2021\/07\/logosol300x200.png\" \/>\n\t<meta property=\"og:image:width\" content=\"300\" \/>\n\t<meta property=\"og:image:height\" content=\"200\" \/>\n\t<meta property=\"og:image:type\" content=\"image\/png\" \/>\n<meta name=\"author\" content=\"Arnaldo Botto\" \/>\n<meta name=\"twitter:card\" content=\"summary_large_image\" \/>\n<script type=\"application\/ld+json\" class=\"yoast-schema-graph\">{\"@context\":\"https:\/\/schema.org\",\"@graph\":[{\"@type\":\"WebPage\",\"@id\":\"https:\/\/www.noticiasradioreflejos.com.ar\/2021\/voleibol-el-sub-18-de-automoto-arranco-con-todo-en-la-copa-de-oro\/\",\"url\":\"https:\/\/www.noticiasradioreflejos.com.ar\/2021\/voleibol-el-sub-18-de-automoto-arranco-con-todo-en-la-copa-de-oro\/\",\"name\":\"V\u00f3leibol: el Sub 18 de Automoto arranc\u00f3 con todo en la Copa de Oro - Noticias Radio Reflejos\",\"isPartOf\":{\"@id\":\"https:\/\/www.noticiasradioreflejos.com.ar\/2021\/#website\"},\"datePublished\":\"2019-11-06T10:02:37+00:00\",\"author\":{\"@id\":\"https:\/\/www.noticiasradioreflejos.com.ar\/2021\/#\/schema\/person\/ad82545263dcc5ec0996818884fd5fb1\"},\"breadcrumb\":{\"@id\":\"https:\/\/www.noticiasradioreflejos.com.ar\/2021\/voleibol-el-sub-18-de-automoto-arranco-con-todo-en-la-copa-de-oro\/#breadcrumb\"},\"inLanguage\":\"es\",\"potentialAction\":[{\"@type\":\"ReadAction\",\"target\":[\"https:\/\/www.noticiasradioreflejos.com.ar\/2021\/voleibol-el-sub-18-de-automoto-arranco-con-todo-en-la-copa-de-oro\/\"]}]},{\"@type\":\"BreadcrumbList\",\"@id\":\"https:\/\/www.noticiasradioreflejos.com.ar\/2021\/voleibol-el-sub-18-de-automoto-arranco-con-todo-en-la-copa-de-oro\/#breadcrumb\",\"itemListElement\":[{\"@type\":\"ListItem\",\"position\":1,\"name\":\"Portada\",\"item\":\"https:\/\/www.noticiasradioreflejos.com.ar\/2021\/\"},{\"@type\":\"ListItem\",\"position\":2,\"name\":\"V\u00f3leibol: el Sub 18 de Automoto arranc\u00f3 con todo en la Copa de Oro\"}]},{\"@type\":\"WebSite\",\"@id\":\"https:\/\/www.noticiasradioreflejos.com.ar\/2021\/#website\",\"url\":\"https:\/\/www.noticiasradioreflejos.com.ar\/2021\/\",\"name\":\"Noticias Radio Reflejos\",\"description\":\"Las noticias de mi comarca\",\"potentialAction\":[{\"@type\":\"SearchAction\",\"target\":{\"@type\":\"EntryPoint\",\"urlTemplate\":\"https:\/\/www.noticiasradioreflejos.com.ar\/2021\/?s={search_term_string}\"},\"query-input\":{\"@type\":\"PropertyValueSpecification\",\"valueRequired\":true,\"valueName\":\"search_term_string\"}}],\"inLanguage\":\"es\"},{\"@type\":\"Person\",\"@id\":\"https:\/\/www.noticiasradioreflejos.com.ar\/2021\/#\/schema\/person\/ad82545263dcc5ec0996818884fd5fb1\",\"name\":\"Arnaldo Botto\",\"image\":{\"@type\":\"ImageObject\",\"inLanguage\":\"es\",\"@id\":\"https:\/\/www.noticiasradioreflejos.com.ar\/2021\/#\/schema\/person\/image\/\",\"url\":\"https:\/\/secure.gravatar.com\/avatar\/55cb5e37c1efa326397366e6974cb338056df65cb50e7d64d1cf314e87504837?s=96&d=mm&r=g\",\"contentUrl\":\"https:\/\/secure.gravatar.com\/avatar\/55cb5e37c1efa326397366e6974cb338056df65cb50e7d64d1cf314e87504837?s=96&d=mm&r=g\",\"caption\":\"Arnaldo Botto\"},\"url\":\"https:\/\/www.noticiasradioreflejos.com.ar\/2021\/author\/arnaldo\/\"}]}<\/script>\n<!-- \/ Yoast SEO plugin. -->","yoast_head_json":{"title":"V\u00f3leibol: el Sub 18 de Automoto arranc\u00f3 con todo en la Copa de Oro - Noticias Radio Reflejos","robots":{"index":"index","follow":"follow","max-snippet":"max-snippet:-1","max-image-preview":"max-image-preview:large","max-video-preview":"max-video-preview:-1"},"canonical":"https:\/\/www.noticiasradioreflejos.com.ar\/2021\/voleibol-el-sub-18-de-automoto-arranco-con-todo-en-la-copa-de-oro\/","og_locale":"es_ES","og_type":"article","og_title":"V\u00f3leibol: el Sub 18 de Automoto arranc\u00f3 con todo en la Copa de Oro - Noticias Radio Reflejos","og_description":"Despu\u00e9s de cumplir una excelente fase regular, en la cual obtuvo todas victorias y de manera holgada, el equipo Sub 18 femenino del Automoto Club Deportivo comenz\u00f3 de la mejor manera su incursi\u00f3n en la Copa de Oro del certamen que organiza la Asociaci\u00f3n Bahiense de V\u00f3leibol.","og_url":"https:\/\/www.noticiasradioreflejos.com.ar\/2021\/voleibol-el-sub-18-de-automoto-arranco-con-todo-en-la-copa-de-oro\/","og_site_name":"Noticias Radio Reflejos","article_published_time":"2019-11-06T10:02:37+00:00","og_image":[{"width":300,"height":200,"url":"https:\/\/www.noticiasradioreflejos.com.ar\/2021\/wp-content\/uploads\/2021\/07\/logosol300x200.png","type":"image\/png"}],"author":"Arnaldo Botto","twitter_card":"summary_large_image","schema":{"@context":"https:\/\/schema.org","@graph":[{"@type":"WebPage","@id":"https:\/\/www.noticiasradioreflejos.com.ar\/2021\/voleibol-el-sub-18-de-automoto-arranco-con-todo-en-la-copa-de-oro\/","url":"https:\/\/www.noticiasradioreflejos.com.ar\/2021\/voleibol-el-sub-18-de-automoto-arranco-con-todo-en-la-copa-de-oro\/","name":"V\u00f3leibol: el Sub 18 de Automoto arranc\u00f3 con todo en la Copa de Oro - Noticias Radio Reflejos","isPartOf":{"@id":"https:\/\/www.noticiasradioreflejos.com.ar\/2021\/#website"},"datePublished":"2019-11-06T10:02:37+00:00","author":{"@id":"https:\/\/www.noticiasradioreflejos.com.ar\/2021\/#\/schema\/person\/ad82545263dcc5ec0996818884fd5fb1"},"breadcrumb":{"@id":"https:\/\/www.noticiasradioreflejos.com.ar\/2021\/voleibol-el-sub-18-de-automoto-arranco-con-todo-en-la-copa-de-oro\/#breadcrumb"},"inLanguage":"es","potentialAction":[{"@type":"ReadAction","target":["https:\/\/www.noticiasradioreflejos.com.ar\/2021\/voleibol-el-sub-18-de-automoto-arranco-con-todo-en-la-copa-de-oro\/"]}]},{"@type":"BreadcrumbList","@id":"https:\/\/www.noticiasradioreflejos.com.ar\/2021\/voleibol-el-sub-18-de-automoto-arranco-con-todo-en-la-copa-de-oro\/#breadcrumb","itemListElement":[{"@type":"ListItem","position":1,"name":"Portada","item":"https:\/\/www.noticiasradioreflejos.com.ar\/2021\/"},{"@type":"ListItem","position":2,"name":"V\u00f3leibol: el Sub 18 de Automoto arranc\u00f3 con todo en la Copa de Oro"}]},{"@type":"WebSite","@id":"https:\/\/www.noticiasradioreflejos.com.ar\/2021\/#website","url":"https:\/\/www.noticiasradioreflejos.com.ar\/2021\/","name":"Noticias Radio Reflejos","description":"Las noticias de mi comarca","potentialAction":[{"@type":"SearchAction","target":{"@type":"EntryPoint","urlTemplate":"https:\/\/www.noticiasradioreflejos.com.ar\/2021\/?s={search_term_string}"},"query-input":{"@type":"PropertyValueSpecification","valueRequired":true,"valueName":"search_term_string"}}],"inLanguage":"es"},{"@type":"Person","@id":"https:\/\/www.noticiasradioreflejos.com.ar\/2021\/#\/schema\/person\/ad82545263dcc5ec0996818884fd5fb1","name":"Arnaldo Botto","image":{"@type":"ImageObject","inLanguage":"es","@id":"https:\/\/www.noticiasradioreflejos.com.ar\/2021\/#\/schema\/person\/image\/","url":"https:\/\/secure.gravatar.com\/avatar\/55cb5e37c1efa326397366e6974cb338056df65cb50e7d64d1cf314e87504837?s=96&d=mm&r=g","contentUrl":"https:\/\/secure.gravatar.com\/avatar\/55cb5e37c1efa326397366e6974cb338056df65cb50e7d64d1cf314e87504837?s=96&d=mm&r=g","caption":"Arnaldo Botto"},"url":"https:\/\/www.noticiasradioreflejos.com.ar\/2021\/author\/arnaldo\/"}]}},"_links":{"self":[{"href":"https:\/\/www.noticiasradioreflejos.com.ar\/2021\/wp-json\/wp\/v2\/posts\/36171","targetHints":{"allow":["GET"]}}],"collection":[{"href":"https:\/\/www.noticiasradioreflejos.com.ar\/2021\/wp-json\/wp\/v2\/posts"}],"about":[{"href":"https:\/\/www.noticiasradioreflejos.com.ar\/2021\/wp-json\/wp\/v2\/types\/post"}],"author":[{"embeddable":true,"href":"https:\/\/www.noticiasradioreflejos.com.ar\/2021\/wp-json\/wp\/v2\/users\/3"}],"replies":[{"embeddable":true,"href":"https:\/\/www.noticiasradioreflejos.com.ar\/2021\/wp-json\/wp\/v2\/comments?post=36171"}],"version-history":[{"count":0,"href":"https:\/\/www.noticiasradioreflejos.com.ar\/2021\/wp-json\/wp\/v2\/posts\/36171\/revisions"}],"wp:attachment":[{"href":"https:\/\/www.noticiasradioreflejos.com.ar\/2021\/wp-json\/wp\/v2\/media?parent=36171"}],"wp:term":[{"taxonomy":"category","embeddable":true,"href":"https:\/\/www.noticiasradioreflejos.com.ar\/2021\/wp-json\/wp\/v2\/categories?post=36171"},{"taxonomy":"post_tag","embeddable":true,"href":"https:\/\/www.noticiasradioreflejos.com.ar\/2021\/wp-json\/wp\/v2\/tags?post=36171"}],"curies":[{"name":"wp","href":"https:\/\/api.w.org\/{rel}","templated":true}]}}