{"id":36152,"date":"2019-11-05T11:48:03","date_gmt":"2019-11-05T14:48:03","guid":{"rendered":"http:\/\/www.noticiasradioreflejos.com.ar\/noticias\/?p=36152"},"modified":"2019-11-05T11:48:03","modified_gmt":"2019-11-05T14:48:03","slug":"una-semana-intensa-de-actividades-programo-el-consejo-municipal-de-las-mujeres","status":"publish","type":"post","link":"https:\/\/www.noticiasradioreflejos.com.ar\/2021\/una-semana-intensa-de-actividades-programo-el-consejo-municipal-de-las-mujeres\/","title":{"rendered":"Una semana intensa de actividades, program\u00f3 el Consejo Municipal de las Mujeres."},"content":{"rendered":"<p>Con la visita a nuestros estudios, durante el programa \u00abUn Mate y un Caf\u00e9\u00bb, integrantes del Consejo Municipal de las Mujeres nos describen todo lo que prepararon a partir de hoy, con la visita y presentaci\u00f3n de la activista travesti Alma Fernandez.<!--more--><br \/>\n\u00abVa a ser una semana intensa realmente con muchas actividades, a partir de hoy a la tarde, much\u00edsimas gracias por dejarnos difundir estas cuestiones\u00bb. nos dec\u00eda Silvia Zaballa que estuvo acompa\u00f1ada por Andrea Encina y Anita Misky.<br \/>\n\u00abTenemos actividades dentro de la feria del libro, tenemos actividades ma\u00f1ana en Villa Ventana, y el jueves en Tornquist. Yo tuve la posibilidad de conocer en el primer congreso de lenguaje inclusivo que se hizo en la universidad de La Plata, y que ademas estuvo auspiciado y organizado por la defensor\u00eda del pueblo, tuve la oportunidad de conocer a una escritora que ademas es activista travesti que se llama Alma Fernandez, realmente fue impactante su discurso, su oratoria, lo que nos cont\u00f3, su compromiso, en realidad ella es muy especial, muy impactante, asique cuando nos propusimos hacer determinada actividad para la feria del libro, y cuando nos contaron que la feria este a\u00f1o su lema, lo que moviliza la feria de este a\u00f1o es miradas, nos pareci\u00f3 que hubiera una mirada muy diversa, muy particular como es la mirada de Alma, la mirada de una travesti, en un distrito donde por ah\u00ed todas estas cuestiones no se hablan, no se tratan, no se muestran. En cualquier comunidad hay personas de este estilo, que yo no las vea no significa que no existan o que no est\u00e9n, y Alma por ah\u00ed pone en jaque estas cuestiones, y por eso nos pareci\u00f3 ya que se llamaba miradas que pudi\u00e9ramos aportar una mirada muy particular\u00bb.<br \/>\nEn el intercambio de expresiones, Tanto Anita como Andrea y Silvia afirman: \u00abNosotras como colectivo de mujeres que conformamos el Consejo municipal de las mujeres, creemos que nuestra lucha cuando hablamos de lucha de igualdad de derechos, de equidad, no tiene que ser particularizada, no es que uno solo lucha por los de uno y el resto que se jorobe, sino que realmente queremos que se visibilicen todos los derechos, que se luche por todos, y por eso  pensamos en esta posibilidad de que Alma nos acompa\u00f1e\u00bb.<br \/>\n\u00abHoy a las 17 horas, va a estar en el Centro Cultural de Sierra de la Ventana, tenemos que agradecer much\u00edsimo, porque esta posibilidad de que Alma comparta con nosotras tiene que ver gracias a la ayuda de varias instituciones, y personas, en principio la Cooperativa El\u00e9ctrica de Tornquist, que nos ayudo con un banner, en el caso de Coopersive que nos ayudo con los pasajes, Marisol Merquel que nos dio la posibilidad de darle los honorarios, despu\u00e9s a todas nosotras que vamos a darle la oportunidad de que tenga un lugar, pero tambi\u00e9n poder compartir nuestros almuerzos, nuestras cenas, nuestro cotidiano, y a la feria del libro especialmente, porque abrir la feria para que Alma pueda estar y pueda presentarse, realmente habla de una feria que es inclusiva, y que es diversa\u00bb, Se\u00f1al\u00f3 Silvia.<br \/>\n\u00abYo creo que se esta viviendo un tiempo particular, un tiempo diferente. Hoy a las 17 los esperamos, Alma va a realizar un conversatorio, vamos a poder compartir con todos los que quieran, vamos a charlar un poco de todo, y vamos a poder preguntarle de todo, Alma es una persona extremadamente abierta que no tiene ning\u00fan drama de que le pregunten sobre cualquier cosa, . Ma\u00f1ana a las 13 horas en la Plaza Salerno de Villa Ventana, tambi\u00e9n va a estar conversando con los que se quieran acercar mientras nosotras terminamos de pintar el banco rojo. El viernes en el marco de la Feria del Libro vamos a estar con Alma a las 18:30, donde va a hablar sobre travesticidios, femicidios, la posverdad de ser travesti, y antes nuestras compa\u00f1eras a las 16:30 van a hacer un taller de derechos sexuales y reproductivos, y vamos a tener un stand en la feria para todos los que quieran consultar, o que quieran empezar a participar\u00bb.<br \/>\nNOTA COMPLETA:<br \/>\n<iframe loading=\"lazy\" width=\"100%\" height=\"166\" scrolling=\"no\" frameborder=\"no\" allow=\"autoplay\" src=\"https:\/\/w.soundcloud.com\/player\/?url=https%3A\/\/api.soundcloud.com\/tracks\/708215839&#038;color=%23ff5500&#038;auto_play=false&#038;hide_related=false&#038;show_comments=true&#038;show_user=true&#038;show_reposts=false&#038;show_teaser=true\"><\/iframe><\/p>\n","protected":false},"excerpt":{"rendered":"<p>Con la visita a nuestros estudios, durante el programa \u00abUn Mate y un Caf\u00e9\u00bb, integrantes del Consejo Municipal de las Mujeres nos describen todo lo que prepararon a partir de hoy, con la visita y presentaci\u00f3n de la activista travesti Alma Fernandez.<\/p>\n","protected":false},"author":3,"featured_media":0,"comment_status":"closed","ping_status":"open","sticky":false,"template":"","format":"standard","meta":{"footnotes":""},"categories":[24],"tags":[],"class_list":["post-36152","post","type-post","status-publish","format-standard","hentry","category-politica"],"yoast_head":"<!-- This site is optimized with the Yoast SEO plugin v25.9 - https:\/\/yoast.com\/wordpress\/plugins\/seo\/ -->\n<title>Una semana intensa de actividades, program\u00f3 el Consejo Municipal de las Mujeres. - Noticias Radio Reflejos<\/title>\n<meta name=\"robots\" content=\"index, follow, max-snippet:-1, max-image-preview:large, max-video-preview:-1\" \/>\n<link rel=\"canonical\" href=\"https:\/\/www.noticiasradioreflejos.com.ar\/2021\/una-semana-intensa-de-actividades-programo-el-consejo-municipal-de-las-mujeres\/\" \/>\n<meta property=\"og:locale\" content=\"es_ES\" \/>\n<meta property=\"og:type\" content=\"article\" \/>\n<meta property=\"og:title\" content=\"Una semana intensa de actividades, program\u00f3 el Consejo Municipal de las Mujeres. - Noticias Radio Reflejos\" \/>\n<meta property=\"og:description\" content=\"Con la visita a nuestros estudios, durante el programa \u00abUn Mate y un Caf\u00e9\u00bb, integrantes del Consejo Municipal de las Mujeres nos describen todo lo que prepararon a partir de hoy, con la visita y presentaci\u00f3n de la activista travesti Alma Fernandez.\" \/>\n<meta property=\"og:url\" content=\"https:\/\/www.noticiasradioreflejos.com.ar\/2021\/una-semana-intensa-de-actividades-programo-el-consejo-municipal-de-las-mujeres\/\" \/>\n<meta property=\"og:site_name\" content=\"Noticias Radio Reflejos\" \/>\n<meta property=\"article:published_time\" content=\"2019-11-05T14:48:03+00:00\" \/>\n<meta property=\"og:image\" content=\"https:\/\/www.noticiasradioreflejos.com.ar\/2021\/wp-content\/uploads\/2021\/07\/logosol300x200.png\" \/>\n\t<meta property=\"og:image:width\" content=\"300\" \/>\n\t<meta property=\"og:image:height\" content=\"200\" \/>\n\t<meta property=\"og:image:type\" content=\"image\/png\" \/>\n<meta name=\"author\" content=\"Arnaldo Botto\" \/>\n<meta name=\"twitter:card\" content=\"summary_large_image\" \/>\n<script type=\"application\/ld+json\" class=\"yoast-schema-graph\">{\"@context\":\"https:\/\/schema.org\",\"@graph\":[{\"@type\":\"WebPage\",\"@id\":\"https:\/\/www.noticiasradioreflejos.com.ar\/2021\/una-semana-intensa-de-actividades-programo-el-consejo-municipal-de-las-mujeres\/\",\"url\":\"https:\/\/www.noticiasradioreflejos.com.ar\/2021\/una-semana-intensa-de-actividades-programo-el-consejo-municipal-de-las-mujeres\/\",\"name\":\"Una semana intensa de actividades, program\u00f3 el Consejo Municipal de las Mujeres. - Noticias Radio Reflejos\",\"isPartOf\":{\"@id\":\"https:\/\/www.noticiasradioreflejos.com.ar\/2021\/#website\"},\"datePublished\":\"2019-11-05T14:48:03+00:00\",\"author\":{\"@id\":\"https:\/\/www.noticiasradioreflejos.com.ar\/2021\/#\/schema\/person\/ad82545263dcc5ec0996818884fd5fb1\"},\"breadcrumb\":{\"@id\":\"https:\/\/www.noticiasradioreflejos.com.ar\/2021\/una-semana-intensa-de-actividades-programo-el-consejo-municipal-de-las-mujeres\/#breadcrumb\"},\"inLanguage\":\"es\",\"potentialAction\":[{\"@type\":\"ReadAction\",\"target\":[\"https:\/\/www.noticiasradioreflejos.com.ar\/2021\/una-semana-intensa-de-actividades-programo-el-consejo-municipal-de-las-mujeres\/\"]}]},{\"@type\":\"BreadcrumbList\",\"@id\":\"https:\/\/www.noticiasradioreflejos.com.ar\/2021\/una-semana-intensa-de-actividades-programo-el-consejo-municipal-de-las-mujeres\/#breadcrumb\",\"itemListElement\":[{\"@type\":\"ListItem\",\"position\":1,\"name\":\"Portada\",\"item\":\"https:\/\/www.noticiasradioreflejos.com.ar\/2021\/\"},{\"@type\":\"ListItem\",\"position\":2,\"name\":\"Una semana intensa de actividades, program\u00f3 el Consejo Municipal de las Mujeres.\"}]},{\"@type\":\"WebSite\",\"@id\":\"https:\/\/www.noticiasradioreflejos.com.ar\/2021\/#website\",\"url\":\"https:\/\/www.noticiasradioreflejos.com.ar\/2021\/\",\"name\":\"Noticias Radio Reflejos\",\"description\":\"Las noticias de mi comarca\",\"potentialAction\":[{\"@type\":\"SearchAction\",\"target\":{\"@type\":\"EntryPoint\",\"urlTemplate\":\"https:\/\/www.noticiasradioreflejos.com.ar\/2021\/?s={search_term_string}\"},\"query-input\":{\"@type\":\"PropertyValueSpecification\",\"valueRequired\":true,\"valueName\":\"search_term_string\"}}],\"inLanguage\":\"es\"},{\"@type\":\"Person\",\"@id\":\"https:\/\/www.noticiasradioreflejos.com.ar\/2021\/#\/schema\/person\/ad82545263dcc5ec0996818884fd5fb1\",\"name\":\"Arnaldo Botto\",\"image\":{\"@type\":\"ImageObject\",\"inLanguage\":\"es\",\"@id\":\"https:\/\/www.noticiasradioreflejos.com.ar\/2021\/#\/schema\/person\/image\/\",\"url\":\"https:\/\/secure.gravatar.com\/avatar\/55cb5e37c1efa326397366e6974cb338056df65cb50e7d64d1cf314e87504837?s=96&d=mm&r=g\",\"contentUrl\":\"https:\/\/secure.gravatar.com\/avatar\/55cb5e37c1efa326397366e6974cb338056df65cb50e7d64d1cf314e87504837?s=96&d=mm&r=g\",\"caption\":\"Arnaldo Botto\"},\"url\":\"https:\/\/www.noticiasradioreflejos.com.ar\/2021\/author\/arnaldo\/\"}]}<\/script>\n<!-- \/ Yoast SEO plugin. -->","yoast_head_json":{"title":"Una semana intensa de actividades, program\u00f3 el Consejo Municipal de las Mujeres. - Noticias Radio Reflejos","robots":{"index":"index","follow":"follow","max-snippet":"max-snippet:-1","max-image-preview":"max-image-preview:large","max-video-preview":"max-video-preview:-1"},"canonical":"https:\/\/www.noticiasradioreflejos.com.ar\/2021\/una-semana-intensa-de-actividades-programo-el-consejo-municipal-de-las-mujeres\/","og_locale":"es_ES","og_type":"article","og_title":"Una semana intensa de actividades, program\u00f3 el Consejo Municipal de las Mujeres. - Noticias Radio Reflejos","og_description":"Con la visita a nuestros estudios, durante el programa \u00abUn Mate y un Caf\u00e9\u00bb, integrantes del Consejo Municipal de las Mujeres nos describen todo lo que prepararon a partir de hoy, con la visita y presentaci\u00f3n de la activista travesti Alma Fernandez.","og_url":"https:\/\/www.noticiasradioreflejos.com.ar\/2021\/una-semana-intensa-de-actividades-programo-el-consejo-municipal-de-las-mujeres\/","og_site_name":"Noticias Radio Reflejos","article_published_time":"2019-11-05T14:48:03+00:00","og_image":[{"width":300,"height":200,"url":"https:\/\/www.noticiasradioreflejos.com.ar\/2021\/wp-content\/uploads\/2021\/07\/logosol300x200.png","type":"image\/png"}],"author":"Arnaldo Botto","twitter_card":"summary_large_image","schema":{"@context":"https:\/\/schema.org","@graph":[{"@type":"WebPage","@id":"https:\/\/www.noticiasradioreflejos.com.ar\/2021\/una-semana-intensa-de-actividades-programo-el-consejo-municipal-de-las-mujeres\/","url":"https:\/\/www.noticiasradioreflejos.com.ar\/2021\/una-semana-intensa-de-actividades-programo-el-consejo-municipal-de-las-mujeres\/","name":"Una semana intensa de actividades, program\u00f3 el Consejo Municipal de las Mujeres. - Noticias Radio Reflejos","isPartOf":{"@id":"https:\/\/www.noticiasradioreflejos.com.ar\/2021\/#website"},"datePublished":"2019-11-05T14:48:03+00:00","author":{"@id":"https:\/\/www.noticiasradioreflejos.com.ar\/2021\/#\/schema\/person\/ad82545263dcc5ec0996818884fd5fb1"},"breadcrumb":{"@id":"https:\/\/www.noticiasradioreflejos.com.ar\/2021\/una-semana-intensa-de-actividades-programo-el-consejo-municipal-de-las-mujeres\/#breadcrumb"},"inLanguage":"es","potentialAction":[{"@type":"ReadAction","target":["https:\/\/www.noticiasradioreflejos.com.ar\/2021\/una-semana-intensa-de-actividades-programo-el-consejo-municipal-de-las-mujeres\/"]}]},{"@type":"BreadcrumbList","@id":"https:\/\/www.noticiasradioreflejos.com.ar\/2021\/una-semana-intensa-de-actividades-programo-el-consejo-municipal-de-las-mujeres\/#breadcrumb","itemListElement":[{"@type":"ListItem","position":1,"name":"Portada","item":"https:\/\/www.noticiasradioreflejos.com.ar\/2021\/"},{"@type":"ListItem","position":2,"name":"Una semana intensa de actividades, program\u00f3 el Consejo Municipal de las Mujeres."}]},{"@type":"WebSite","@id":"https:\/\/www.noticiasradioreflejos.com.ar\/2021\/#website","url":"https:\/\/www.noticiasradioreflejos.com.ar\/2021\/","name":"Noticias Radio Reflejos","description":"Las noticias de mi comarca","potentialAction":[{"@type":"SearchAction","target":{"@type":"EntryPoint","urlTemplate":"https:\/\/www.noticiasradioreflejos.com.ar\/2021\/?s={search_term_string}"},"query-input":{"@type":"PropertyValueSpecification","valueRequired":true,"valueName":"search_term_string"}}],"inLanguage":"es"},{"@type":"Person","@id":"https:\/\/www.noticiasradioreflejos.com.ar\/2021\/#\/schema\/person\/ad82545263dcc5ec0996818884fd5fb1","name":"Arnaldo Botto","image":{"@type":"ImageObject","inLanguage":"es","@id":"https:\/\/www.noticiasradioreflejos.com.ar\/2021\/#\/schema\/person\/image\/","url":"https:\/\/secure.gravatar.com\/avatar\/55cb5e37c1efa326397366e6974cb338056df65cb50e7d64d1cf314e87504837?s=96&d=mm&r=g","contentUrl":"https:\/\/secure.gravatar.com\/avatar\/55cb5e37c1efa326397366e6974cb338056df65cb50e7d64d1cf314e87504837?s=96&d=mm&r=g","caption":"Arnaldo Botto"},"url":"https:\/\/www.noticiasradioreflejos.com.ar\/2021\/author\/arnaldo\/"}]}},"_links":{"self":[{"href":"https:\/\/www.noticiasradioreflejos.com.ar\/2021\/wp-json\/wp\/v2\/posts\/36152","targetHints":{"allow":["GET"]}}],"collection":[{"href":"https:\/\/www.noticiasradioreflejos.com.ar\/2021\/wp-json\/wp\/v2\/posts"}],"about":[{"href":"https:\/\/www.noticiasradioreflejos.com.ar\/2021\/wp-json\/wp\/v2\/types\/post"}],"author":[{"embeddable":true,"href":"https:\/\/www.noticiasradioreflejos.com.ar\/2021\/wp-json\/wp\/v2\/users\/3"}],"replies":[{"embeddable":true,"href":"https:\/\/www.noticiasradioreflejos.com.ar\/2021\/wp-json\/wp\/v2\/comments?post=36152"}],"version-history":[{"count":0,"href":"https:\/\/www.noticiasradioreflejos.com.ar\/2021\/wp-json\/wp\/v2\/posts\/36152\/revisions"}],"wp:attachment":[{"href":"https:\/\/www.noticiasradioreflejos.com.ar\/2021\/wp-json\/wp\/v2\/media?parent=36152"}],"wp:term":[{"taxonomy":"category","embeddable":true,"href":"https:\/\/www.noticiasradioreflejos.com.ar\/2021\/wp-json\/wp\/v2\/categories?post=36152"},{"taxonomy":"post_tag","embeddable":true,"href":"https:\/\/www.noticiasradioreflejos.com.ar\/2021\/wp-json\/wp\/v2\/tags?post=36152"}],"curies":[{"name":"wp","href":"https:\/\/api.w.org\/{rel}","templated":true}]}}