{"id":36133,"date":"2019-11-04T17:26:27","date_gmt":"2019-11-04T20:26:27","guid":{"rendered":"http:\/\/www.noticiasradioreflejos.com.ar\/noticias\/?p=36133"},"modified":"2019-11-04T17:26:27","modified_gmt":"2019-11-04T20:26:27","slug":"hockey-del-sudoeste-bonaerense-resultados","status":"publish","type":"post","link":"https:\/\/www.noticiasradioreflejos.com.ar\/2021\/hockey-del-sudoeste-bonaerense-resultados\/","title":{"rendered":"Hockey del Sudoeste Bonaerense &#8211; Resultados"},"content":{"rendered":"<p>Se disputaron las semifinales de las categor\u00edas del Hockey Femenino del sudoeste. Las chicas de Sexta del Club Ventana se enfrentaron en Pu\u00e1n a Deportivo Sarmiento de Carhu\u00e9 por la semifinal logrando un valios\u00edsimo triunfo por 3 a 0 que las coloca directamente en la final.<br \/>\n<strong>TORNEO ANUAL DE DAMAS<\/strong><!--more--><br \/>\n<strong>SEMIFINALES &#8211;\u00a0<\/strong><strong><em>Sexta Divisi\u00f3n<\/em><\/strong><br \/>\n<strong><em>2 de noviembre<\/em><\/strong><br \/>\n<strong>1\u00b0 AL 4\u00b0<\/strong><\/p>\n<table width=\"516\">\n<tbody>\n<tr>\n<td width=\"188\"><strong>Atl. Ventana<\/strong><\/td>\n<td width=\"47\"><strong>3<\/strong><\/td>\n<td width=\"47\"><strong>vs<\/strong><\/td>\n<td width=\"47\"><strong>0<\/strong><\/td>\n<td width=\"188\"><strong>Dep. Sarmiento<\/strong><\/td>\n<\/tr>\n<tr>\n<td colspan=\"2\" width=\"235\">Maia Pi\u00f1ero<\/td>\n<td rowspan=\"3\" width=\"47\">Goles<\/td>\n<td colspan=\"2\" width=\"235\"><\/td>\n<\/tr>\n<tr>\n<td colspan=\"2\" width=\"235\">Analuz Streitenberger<\/td>\n<td colspan=\"2\" width=\"235\"><\/td>\n<\/tr>\n<tr>\n<td colspan=\"2\" width=\"235\">M\u00e1xima Ocampos<\/td>\n<td colspan=\"2\" width=\"235\"><\/td>\n<\/tr>\n<tr>\n<td colspan=\"2\" width=\"235\">M\u00e1xima Ocampos<\/td>\n<td width=\"47\">TV<\/td>\n<td colspan=\"2\" width=\"235\">Juliana Fuhr, Tania Garc\u00eda, Ayelen Gonz\u00e1lez, Aylen Ramborger<\/td>\n<\/tr>\n<\/tbody>\n<\/table>\n<p><strong><em>\u00a0<\/em><\/strong><\/p>\n<table width=\"516\">\n<tbody>\n<tr>\n<td width=\"188\"><strong>CEF N\u00b083<\/strong><\/td>\n<td width=\"47\"><strong>0<\/strong><\/td>\n<td width=\"47\"><strong>vs<\/strong><\/td>\n<td width=\"47\"><strong>2<\/strong><\/td>\n<td width=\"188\"><strong>Independiente<\/strong><\/td>\n<\/tr>\n<tr>\n<td colspan=\"2\" width=\"235\"><\/td>\n<td rowspan=\"3\" width=\"47\">Goles<\/td>\n<td colspan=\"2\" width=\"235\">Luc\u00eda Herb\u00f3n -2-<\/td>\n<\/tr>\n<tr>\n<td colspan=\"2\" width=\"235\"><\/td>\n<td colspan=\"2\" width=\"235\"><\/td>\n<\/tr>\n<tr>\n<td colspan=\"2\" width=\"235\"><\/td>\n<td colspan=\"2\" width=\"235\"><\/td>\n<\/tr>\n<tr>\n<td colspan=\"2\" width=\"235\">Catalina Grenada, Felicitas Gatti<\/td>\n<td width=\"47\">TV<\/td>\n<td colspan=\"2\" width=\"235\">Luc\u00eda Stork<\/td>\n<\/tr>\n<tr>\n<td colspan=\"2\" width=\"235\">Lola Marino, Catalina Grenada, Celina Scoponi<\/td>\n<td width=\"47\">TA<\/td>\n<td colspan=\"2\" width=\"235\">Josefina Allen<\/td>\n<\/tr>\n<\/tbody>\n<\/table>\n<p><strong><em>\u00a0<\/em><\/strong><br \/>\n<strong>5\u00b0 AL 8\u00b0<\/strong><\/p>\n<table width=\"516\">\n<tbody>\n<tr>\n<td width=\"188\"><strong>Sarmiento (P)<\/strong><\/td>\n<td width=\"47\"><strong>3<\/strong><\/td>\n<td width=\"47\"><strong>vs<\/strong><\/td>\n<td width=\"47\"><strong>0<\/strong><\/td>\n<td width=\"188\"><strong>Pe\u00f1arol<\/strong><\/td>\n<\/tr>\n<tr>\n<td colspan=\"2\" width=\"235\">Lourdes Hipperdinger -2-<\/td>\n<td rowspan=\"3\" width=\"47\">Goles<\/td>\n<td colspan=\"2\" width=\"235\"><\/td>\n<\/tr>\n<tr>\n<td colspan=\"2\" width=\"235\">Zina Detzel<\/td>\n<td colspan=\"2\" width=\"235\"><\/td>\n<\/tr>\n<tr>\n<td colspan=\"2\" width=\"235\"><\/td>\n<td colspan=\"2\" width=\"235\"><\/td>\n<\/tr>\n<tr>\n<td colspan=\"2\" width=\"235\">Mailen Martin, Lourdes Hipperdinger, Zina Detzel<\/td>\n<td width=\"47\">TV<\/td>\n<td colspan=\"2\" width=\"235\"><\/td>\n<\/tr>\n<\/tbody>\n<\/table>\n<p><strong>\u00a0<\/strong><\/p>\n<table width=\"516\">\n<tbody>\n<tr>\n<td width=\"188\"><strong>San Mart\u00edn<\/strong><\/td>\n<td width=\"47\"><strong>0<\/strong><\/td>\n<td width=\"47\"><strong>vs<\/strong><\/td>\n<td width=\"47\"><strong>0<\/strong><\/td>\n<td width=\"188\"><strong>Hockey Carhu\u00e9<\/strong><\/td>\n<td width=\"0\"><\/td>\n<\/tr>\n<tr>\n<td colspan=\"2\" width=\"235\"><\/td>\n<td rowspan=\"3\" width=\"47\">Goles<\/td>\n<td colspan=\"2\" width=\"235\"><\/td>\n<td width=\"0\"><\/td>\n<\/tr>\n<tr>\n<td colspan=\"2\" width=\"235\"><\/td>\n<td colspan=\"2\" width=\"235\"><\/td>\n<td width=\"0\"><\/td>\n<\/tr>\n<tr>\n<td colspan=\"2\" width=\"235\"><\/td>\n<td colspan=\"2\" width=\"235\"><\/td>\n<td width=\"0\"><\/td>\n<\/tr>\n<tr>\n<td rowspan=\"2\" width=\"188\">Magdalena Martin, Lara Arcidi\u00e1cono<\/td>\n<td rowspan=\"2\" width=\"47\"><strong>2<\/strong><\/td>\n<td rowspan=\"2\" width=\"47\">Shoot out<\/td>\n<td rowspan=\"2\" width=\"47\"><strong>3<\/strong><\/td>\n<td rowspan=\"2\" width=\"188\">Johanna Burgos, Narella Alsina, Felicitas Lavarra<\/td>\n<td width=\"0\"><\/td>\n<\/tr>\n<tr>\n<td width=\"0\"><\/td>\n<\/tr>\n<tr>\n<td colspan=\"2\" width=\"235\">Catalina Eberwein<\/td>\n<td width=\"47\">TV<\/td>\n<td colspan=\"2\" width=\"235\"><\/td>\n<td width=\"0\"><\/td>\n<\/tr>\n<\/tbody>\n<\/table>\n<p><strong>\u00a0<\/strong><br \/>\n<strong><em>Primera Divisi\u00f3n<\/em><\/strong><\/p>\n<table width=\"516\">\n<tbody>\n<tr>\n<td width=\"188\"><strong>Club de Pelota<\/strong><\/td>\n<td width=\"47\"><strong>5<\/strong><\/td>\n<td width=\"47\"><strong>vs<\/strong><\/td>\n<td width=\"47\"><strong>0<\/strong><\/td>\n<td width=\"188\"><strong>San Mart\u00edn<\/strong><\/td>\n<\/tr>\n<tr>\n<td colspan=\"2\" width=\"235\">Luc\u00eda P\u00e9rez -3-<\/td>\n<td rowspan=\"3\" width=\"47\">Goles<\/td>\n<td colspan=\"2\" width=\"235\"><\/td>\n<\/tr>\n<tr>\n<td colspan=\"2\" width=\"235\">Teresa Bastard<\/td>\n<td colspan=\"2\" width=\"235\"><\/td>\n<\/tr>\n<tr>\n<td colspan=\"2\" width=\"235\">Martina Saralegui<\/td>\n<td colspan=\"2\" width=\"235\"><\/td>\n<\/tr>\n<tr>\n<td colspan=\"2\" width=\"235\">Martina Saralegui<\/td>\n<td width=\"47\">TV<\/td>\n<td colspan=\"2\" width=\"235\">Catalina Eberwein, Micaela Zaro<\/td>\n<\/tr>\n<\/tbody>\n<\/table>\n<p><strong><em>\u00a0<\/em><\/strong><br \/>\n<strong><em>S\u00e9ptima Divisi\u00f3n<\/em><\/strong><\/p>\n<table width=\"516\">\n<tbody>\n<tr>\n<td width=\"188\"><strong>Sarmiento (P)<\/strong><\/td>\n<td width=\"47\"><strong>3<\/strong><\/td>\n<td width=\"47\"><strong>vs<\/strong><\/td>\n<td width=\"47\"><strong>0<\/strong><\/td>\n<td width=\"188\"><strong>Club de Pelota<\/strong><\/td>\n<td width=\"0\"><\/td>\n<\/tr>\n<tr>\n<td colspan=\"5\" rowspan=\"3\" width=\"516\">Walkover para Sarmiento (P)<\/td>\n<td width=\"0\"><\/td>\n<\/tr>\n<tr>\n<td width=\"0\"><\/td>\n<\/tr>\n<tr>\n<td width=\"0\"><\/td>\n<\/tr>\n<\/tbody>\n<\/table>\n<p><strong>\u00a0<\/strong><br \/>\n<strong>FINALES<\/strong><br \/>\n<strong><u>9 de noviembre<\/u><\/strong><br \/>\n<strong>\u00a0<\/strong><br \/>\n<strong>SEXTA<\/strong><br \/>\n<strong>1\u00b0 y 2\u00b0<\/strong><\/p>\n<table width=\"423\">\n<tbody>\n<tr>\n<td width=\"188\"><strong>Atl. Ventana<\/strong><\/td>\n<td width=\"47\"><strong>vs<\/strong><\/td>\n<td width=\"188\"><strong>Independiente<\/strong><\/td>\n<\/tr>\n<\/tbody>\n<\/table>\n<p><strong>\u00a0<\/strong><br \/>\n<strong>3\u00b0 y 4\u00b0<\/strong><\/p>\n<table width=\"423\">\n<tbody>\n<tr>\n<td width=\"188\"><strong>Dep. Sarmiento<\/strong><\/td>\n<td width=\"47\"><strong>vs<\/strong><\/td>\n<td width=\"188\"><strong>CEF N\u00b0 83<\/strong><\/td>\n<\/tr>\n<\/tbody>\n<\/table>\n<p><strong>\u00a0<\/strong><br \/>\n<strong>5\u00b0 y 6\u00b0<\/strong><\/p>\n<table width=\"423\">\n<tbody>\n<tr>\n<td width=\"188\"><strong>Hockey Carhu\u00e9<\/strong><\/td>\n<td width=\"47\"><strong>vs<\/strong><\/td>\n<td width=\"188\"><strong>Sarmiento (P)<\/strong><\/td>\n<\/tr>\n<\/tbody>\n<\/table>\n<p><strong>\u00a0<\/strong><br \/>\n<strong>7\u00b0 y 8\u00b0<\/strong><\/p>\n<table width=\"423\">\n<tbody>\n<tr>\n<td width=\"188\"><strong>San Mart\u00edn<\/strong><\/td>\n<td width=\"47\"><strong>vs<\/strong><\/td>\n<td width=\"188\"><strong>Pe\u00f1arol<\/strong><\/td>\n<\/tr>\n<\/tbody>\n<\/table>\n<p><strong><u>\u00a0<\/u><\/strong><br \/>\n<strong><u>\u00a0<\/u><\/strong><br \/>\n<strong><u>10 de noviembre<\/u><\/strong><br \/>\n<strong>PRIMERA<\/strong><br \/>\n<strong>1\u00b0 y 2\u00b0<\/strong><\/p>\n<table width=\"423\">\n<tbody>\n<tr>\n<td width=\"188\"><strong>Independiente<\/strong><\/td>\n<td width=\"47\"><strong>vs<\/strong><\/td>\n<td width=\"188\"><strong>CEF N\u00b0 83<\/strong><\/td>\n<\/tr>\n<\/tbody>\n<\/table>\n<p><strong>\u00a0<\/strong><br \/>\n<strong>3\u00b0 y 4\u00b0<\/strong><\/p>\n<table width=\"423\">\n<tbody>\n<tr>\n<td width=\"188\"><strong>Sarmiento (P)<\/strong><\/td>\n<td width=\"47\"><strong>vs<\/strong><\/td>\n<td width=\"188\"><strong>Atl. Ventana<\/strong><\/td>\n<\/tr>\n<\/tbody>\n<\/table>\n<p><strong>\u00a0<\/strong><br \/>\n<strong>5\u00b0 y 6\u00b0<\/strong><\/p>\n<table width=\"423\">\n<tbody>\n<tr>\n<td width=\"188\"><strong>Dep. Sarmiento<\/strong><\/td>\n<td width=\"47\"><strong>vs<\/strong><\/td>\n<td width=\"188\"><strong>Club de Pelota<\/strong><\/td>\n<\/tr>\n<\/tbody>\n<\/table>\n<p><strong>\u00a0<\/strong><br \/>\n<strong>7\u00b0 y 8\u00b0<\/strong><\/p>\n<table width=\"423\">\n<tbody>\n<tr>\n<td width=\"188\"><strong>Hockey Carhu\u00e9<\/strong><\/td>\n<td width=\"47\"><strong>vs<\/strong><\/td>\n<td width=\"188\"><strong>San Mart\u00edn<\/strong><\/td>\n<\/tr>\n<\/tbody>\n<\/table>\n<p><strong>\u00a0<\/strong><br \/>\n<strong><u>\u00a0<\/u><\/strong><br \/>\n<strong>S\u00c9PTIMA<\/strong><br \/>\n<strong>1\u00b0 y 2\u00b0<\/strong><\/p>\n<table width=\"423\">\n<tbody>\n<tr>\n<td width=\"188\"><strong>Independiente<\/strong><\/td>\n<td width=\"47\"><strong>vs<\/strong><\/td>\n<td width=\"188\"><strong>CEF N\u00b0 83<\/strong><\/td>\n<\/tr>\n<\/tbody>\n<\/table>\n<p><strong>\u00a0<\/strong><br \/>\n<strong>3\u00b0 y 4\u00b0<\/strong><\/p>\n<table width=\"423\">\n<tbody>\n<tr>\n<td width=\"188\"><strong>Dep. Sarmiento<\/strong><\/td>\n<td width=\"47\"><strong>vs<\/strong><\/td>\n<td width=\"188\"><strong>Alumni<\/strong><\/td>\n<\/tr>\n<\/tbody>\n<\/table>\n<p><strong>\u00a0<\/strong><br \/>\n<strong>5\u00b0 y 6\u00b0<\/strong><\/p>\n<table width=\"423\">\n<tbody>\n<tr>\n<td width=\"188\"><strong>Atl. Ventana<\/strong><\/td>\n<td width=\"47\"><strong>vs<\/strong><\/td>\n<td width=\"188\"><strong>Sarmiento (P)<\/strong><\/td>\n<\/tr>\n<\/tbody>\n<\/table>\n<p><strong>\u00a0<\/strong><br \/>\n<strong>\u00a0<\/strong><br \/>\n<strong>TORNEO CLAUSURA DE CABALLEROS<\/strong><br \/>\n<strong>FECHA 6<\/strong><\/p>\n<table width=\"516\">\n<tbody>\n<tr>\n<td width=\"188\"><strong>Sarmiento<\/strong><\/td>\n<td width=\"47\"><strong>0<\/strong><\/td>\n<td width=\"47\"><strong>vs<\/strong><\/td>\n<td width=\"47\"><strong>2<\/strong><\/td>\n<td width=\"188\"><strong>Dep. Sarmiento CS<\/strong><\/td>\n<\/tr>\n<tr>\n<td colspan=\"2\" width=\"235\"><\/td>\n<td rowspan=\"3\" width=\"47\">Goles<\/td>\n<td colspan=\"2\" width=\"235\">Lucas Andersen -2-<\/td>\n<\/tr>\n<tr>\n<td colspan=\"2\" width=\"235\"><\/td>\n<td colspan=\"2\" width=\"235\"><\/td>\n<\/tr>\n<tr>\n<td colspan=\"2\" width=\"235\"><\/td>\n<td colspan=\"2\" width=\"235\"><\/td>\n<\/tr>\n<tr>\n<td colspan=\"2\" width=\"235\"><\/td>\n<td width=\"47\">TV<\/td>\n<td colspan=\"2\" width=\"235\">Alejandro Bosignore<\/td>\n<\/tr>\n<tr>\n<td colspan=\"2\" width=\"235\"><\/td>\n<td width=\"47\">TA<\/td>\n<td colspan=\"2\" width=\"235\">Marcos Palacio<\/td>\n<\/tr>\n<\/tbody>\n<\/table>\n<p><strong>\u00a0<\/strong><br \/>\n<strong><u>PARTIDOS PENDIENTES<\/u><\/strong><br \/>\n<strong>ALUMNI \u2013 CEF N\u00b0 83 (FECHA 3)<\/strong><br \/>\n<strong>ALUMNI \u2013 SARMIENTO (P) (FECHA 4)<\/strong><br \/>\n<strong>CEF N\u00b0 83 \u2013 ALUMNI (FECHA 6)<\/strong><br \/>\n&nbsp;<br \/>\n<strong>\u00a0<a title=\"tablas\" href=\"http:\/\/live.staticflickr.com\/65535\/49015194792_20ed3e27ba_s.jpg\" rel=\"\"><img loading=\"lazy\" decoding=\"async\" class=\"aligncenter\" title=\"tablas\" src=\"http:\/\/live.staticflickr.com\/65535\/49015194792_e07caac0b1_o.png\" alt=\"tablas\" width=\"534\" height=\"198\" \/><\/a><\/strong><\/p>\n","protected":false},"excerpt":{"rendered":"<p>Se disputaron las semifinales de las categor\u00edas del Hockey Femenino del sudoeste. Las chicas de Sexta del Club Ventana se enfrentaron en Pu\u00e1n a Deportivo Sarmiento de Carhu\u00e9 por la semifinal logrando un valios\u00edsimo triunfo por 3 a 0 que las coloca directamente en la final. TORNEO ANUAL DE DAMAS<\/p>\n","protected":false},"author":3,"featured_media":0,"comment_status":"closed","ping_status":"open","sticky":false,"template":"","format":"standard","meta":{"footnotes":""},"categories":[27],"tags":[],"class_list":["post-36133","post","type-post","status-publish","format-standard","hentry","category-deportes"],"yoast_head":"<!-- This site is optimized with the Yoast SEO plugin v25.9 - https:\/\/yoast.com\/wordpress\/plugins\/seo\/ -->\n<title>Hockey del Sudoeste Bonaerense - Resultados - Noticias Radio Reflejos<\/title>\n<meta name=\"robots\" content=\"index, follow, max-snippet:-1, max-image-preview:large, max-video-preview:-1\" \/>\n<link rel=\"canonical\" href=\"https:\/\/www.noticiasradioreflejos.com.ar\/2021\/hockey-del-sudoeste-bonaerense-resultados\/\" \/>\n<meta property=\"og:locale\" content=\"es_ES\" \/>\n<meta property=\"og:type\" content=\"article\" \/>\n<meta property=\"og:title\" content=\"Hockey del Sudoeste Bonaerense - Resultados - Noticias Radio Reflejos\" \/>\n<meta property=\"og:description\" content=\"Se disputaron las semifinales de las categor\u00edas del Hockey Femenino del sudoeste. Las chicas de Sexta del Club Ventana se enfrentaron en Pu\u00e1n a Deportivo Sarmiento de Carhu\u00e9 por la semifinal logrando un valios\u00edsimo triunfo por 3 a 0 que las coloca directamente en la final. TORNEO ANUAL DE DAMAS\" \/>\n<meta property=\"og:url\" content=\"https:\/\/www.noticiasradioreflejos.com.ar\/2021\/hockey-del-sudoeste-bonaerense-resultados\/\" \/>\n<meta property=\"og:site_name\" content=\"Noticias Radio Reflejos\" \/>\n<meta property=\"article:published_time\" content=\"2019-11-04T20:26:27+00:00\" \/>\n<meta property=\"og:image\" content=\"http:\/\/live.staticflickr.com\/65535\/49015194792_e07caac0b1_o.png\" \/>\n<meta name=\"author\" content=\"Arnaldo Botto\" \/>\n<meta name=\"twitter:card\" content=\"summary_large_image\" \/>\n<script type=\"application\/ld+json\" class=\"yoast-schema-graph\">{\"@context\":\"https:\/\/schema.org\",\"@graph\":[{\"@type\":\"WebPage\",\"@id\":\"https:\/\/www.noticiasradioreflejos.com.ar\/2021\/hockey-del-sudoeste-bonaerense-resultados\/\",\"url\":\"https:\/\/www.noticiasradioreflejos.com.ar\/2021\/hockey-del-sudoeste-bonaerense-resultados\/\",\"name\":\"Hockey del Sudoeste Bonaerense - Resultados - Noticias Radio Reflejos\",\"isPartOf\":{\"@id\":\"https:\/\/www.noticiasradioreflejos.com.ar\/2021\/#website\"},\"primaryImageOfPage\":{\"@id\":\"https:\/\/www.noticiasradioreflejos.com.ar\/2021\/hockey-del-sudoeste-bonaerense-resultados\/#primaryimage\"},\"image\":{\"@id\":\"https:\/\/www.noticiasradioreflejos.com.ar\/2021\/hockey-del-sudoeste-bonaerense-resultados\/#primaryimage\"},\"thumbnailUrl\":\"http:\/\/live.staticflickr.com\/65535\/49015194792_e07caac0b1_o.png\",\"datePublished\":\"2019-11-04T20:26:27+00:00\",\"author\":{\"@id\":\"https:\/\/www.noticiasradioreflejos.com.ar\/2021\/#\/schema\/person\/ad82545263dcc5ec0996818884fd5fb1\"},\"breadcrumb\":{\"@id\":\"https:\/\/www.noticiasradioreflejos.com.ar\/2021\/hockey-del-sudoeste-bonaerense-resultados\/#breadcrumb\"},\"inLanguage\":\"es\",\"potentialAction\":[{\"@type\":\"ReadAction\",\"target\":[\"https:\/\/www.noticiasradioreflejos.com.ar\/2021\/hockey-del-sudoeste-bonaerense-resultados\/\"]}]},{\"@type\":\"ImageObject\",\"inLanguage\":\"es\",\"@id\":\"https:\/\/www.noticiasradioreflejos.com.ar\/2021\/hockey-del-sudoeste-bonaerense-resultados\/#primaryimage\",\"url\":\"http:\/\/live.staticflickr.com\/65535\/49015194792_e07caac0b1_o.png\",\"contentUrl\":\"http:\/\/live.staticflickr.com\/65535\/49015194792_e07caac0b1_o.png\"},{\"@type\":\"BreadcrumbList\",\"@id\":\"https:\/\/www.noticiasradioreflejos.com.ar\/2021\/hockey-del-sudoeste-bonaerense-resultados\/#breadcrumb\",\"itemListElement\":[{\"@type\":\"ListItem\",\"position\":1,\"name\":\"Portada\",\"item\":\"https:\/\/www.noticiasradioreflejos.com.ar\/2021\/\"},{\"@type\":\"ListItem\",\"position\":2,\"name\":\"Hockey del Sudoeste Bonaerense &#8211; Resultados\"}]},{\"@type\":\"WebSite\",\"@id\":\"https:\/\/www.noticiasradioreflejos.com.ar\/2021\/#website\",\"url\":\"https:\/\/www.noticiasradioreflejos.com.ar\/2021\/\",\"name\":\"Noticias Radio Reflejos\",\"description\":\"Las noticias de mi comarca\",\"potentialAction\":[{\"@type\":\"SearchAction\",\"target\":{\"@type\":\"EntryPoint\",\"urlTemplate\":\"https:\/\/www.noticiasradioreflejos.com.ar\/2021\/?s={search_term_string}\"},\"query-input\":{\"@type\":\"PropertyValueSpecification\",\"valueRequired\":true,\"valueName\":\"search_term_string\"}}],\"inLanguage\":\"es\"},{\"@type\":\"Person\",\"@id\":\"https:\/\/www.noticiasradioreflejos.com.ar\/2021\/#\/schema\/person\/ad82545263dcc5ec0996818884fd5fb1\",\"name\":\"Arnaldo Botto\",\"image\":{\"@type\":\"ImageObject\",\"inLanguage\":\"es\",\"@id\":\"https:\/\/www.noticiasradioreflejos.com.ar\/2021\/#\/schema\/person\/image\/\",\"url\":\"https:\/\/secure.gravatar.com\/avatar\/55cb5e37c1efa326397366e6974cb338056df65cb50e7d64d1cf314e87504837?s=96&d=mm&r=g\",\"contentUrl\":\"https:\/\/secure.gravatar.com\/avatar\/55cb5e37c1efa326397366e6974cb338056df65cb50e7d64d1cf314e87504837?s=96&d=mm&r=g\",\"caption\":\"Arnaldo Botto\"},\"url\":\"https:\/\/www.noticiasradioreflejos.com.ar\/2021\/author\/arnaldo\/\"}]}<\/script>\n<!-- \/ Yoast SEO plugin. -->","yoast_head_json":{"title":"Hockey del Sudoeste Bonaerense - Resultados - Noticias Radio Reflejos","robots":{"index":"index","follow":"follow","max-snippet":"max-snippet:-1","max-image-preview":"max-image-preview:large","max-video-preview":"max-video-preview:-1"},"canonical":"https:\/\/www.noticiasradioreflejos.com.ar\/2021\/hockey-del-sudoeste-bonaerense-resultados\/","og_locale":"es_ES","og_type":"article","og_title":"Hockey del Sudoeste Bonaerense - Resultados - Noticias Radio Reflejos","og_description":"Se disputaron las semifinales de las categor\u00edas del Hockey Femenino del sudoeste. Las chicas de Sexta del Club Ventana se enfrentaron en Pu\u00e1n a Deportivo Sarmiento de Carhu\u00e9 por la semifinal logrando un valios\u00edsimo triunfo por 3 a 0 que las coloca directamente en la final. TORNEO ANUAL DE DAMAS","og_url":"https:\/\/www.noticiasradioreflejos.com.ar\/2021\/hockey-del-sudoeste-bonaerense-resultados\/","og_site_name":"Noticias Radio Reflejos","article_published_time":"2019-11-04T20:26:27+00:00","og_image":[{"url":"http:\/\/live.staticflickr.com\/65535\/49015194792_e07caac0b1_o.png","type":"","width":"","height":""}],"author":"Arnaldo Botto","twitter_card":"summary_large_image","schema":{"@context":"https:\/\/schema.org","@graph":[{"@type":"WebPage","@id":"https:\/\/www.noticiasradioreflejos.com.ar\/2021\/hockey-del-sudoeste-bonaerense-resultados\/","url":"https:\/\/www.noticiasradioreflejos.com.ar\/2021\/hockey-del-sudoeste-bonaerense-resultados\/","name":"Hockey del Sudoeste Bonaerense - Resultados - Noticias Radio Reflejos","isPartOf":{"@id":"https:\/\/www.noticiasradioreflejos.com.ar\/2021\/#website"},"primaryImageOfPage":{"@id":"https:\/\/www.noticiasradioreflejos.com.ar\/2021\/hockey-del-sudoeste-bonaerense-resultados\/#primaryimage"},"image":{"@id":"https:\/\/www.noticiasradioreflejos.com.ar\/2021\/hockey-del-sudoeste-bonaerense-resultados\/#primaryimage"},"thumbnailUrl":"http:\/\/live.staticflickr.com\/65535\/49015194792_e07caac0b1_o.png","datePublished":"2019-11-04T20:26:27+00:00","author":{"@id":"https:\/\/www.noticiasradioreflejos.com.ar\/2021\/#\/schema\/person\/ad82545263dcc5ec0996818884fd5fb1"},"breadcrumb":{"@id":"https:\/\/www.noticiasradioreflejos.com.ar\/2021\/hockey-del-sudoeste-bonaerense-resultados\/#breadcrumb"},"inLanguage":"es","potentialAction":[{"@type":"ReadAction","target":["https:\/\/www.noticiasradioreflejos.com.ar\/2021\/hockey-del-sudoeste-bonaerense-resultados\/"]}]},{"@type":"ImageObject","inLanguage":"es","@id":"https:\/\/www.noticiasradioreflejos.com.ar\/2021\/hockey-del-sudoeste-bonaerense-resultados\/#primaryimage","url":"http:\/\/live.staticflickr.com\/65535\/49015194792_e07caac0b1_o.png","contentUrl":"http:\/\/live.staticflickr.com\/65535\/49015194792_e07caac0b1_o.png"},{"@type":"BreadcrumbList","@id":"https:\/\/www.noticiasradioreflejos.com.ar\/2021\/hockey-del-sudoeste-bonaerense-resultados\/#breadcrumb","itemListElement":[{"@type":"ListItem","position":1,"name":"Portada","item":"https:\/\/www.noticiasradioreflejos.com.ar\/2021\/"},{"@type":"ListItem","position":2,"name":"Hockey del Sudoeste Bonaerense &#8211; Resultados"}]},{"@type":"WebSite","@id":"https:\/\/www.noticiasradioreflejos.com.ar\/2021\/#website","url":"https:\/\/www.noticiasradioreflejos.com.ar\/2021\/","name":"Noticias Radio Reflejos","description":"Las noticias de mi comarca","potentialAction":[{"@type":"SearchAction","target":{"@type":"EntryPoint","urlTemplate":"https:\/\/www.noticiasradioreflejos.com.ar\/2021\/?s={search_term_string}"},"query-input":{"@type":"PropertyValueSpecification","valueRequired":true,"valueName":"search_term_string"}}],"inLanguage":"es"},{"@type":"Person","@id":"https:\/\/www.noticiasradioreflejos.com.ar\/2021\/#\/schema\/person\/ad82545263dcc5ec0996818884fd5fb1","name":"Arnaldo Botto","image":{"@type":"ImageObject","inLanguage":"es","@id":"https:\/\/www.noticiasradioreflejos.com.ar\/2021\/#\/schema\/person\/image\/","url":"https:\/\/secure.gravatar.com\/avatar\/55cb5e37c1efa326397366e6974cb338056df65cb50e7d64d1cf314e87504837?s=96&d=mm&r=g","contentUrl":"https:\/\/secure.gravatar.com\/avatar\/55cb5e37c1efa326397366e6974cb338056df65cb50e7d64d1cf314e87504837?s=96&d=mm&r=g","caption":"Arnaldo Botto"},"url":"https:\/\/www.noticiasradioreflejos.com.ar\/2021\/author\/arnaldo\/"}]}},"_links":{"self":[{"href":"https:\/\/www.noticiasradioreflejos.com.ar\/2021\/wp-json\/wp\/v2\/posts\/36133","targetHints":{"allow":["GET"]}}],"collection":[{"href":"https:\/\/www.noticiasradioreflejos.com.ar\/2021\/wp-json\/wp\/v2\/posts"}],"about":[{"href":"https:\/\/www.noticiasradioreflejos.com.ar\/2021\/wp-json\/wp\/v2\/types\/post"}],"author":[{"embeddable":true,"href":"https:\/\/www.noticiasradioreflejos.com.ar\/2021\/wp-json\/wp\/v2\/users\/3"}],"replies":[{"embeddable":true,"href":"https:\/\/www.noticiasradioreflejos.com.ar\/2021\/wp-json\/wp\/v2\/comments?post=36133"}],"version-history":[{"count":0,"href":"https:\/\/www.noticiasradioreflejos.com.ar\/2021\/wp-json\/wp\/v2\/posts\/36133\/revisions"}],"wp:attachment":[{"href":"https:\/\/www.noticiasradioreflejos.com.ar\/2021\/wp-json\/wp\/v2\/media?parent=36133"}],"wp:term":[{"taxonomy":"category","embeddable":true,"href":"https:\/\/www.noticiasradioreflejos.com.ar\/2021\/wp-json\/wp\/v2\/categories?post=36133"},{"taxonomy":"post_tag","embeddable":true,"href":"https:\/\/www.noticiasradioreflejos.com.ar\/2021\/wp-json\/wp\/v2\/tags?post=36133"}],"curies":[{"name":"wp","href":"https:\/\/api.w.org\/{rel}","templated":true}]}}