{"id":36122,"date":"2019-11-04T17:09:28","date_gmt":"2019-11-04T20:09:28","guid":{"rendered":"http:\/\/www.noticiasradioreflejos.com.ar\/noticias\/?p=36122"},"modified":"2019-11-04T17:09:28","modified_gmt":"2019-11-04T20:09:28","slug":"se-celebro-el-109o-aniversario-del-cambio-de-nombre-del-distrito","status":"publish","type":"post","link":"https:\/\/www.noticiasradioreflejos.com.ar\/2021\/se-celebro-el-109o-aniversario-del-cambio-de-nombre-del-distrito\/","title":{"rendered":"Se celebr\u00f3 el 109\u00ba aniversario del Cambio de Nombre del Distrito"},"content":{"rendered":"<p><a href=\"http:\/\/live.staticflickr.com\/65535\/49015093872_50d481ef77_s.jpg\" title=\"Captura-de-pantalla-2019-11-04-a-las-1.53.29-p.m.\" rel=\"\"><img loading=\"lazy\" decoding=\"async\" src=\"http:\/\/live.staticflickr.com\/65535\/49015093872_50d481ef77.jpg\" width=\"500\" height=\"367\" alt=\"Captura-de-pantalla-2019-11-04-a-las-1.53.29-p.m.\" title=\"Captura-de-pantalla-2019-11-04-a-las-1.53.29-p.m.\" class=\"alignleft\" style=\"float: left;\"><\/a>Hoy lunes 4 de noviembre, el teatro Rodolfo Funke, fue el lugar de encuentro para celebrar un nuevo aniversario del cambio de nombre del Distrito.<!--more--><br \/>\nEl acto protocolar inici\u00f3 con el ingreso del pabell\u00f3n nacional y con la entonaci\u00f3n del Himno Nacional Argentino, interpretado por los profesores de la Escuela Orquesta. Luego el cura p\u00e1rroco, Norberto L\u00f3pez realiz\u00f3 la  bendici\u00f3n correspondiente al 109\u00ba aniversario.<br \/>\nM\u00e1s tarde, fue el turno del Secretario de Desarrollo Gonzalo Iparraguirre de dirigirse a los presentes, en representaci\u00f3n del intendente  Sergio Bordoni. El funcionario municipal expres\u00f3 la importancia de revalorizar distritos como el nuestro, fortaleciendo los atributos que nos caracterizan, pero sobre todo, trabajando sobre la regionalizaci\u00f3n, para lograr potenciar el crecimiento del partido, y consolidarnos dentro del vasto territorio de la Provincia de Buenos Aires.<br \/>\nUna vez concluido el acto, el Secretario de Gobierno, Ezequiel Gabella, el Delegado de Sierra de la Ventana Hugo Polvara y el Delegado de Tres Picos Ricardo Amer, depositaron una ofrenda floral en el monumento del fundador de nuestro distrito, Ernesto Tornquist.<br \/>\nRecordamos que hoy a las 19hs, los festejos continuaran en el Museo Casa de la Historia, con una charla a cargo del Prof. Mariano Spialtini, denominada \u201cComo mir\u00f3 Ernesto a Tornquist\u201d.<br \/>\n<a href=\"http:\/\/live.staticflickr.com\/65535\/49014364778_b3618c0858_s.jpg\" title=\"Captura-de-pantalla-2019-11-04-a-las-1.52.58-p.m.-1024x764\" rel=\"\"><img loading=\"lazy\" decoding=\"async\" src=\"http:\/\/live.staticflickr.com\/65535\/49014364778_b3618c0858_z.jpg\" width=\"640\" height=\"478\" alt=\"Captura-de-pantalla-2019-11-04-a-las-1.52.58-p.m.-1024x764\" title=\"Captura-de-pantalla-2019-11-04-a-las-1.52.58-p.m.-1024x764\" class=\"aligncenter\"><\/a><a href=\"http:\/\/live.staticflickr.com\/65535\/49014365353_b539f48762_s.jpg\" title=\"Captura-de-pantalla-2019-11-04-a-las-1.52.41-p.m.\" rel=\"\"><img loading=\"lazy\" decoding=\"async\" src=\"http:\/\/live.staticflickr.com\/65535\/49014365353_b539f48762_z.jpg\" width=\"640\" height=\"503\" alt=\"Captura-de-pantalla-2019-11-04-a-las-1.52.41-p.m.\" title=\"Captura-de-pantalla-2019-11-04-a-las-1.52.41-p.m.\" class=\"aligncenter\"><\/a><\/p>\n","protected":false},"excerpt":{"rendered":"<p>Hoy lunes 4 de noviembre, el teatro Rodolfo Funke, fue el lugar de encuentro para celebrar un nuevo aniversario del cambio de nombre del Distrito.<\/p>\n","protected":false},"author":3,"featured_media":0,"comment_status":"closed","ping_status":"open","sticky":false,"template":"","format":"standard","meta":{"footnotes":""},"categories":[28],"tags":[],"class_list":["post-36122","post","type-post","status-publish","format-standard","hentry","category-municipales"],"yoast_head":"<!-- This site is optimized with the Yoast SEO plugin v25.9 - https:\/\/yoast.com\/wordpress\/plugins\/seo\/ -->\n<title>Se celebr\u00f3 el 109\u00ba aniversario del Cambio de Nombre del Distrito - Noticias Radio Reflejos<\/title>\n<meta name=\"robots\" content=\"index, follow, max-snippet:-1, max-image-preview:large, max-video-preview:-1\" \/>\n<link rel=\"canonical\" href=\"https:\/\/www.noticiasradioreflejos.com.ar\/2021\/se-celebro-el-109o-aniversario-del-cambio-de-nombre-del-distrito\/\" \/>\n<meta property=\"og:locale\" content=\"es_ES\" \/>\n<meta property=\"og:type\" content=\"article\" \/>\n<meta property=\"og:title\" content=\"Se celebr\u00f3 el 109\u00ba aniversario del Cambio de Nombre del Distrito - Noticias Radio Reflejos\" \/>\n<meta property=\"og:description\" content=\"Hoy lunes 4 de noviembre, el teatro Rodolfo Funke, fue el lugar de encuentro para celebrar un nuevo aniversario del cambio de nombre del Distrito.\" \/>\n<meta property=\"og:url\" content=\"https:\/\/www.noticiasradioreflejos.com.ar\/2021\/se-celebro-el-109o-aniversario-del-cambio-de-nombre-del-distrito\/\" \/>\n<meta property=\"og:site_name\" content=\"Noticias Radio Reflejos\" \/>\n<meta property=\"article:published_time\" content=\"2019-11-04T20:09:28+00:00\" \/>\n<meta property=\"og:image\" content=\"http:\/\/live.staticflickr.com\/65535\/49015093872_50d481ef77.jpg\" \/>\n<meta name=\"author\" content=\"Arnaldo Botto\" \/>\n<meta name=\"twitter:card\" content=\"summary_large_image\" \/>\n<script type=\"application\/ld+json\" class=\"yoast-schema-graph\">{\"@context\":\"https:\/\/schema.org\",\"@graph\":[{\"@type\":\"WebPage\",\"@id\":\"https:\/\/www.noticiasradioreflejos.com.ar\/2021\/se-celebro-el-109o-aniversario-del-cambio-de-nombre-del-distrito\/\",\"url\":\"https:\/\/www.noticiasradioreflejos.com.ar\/2021\/se-celebro-el-109o-aniversario-del-cambio-de-nombre-del-distrito\/\",\"name\":\"Se celebr\u00f3 el 109\u00ba aniversario del Cambio de Nombre del Distrito - Noticias Radio Reflejos\",\"isPartOf\":{\"@id\":\"https:\/\/www.noticiasradioreflejos.com.ar\/2021\/#website\"},\"primaryImageOfPage\":{\"@id\":\"https:\/\/www.noticiasradioreflejos.com.ar\/2021\/se-celebro-el-109o-aniversario-del-cambio-de-nombre-del-distrito\/#primaryimage\"},\"image\":{\"@id\":\"https:\/\/www.noticiasradioreflejos.com.ar\/2021\/se-celebro-el-109o-aniversario-del-cambio-de-nombre-del-distrito\/#primaryimage\"},\"thumbnailUrl\":\"http:\/\/live.staticflickr.com\/65535\/49015093872_50d481ef77.jpg\",\"datePublished\":\"2019-11-04T20:09:28+00:00\",\"author\":{\"@id\":\"https:\/\/www.noticiasradioreflejos.com.ar\/2021\/#\/schema\/person\/ad82545263dcc5ec0996818884fd5fb1\"},\"breadcrumb\":{\"@id\":\"https:\/\/www.noticiasradioreflejos.com.ar\/2021\/se-celebro-el-109o-aniversario-del-cambio-de-nombre-del-distrito\/#breadcrumb\"},\"inLanguage\":\"es\",\"potentialAction\":[{\"@type\":\"ReadAction\",\"target\":[\"https:\/\/www.noticiasradioreflejos.com.ar\/2021\/se-celebro-el-109o-aniversario-del-cambio-de-nombre-del-distrito\/\"]}]},{\"@type\":\"ImageObject\",\"inLanguage\":\"es\",\"@id\":\"https:\/\/www.noticiasradioreflejos.com.ar\/2021\/se-celebro-el-109o-aniversario-del-cambio-de-nombre-del-distrito\/#primaryimage\",\"url\":\"http:\/\/live.staticflickr.com\/65535\/49015093872_50d481ef77.jpg\",\"contentUrl\":\"http:\/\/live.staticflickr.com\/65535\/49015093872_50d481ef77.jpg\"},{\"@type\":\"BreadcrumbList\",\"@id\":\"https:\/\/www.noticiasradioreflejos.com.ar\/2021\/se-celebro-el-109o-aniversario-del-cambio-de-nombre-del-distrito\/#breadcrumb\",\"itemListElement\":[{\"@type\":\"ListItem\",\"position\":1,\"name\":\"Portada\",\"item\":\"https:\/\/www.noticiasradioreflejos.com.ar\/2021\/\"},{\"@type\":\"ListItem\",\"position\":2,\"name\":\"Se celebr\u00f3 el 109\u00ba aniversario del Cambio de Nombre del Distrito\"}]},{\"@type\":\"WebSite\",\"@id\":\"https:\/\/www.noticiasradioreflejos.com.ar\/2021\/#website\",\"url\":\"https:\/\/www.noticiasradioreflejos.com.ar\/2021\/\",\"name\":\"Noticias Radio Reflejos\",\"description\":\"Las noticias de mi comarca\",\"potentialAction\":[{\"@type\":\"SearchAction\",\"target\":{\"@type\":\"EntryPoint\",\"urlTemplate\":\"https:\/\/www.noticiasradioreflejos.com.ar\/2021\/?s={search_term_string}\"},\"query-input\":{\"@type\":\"PropertyValueSpecification\",\"valueRequired\":true,\"valueName\":\"search_term_string\"}}],\"inLanguage\":\"es\"},{\"@type\":\"Person\",\"@id\":\"https:\/\/www.noticiasradioreflejos.com.ar\/2021\/#\/schema\/person\/ad82545263dcc5ec0996818884fd5fb1\",\"name\":\"Arnaldo Botto\",\"image\":{\"@type\":\"ImageObject\",\"inLanguage\":\"es\",\"@id\":\"https:\/\/www.noticiasradioreflejos.com.ar\/2021\/#\/schema\/person\/image\/\",\"url\":\"https:\/\/secure.gravatar.com\/avatar\/55cb5e37c1efa326397366e6974cb338056df65cb50e7d64d1cf314e87504837?s=96&d=mm&r=g\",\"contentUrl\":\"https:\/\/secure.gravatar.com\/avatar\/55cb5e37c1efa326397366e6974cb338056df65cb50e7d64d1cf314e87504837?s=96&d=mm&r=g\",\"caption\":\"Arnaldo Botto\"},\"url\":\"https:\/\/www.noticiasradioreflejos.com.ar\/2021\/author\/arnaldo\/\"}]}<\/script>\n<!-- \/ Yoast SEO plugin. -->","yoast_head_json":{"title":"Se celebr\u00f3 el 109\u00ba aniversario del Cambio de Nombre del Distrito - Noticias Radio Reflejos","robots":{"index":"index","follow":"follow","max-snippet":"max-snippet:-1","max-image-preview":"max-image-preview:large","max-video-preview":"max-video-preview:-1"},"canonical":"https:\/\/www.noticiasradioreflejos.com.ar\/2021\/se-celebro-el-109o-aniversario-del-cambio-de-nombre-del-distrito\/","og_locale":"es_ES","og_type":"article","og_title":"Se celebr\u00f3 el 109\u00ba aniversario del Cambio de Nombre del Distrito - Noticias Radio Reflejos","og_description":"Hoy lunes 4 de noviembre, el teatro Rodolfo Funke, fue el lugar de encuentro para celebrar un nuevo aniversario del cambio de nombre del Distrito.","og_url":"https:\/\/www.noticiasradioreflejos.com.ar\/2021\/se-celebro-el-109o-aniversario-del-cambio-de-nombre-del-distrito\/","og_site_name":"Noticias Radio Reflejos","article_published_time":"2019-11-04T20:09:28+00:00","og_image":[{"url":"http:\/\/live.staticflickr.com\/65535\/49015093872_50d481ef77.jpg","type":"","width":"","height":""}],"author":"Arnaldo Botto","twitter_card":"summary_large_image","schema":{"@context":"https:\/\/schema.org","@graph":[{"@type":"WebPage","@id":"https:\/\/www.noticiasradioreflejos.com.ar\/2021\/se-celebro-el-109o-aniversario-del-cambio-de-nombre-del-distrito\/","url":"https:\/\/www.noticiasradioreflejos.com.ar\/2021\/se-celebro-el-109o-aniversario-del-cambio-de-nombre-del-distrito\/","name":"Se celebr\u00f3 el 109\u00ba aniversario del Cambio de Nombre del Distrito - Noticias Radio Reflejos","isPartOf":{"@id":"https:\/\/www.noticiasradioreflejos.com.ar\/2021\/#website"},"primaryImageOfPage":{"@id":"https:\/\/www.noticiasradioreflejos.com.ar\/2021\/se-celebro-el-109o-aniversario-del-cambio-de-nombre-del-distrito\/#primaryimage"},"image":{"@id":"https:\/\/www.noticiasradioreflejos.com.ar\/2021\/se-celebro-el-109o-aniversario-del-cambio-de-nombre-del-distrito\/#primaryimage"},"thumbnailUrl":"http:\/\/live.staticflickr.com\/65535\/49015093872_50d481ef77.jpg","datePublished":"2019-11-04T20:09:28+00:00","author":{"@id":"https:\/\/www.noticiasradioreflejos.com.ar\/2021\/#\/schema\/person\/ad82545263dcc5ec0996818884fd5fb1"},"breadcrumb":{"@id":"https:\/\/www.noticiasradioreflejos.com.ar\/2021\/se-celebro-el-109o-aniversario-del-cambio-de-nombre-del-distrito\/#breadcrumb"},"inLanguage":"es","potentialAction":[{"@type":"ReadAction","target":["https:\/\/www.noticiasradioreflejos.com.ar\/2021\/se-celebro-el-109o-aniversario-del-cambio-de-nombre-del-distrito\/"]}]},{"@type":"ImageObject","inLanguage":"es","@id":"https:\/\/www.noticiasradioreflejos.com.ar\/2021\/se-celebro-el-109o-aniversario-del-cambio-de-nombre-del-distrito\/#primaryimage","url":"http:\/\/live.staticflickr.com\/65535\/49015093872_50d481ef77.jpg","contentUrl":"http:\/\/live.staticflickr.com\/65535\/49015093872_50d481ef77.jpg"},{"@type":"BreadcrumbList","@id":"https:\/\/www.noticiasradioreflejos.com.ar\/2021\/se-celebro-el-109o-aniversario-del-cambio-de-nombre-del-distrito\/#breadcrumb","itemListElement":[{"@type":"ListItem","position":1,"name":"Portada","item":"https:\/\/www.noticiasradioreflejos.com.ar\/2021\/"},{"@type":"ListItem","position":2,"name":"Se celebr\u00f3 el 109\u00ba aniversario del Cambio de Nombre del Distrito"}]},{"@type":"WebSite","@id":"https:\/\/www.noticiasradioreflejos.com.ar\/2021\/#website","url":"https:\/\/www.noticiasradioreflejos.com.ar\/2021\/","name":"Noticias Radio Reflejos","description":"Las noticias de mi comarca","potentialAction":[{"@type":"SearchAction","target":{"@type":"EntryPoint","urlTemplate":"https:\/\/www.noticiasradioreflejos.com.ar\/2021\/?s={search_term_string}"},"query-input":{"@type":"PropertyValueSpecification","valueRequired":true,"valueName":"search_term_string"}}],"inLanguage":"es"},{"@type":"Person","@id":"https:\/\/www.noticiasradioreflejos.com.ar\/2021\/#\/schema\/person\/ad82545263dcc5ec0996818884fd5fb1","name":"Arnaldo Botto","image":{"@type":"ImageObject","inLanguage":"es","@id":"https:\/\/www.noticiasradioreflejos.com.ar\/2021\/#\/schema\/person\/image\/","url":"https:\/\/secure.gravatar.com\/avatar\/55cb5e37c1efa326397366e6974cb338056df65cb50e7d64d1cf314e87504837?s=96&d=mm&r=g","contentUrl":"https:\/\/secure.gravatar.com\/avatar\/55cb5e37c1efa326397366e6974cb338056df65cb50e7d64d1cf314e87504837?s=96&d=mm&r=g","caption":"Arnaldo Botto"},"url":"https:\/\/www.noticiasradioreflejos.com.ar\/2021\/author\/arnaldo\/"}]}},"_links":{"self":[{"href":"https:\/\/www.noticiasradioreflejos.com.ar\/2021\/wp-json\/wp\/v2\/posts\/36122","targetHints":{"allow":["GET"]}}],"collection":[{"href":"https:\/\/www.noticiasradioreflejos.com.ar\/2021\/wp-json\/wp\/v2\/posts"}],"about":[{"href":"https:\/\/www.noticiasradioreflejos.com.ar\/2021\/wp-json\/wp\/v2\/types\/post"}],"author":[{"embeddable":true,"href":"https:\/\/www.noticiasradioreflejos.com.ar\/2021\/wp-json\/wp\/v2\/users\/3"}],"replies":[{"embeddable":true,"href":"https:\/\/www.noticiasradioreflejos.com.ar\/2021\/wp-json\/wp\/v2\/comments?post=36122"}],"version-history":[{"count":0,"href":"https:\/\/www.noticiasradioreflejos.com.ar\/2021\/wp-json\/wp\/v2\/posts\/36122\/revisions"}],"wp:attachment":[{"href":"https:\/\/www.noticiasradioreflejos.com.ar\/2021\/wp-json\/wp\/v2\/media?parent=36122"}],"wp:term":[{"taxonomy":"category","embeddable":true,"href":"https:\/\/www.noticiasradioreflejos.com.ar\/2021\/wp-json\/wp\/v2\/categories?post=36122"},{"taxonomy":"post_tag","embeddable":true,"href":"https:\/\/www.noticiasradioreflejos.com.ar\/2021\/wp-json\/wp\/v2\/tags?post=36122"}],"curies":[{"name":"wp","href":"https:\/\/api.w.org\/{rel}","templated":true}]}}