{"id":36119,"date":"2019-11-04T17:04:47","date_gmt":"2019-11-04T20:04:47","guid":{"rendered":"http:\/\/www.noticiasradioreflejos.com.ar\/noticias\/?p=36119"},"modified":"2019-11-04T17:04:47","modified_gmt":"2019-11-04T20:04:47","slug":"capacitacion-de-docentes-de-5o-y-6o-ano-del-distrito","status":"publish","type":"post","link":"https:\/\/www.noticiasradioreflejos.com.ar\/2021\/capacitacion-de-docentes-de-5o-y-6o-ano-del-distrito\/","title":{"rendered":"Capacitaci\u00f3n de docentes de  5\u00ba Y 6\u00ba A\u00d1O del distrito."},"content":{"rendered":"<p><a title=\"thumbnail (2)\" href=\"http:\/\/live.staticflickr.com\/65535\/49015075612_18ff16925d_s.jpg\" rel=\"\"><img loading=\"lazy\" decoding=\"async\" class=\"alignleft\" style=\"float: left;\" title=\"thumbnail (2)\" src=\"http:\/\/live.staticflickr.com\/65535\/49015075612_18ff16925d.jpg\" alt=\"thumbnail (2)\" width=\"500\" height=\"375\" \/><\/a>Jefatura Distrital informa que en el d\u00eda de la fecha se desarroll\u00f3 una Capacitaci\u00f3n sobre L\u00cdNEAS DE SOCIALIZACI\u00d3N DE EXPERIENCIAS PEDAG\u00d3GICAS INNOVADORAS Y DESARROLLO DE MATERIALES, organizada por el departamento de Humanidades de la UNS,<!--more-->a trav\u00e9s del Programa NEXOS. La propuesta consisti\u00f3 en abordar los procesos cognitivos que intervienen, tanto en su elaboraci\u00f3n por parte del docente como en la resoluci\u00f3n de los alumnos. Estuvo dirigida a todos los docentes de 5\u00ba y 6\u00ba a\u00f1o de las escuelas secundarias, t\u00e9cnica y agraria, de Gesti\u00f3n p\u00fablica y privada de nuestro distrito. Agradecemos la participaci\u00f3n a todos los asistentes.<br \/>\nJefatura Distrital<br \/>\nTornquist, 4 de noviembre de 2019.<\/p>\n","protected":false},"excerpt":{"rendered":"<p>Jefatura Distrital informa que en el d\u00eda de la fecha se desarroll\u00f3 una Capacitaci\u00f3n sobre L\u00cdNEAS DE SOCIALIZACI\u00d3N DE EXPERIENCIAS PEDAG\u00d3GICAS INNOVADORAS Y DESARROLLO DE MATERIALES, organizada por el departamento de Humanidades de la UNS,<\/p>\n","protected":false},"author":3,"featured_media":0,"comment_status":"closed","ping_status":"open","sticky":false,"template":"","format":"standard","meta":{"footnotes":""},"categories":[34],"tags":[],"class_list":["post-36119","post","type-post","status-publish","format-standard","hentry","category-educacion"],"yoast_head":"<!-- This site is optimized with the Yoast SEO plugin v25.9 - https:\/\/yoast.com\/wordpress\/plugins\/seo\/ -->\n<title>Capacitaci\u00f3n de docentes de 5\u00ba Y 6\u00ba A\u00d1O del distrito. - Noticias Radio Reflejos<\/title>\n<meta name=\"robots\" content=\"index, follow, max-snippet:-1, max-image-preview:large, max-video-preview:-1\" \/>\n<link rel=\"canonical\" href=\"https:\/\/www.noticiasradioreflejos.com.ar\/2021\/capacitacion-de-docentes-de-5o-y-6o-ano-del-distrito\/\" \/>\n<meta property=\"og:locale\" content=\"es_ES\" \/>\n<meta property=\"og:type\" content=\"article\" \/>\n<meta property=\"og:title\" content=\"Capacitaci\u00f3n de docentes de 5\u00ba Y 6\u00ba A\u00d1O del distrito. - Noticias Radio Reflejos\" \/>\n<meta property=\"og:description\" content=\"Jefatura Distrital informa que en el d\u00eda de la fecha se desarroll\u00f3 una Capacitaci\u00f3n sobre L\u00cdNEAS DE SOCIALIZACI\u00d3N DE EXPERIENCIAS PEDAG\u00d3GICAS INNOVADORAS Y DESARROLLO DE MATERIALES, organizada por el departamento de Humanidades de la UNS,\" \/>\n<meta property=\"og:url\" content=\"https:\/\/www.noticiasradioreflejos.com.ar\/2021\/capacitacion-de-docentes-de-5o-y-6o-ano-del-distrito\/\" \/>\n<meta property=\"og:site_name\" content=\"Noticias Radio Reflejos\" \/>\n<meta property=\"article:published_time\" content=\"2019-11-04T20:04:47+00:00\" \/>\n<meta property=\"og:image\" content=\"http:\/\/live.staticflickr.com\/65535\/49015075612_18ff16925d.jpg\" \/>\n<meta name=\"author\" content=\"Arnaldo Botto\" \/>\n<meta name=\"twitter:card\" content=\"summary_large_image\" \/>\n<script type=\"application\/ld+json\" class=\"yoast-schema-graph\">{\"@context\":\"https:\/\/schema.org\",\"@graph\":[{\"@type\":\"WebPage\",\"@id\":\"https:\/\/www.noticiasradioreflejos.com.ar\/2021\/capacitacion-de-docentes-de-5o-y-6o-ano-del-distrito\/\",\"url\":\"https:\/\/www.noticiasradioreflejos.com.ar\/2021\/capacitacion-de-docentes-de-5o-y-6o-ano-del-distrito\/\",\"name\":\"Capacitaci\u00f3n de docentes de 5\u00ba Y 6\u00ba A\u00d1O del distrito. - Noticias Radio Reflejos\",\"isPartOf\":{\"@id\":\"https:\/\/www.noticiasradioreflejos.com.ar\/2021\/#website\"},\"primaryImageOfPage\":{\"@id\":\"https:\/\/www.noticiasradioreflejos.com.ar\/2021\/capacitacion-de-docentes-de-5o-y-6o-ano-del-distrito\/#primaryimage\"},\"image\":{\"@id\":\"https:\/\/www.noticiasradioreflejos.com.ar\/2021\/capacitacion-de-docentes-de-5o-y-6o-ano-del-distrito\/#primaryimage\"},\"thumbnailUrl\":\"http:\/\/live.staticflickr.com\/65535\/49015075612_18ff16925d.jpg\",\"datePublished\":\"2019-11-04T20:04:47+00:00\",\"author\":{\"@id\":\"https:\/\/www.noticiasradioreflejos.com.ar\/2021\/#\/schema\/person\/ad82545263dcc5ec0996818884fd5fb1\"},\"breadcrumb\":{\"@id\":\"https:\/\/www.noticiasradioreflejos.com.ar\/2021\/capacitacion-de-docentes-de-5o-y-6o-ano-del-distrito\/#breadcrumb\"},\"inLanguage\":\"es\",\"potentialAction\":[{\"@type\":\"ReadAction\",\"target\":[\"https:\/\/www.noticiasradioreflejos.com.ar\/2021\/capacitacion-de-docentes-de-5o-y-6o-ano-del-distrito\/\"]}]},{\"@type\":\"ImageObject\",\"inLanguage\":\"es\",\"@id\":\"https:\/\/www.noticiasradioreflejos.com.ar\/2021\/capacitacion-de-docentes-de-5o-y-6o-ano-del-distrito\/#primaryimage\",\"url\":\"http:\/\/live.staticflickr.com\/65535\/49015075612_18ff16925d.jpg\",\"contentUrl\":\"http:\/\/live.staticflickr.com\/65535\/49015075612_18ff16925d.jpg\"},{\"@type\":\"BreadcrumbList\",\"@id\":\"https:\/\/www.noticiasradioreflejos.com.ar\/2021\/capacitacion-de-docentes-de-5o-y-6o-ano-del-distrito\/#breadcrumb\",\"itemListElement\":[{\"@type\":\"ListItem\",\"position\":1,\"name\":\"Portada\",\"item\":\"https:\/\/www.noticiasradioreflejos.com.ar\/2021\/\"},{\"@type\":\"ListItem\",\"position\":2,\"name\":\"Capacitaci\u00f3n de docentes de 5\u00ba Y 6\u00ba A\u00d1O del distrito.\"}]},{\"@type\":\"WebSite\",\"@id\":\"https:\/\/www.noticiasradioreflejos.com.ar\/2021\/#website\",\"url\":\"https:\/\/www.noticiasradioreflejos.com.ar\/2021\/\",\"name\":\"Noticias Radio Reflejos\",\"description\":\"Las noticias de mi comarca\",\"potentialAction\":[{\"@type\":\"SearchAction\",\"target\":{\"@type\":\"EntryPoint\",\"urlTemplate\":\"https:\/\/www.noticiasradioreflejos.com.ar\/2021\/?s={search_term_string}\"},\"query-input\":{\"@type\":\"PropertyValueSpecification\",\"valueRequired\":true,\"valueName\":\"search_term_string\"}}],\"inLanguage\":\"es\"},{\"@type\":\"Person\",\"@id\":\"https:\/\/www.noticiasradioreflejos.com.ar\/2021\/#\/schema\/person\/ad82545263dcc5ec0996818884fd5fb1\",\"name\":\"Arnaldo Botto\",\"image\":{\"@type\":\"ImageObject\",\"inLanguage\":\"es\",\"@id\":\"https:\/\/www.noticiasradioreflejos.com.ar\/2021\/#\/schema\/person\/image\/\",\"url\":\"https:\/\/secure.gravatar.com\/avatar\/55cb5e37c1efa326397366e6974cb338056df65cb50e7d64d1cf314e87504837?s=96&d=mm&r=g\",\"contentUrl\":\"https:\/\/secure.gravatar.com\/avatar\/55cb5e37c1efa326397366e6974cb338056df65cb50e7d64d1cf314e87504837?s=96&d=mm&r=g\",\"caption\":\"Arnaldo Botto\"},\"url\":\"https:\/\/www.noticiasradioreflejos.com.ar\/2021\/author\/arnaldo\/\"}]}<\/script>\n<!-- \/ Yoast SEO plugin. -->","yoast_head_json":{"title":"Capacitaci\u00f3n de docentes de 5\u00ba Y 6\u00ba A\u00d1O del distrito. - Noticias Radio Reflejos","robots":{"index":"index","follow":"follow","max-snippet":"max-snippet:-1","max-image-preview":"max-image-preview:large","max-video-preview":"max-video-preview:-1"},"canonical":"https:\/\/www.noticiasradioreflejos.com.ar\/2021\/capacitacion-de-docentes-de-5o-y-6o-ano-del-distrito\/","og_locale":"es_ES","og_type":"article","og_title":"Capacitaci\u00f3n de docentes de 5\u00ba Y 6\u00ba A\u00d1O del distrito. - Noticias Radio Reflejos","og_description":"Jefatura Distrital informa que en el d\u00eda de la fecha se desarroll\u00f3 una Capacitaci\u00f3n sobre L\u00cdNEAS DE SOCIALIZACI\u00d3N DE EXPERIENCIAS PEDAG\u00d3GICAS INNOVADORAS Y DESARROLLO DE MATERIALES, organizada por el departamento de Humanidades de la UNS,","og_url":"https:\/\/www.noticiasradioreflejos.com.ar\/2021\/capacitacion-de-docentes-de-5o-y-6o-ano-del-distrito\/","og_site_name":"Noticias Radio Reflejos","article_published_time":"2019-11-04T20:04:47+00:00","og_image":[{"url":"http:\/\/live.staticflickr.com\/65535\/49015075612_18ff16925d.jpg","type":"","width":"","height":""}],"author":"Arnaldo Botto","twitter_card":"summary_large_image","schema":{"@context":"https:\/\/schema.org","@graph":[{"@type":"WebPage","@id":"https:\/\/www.noticiasradioreflejos.com.ar\/2021\/capacitacion-de-docentes-de-5o-y-6o-ano-del-distrito\/","url":"https:\/\/www.noticiasradioreflejos.com.ar\/2021\/capacitacion-de-docentes-de-5o-y-6o-ano-del-distrito\/","name":"Capacitaci\u00f3n de docentes de 5\u00ba Y 6\u00ba A\u00d1O del distrito. - Noticias Radio Reflejos","isPartOf":{"@id":"https:\/\/www.noticiasradioreflejos.com.ar\/2021\/#website"},"primaryImageOfPage":{"@id":"https:\/\/www.noticiasradioreflejos.com.ar\/2021\/capacitacion-de-docentes-de-5o-y-6o-ano-del-distrito\/#primaryimage"},"image":{"@id":"https:\/\/www.noticiasradioreflejos.com.ar\/2021\/capacitacion-de-docentes-de-5o-y-6o-ano-del-distrito\/#primaryimage"},"thumbnailUrl":"http:\/\/live.staticflickr.com\/65535\/49015075612_18ff16925d.jpg","datePublished":"2019-11-04T20:04:47+00:00","author":{"@id":"https:\/\/www.noticiasradioreflejos.com.ar\/2021\/#\/schema\/person\/ad82545263dcc5ec0996818884fd5fb1"},"breadcrumb":{"@id":"https:\/\/www.noticiasradioreflejos.com.ar\/2021\/capacitacion-de-docentes-de-5o-y-6o-ano-del-distrito\/#breadcrumb"},"inLanguage":"es","potentialAction":[{"@type":"ReadAction","target":["https:\/\/www.noticiasradioreflejos.com.ar\/2021\/capacitacion-de-docentes-de-5o-y-6o-ano-del-distrito\/"]}]},{"@type":"ImageObject","inLanguage":"es","@id":"https:\/\/www.noticiasradioreflejos.com.ar\/2021\/capacitacion-de-docentes-de-5o-y-6o-ano-del-distrito\/#primaryimage","url":"http:\/\/live.staticflickr.com\/65535\/49015075612_18ff16925d.jpg","contentUrl":"http:\/\/live.staticflickr.com\/65535\/49015075612_18ff16925d.jpg"},{"@type":"BreadcrumbList","@id":"https:\/\/www.noticiasradioreflejos.com.ar\/2021\/capacitacion-de-docentes-de-5o-y-6o-ano-del-distrito\/#breadcrumb","itemListElement":[{"@type":"ListItem","position":1,"name":"Portada","item":"https:\/\/www.noticiasradioreflejos.com.ar\/2021\/"},{"@type":"ListItem","position":2,"name":"Capacitaci\u00f3n de docentes de 5\u00ba Y 6\u00ba A\u00d1O del distrito."}]},{"@type":"WebSite","@id":"https:\/\/www.noticiasradioreflejos.com.ar\/2021\/#website","url":"https:\/\/www.noticiasradioreflejos.com.ar\/2021\/","name":"Noticias Radio Reflejos","description":"Las noticias de mi comarca","potentialAction":[{"@type":"SearchAction","target":{"@type":"EntryPoint","urlTemplate":"https:\/\/www.noticiasradioreflejos.com.ar\/2021\/?s={search_term_string}"},"query-input":{"@type":"PropertyValueSpecification","valueRequired":true,"valueName":"search_term_string"}}],"inLanguage":"es"},{"@type":"Person","@id":"https:\/\/www.noticiasradioreflejos.com.ar\/2021\/#\/schema\/person\/ad82545263dcc5ec0996818884fd5fb1","name":"Arnaldo Botto","image":{"@type":"ImageObject","inLanguage":"es","@id":"https:\/\/www.noticiasradioreflejos.com.ar\/2021\/#\/schema\/person\/image\/","url":"https:\/\/secure.gravatar.com\/avatar\/55cb5e37c1efa326397366e6974cb338056df65cb50e7d64d1cf314e87504837?s=96&d=mm&r=g","contentUrl":"https:\/\/secure.gravatar.com\/avatar\/55cb5e37c1efa326397366e6974cb338056df65cb50e7d64d1cf314e87504837?s=96&d=mm&r=g","caption":"Arnaldo Botto"},"url":"https:\/\/www.noticiasradioreflejos.com.ar\/2021\/author\/arnaldo\/"}]}},"_links":{"self":[{"href":"https:\/\/www.noticiasradioreflejos.com.ar\/2021\/wp-json\/wp\/v2\/posts\/36119","targetHints":{"allow":["GET"]}}],"collection":[{"href":"https:\/\/www.noticiasradioreflejos.com.ar\/2021\/wp-json\/wp\/v2\/posts"}],"about":[{"href":"https:\/\/www.noticiasradioreflejos.com.ar\/2021\/wp-json\/wp\/v2\/types\/post"}],"author":[{"embeddable":true,"href":"https:\/\/www.noticiasradioreflejos.com.ar\/2021\/wp-json\/wp\/v2\/users\/3"}],"replies":[{"embeddable":true,"href":"https:\/\/www.noticiasradioreflejos.com.ar\/2021\/wp-json\/wp\/v2\/comments?post=36119"}],"version-history":[{"count":0,"href":"https:\/\/www.noticiasradioreflejos.com.ar\/2021\/wp-json\/wp\/v2\/posts\/36119\/revisions"}],"wp:attachment":[{"href":"https:\/\/www.noticiasradioreflejos.com.ar\/2021\/wp-json\/wp\/v2\/media?parent=36119"}],"wp:term":[{"taxonomy":"category","embeddable":true,"href":"https:\/\/www.noticiasradioreflejos.com.ar\/2021\/wp-json\/wp\/v2\/categories?post=36119"},{"taxonomy":"post_tag","embeddable":true,"href":"https:\/\/www.noticiasradioreflejos.com.ar\/2021\/wp-json\/wp\/v2\/tags?post=36119"}],"curies":[{"name":"wp","href":"https:\/\/api.w.org\/{rel}","templated":true}]}}