{"id":36104,"date":"2019-11-04T08:10:38","date_gmt":"2019-11-04T11:10:38","guid":{"rendered":"http:\/\/www.noticiasradioreflejos.com.ar\/noticias\/?p=36104"},"modified":"2019-11-04T08:10:38","modified_gmt":"2019-11-04T11:10:38","slug":"xi-carrera-aventura-y-caminata-aerobica-solidaria-en-villa-ventana","status":"publish","type":"post","link":"https:\/\/www.noticiasradioreflejos.com.ar\/2021\/xi-carrera-aventura-y-caminata-aerobica-solidaria-en-villa-ventana\/","title":{"rendered":"XI Carrera aventura y caminata aer\u00f3bica solidaria en Villa Ventana."},"content":{"rendered":"<p><a title=\"Imprimir\" href=\"http:\/\/live.staticflickr.com\/65535\/49012220786_2c88cf9d5d_s.jpg\" rel=\"\"><img loading=\"lazy\" decoding=\"async\" class=\"alignleft\" style=\"float: left;\" title=\"Imprimir\" src=\"http:\/\/live.staticflickr.com\/65535\/49012220786_2c88cf9d5d.jpg\" alt=\"Imprimir\" width=\"500\" height=\"500\" \/><\/a>Como todos los a\u00f1os, la Cooperadora de la Unidad Sanitaria de Villa Ventana organiza una nueva edici\u00f3n de la Carrera aventura y caminata aer\u00f3bica solidaria. Este a\u00f1o se realizar\u00e1 el pr\u00f3ximo domingo 10 de noviembre.<!--more--><br \/>\nEl objetivo fundamental es seguir cooperando con el Municipio para brindar un servicio de salud de calidad. Gracias al aporte de comerciantes, vecinos, turistas, corredores, caminantes, Municipio, auspiciantes de la Comarca Serrana y de Bah\u00eda Blanca, pudimos concretar nuestro objetivo, que fue la compra de un ec\u00f3grafo, una impresora para el equipo y la mesa correspondiente.<br \/>\nAdem\u00e1s, cortinas black out para algunas instalaciones de la sala.<br \/>\nTodav\u00eda queda mucho por hacer, juntos continuaremos trabajando. Invitamos a todos a disfrutar de este evento saludable declarado de inter\u00e9s Municipal y Provincial.<br \/>\n<strong><strong>Liliana G.Teijeiro<br \/>\nPresidenta Cooperadora <\/strong><\/strong><\/p>\n","protected":false},"excerpt":{"rendered":"<p>Como todos los a\u00f1os, la Cooperadora de la Unidad Sanitaria de Villa Ventana organiza una nueva edici\u00f3n de la Carrera aventura y caminata aer\u00f3bica solidaria. Este a\u00f1o se realizar\u00e1 el pr\u00f3ximo domingo 10 de noviembre.<\/p>\n","protected":false},"author":3,"featured_media":0,"comment_status":"closed","ping_status":"open","sticky":false,"template":"","format":"standard","meta":{"footnotes":""},"categories":[27],"tags":[],"class_list":["post-36104","post","type-post","status-publish","format-standard","hentry","category-deportes"],"yoast_head":"<!-- This site is optimized with the Yoast SEO plugin v25.9 - https:\/\/yoast.com\/wordpress\/plugins\/seo\/ -->\n<title>XI Carrera aventura y caminata aer\u00f3bica solidaria en Villa Ventana. - Noticias Radio Reflejos<\/title>\n<meta name=\"robots\" content=\"index, follow, max-snippet:-1, max-image-preview:large, max-video-preview:-1\" \/>\n<link rel=\"canonical\" href=\"https:\/\/www.noticiasradioreflejos.com.ar\/2021\/xi-carrera-aventura-y-caminata-aerobica-solidaria-en-villa-ventana\/\" \/>\n<meta property=\"og:locale\" content=\"es_ES\" \/>\n<meta property=\"og:type\" content=\"article\" \/>\n<meta property=\"og:title\" content=\"XI Carrera aventura y caminata aer\u00f3bica solidaria en Villa Ventana. - Noticias Radio Reflejos\" \/>\n<meta property=\"og:description\" content=\"Como todos los a\u00f1os, la Cooperadora de la Unidad Sanitaria de Villa Ventana organiza una nueva edici\u00f3n de la Carrera aventura y caminata aer\u00f3bica solidaria. Este a\u00f1o se realizar\u00e1 el pr\u00f3ximo domingo 10 de noviembre.\" \/>\n<meta property=\"og:url\" content=\"https:\/\/www.noticiasradioreflejos.com.ar\/2021\/xi-carrera-aventura-y-caminata-aerobica-solidaria-en-villa-ventana\/\" \/>\n<meta property=\"og:site_name\" content=\"Noticias Radio Reflejos\" \/>\n<meta property=\"article:published_time\" content=\"2019-11-04T11:10:38+00:00\" \/>\n<meta property=\"og:image\" content=\"http:\/\/live.staticflickr.com\/65535\/49012220786_2c88cf9d5d.jpg\" \/>\n<meta name=\"author\" content=\"Arnaldo Botto\" \/>\n<meta name=\"twitter:card\" content=\"summary_large_image\" \/>\n<script type=\"application\/ld+json\" class=\"yoast-schema-graph\">{\"@context\":\"https:\/\/schema.org\",\"@graph\":[{\"@type\":\"WebPage\",\"@id\":\"https:\/\/www.noticiasradioreflejos.com.ar\/2021\/xi-carrera-aventura-y-caminata-aerobica-solidaria-en-villa-ventana\/\",\"url\":\"https:\/\/www.noticiasradioreflejos.com.ar\/2021\/xi-carrera-aventura-y-caminata-aerobica-solidaria-en-villa-ventana\/\",\"name\":\"XI Carrera aventura y caminata aer\u00f3bica solidaria en Villa Ventana. - Noticias Radio Reflejos\",\"isPartOf\":{\"@id\":\"https:\/\/www.noticiasradioreflejos.com.ar\/2021\/#website\"},\"primaryImageOfPage\":{\"@id\":\"https:\/\/www.noticiasradioreflejos.com.ar\/2021\/xi-carrera-aventura-y-caminata-aerobica-solidaria-en-villa-ventana\/#primaryimage\"},\"image\":{\"@id\":\"https:\/\/www.noticiasradioreflejos.com.ar\/2021\/xi-carrera-aventura-y-caminata-aerobica-solidaria-en-villa-ventana\/#primaryimage\"},\"thumbnailUrl\":\"http:\/\/live.staticflickr.com\/65535\/49012220786_2c88cf9d5d.jpg\",\"datePublished\":\"2019-11-04T11:10:38+00:00\",\"author\":{\"@id\":\"https:\/\/www.noticiasradioreflejos.com.ar\/2021\/#\/schema\/person\/ad82545263dcc5ec0996818884fd5fb1\"},\"breadcrumb\":{\"@id\":\"https:\/\/www.noticiasradioreflejos.com.ar\/2021\/xi-carrera-aventura-y-caminata-aerobica-solidaria-en-villa-ventana\/#breadcrumb\"},\"inLanguage\":\"es\",\"potentialAction\":[{\"@type\":\"ReadAction\",\"target\":[\"https:\/\/www.noticiasradioreflejos.com.ar\/2021\/xi-carrera-aventura-y-caminata-aerobica-solidaria-en-villa-ventana\/\"]}]},{\"@type\":\"ImageObject\",\"inLanguage\":\"es\",\"@id\":\"https:\/\/www.noticiasradioreflejos.com.ar\/2021\/xi-carrera-aventura-y-caminata-aerobica-solidaria-en-villa-ventana\/#primaryimage\",\"url\":\"http:\/\/live.staticflickr.com\/65535\/49012220786_2c88cf9d5d.jpg\",\"contentUrl\":\"http:\/\/live.staticflickr.com\/65535\/49012220786_2c88cf9d5d.jpg\"},{\"@type\":\"BreadcrumbList\",\"@id\":\"https:\/\/www.noticiasradioreflejos.com.ar\/2021\/xi-carrera-aventura-y-caminata-aerobica-solidaria-en-villa-ventana\/#breadcrumb\",\"itemListElement\":[{\"@type\":\"ListItem\",\"position\":1,\"name\":\"Portada\",\"item\":\"https:\/\/www.noticiasradioreflejos.com.ar\/2021\/\"},{\"@type\":\"ListItem\",\"position\":2,\"name\":\"XI Carrera aventura y caminata aer\u00f3bica solidaria en Villa Ventana.\"}]},{\"@type\":\"WebSite\",\"@id\":\"https:\/\/www.noticiasradioreflejos.com.ar\/2021\/#website\",\"url\":\"https:\/\/www.noticiasradioreflejos.com.ar\/2021\/\",\"name\":\"Noticias Radio Reflejos\",\"description\":\"Las noticias de mi comarca\",\"potentialAction\":[{\"@type\":\"SearchAction\",\"target\":{\"@type\":\"EntryPoint\",\"urlTemplate\":\"https:\/\/www.noticiasradioreflejos.com.ar\/2021\/?s={search_term_string}\"},\"query-input\":{\"@type\":\"PropertyValueSpecification\",\"valueRequired\":true,\"valueName\":\"search_term_string\"}}],\"inLanguage\":\"es\"},{\"@type\":\"Person\",\"@id\":\"https:\/\/www.noticiasradioreflejos.com.ar\/2021\/#\/schema\/person\/ad82545263dcc5ec0996818884fd5fb1\",\"name\":\"Arnaldo Botto\",\"image\":{\"@type\":\"ImageObject\",\"inLanguage\":\"es\",\"@id\":\"https:\/\/www.noticiasradioreflejos.com.ar\/2021\/#\/schema\/person\/image\/\",\"url\":\"https:\/\/secure.gravatar.com\/avatar\/55cb5e37c1efa326397366e6974cb338056df65cb50e7d64d1cf314e87504837?s=96&d=mm&r=g\",\"contentUrl\":\"https:\/\/secure.gravatar.com\/avatar\/55cb5e37c1efa326397366e6974cb338056df65cb50e7d64d1cf314e87504837?s=96&d=mm&r=g\",\"caption\":\"Arnaldo Botto\"},\"url\":\"https:\/\/www.noticiasradioreflejos.com.ar\/2021\/author\/arnaldo\/\"}]}<\/script>\n<!-- \/ Yoast SEO plugin. -->","yoast_head_json":{"title":"XI Carrera aventura y caminata aer\u00f3bica solidaria en Villa Ventana. - Noticias Radio Reflejos","robots":{"index":"index","follow":"follow","max-snippet":"max-snippet:-1","max-image-preview":"max-image-preview:large","max-video-preview":"max-video-preview:-1"},"canonical":"https:\/\/www.noticiasradioreflejos.com.ar\/2021\/xi-carrera-aventura-y-caminata-aerobica-solidaria-en-villa-ventana\/","og_locale":"es_ES","og_type":"article","og_title":"XI Carrera aventura y caminata aer\u00f3bica solidaria en Villa Ventana. - Noticias Radio Reflejos","og_description":"Como todos los a\u00f1os, la Cooperadora de la Unidad Sanitaria de Villa Ventana organiza una nueva edici\u00f3n de la Carrera aventura y caminata aer\u00f3bica solidaria. Este a\u00f1o se realizar\u00e1 el pr\u00f3ximo domingo 10 de noviembre.","og_url":"https:\/\/www.noticiasradioreflejos.com.ar\/2021\/xi-carrera-aventura-y-caminata-aerobica-solidaria-en-villa-ventana\/","og_site_name":"Noticias Radio Reflejos","article_published_time":"2019-11-04T11:10:38+00:00","og_image":[{"url":"http:\/\/live.staticflickr.com\/65535\/49012220786_2c88cf9d5d.jpg","type":"","width":"","height":""}],"author":"Arnaldo Botto","twitter_card":"summary_large_image","schema":{"@context":"https:\/\/schema.org","@graph":[{"@type":"WebPage","@id":"https:\/\/www.noticiasradioreflejos.com.ar\/2021\/xi-carrera-aventura-y-caminata-aerobica-solidaria-en-villa-ventana\/","url":"https:\/\/www.noticiasradioreflejos.com.ar\/2021\/xi-carrera-aventura-y-caminata-aerobica-solidaria-en-villa-ventana\/","name":"XI Carrera aventura y caminata aer\u00f3bica solidaria en Villa Ventana. - Noticias Radio Reflejos","isPartOf":{"@id":"https:\/\/www.noticiasradioreflejos.com.ar\/2021\/#website"},"primaryImageOfPage":{"@id":"https:\/\/www.noticiasradioreflejos.com.ar\/2021\/xi-carrera-aventura-y-caminata-aerobica-solidaria-en-villa-ventana\/#primaryimage"},"image":{"@id":"https:\/\/www.noticiasradioreflejos.com.ar\/2021\/xi-carrera-aventura-y-caminata-aerobica-solidaria-en-villa-ventana\/#primaryimage"},"thumbnailUrl":"http:\/\/live.staticflickr.com\/65535\/49012220786_2c88cf9d5d.jpg","datePublished":"2019-11-04T11:10:38+00:00","author":{"@id":"https:\/\/www.noticiasradioreflejos.com.ar\/2021\/#\/schema\/person\/ad82545263dcc5ec0996818884fd5fb1"},"breadcrumb":{"@id":"https:\/\/www.noticiasradioreflejos.com.ar\/2021\/xi-carrera-aventura-y-caminata-aerobica-solidaria-en-villa-ventana\/#breadcrumb"},"inLanguage":"es","potentialAction":[{"@type":"ReadAction","target":["https:\/\/www.noticiasradioreflejos.com.ar\/2021\/xi-carrera-aventura-y-caminata-aerobica-solidaria-en-villa-ventana\/"]}]},{"@type":"ImageObject","inLanguage":"es","@id":"https:\/\/www.noticiasradioreflejos.com.ar\/2021\/xi-carrera-aventura-y-caminata-aerobica-solidaria-en-villa-ventana\/#primaryimage","url":"http:\/\/live.staticflickr.com\/65535\/49012220786_2c88cf9d5d.jpg","contentUrl":"http:\/\/live.staticflickr.com\/65535\/49012220786_2c88cf9d5d.jpg"},{"@type":"BreadcrumbList","@id":"https:\/\/www.noticiasradioreflejos.com.ar\/2021\/xi-carrera-aventura-y-caminata-aerobica-solidaria-en-villa-ventana\/#breadcrumb","itemListElement":[{"@type":"ListItem","position":1,"name":"Portada","item":"https:\/\/www.noticiasradioreflejos.com.ar\/2021\/"},{"@type":"ListItem","position":2,"name":"XI Carrera aventura y caminata aer\u00f3bica solidaria en Villa Ventana."}]},{"@type":"WebSite","@id":"https:\/\/www.noticiasradioreflejos.com.ar\/2021\/#website","url":"https:\/\/www.noticiasradioreflejos.com.ar\/2021\/","name":"Noticias Radio Reflejos","description":"Las noticias de mi comarca","potentialAction":[{"@type":"SearchAction","target":{"@type":"EntryPoint","urlTemplate":"https:\/\/www.noticiasradioreflejos.com.ar\/2021\/?s={search_term_string}"},"query-input":{"@type":"PropertyValueSpecification","valueRequired":true,"valueName":"search_term_string"}}],"inLanguage":"es"},{"@type":"Person","@id":"https:\/\/www.noticiasradioreflejos.com.ar\/2021\/#\/schema\/person\/ad82545263dcc5ec0996818884fd5fb1","name":"Arnaldo Botto","image":{"@type":"ImageObject","inLanguage":"es","@id":"https:\/\/www.noticiasradioreflejos.com.ar\/2021\/#\/schema\/person\/image\/","url":"https:\/\/secure.gravatar.com\/avatar\/55cb5e37c1efa326397366e6974cb338056df65cb50e7d64d1cf314e87504837?s=96&d=mm&r=g","contentUrl":"https:\/\/secure.gravatar.com\/avatar\/55cb5e37c1efa326397366e6974cb338056df65cb50e7d64d1cf314e87504837?s=96&d=mm&r=g","caption":"Arnaldo Botto"},"url":"https:\/\/www.noticiasradioreflejos.com.ar\/2021\/author\/arnaldo\/"}]}},"_links":{"self":[{"href":"https:\/\/www.noticiasradioreflejos.com.ar\/2021\/wp-json\/wp\/v2\/posts\/36104","targetHints":{"allow":["GET"]}}],"collection":[{"href":"https:\/\/www.noticiasradioreflejos.com.ar\/2021\/wp-json\/wp\/v2\/posts"}],"about":[{"href":"https:\/\/www.noticiasradioreflejos.com.ar\/2021\/wp-json\/wp\/v2\/types\/post"}],"author":[{"embeddable":true,"href":"https:\/\/www.noticiasradioreflejos.com.ar\/2021\/wp-json\/wp\/v2\/users\/3"}],"replies":[{"embeddable":true,"href":"https:\/\/www.noticiasradioreflejos.com.ar\/2021\/wp-json\/wp\/v2\/comments?post=36104"}],"version-history":[{"count":0,"href":"https:\/\/www.noticiasradioreflejos.com.ar\/2021\/wp-json\/wp\/v2\/posts\/36104\/revisions"}],"wp:attachment":[{"href":"https:\/\/www.noticiasradioreflejos.com.ar\/2021\/wp-json\/wp\/v2\/media?parent=36104"}],"wp:term":[{"taxonomy":"category","embeddable":true,"href":"https:\/\/www.noticiasradioreflejos.com.ar\/2021\/wp-json\/wp\/v2\/categories?post=36104"},{"taxonomy":"post_tag","embeddable":true,"href":"https:\/\/www.noticiasradioreflejos.com.ar\/2021\/wp-json\/wp\/v2\/tags?post=36104"}],"curies":[{"name":"wp","href":"https:\/\/api.w.org\/{rel}","templated":true}]}}