{"id":36099,"date":"2019-11-04T07:57:09","date_gmt":"2019-11-04T10:57:09","guid":{"rendered":"http:\/\/www.noticiasradioreflejos.com.ar\/noticias\/?p=36099"},"modified":"2019-11-04T07:57:09","modified_gmt":"2019-11-04T10:57:09","slug":"vuelco-faltal-en-sierra-de-la-ventana","status":"publish","type":"post","link":"https:\/\/www.noticiasradioreflejos.com.ar\/2021\/vuelco-faltal-en-sierra-de-la-ventana\/","title":{"rendered":"Vuelco fatal en Sierra de la Ventana."},"content":{"rendered":"<p><a href=\"http:\/\/live.staticflickr.com\/65535\/49012378697_06c0e51e10_s.jpg\" title=\"IMG-20191104-WA0000\" rel=\"\"><img loading=\"lazy\" decoding=\"async\" src=\"http:\/\/live.staticflickr.com\/65535\/49012378697_06c0e51e10.jpg\" width=\"500\" height=\"243\" alt=\"IMG-20191104-WA0000\" title=\"IMG-20191104-WA0000\" class=\"alignleft\" style=\"float: left;\"><\/a>El veh\u00edculo involucrado es un remis en el que iban tres personas. Una de ellas falleci\u00f3, y otra result\u00f3 herida. El tercer pasajero solo sufri\u00f3 golpes.<!--more--><br \/>\nUn autom\u00f3vil marca Chevrolet Prisma que se dirig\u00eda por la ruta 72 en sentido Sierra de la Ventana &#8211; Tornquist, Conducido por Ariel Gustavo Beli, al llegar a la Avenida Tres Picos, pierde el control y se despista hacia el lateral izquierdo de la cinta asf\u00e1ltica, golpeando contra la banquina correspondiente y comienza a volcar., el autom\u00f3vil termina su recorrido luego de dar varios tumbos sobre la senda peatonal en sentido contrario al que circulaba. En el veh\u00edculo viajaban otros dos acompa\u00f1antes. Los tres ocupantes recibieron heridas y fueron atendidos por personal de salud, dos de ellos derivados a Bah\u00eda Blanca.<br \/>\n<strong><br \/>\nParte policial: <\/strong> 00:20 horas personal Subcria Villa Ventana tom\u00f3 conocimiento de accidente de tr\u00e1nsito en Ruta Provincial  N\u00b0 72 y Calle Tres Picos. Personal en el lugar constat\u00f3 vuelco de veh\u00edculo utilizado de servicio de Remis marca Chevrolet, modelo Prisma, dominio PQJ-108 observ\u00e1ndose dentro del rodado el conductor, mismo con signos vitales, logrando ser identificado como BELI ARIEL GUSTAVO (44) y sobre los pastos de la banquina, sin responder a est\u00edmulos un masculino identificado como MAILET CRISTIAN EMILIO (38), haci\u00e9ndose presente un tercer masculino de nombre GRAFF DANIEL EMILIO (56), quien refiere que iba a bordo del rodado junto a los nombrados, manifestando que ten\u00eda una dolencia en su mano derecha, siendo trasladados en ambulancia a la Unidad Sanitaria,   traslado de BELI Y MAILET, al Hospital Penna Bah\u00eda Blanca, que siendo las 01.50 hs, personal  Unidad Sanitaria manifestando que BELI GUSTAVO, habr\u00eda fallecido previo al arribo al Hospital Penna, en tanto MAILET CRISTIAN EMILIO, es alojado en dicho nosocomio, trabajaron recursos de Defensa Civil, Bomberos y Polic\u00eda Cient\u00edfica en el lugar.   Actuaciones Homicidio Culposo y Lesiones Culposas  Intervenci\u00f3n UFIJ 01 DJBB.<br \/>\n<a href=\"http:\/\/live.staticflickr.com\/65535\/49012169521_45fe005fe8_s.jpg\" title=\"IMG-20191104-WA0002\" rel=\"\"><img loading=\"lazy\" decoding=\"async\" src=\"http:\/\/live.staticflickr.com\/65535\/49012169521_45fe005fe8_z.jpg\" width=\"640\" height=\"311\" alt=\"IMG-20191104-WA0002\" title=\"IMG-20191104-WA0002\" class=\"aligncenter\"><\/a><\/p>\n","protected":false},"excerpt":{"rendered":"<p>El veh\u00edculo involucrado es un remis en el que iban tres personas. Una de ellas falleci\u00f3, y otra result\u00f3 herida. El tercer pasajero solo sufri\u00f3 golpes.<\/p>\n","protected":false},"author":3,"featured_media":0,"comment_status":"closed","ping_status":"open","sticky":false,"template":"","format":"standard","meta":{"footnotes":""},"categories":[29],"tags":[],"class_list":["post-36099","post","type-post","status-publish","format-standard","hentry","category-policiales"],"yoast_head":"<!-- This site is optimized with the Yoast SEO plugin v25.9 - https:\/\/yoast.com\/wordpress\/plugins\/seo\/ -->\n<title>Vuelco fatal en Sierra de la Ventana. - Noticias Radio Reflejos<\/title>\n<meta name=\"robots\" content=\"index, follow, max-snippet:-1, max-image-preview:large, max-video-preview:-1\" \/>\n<link rel=\"canonical\" href=\"https:\/\/www.noticiasradioreflejos.com.ar\/2021\/vuelco-faltal-en-sierra-de-la-ventana\/\" \/>\n<meta property=\"og:locale\" content=\"es_ES\" \/>\n<meta property=\"og:type\" content=\"article\" \/>\n<meta property=\"og:title\" content=\"Vuelco fatal en Sierra de la Ventana. - Noticias Radio Reflejos\" \/>\n<meta property=\"og:description\" content=\"El veh\u00edculo involucrado es un remis en el que iban tres personas. Una de ellas falleci\u00f3, y otra result\u00f3 herida. El tercer pasajero solo sufri\u00f3 golpes.\" \/>\n<meta property=\"og:url\" content=\"https:\/\/www.noticiasradioreflejos.com.ar\/2021\/vuelco-faltal-en-sierra-de-la-ventana\/\" \/>\n<meta property=\"og:site_name\" content=\"Noticias Radio Reflejos\" \/>\n<meta property=\"article:published_time\" content=\"2019-11-04T10:57:09+00:00\" \/>\n<meta property=\"og:image\" content=\"http:\/\/live.staticflickr.com\/65535\/49012378697_06c0e51e10.jpg\" \/>\n<meta name=\"author\" content=\"Arnaldo Botto\" \/>\n<meta name=\"twitter:card\" content=\"summary_large_image\" \/>\n<script type=\"application\/ld+json\" class=\"yoast-schema-graph\">{\"@context\":\"https:\/\/schema.org\",\"@graph\":[{\"@type\":\"WebPage\",\"@id\":\"https:\/\/www.noticiasradioreflejos.com.ar\/2021\/vuelco-faltal-en-sierra-de-la-ventana\/\",\"url\":\"https:\/\/www.noticiasradioreflejos.com.ar\/2021\/vuelco-faltal-en-sierra-de-la-ventana\/\",\"name\":\"Vuelco fatal en Sierra de la Ventana. - Noticias Radio Reflejos\",\"isPartOf\":{\"@id\":\"https:\/\/www.noticiasradioreflejos.com.ar\/2021\/#website\"},\"primaryImageOfPage\":{\"@id\":\"https:\/\/www.noticiasradioreflejos.com.ar\/2021\/vuelco-faltal-en-sierra-de-la-ventana\/#primaryimage\"},\"image\":{\"@id\":\"https:\/\/www.noticiasradioreflejos.com.ar\/2021\/vuelco-faltal-en-sierra-de-la-ventana\/#primaryimage\"},\"thumbnailUrl\":\"http:\/\/live.staticflickr.com\/65535\/49012378697_06c0e51e10.jpg\",\"datePublished\":\"2019-11-04T10:57:09+00:00\",\"author\":{\"@id\":\"https:\/\/www.noticiasradioreflejos.com.ar\/2021\/#\/schema\/person\/ad82545263dcc5ec0996818884fd5fb1\"},\"breadcrumb\":{\"@id\":\"https:\/\/www.noticiasradioreflejos.com.ar\/2021\/vuelco-faltal-en-sierra-de-la-ventana\/#breadcrumb\"},\"inLanguage\":\"es\",\"potentialAction\":[{\"@type\":\"ReadAction\",\"target\":[\"https:\/\/www.noticiasradioreflejos.com.ar\/2021\/vuelco-faltal-en-sierra-de-la-ventana\/\"]}]},{\"@type\":\"ImageObject\",\"inLanguage\":\"es\",\"@id\":\"https:\/\/www.noticiasradioreflejos.com.ar\/2021\/vuelco-faltal-en-sierra-de-la-ventana\/#primaryimage\",\"url\":\"http:\/\/live.staticflickr.com\/65535\/49012378697_06c0e51e10.jpg\",\"contentUrl\":\"http:\/\/live.staticflickr.com\/65535\/49012378697_06c0e51e10.jpg\"},{\"@type\":\"BreadcrumbList\",\"@id\":\"https:\/\/www.noticiasradioreflejos.com.ar\/2021\/vuelco-faltal-en-sierra-de-la-ventana\/#breadcrumb\",\"itemListElement\":[{\"@type\":\"ListItem\",\"position\":1,\"name\":\"Portada\",\"item\":\"https:\/\/www.noticiasradioreflejos.com.ar\/2021\/\"},{\"@type\":\"ListItem\",\"position\":2,\"name\":\"Vuelco fatal en Sierra de la Ventana.\"}]},{\"@type\":\"WebSite\",\"@id\":\"https:\/\/www.noticiasradioreflejos.com.ar\/2021\/#website\",\"url\":\"https:\/\/www.noticiasradioreflejos.com.ar\/2021\/\",\"name\":\"Noticias Radio Reflejos\",\"description\":\"Las noticias de mi comarca\",\"potentialAction\":[{\"@type\":\"SearchAction\",\"target\":{\"@type\":\"EntryPoint\",\"urlTemplate\":\"https:\/\/www.noticiasradioreflejos.com.ar\/2021\/?s={search_term_string}\"},\"query-input\":{\"@type\":\"PropertyValueSpecification\",\"valueRequired\":true,\"valueName\":\"search_term_string\"}}],\"inLanguage\":\"es\"},{\"@type\":\"Person\",\"@id\":\"https:\/\/www.noticiasradioreflejos.com.ar\/2021\/#\/schema\/person\/ad82545263dcc5ec0996818884fd5fb1\",\"name\":\"Arnaldo Botto\",\"image\":{\"@type\":\"ImageObject\",\"inLanguage\":\"es\",\"@id\":\"https:\/\/www.noticiasradioreflejos.com.ar\/2021\/#\/schema\/person\/image\/\",\"url\":\"https:\/\/secure.gravatar.com\/avatar\/55cb5e37c1efa326397366e6974cb338056df65cb50e7d64d1cf314e87504837?s=96&d=mm&r=g\",\"contentUrl\":\"https:\/\/secure.gravatar.com\/avatar\/55cb5e37c1efa326397366e6974cb338056df65cb50e7d64d1cf314e87504837?s=96&d=mm&r=g\",\"caption\":\"Arnaldo Botto\"},\"url\":\"https:\/\/www.noticiasradioreflejos.com.ar\/2021\/author\/arnaldo\/\"}]}<\/script>\n<!-- \/ Yoast SEO plugin. -->","yoast_head_json":{"title":"Vuelco fatal en Sierra de la Ventana. - Noticias Radio Reflejos","robots":{"index":"index","follow":"follow","max-snippet":"max-snippet:-1","max-image-preview":"max-image-preview:large","max-video-preview":"max-video-preview:-1"},"canonical":"https:\/\/www.noticiasradioreflejos.com.ar\/2021\/vuelco-faltal-en-sierra-de-la-ventana\/","og_locale":"es_ES","og_type":"article","og_title":"Vuelco fatal en Sierra de la Ventana. - Noticias Radio Reflejos","og_description":"El veh\u00edculo involucrado es un remis en el que iban tres personas. Una de ellas falleci\u00f3, y otra result\u00f3 herida. El tercer pasajero solo sufri\u00f3 golpes.","og_url":"https:\/\/www.noticiasradioreflejos.com.ar\/2021\/vuelco-faltal-en-sierra-de-la-ventana\/","og_site_name":"Noticias Radio Reflejos","article_published_time":"2019-11-04T10:57:09+00:00","og_image":[{"url":"http:\/\/live.staticflickr.com\/65535\/49012378697_06c0e51e10.jpg","type":"","width":"","height":""}],"author":"Arnaldo Botto","twitter_card":"summary_large_image","schema":{"@context":"https:\/\/schema.org","@graph":[{"@type":"WebPage","@id":"https:\/\/www.noticiasradioreflejos.com.ar\/2021\/vuelco-faltal-en-sierra-de-la-ventana\/","url":"https:\/\/www.noticiasradioreflejos.com.ar\/2021\/vuelco-faltal-en-sierra-de-la-ventana\/","name":"Vuelco fatal en Sierra de la Ventana. - Noticias Radio Reflejos","isPartOf":{"@id":"https:\/\/www.noticiasradioreflejos.com.ar\/2021\/#website"},"primaryImageOfPage":{"@id":"https:\/\/www.noticiasradioreflejos.com.ar\/2021\/vuelco-faltal-en-sierra-de-la-ventana\/#primaryimage"},"image":{"@id":"https:\/\/www.noticiasradioreflejos.com.ar\/2021\/vuelco-faltal-en-sierra-de-la-ventana\/#primaryimage"},"thumbnailUrl":"http:\/\/live.staticflickr.com\/65535\/49012378697_06c0e51e10.jpg","datePublished":"2019-11-04T10:57:09+00:00","author":{"@id":"https:\/\/www.noticiasradioreflejos.com.ar\/2021\/#\/schema\/person\/ad82545263dcc5ec0996818884fd5fb1"},"breadcrumb":{"@id":"https:\/\/www.noticiasradioreflejos.com.ar\/2021\/vuelco-faltal-en-sierra-de-la-ventana\/#breadcrumb"},"inLanguage":"es","potentialAction":[{"@type":"ReadAction","target":["https:\/\/www.noticiasradioreflejos.com.ar\/2021\/vuelco-faltal-en-sierra-de-la-ventana\/"]}]},{"@type":"ImageObject","inLanguage":"es","@id":"https:\/\/www.noticiasradioreflejos.com.ar\/2021\/vuelco-faltal-en-sierra-de-la-ventana\/#primaryimage","url":"http:\/\/live.staticflickr.com\/65535\/49012378697_06c0e51e10.jpg","contentUrl":"http:\/\/live.staticflickr.com\/65535\/49012378697_06c0e51e10.jpg"},{"@type":"BreadcrumbList","@id":"https:\/\/www.noticiasradioreflejos.com.ar\/2021\/vuelco-faltal-en-sierra-de-la-ventana\/#breadcrumb","itemListElement":[{"@type":"ListItem","position":1,"name":"Portada","item":"https:\/\/www.noticiasradioreflejos.com.ar\/2021\/"},{"@type":"ListItem","position":2,"name":"Vuelco fatal en Sierra de la Ventana."}]},{"@type":"WebSite","@id":"https:\/\/www.noticiasradioreflejos.com.ar\/2021\/#website","url":"https:\/\/www.noticiasradioreflejos.com.ar\/2021\/","name":"Noticias Radio Reflejos","description":"Las noticias de mi comarca","potentialAction":[{"@type":"SearchAction","target":{"@type":"EntryPoint","urlTemplate":"https:\/\/www.noticiasradioreflejos.com.ar\/2021\/?s={search_term_string}"},"query-input":{"@type":"PropertyValueSpecification","valueRequired":true,"valueName":"search_term_string"}}],"inLanguage":"es"},{"@type":"Person","@id":"https:\/\/www.noticiasradioreflejos.com.ar\/2021\/#\/schema\/person\/ad82545263dcc5ec0996818884fd5fb1","name":"Arnaldo Botto","image":{"@type":"ImageObject","inLanguage":"es","@id":"https:\/\/www.noticiasradioreflejos.com.ar\/2021\/#\/schema\/person\/image\/","url":"https:\/\/secure.gravatar.com\/avatar\/55cb5e37c1efa326397366e6974cb338056df65cb50e7d64d1cf314e87504837?s=96&d=mm&r=g","contentUrl":"https:\/\/secure.gravatar.com\/avatar\/55cb5e37c1efa326397366e6974cb338056df65cb50e7d64d1cf314e87504837?s=96&d=mm&r=g","caption":"Arnaldo Botto"},"url":"https:\/\/www.noticiasradioreflejos.com.ar\/2021\/author\/arnaldo\/"}]}},"_links":{"self":[{"href":"https:\/\/www.noticiasradioreflejos.com.ar\/2021\/wp-json\/wp\/v2\/posts\/36099","targetHints":{"allow":["GET"]}}],"collection":[{"href":"https:\/\/www.noticiasradioreflejos.com.ar\/2021\/wp-json\/wp\/v2\/posts"}],"about":[{"href":"https:\/\/www.noticiasradioreflejos.com.ar\/2021\/wp-json\/wp\/v2\/types\/post"}],"author":[{"embeddable":true,"href":"https:\/\/www.noticiasradioreflejos.com.ar\/2021\/wp-json\/wp\/v2\/users\/3"}],"replies":[{"embeddable":true,"href":"https:\/\/www.noticiasradioreflejos.com.ar\/2021\/wp-json\/wp\/v2\/comments?post=36099"}],"version-history":[{"count":0,"href":"https:\/\/www.noticiasradioreflejos.com.ar\/2021\/wp-json\/wp\/v2\/posts\/36099\/revisions"}],"wp:attachment":[{"href":"https:\/\/www.noticiasradioreflejos.com.ar\/2021\/wp-json\/wp\/v2\/media?parent=36099"}],"wp:term":[{"taxonomy":"category","embeddable":true,"href":"https:\/\/www.noticiasradioreflejos.com.ar\/2021\/wp-json\/wp\/v2\/categories?post=36099"},{"taxonomy":"post_tag","embeddable":true,"href":"https:\/\/www.noticiasradioreflejos.com.ar\/2021\/wp-json\/wp\/v2\/tags?post=36099"}],"curies":[{"name":"wp","href":"https:\/\/api.w.org\/{rel}","templated":true}]}}