{"id":36084,"date":"2019-11-02T12:59:50","date_gmt":"2019-11-02T15:59:50","guid":{"rendered":"http:\/\/www.noticiasradioreflejos.com.ar\/noticias\/?p=36084"},"modified":"2019-11-02T12:59:50","modified_gmt":"2019-11-02T15:59:50","slug":"34-peregrinacion-anual-al-santuario-de-fatima-en-villa-serrana-la-gruta","status":"publish","type":"post","link":"https:\/\/www.noticiasradioreflejos.com.ar\/2021\/34-peregrinacion-anual-al-santuario-de-fatima-en-villa-serrana-la-gruta\/","title":{"rendered":"34\u00b0 Peregrinaci\u00f3n anual al Santuario de F\u00e1tima en Villa Serrana La Gruta."},"content":{"rendered":"<p><a title=\"Fatima\" href=\"http:\/\/live.staticflickr.com\/65535\/49001429096_9706a42095_s.jpg\" rel=\"\"><img loading=\"lazy\" decoding=\"async\" class=\"alignleft\" style=\"float: left;\" title=\"Fatima\" src=\"http:\/\/live.staticflickr.com\/65535\/49001429096_9706a42095_z.jpg\" alt=\"Fatima\" width=\"456\" height=\"640\" \/><\/a>9 y 10 de Noviembre se realizar\u00e1 en el Santuario de Ntra Sra de F\u00e1tima de Villa Serrana la Gruta, Pdo de Tornquist.<\/p>\n","protected":false},"excerpt":{"rendered":"<p>9 y 10 de Noviembre se realizar\u00e1 en el Santuario de Ntra Sra de F\u00e1tima de Villa Serrana la Gruta, Pdo de Tornquist.<\/p>\n","protected":false},"author":3,"featured_media":0,"comment_status":"closed","ping_status":"open","sticky":false,"template":"","format":"standard","meta":{"footnotes":""},"categories":[26],"tags":[],"class_list":["post-36084","post","type-post","status-publish","format-standard","hentry","category-sociedad"],"yoast_head":"<!-- This site is optimized with the Yoast SEO plugin v25.9 - https:\/\/yoast.com\/wordpress\/plugins\/seo\/ -->\n<title>34\u00b0 Peregrinaci\u00f3n anual al Santuario de F\u00e1tima en Villa Serrana La Gruta. - Noticias Radio Reflejos<\/title>\n<meta name=\"robots\" content=\"index, follow, max-snippet:-1, max-image-preview:large, max-video-preview:-1\" \/>\n<link rel=\"canonical\" href=\"https:\/\/www.noticiasradioreflejos.com.ar\/2021\/34-peregrinacion-anual-al-santuario-de-fatima-en-villa-serrana-la-gruta\/\" \/>\n<meta property=\"og:locale\" content=\"es_ES\" \/>\n<meta property=\"og:type\" content=\"article\" \/>\n<meta property=\"og:title\" content=\"34\u00b0 Peregrinaci\u00f3n anual al Santuario de F\u00e1tima en Villa Serrana La Gruta. - Noticias Radio Reflejos\" \/>\n<meta property=\"og:description\" content=\"9 y 10 de Noviembre se realizar\u00e1 en el Santuario de Ntra Sra de F\u00e1tima de Villa Serrana la Gruta, Pdo de Tornquist.\" \/>\n<meta property=\"og:url\" content=\"https:\/\/www.noticiasradioreflejos.com.ar\/2021\/34-peregrinacion-anual-al-santuario-de-fatima-en-villa-serrana-la-gruta\/\" \/>\n<meta property=\"og:site_name\" content=\"Noticias Radio Reflejos\" \/>\n<meta property=\"article:published_time\" content=\"2019-11-02T15:59:50+00:00\" \/>\n<meta property=\"og:image\" content=\"http:\/\/live.staticflickr.com\/65535\/49001429096_9706a42095_z.jpg\" \/>\n<meta name=\"author\" content=\"Arnaldo Botto\" \/>\n<meta name=\"twitter:card\" content=\"summary_large_image\" \/>\n<script type=\"application\/ld+json\" class=\"yoast-schema-graph\">{\"@context\":\"https:\/\/schema.org\",\"@graph\":[{\"@type\":\"WebPage\",\"@id\":\"https:\/\/www.noticiasradioreflejos.com.ar\/2021\/34-peregrinacion-anual-al-santuario-de-fatima-en-villa-serrana-la-gruta\/\",\"url\":\"https:\/\/www.noticiasradioreflejos.com.ar\/2021\/34-peregrinacion-anual-al-santuario-de-fatima-en-villa-serrana-la-gruta\/\",\"name\":\"34\u00b0 Peregrinaci\u00f3n anual al Santuario de F\u00e1tima en Villa Serrana La Gruta. - Noticias Radio Reflejos\",\"isPartOf\":{\"@id\":\"https:\/\/www.noticiasradioreflejos.com.ar\/2021\/#website\"},\"primaryImageOfPage\":{\"@id\":\"https:\/\/www.noticiasradioreflejos.com.ar\/2021\/34-peregrinacion-anual-al-santuario-de-fatima-en-villa-serrana-la-gruta\/#primaryimage\"},\"image\":{\"@id\":\"https:\/\/www.noticiasradioreflejos.com.ar\/2021\/34-peregrinacion-anual-al-santuario-de-fatima-en-villa-serrana-la-gruta\/#primaryimage\"},\"thumbnailUrl\":\"http:\/\/live.staticflickr.com\/65535\/49001429096_9706a42095_z.jpg\",\"datePublished\":\"2019-11-02T15:59:50+00:00\",\"author\":{\"@id\":\"https:\/\/www.noticiasradioreflejos.com.ar\/2021\/#\/schema\/person\/ad82545263dcc5ec0996818884fd5fb1\"},\"breadcrumb\":{\"@id\":\"https:\/\/www.noticiasradioreflejos.com.ar\/2021\/34-peregrinacion-anual-al-santuario-de-fatima-en-villa-serrana-la-gruta\/#breadcrumb\"},\"inLanguage\":\"es\",\"potentialAction\":[{\"@type\":\"ReadAction\",\"target\":[\"https:\/\/www.noticiasradioreflejos.com.ar\/2021\/34-peregrinacion-anual-al-santuario-de-fatima-en-villa-serrana-la-gruta\/\"]}]},{\"@type\":\"ImageObject\",\"inLanguage\":\"es\",\"@id\":\"https:\/\/www.noticiasradioreflejos.com.ar\/2021\/34-peregrinacion-anual-al-santuario-de-fatima-en-villa-serrana-la-gruta\/#primaryimage\",\"url\":\"http:\/\/live.staticflickr.com\/65535\/49001429096_9706a42095_z.jpg\",\"contentUrl\":\"http:\/\/live.staticflickr.com\/65535\/49001429096_9706a42095_z.jpg\"},{\"@type\":\"BreadcrumbList\",\"@id\":\"https:\/\/www.noticiasradioreflejos.com.ar\/2021\/34-peregrinacion-anual-al-santuario-de-fatima-en-villa-serrana-la-gruta\/#breadcrumb\",\"itemListElement\":[{\"@type\":\"ListItem\",\"position\":1,\"name\":\"Portada\",\"item\":\"https:\/\/www.noticiasradioreflejos.com.ar\/2021\/\"},{\"@type\":\"ListItem\",\"position\":2,\"name\":\"34\u00b0 Peregrinaci\u00f3n anual al Santuario de F\u00e1tima en Villa Serrana La Gruta.\"}]},{\"@type\":\"WebSite\",\"@id\":\"https:\/\/www.noticiasradioreflejos.com.ar\/2021\/#website\",\"url\":\"https:\/\/www.noticiasradioreflejos.com.ar\/2021\/\",\"name\":\"Noticias Radio Reflejos\",\"description\":\"Las noticias de mi comarca\",\"potentialAction\":[{\"@type\":\"SearchAction\",\"target\":{\"@type\":\"EntryPoint\",\"urlTemplate\":\"https:\/\/www.noticiasradioreflejos.com.ar\/2021\/?s={search_term_string}\"},\"query-input\":{\"@type\":\"PropertyValueSpecification\",\"valueRequired\":true,\"valueName\":\"search_term_string\"}}],\"inLanguage\":\"es\"},{\"@type\":\"Person\",\"@id\":\"https:\/\/www.noticiasradioreflejos.com.ar\/2021\/#\/schema\/person\/ad82545263dcc5ec0996818884fd5fb1\",\"name\":\"Arnaldo Botto\",\"image\":{\"@type\":\"ImageObject\",\"inLanguage\":\"es\",\"@id\":\"https:\/\/www.noticiasradioreflejos.com.ar\/2021\/#\/schema\/person\/image\/\",\"url\":\"https:\/\/secure.gravatar.com\/avatar\/55cb5e37c1efa326397366e6974cb338056df65cb50e7d64d1cf314e87504837?s=96&d=mm&r=g\",\"contentUrl\":\"https:\/\/secure.gravatar.com\/avatar\/55cb5e37c1efa326397366e6974cb338056df65cb50e7d64d1cf314e87504837?s=96&d=mm&r=g\",\"caption\":\"Arnaldo Botto\"},\"url\":\"https:\/\/www.noticiasradioreflejos.com.ar\/2021\/author\/arnaldo\/\"}]}<\/script>\n<!-- \/ Yoast SEO plugin. -->","yoast_head_json":{"title":"34\u00b0 Peregrinaci\u00f3n anual al Santuario de F\u00e1tima en Villa Serrana La Gruta. - Noticias Radio Reflejos","robots":{"index":"index","follow":"follow","max-snippet":"max-snippet:-1","max-image-preview":"max-image-preview:large","max-video-preview":"max-video-preview:-1"},"canonical":"https:\/\/www.noticiasradioreflejos.com.ar\/2021\/34-peregrinacion-anual-al-santuario-de-fatima-en-villa-serrana-la-gruta\/","og_locale":"es_ES","og_type":"article","og_title":"34\u00b0 Peregrinaci\u00f3n anual al Santuario de F\u00e1tima en Villa Serrana La Gruta. - Noticias Radio Reflejos","og_description":"9 y 10 de Noviembre se realizar\u00e1 en el Santuario de Ntra Sra de F\u00e1tima de Villa Serrana la Gruta, Pdo de Tornquist.","og_url":"https:\/\/www.noticiasradioreflejos.com.ar\/2021\/34-peregrinacion-anual-al-santuario-de-fatima-en-villa-serrana-la-gruta\/","og_site_name":"Noticias Radio Reflejos","article_published_time":"2019-11-02T15:59:50+00:00","og_image":[{"url":"http:\/\/live.staticflickr.com\/65535\/49001429096_9706a42095_z.jpg","type":"","width":"","height":""}],"author":"Arnaldo Botto","twitter_card":"summary_large_image","schema":{"@context":"https:\/\/schema.org","@graph":[{"@type":"WebPage","@id":"https:\/\/www.noticiasradioreflejos.com.ar\/2021\/34-peregrinacion-anual-al-santuario-de-fatima-en-villa-serrana-la-gruta\/","url":"https:\/\/www.noticiasradioreflejos.com.ar\/2021\/34-peregrinacion-anual-al-santuario-de-fatima-en-villa-serrana-la-gruta\/","name":"34\u00b0 Peregrinaci\u00f3n anual al Santuario de F\u00e1tima en Villa Serrana La Gruta. - Noticias Radio Reflejos","isPartOf":{"@id":"https:\/\/www.noticiasradioreflejos.com.ar\/2021\/#website"},"primaryImageOfPage":{"@id":"https:\/\/www.noticiasradioreflejos.com.ar\/2021\/34-peregrinacion-anual-al-santuario-de-fatima-en-villa-serrana-la-gruta\/#primaryimage"},"image":{"@id":"https:\/\/www.noticiasradioreflejos.com.ar\/2021\/34-peregrinacion-anual-al-santuario-de-fatima-en-villa-serrana-la-gruta\/#primaryimage"},"thumbnailUrl":"http:\/\/live.staticflickr.com\/65535\/49001429096_9706a42095_z.jpg","datePublished":"2019-11-02T15:59:50+00:00","author":{"@id":"https:\/\/www.noticiasradioreflejos.com.ar\/2021\/#\/schema\/person\/ad82545263dcc5ec0996818884fd5fb1"},"breadcrumb":{"@id":"https:\/\/www.noticiasradioreflejos.com.ar\/2021\/34-peregrinacion-anual-al-santuario-de-fatima-en-villa-serrana-la-gruta\/#breadcrumb"},"inLanguage":"es","potentialAction":[{"@type":"ReadAction","target":["https:\/\/www.noticiasradioreflejos.com.ar\/2021\/34-peregrinacion-anual-al-santuario-de-fatima-en-villa-serrana-la-gruta\/"]}]},{"@type":"ImageObject","inLanguage":"es","@id":"https:\/\/www.noticiasradioreflejos.com.ar\/2021\/34-peregrinacion-anual-al-santuario-de-fatima-en-villa-serrana-la-gruta\/#primaryimage","url":"http:\/\/live.staticflickr.com\/65535\/49001429096_9706a42095_z.jpg","contentUrl":"http:\/\/live.staticflickr.com\/65535\/49001429096_9706a42095_z.jpg"},{"@type":"BreadcrumbList","@id":"https:\/\/www.noticiasradioreflejos.com.ar\/2021\/34-peregrinacion-anual-al-santuario-de-fatima-en-villa-serrana-la-gruta\/#breadcrumb","itemListElement":[{"@type":"ListItem","position":1,"name":"Portada","item":"https:\/\/www.noticiasradioreflejos.com.ar\/2021\/"},{"@type":"ListItem","position":2,"name":"34\u00b0 Peregrinaci\u00f3n anual al Santuario de F\u00e1tima en Villa Serrana La Gruta."}]},{"@type":"WebSite","@id":"https:\/\/www.noticiasradioreflejos.com.ar\/2021\/#website","url":"https:\/\/www.noticiasradioreflejos.com.ar\/2021\/","name":"Noticias Radio Reflejos","description":"Las noticias de mi comarca","potentialAction":[{"@type":"SearchAction","target":{"@type":"EntryPoint","urlTemplate":"https:\/\/www.noticiasradioreflejos.com.ar\/2021\/?s={search_term_string}"},"query-input":{"@type":"PropertyValueSpecification","valueRequired":true,"valueName":"search_term_string"}}],"inLanguage":"es"},{"@type":"Person","@id":"https:\/\/www.noticiasradioreflejos.com.ar\/2021\/#\/schema\/person\/ad82545263dcc5ec0996818884fd5fb1","name":"Arnaldo Botto","image":{"@type":"ImageObject","inLanguage":"es","@id":"https:\/\/www.noticiasradioreflejos.com.ar\/2021\/#\/schema\/person\/image\/","url":"https:\/\/secure.gravatar.com\/avatar\/55cb5e37c1efa326397366e6974cb338056df65cb50e7d64d1cf314e87504837?s=96&d=mm&r=g","contentUrl":"https:\/\/secure.gravatar.com\/avatar\/55cb5e37c1efa326397366e6974cb338056df65cb50e7d64d1cf314e87504837?s=96&d=mm&r=g","caption":"Arnaldo Botto"},"url":"https:\/\/www.noticiasradioreflejos.com.ar\/2021\/author\/arnaldo\/"}]}},"_links":{"self":[{"href":"https:\/\/www.noticiasradioreflejos.com.ar\/2021\/wp-json\/wp\/v2\/posts\/36084","targetHints":{"allow":["GET"]}}],"collection":[{"href":"https:\/\/www.noticiasradioreflejos.com.ar\/2021\/wp-json\/wp\/v2\/posts"}],"about":[{"href":"https:\/\/www.noticiasradioreflejos.com.ar\/2021\/wp-json\/wp\/v2\/types\/post"}],"author":[{"embeddable":true,"href":"https:\/\/www.noticiasradioreflejos.com.ar\/2021\/wp-json\/wp\/v2\/users\/3"}],"replies":[{"embeddable":true,"href":"https:\/\/www.noticiasradioreflejos.com.ar\/2021\/wp-json\/wp\/v2\/comments?post=36084"}],"version-history":[{"count":0,"href":"https:\/\/www.noticiasradioreflejos.com.ar\/2021\/wp-json\/wp\/v2\/posts\/36084\/revisions"}],"wp:attachment":[{"href":"https:\/\/www.noticiasradioreflejos.com.ar\/2021\/wp-json\/wp\/v2\/media?parent=36084"}],"wp:term":[{"taxonomy":"category","embeddable":true,"href":"https:\/\/www.noticiasradioreflejos.com.ar\/2021\/wp-json\/wp\/v2\/categories?post=36084"},{"taxonomy":"post_tag","embeddable":true,"href":"https:\/\/www.noticiasradioreflejos.com.ar\/2021\/wp-json\/wp\/v2\/tags?post=36084"}],"curies":[{"name":"wp","href":"https:\/\/api.w.org\/{rel}","templated":true}]}}