{"id":36081,"date":"2019-11-02T12:45:47","date_gmt":"2019-11-02T15:45:47","guid":{"rendered":"http:\/\/www.noticiasradioreflejos.com.ar\/noticias\/?p=36081"},"modified":"2019-11-02T12:45:47","modified_gmt":"2019-11-02T15:45:47","slug":"union-de-tornquist-viaja-a-carhue-en-busca-de-la-gloria-en-la-final-de-futbol","status":"publish","type":"post","link":"https:\/\/www.noticiasradioreflejos.com.ar\/2021\/union-de-tornquist-viaja-a-carhue-en-busca-de-la-gloria-en-la-final-de-futbol\/","title":{"rendered":"Uni\u00f3n de Tornquist viaja a Carhu\u00e9 en busca de la gloria en la final de f\u00fatbol"},"content":{"rendered":"<p>El verde disputa la final de vuelta de la temporada de la Liga Regional Frente a San Mart\u00edn. La ida fue 1 a 1. Comienza a las 16 hs.<br \/>\nUni\u00f3n de Tornquist disputar\u00e1 este domingo en Carhu\u00e9 ante San Mart\u00edn, la final de vuelta de la temporada 2019 de Primera divisi\u00f3n de la Liga Regional de F\u00fatbol de Coronel Su\u00e1rez.<!--more--><br \/>\nLuego del 1 a 1 en el estadio \u2018Juan Jos\u00e9 Bolletta\u2019, con goles de Grassi para el local y Bellegia para la visita, el Verde ir\u00e1 en busca de una victoria que lo corone, luego de cuatro a\u00f1os siendo uno de los principales animadores del certamen.<br \/>\nAl haber habido igualdad en el partido de ida, si hay un ganador en este cotejo, ser\u00e1 el campe\u00f3n. Si vuelven a empatar, habr\u00e1 tercer y definitivo encuentro en cancha neutral.<br \/>\nLa confrontaci\u00f3n iniciar\u00e1 a las 16 hs y contar\u00e1 con el arbitraje de Adrian Deber, de Olavarr\u00eda.<\/p>\n","protected":false},"excerpt":{"rendered":"<p>El verde disputa la final de vuelta de la temporada de la Liga Regional Frente a San Mart\u00edn. La ida fue 1 a 1. Comienza a las 16 hs. Uni\u00f3n de Tornquist disputar\u00e1 este domingo en Carhu\u00e9 ante San Mart\u00edn, la final de vuelta de la temporada 2019 de Primera divisi\u00f3n de la Liga Regional [&hellip;]<\/p>\n","protected":false},"author":3,"featured_media":0,"comment_status":"closed","ping_status":"open","sticky":false,"template":"","format":"standard","meta":{"footnotes":""},"categories":[27],"tags":[],"class_list":["post-36081","post","type-post","status-publish","format-standard","hentry","category-deportes"],"yoast_head":"<!-- This site is optimized with the Yoast SEO plugin v25.9 - https:\/\/yoast.com\/wordpress\/plugins\/seo\/ -->\n<title>Uni\u00f3n de Tornquist viaja a Carhu\u00e9 en busca de la gloria en la final de f\u00fatbol - Noticias Radio Reflejos<\/title>\n<meta name=\"robots\" content=\"index, follow, max-snippet:-1, max-image-preview:large, max-video-preview:-1\" \/>\n<link rel=\"canonical\" href=\"https:\/\/www.noticiasradioreflejos.com.ar\/2021\/union-de-tornquist-viaja-a-carhue-en-busca-de-la-gloria-en-la-final-de-futbol\/\" \/>\n<meta property=\"og:locale\" content=\"es_ES\" \/>\n<meta property=\"og:type\" content=\"article\" \/>\n<meta property=\"og:title\" content=\"Uni\u00f3n de Tornquist viaja a Carhu\u00e9 en busca de la gloria en la final de f\u00fatbol - Noticias Radio Reflejos\" \/>\n<meta property=\"og:description\" content=\"El verde disputa la final de vuelta de la temporada de la Liga Regional Frente a San Mart\u00edn. La ida fue 1 a 1. Comienza a las 16 hs. Uni\u00f3n de Tornquist disputar\u00e1 este domingo en Carhu\u00e9 ante San Mart\u00edn, la final de vuelta de la temporada 2019 de Primera divisi\u00f3n de la Liga Regional [&hellip;]\" \/>\n<meta property=\"og:url\" content=\"https:\/\/www.noticiasradioreflejos.com.ar\/2021\/union-de-tornquist-viaja-a-carhue-en-busca-de-la-gloria-en-la-final-de-futbol\/\" \/>\n<meta property=\"og:site_name\" content=\"Noticias Radio Reflejos\" \/>\n<meta property=\"article:published_time\" content=\"2019-11-02T15:45:47+00:00\" \/>\n<meta property=\"og:image\" content=\"https:\/\/www.noticiasradioreflejos.com.ar\/2021\/wp-content\/uploads\/2021\/07\/logosol300x200.png\" \/>\n\t<meta property=\"og:image:width\" content=\"300\" \/>\n\t<meta property=\"og:image:height\" content=\"200\" \/>\n\t<meta property=\"og:image:type\" content=\"image\/png\" \/>\n<meta name=\"author\" content=\"Arnaldo Botto\" \/>\n<meta name=\"twitter:card\" content=\"summary_large_image\" \/>\n<script type=\"application\/ld+json\" class=\"yoast-schema-graph\">{\"@context\":\"https:\/\/schema.org\",\"@graph\":[{\"@type\":\"WebPage\",\"@id\":\"https:\/\/www.noticiasradioreflejos.com.ar\/2021\/union-de-tornquist-viaja-a-carhue-en-busca-de-la-gloria-en-la-final-de-futbol\/\",\"url\":\"https:\/\/www.noticiasradioreflejos.com.ar\/2021\/union-de-tornquist-viaja-a-carhue-en-busca-de-la-gloria-en-la-final-de-futbol\/\",\"name\":\"Uni\u00f3n de Tornquist viaja a Carhu\u00e9 en busca de la gloria en la final de f\u00fatbol - Noticias Radio Reflejos\",\"isPartOf\":{\"@id\":\"https:\/\/www.noticiasradioreflejos.com.ar\/2021\/#website\"},\"datePublished\":\"2019-11-02T15:45:47+00:00\",\"author\":{\"@id\":\"https:\/\/www.noticiasradioreflejos.com.ar\/2021\/#\/schema\/person\/ad82545263dcc5ec0996818884fd5fb1\"},\"breadcrumb\":{\"@id\":\"https:\/\/www.noticiasradioreflejos.com.ar\/2021\/union-de-tornquist-viaja-a-carhue-en-busca-de-la-gloria-en-la-final-de-futbol\/#breadcrumb\"},\"inLanguage\":\"es\",\"potentialAction\":[{\"@type\":\"ReadAction\",\"target\":[\"https:\/\/www.noticiasradioreflejos.com.ar\/2021\/union-de-tornquist-viaja-a-carhue-en-busca-de-la-gloria-en-la-final-de-futbol\/\"]}]},{\"@type\":\"BreadcrumbList\",\"@id\":\"https:\/\/www.noticiasradioreflejos.com.ar\/2021\/union-de-tornquist-viaja-a-carhue-en-busca-de-la-gloria-en-la-final-de-futbol\/#breadcrumb\",\"itemListElement\":[{\"@type\":\"ListItem\",\"position\":1,\"name\":\"Portada\",\"item\":\"https:\/\/www.noticiasradioreflejos.com.ar\/2021\/\"},{\"@type\":\"ListItem\",\"position\":2,\"name\":\"Uni\u00f3n de Tornquist viaja a Carhu\u00e9 en busca de la gloria en la final de f\u00fatbol\"}]},{\"@type\":\"WebSite\",\"@id\":\"https:\/\/www.noticiasradioreflejos.com.ar\/2021\/#website\",\"url\":\"https:\/\/www.noticiasradioreflejos.com.ar\/2021\/\",\"name\":\"Noticias Radio Reflejos\",\"description\":\"Las noticias de mi comarca\",\"potentialAction\":[{\"@type\":\"SearchAction\",\"target\":{\"@type\":\"EntryPoint\",\"urlTemplate\":\"https:\/\/www.noticiasradioreflejos.com.ar\/2021\/?s={search_term_string}\"},\"query-input\":{\"@type\":\"PropertyValueSpecification\",\"valueRequired\":true,\"valueName\":\"search_term_string\"}}],\"inLanguage\":\"es\"},{\"@type\":\"Person\",\"@id\":\"https:\/\/www.noticiasradioreflejos.com.ar\/2021\/#\/schema\/person\/ad82545263dcc5ec0996818884fd5fb1\",\"name\":\"Arnaldo Botto\",\"image\":{\"@type\":\"ImageObject\",\"inLanguage\":\"es\",\"@id\":\"https:\/\/www.noticiasradioreflejos.com.ar\/2021\/#\/schema\/person\/image\/\",\"url\":\"https:\/\/secure.gravatar.com\/avatar\/55cb5e37c1efa326397366e6974cb338056df65cb50e7d64d1cf314e87504837?s=96&d=mm&r=g\",\"contentUrl\":\"https:\/\/secure.gravatar.com\/avatar\/55cb5e37c1efa326397366e6974cb338056df65cb50e7d64d1cf314e87504837?s=96&d=mm&r=g\",\"caption\":\"Arnaldo Botto\"},\"url\":\"https:\/\/www.noticiasradioreflejos.com.ar\/2021\/author\/arnaldo\/\"}]}<\/script>\n<!-- \/ Yoast SEO plugin. -->","yoast_head_json":{"title":"Uni\u00f3n de Tornquist viaja a Carhu\u00e9 en busca de la gloria en la final de f\u00fatbol - Noticias Radio Reflejos","robots":{"index":"index","follow":"follow","max-snippet":"max-snippet:-1","max-image-preview":"max-image-preview:large","max-video-preview":"max-video-preview:-1"},"canonical":"https:\/\/www.noticiasradioreflejos.com.ar\/2021\/union-de-tornquist-viaja-a-carhue-en-busca-de-la-gloria-en-la-final-de-futbol\/","og_locale":"es_ES","og_type":"article","og_title":"Uni\u00f3n de Tornquist viaja a Carhu\u00e9 en busca de la gloria en la final de f\u00fatbol - Noticias Radio Reflejos","og_description":"El verde disputa la final de vuelta de la temporada de la Liga Regional Frente a San Mart\u00edn. La ida fue 1 a 1. Comienza a las 16 hs. Uni\u00f3n de Tornquist disputar\u00e1 este domingo en Carhu\u00e9 ante San Mart\u00edn, la final de vuelta de la temporada 2019 de Primera divisi\u00f3n de la Liga Regional [&hellip;]","og_url":"https:\/\/www.noticiasradioreflejos.com.ar\/2021\/union-de-tornquist-viaja-a-carhue-en-busca-de-la-gloria-en-la-final-de-futbol\/","og_site_name":"Noticias Radio Reflejos","article_published_time":"2019-11-02T15:45:47+00:00","og_image":[{"width":300,"height":200,"url":"https:\/\/www.noticiasradioreflejos.com.ar\/2021\/wp-content\/uploads\/2021\/07\/logosol300x200.png","type":"image\/png"}],"author":"Arnaldo Botto","twitter_card":"summary_large_image","schema":{"@context":"https:\/\/schema.org","@graph":[{"@type":"WebPage","@id":"https:\/\/www.noticiasradioreflejos.com.ar\/2021\/union-de-tornquist-viaja-a-carhue-en-busca-de-la-gloria-en-la-final-de-futbol\/","url":"https:\/\/www.noticiasradioreflejos.com.ar\/2021\/union-de-tornquist-viaja-a-carhue-en-busca-de-la-gloria-en-la-final-de-futbol\/","name":"Uni\u00f3n de Tornquist viaja a Carhu\u00e9 en busca de la gloria en la final de f\u00fatbol - Noticias Radio Reflejos","isPartOf":{"@id":"https:\/\/www.noticiasradioreflejos.com.ar\/2021\/#website"},"datePublished":"2019-11-02T15:45:47+00:00","author":{"@id":"https:\/\/www.noticiasradioreflejos.com.ar\/2021\/#\/schema\/person\/ad82545263dcc5ec0996818884fd5fb1"},"breadcrumb":{"@id":"https:\/\/www.noticiasradioreflejos.com.ar\/2021\/union-de-tornquist-viaja-a-carhue-en-busca-de-la-gloria-en-la-final-de-futbol\/#breadcrumb"},"inLanguage":"es","potentialAction":[{"@type":"ReadAction","target":["https:\/\/www.noticiasradioreflejos.com.ar\/2021\/union-de-tornquist-viaja-a-carhue-en-busca-de-la-gloria-en-la-final-de-futbol\/"]}]},{"@type":"BreadcrumbList","@id":"https:\/\/www.noticiasradioreflejos.com.ar\/2021\/union-de-tornquist-viaja-a-carhue-en-busca-de-la-gloria-en-la-final-de-futbol\/#breadcrumb","itemListElement":[{"@type":"ListItem","position":1,"name":"Portada","item":"https:\/\/www.noticiasradioreflejos.com.ar\/2021\/"},{"@type":"ListItem","position":2,"name":"Uni\u00f3n de Tornquist viaja a Carhu\u00e9 en busca de la gloria en la final de f\u00fatbol"}]},{"@type":"WebSite","@id":"https:\/\/www.noticiasradioreflejos.com.ar\/2021\/#website","url":"https:\/\/www.noticiasradioreflejos.com.ar\/2021\/","name":"Noticias Radio Reflejos","description":"Las noticias de mi comarca","potentialAction":[{"@type":"SearchAction","target":{"@type":"EntryPoint","urlTemplate":"https:\/\/www.noticiasradioreflejos.com.ar\/2021\/?s={search_term_string}"},"query-input":{"@type":"PropertyValueSpecification","valueRequired":true,"valueName":"search_term_string"}}],"inLanguage":"es"},{"@type":"Person","@id":"https:\/\/www.noticiasradioreflejos.com.ar\/2021\/#\/schema\/person\/ad82545263dcc5ec0996818884fd5fb1","name":"Arnaldo Botto","image":{"@type":"ImageObject","inLanguage":"es","@id":"https:\/\/www.noticiasradioreflejos.com.ar\/2021\/#\/schema\/person\/image\/","url":"https:\/\/secure.gravatar.com\/avatar\/55cb5e37c1efa326397366e6974cb338056df65cb50e7d64d1cf314e87504837?s=96&d=mm&r=g","contentUrl":"https:\/\/secure.gravatar.com\/avatar\/55cb5e37c1efa326397366e6974cb338056df65cb50e7d64d1cf314e87504837?s=96&d=mm&r=g","caption":"Arnaldo Botto"},"url":"https:\/\/www.noticiasradioreflejos.com.ar\/2021\/author\/arnaldo\/"}]}},"_links":{"self":[{"href":"https:\/\/www.noticiasradioreflejos.com.ar\/2021\/wp-json\/wp\/v2\/posts\/36081","targetHints":{"allow":["GET"]}}],"collection":[{"href":"https:\/\/www.noticiasradioreflejos.com.ar\/2021\/wp-json\/wp\/v2\/posts"}],"about":[{"href":"https:\/\/www.noticiasradioreflejos.com.ar\/2021\/wp-json\/wp\/v2\/types\/post"}],"author":[{"embeddable":true,"href":"https:\/\/www.noticiasradioreflejos.com.ar\/2021\/wp-json\/wp\/v2\/users\/3"}],"replies":[{"embeddable":true,"href":"https:\/\/www.noticiasradioreflejos.com.ar\/2021\/wp-json\/wp\/v2\/comments?post=36081"}],"version-history":[{"count":0,"href":"https:\/\/www.noticiasradioreflejos.com.ar\/2021\/wp-json\/wp\/v2\/posts\/36081\/revisions"}],"wp:attachment":[{"href":"https:\/\/www.noticiasradioreflejos.com.ar\/2021\/wp-json\/wp\/v2\/media?parent=36081"}],"wp:term":[{"taxonomy":"category","embeddable":true,"href":"https:\/\/www.noticiasradioreflejos.com.ar\/2021\/wp-json\/wp\/v2\/categories?post=36081"},{"taxonomy":"post_tag","embeddable":true,"href":"https:\/\/www.noticiasradioreflejos.com.ar\/2021\/wp-json\/wp\/v2\/tags?post=36081"}],"curies":[{"name":"wp","href":"https:\/\/api.w.org\/{rel}","templated":true}]}}