{"id":36058,"date":"2019-11-01T16:59:12","date_gmt":"2019-11-01T19:59:12","guid":{"rendered":"http:\/\/www.noticiasradioreflejos.com.ar\/noticias\/?p=36058"},"modified":"2019-11-01T16:59:12","modified_gmt":"2019-11-01T19:59:12","slug":"apoderados-de-jubilados-y-pensionados-deben-registrar-su-huella","status":"publish","type":"post","link":"https:\/\/www.noticiasradioreflejos.com.ar\/2021\/apoderados-de-jubilados-y-pensionados-deben-registrar-su-huella\/","title":{"rendered":"Apoderados de jubilados y pensionados deben registrar su huella."},"content":{"rendered":"<p>Hasta el 31 de diciembre. El empadronamiento es necesario para que puedan continuar cobrando los haberes como representantes de los adultos mayores.<!--more--><br \/>\nANSES recuerda que el pr\u00f3ximo 31 de diciembre es la fecha l\u00edmite para que los apoderados de jubilados y pensionados del Sistema Integrado Previsional Argentino (SIPA) y de titulares de Pensiones No Contributivas (PNC) registren su huella dactilar en la entidad bancaria donde perciben los haberes. En la actualidad, ya se encuentran registrados bajo esta modalidad 1.713.648 representantes.<br \/>\nA quienes no realicen el tr\u00e1mite antes de esa fecha se les suspender\u00e1 el poder para cobrar que, de todas maneras, podr\u00e1 renovarse una vez que se haga efectivo el registro dactilar.<br \/>\nEl sistema Mi Huella implementado por ANSES permite reconocer la identidad de las personas a trav\u00e9s de la digitalizaci\u00f3n de las huellas dactilares para facilitar la realizaci\u00f3n de tr\u00e1mites. De esta manera, el organismo lleva adelante mayores controles y reduce la posibilidad de que se efect\u00faen pagos indebidos de las prestaciones.<br \/>\n<strong>C\u00f3mo realizar la gesti\u00f3n<\/strong><br \/>\nLos apoderados que est\u00e1n percibiendo los haberes como representantes deber\u00e1n enrolarse en la entidad bancaria en la que cobran. Si el banco no dispone de lector de huellas, la persona deber\u00e1 acercarse a una oficina de ANSES con su DNI, previa solicitud de turno al tel\u00e9fono 130 (gratuito desde tel\u00e9fonos fijos), o bien desde www.anses.gob.ar, secci\u00f3n Accesos R\u00e1pidos, Turnos, Mi Huella, Mi Huella &#8211; Enrolamiento. <\/p>\n","protected":false},"excerpt":{"rendered":"<p>Hasta el 31 de diciembre. El empadronamiento es necesario para que puedan continuar cobrando los haberes como representantes de los adultos mayores.<\/p>\n","protected":false},"author":3,"featured_media":0,"comment_status":"closed","ping_status":"open","sticky":false,"template":"","format":"standard","meta":{"footnotes":""},"categories":[26],"tags":[],"class_list":["post-36058","post","type-post","status-publish","format-standard","hentry","category-sociedad"],"yoast_head":"<!-- This site is optimized with the Yoast SEO plugin v25.9 - https:\/\/yoast.com\/wordpress\/plugins\/seo\/ -->\n<title>Apoderados de jubilados y pensionados deben registrar su huella. - Noticias Radio Reflejos<\/title>\n<meta name=\"robots\" content=\"index, follow, max-snippet:-1, max-image-preview:large, max-video-preview:-1\" \/>\n<link rel=\"canonical\" href=\"https:\/\/www.noticiasradioreflejos.com.ar\/2021\/apoderados-de-jubilados-y-pensionados-deben-registrar-su-huella\/\" \/>\n<meta property=\"og:locale\" content=\"es_ES\" \/>\n<meta property=\"og:type\" content=\"article\" \/>\n<meta property=\"og:title\" content=\"Apoderados de jubilados y pensionados deben registrar su huella. - Noticias Radio Reflejos\" \/>\n<meta property=\"og:description\" content=\"Hasta el 31 de diciembre. El empadronamiento es necesario para que puedan continuar cobrando los haberes como representantes de los adultos mayores.\" \/>\n<meta property=\"og:url\" content=\"https:\/\/www.noticiasradioreflejos.com.ar\/2021\/apoderados-de-jubilados-y-pensionados-deben-registrar-su-huella\/\" \/>\n<meta property=\"og:site_name\" content=\"Noticias Radio Reflejos\" \/>\n<meta property=\"article:published_time\" content=\"2019-11-01T19:59:12+00:00\" \/>\n<meta property=\"og:image\" content=\"https:\/\/www.noticiasradioreflejos.com.ar\/2021\/wp-content\/uploads\/2021\/07\/logosol300x200.png\" \/>\n\t<meta property=\"og:image:width\" content=\"300\" \/>\n\t<meta property=\"og:image:height\" content=\"200\" \/>\n\t<meta property=\"og:image:type\" content=\"image\/png\" \/>\n<meta name=\"author\" content=\"Arnaldo Botto\" \/>\n<meta name=\"twitter:card\" content=\"summary_large_image\" \/>\n<script type=\"application\/ld+json\" class=\"yoast-schema-graph\">{\"@context\":\"https:\/\/schema.org\",\"@graph\":[{\"@type\":\"WebPage\",\"@id\":\"https:\/\/www.noticiasradioreflejos.com.ar\/2021\/apoderados-de-jubilados-y-pensionados-deben-registrar-su-huella\/\",\"url\":\"https:\/\/www.noticiasradioreflejos.com.ar\/2021\/apoderados-de-jubilados-y-pensionados-deben-registrar-su-huella\/\",\"name\":\"Apoderados de jubilados y pensionados deben registrar su huella. - Noticias Radio Reflejos\",\"isPartOf\":{\"@id\":\"https:\/\/www.noticiasradioreflejos.com.ar\/2021\/#website\"},\"datePublished\":\"2019-11-01T19:59:12+00:00\",\"author\":{\"@id\":\"https:\/\/www.noticiasradioreflejos.com.ar\/2021\/#\/schema\/person\/ad82545263dcc5ec0996818884fd5fb1\"},\"breadcrumb\":{\"@id\":\"https:\/\/www.noticiasradioreflejos.com.ar\/2021\/apoderados-de-jubilados-y-pensionados-deben-registrar-su-huella\/#breadcrumb\"},\"inLanguage\":\"es\",\"potentialAction\":[{\"@type\":\"ReadAction\",\"target\":[\"https:\/\/www.noticiasradioreflejos.com.ar\/2021\/apoderados-de-jubilados-y-pensionados-deben-registrar-su-huella\/\"]}]},{\"@type\":\"BreadcrumbList\",\"@id\":\"https:\/\/www.noticiasradioreflejos.com.ar\/2021\/apoderados-de-jubilados-y-pensionados-deben-registrar-su-huella\/#breadcrumb\",\"itemListElement\":[{\"@type\":\"ListItem\",\"position\":1,\"name\":\"Portada\",\"item\":\"https:\/\/www.noticiasradioreflejos.com.ar\/2021\/\"},{\"@type\":\"ListItem\",\"position\":2,\"name\":\"Apoderados de jubilados y pensionados deben registrar su huella.\"}]},{\"@type\":\"WebSite\",\"@id\":\"https:\/\/www.noticiasradioreflejos.com.ar\/2021\/#website\",\"url\":\"https:\/\/www.noticiasradioreflejos.com.ar\/2021\/\",\"name\":\"Noticias Radio Reflejos\",\"description\":\"Las noticias de mi comarca\",\"potentialAction\":[{\"@type\":\"SearchAction\",\"target\":{\"@type\":\"EntryPoint\",\"urlTemplate\":\"https:\/\/www.noticiasradioreflejos.com.ar\/2021\/?s={search_term_string}\"},\"query-input\":{\"@type\":\"PropertyValueSpecification\",\"valueRequired\":true,\"valueName\":\"search_term_string\"}}],\"inLanguage\":\"es\"},{\"@type\":\"Person\",\"@id\":\"https:\/\/www.noticiasradioreflejos.com.ar\/2021\/#\/schema\/person\/ad82545263dcc5ec0996818884fd5fb1\",\"name\":\"Arnaldo Botto\",\"image\":{\"@type\":\"ImageObject\",\"inLanguage\":\"es\",\"@id\":\"https:\/\/www.noticiasradioreflejos.com.ar\/2021\/#\/schema\/person\/image\/\",\"url\":\"https:\/\/secure.gravatar.com\/avatar\/55cb5e37c1efa326397366e6974cb338056df65cb50e7d64d1cf314e87504837?s=96&d=mm&r=g\",\"contentUrl\":\"https:\/\/secure.gravatar.com\/avatar\/55cb5e37c1efa326397366e6974cb338056df65cb50e7d64d1cf314e87504837?s=96&d=mm&r=g\",\"caption\":\"Arnaldo Botto\"},\"url\":\"https:\/\/www.noticiasradioreflejos.com.ar\/2021\/author\/arnaldo\/\"}]}<\/script>\n<!-- \/ Yoast SEO plugin. -->","yoast_head_json":{"title":"Apoderados de jubilados y pensionados deben registrar su huella. - Noticias Radio Reflejos","robots":{"index":"index","follow":"follow","max-snippet":"max-snippet:-1","max-image-preview":"max-image-preview:large","max-video-preview":"max-video-preview:-1"},"canonical":"https:\/\/www.noticiasradioreflejos.com.ar\/2021\/apoderados-de-jubilados-y-pensionados-deben-registrar-su-huella\/","og_locale":"es_ES","og_type":"article","og_title":"Apoderados de jubilados y pensionados deben registrar su huella. - Noticias Radio Reflejos","og_description":"Hasta el 31 de diciembre. El empadronamiento es necesario para que puedan continuar cobrando los haberes como representantes de los adultos mayores.","og_url":"https:\/\/www.noticiasradioreflejos.com.ar\/2021\/apoderados-de-jubilados-y-pensionados-deben-registrar-su-huella\/","og_site_name":"Noticias Radio Reflejos","article_published_time":"2019-11-01T19:59:12+00:00","og_image":[{"width":300,"height":200,"url":"https:\/\/www.noticiasradioreflejos.com.ar\/2021\/wp-content\/uploads\/2021\/07\/logosol300x200.png","type":"image\/png"}],"author":"Arnaldo Botto","twitter_card":"summary_large_image","schema":{"@context":"https:\/\/schema.org","@graph":[{"@type":"WebPage","@id":"https:\/\/www.noticiasradioreflejos.com.ar\/2021\/apoderados-de-jubilados-y-pensionados-deben-registrar-su-huella\/","url":"https:\/\/www.noticiasradioreflejos.com.ar\/2021\/apoderados-de-jubilados-y-pensionados-deben-registrar-su-huella\/","name":"Apoderados de jubilados y pensionados deben registrar su huella. - Noticias Radio Reflejos","isPartOf":{"@id":"https:\/\/www.noticiasradioreflejos.com.ar\/2021\/#website"},"datePublished":"2019-11-01T19:59:12+00:00","author":{"@id":"https:\/\/www.noticiasradioreflejos.com.ar\/2021\/#\/schema\/person\/ad82545263dcc5ec0996818884fd5fb1"},"breadcrumb":{"@id":"https:\/\/www.noticiasradioreflejos.com.ar\/2021\/apoderados-de-jubilados-y-pensionados-deben-registrar-su-huella\/#breadcrumb"},"inLanguage":"es","potentialAction":[{"@type":"ReadAction","target":["https:\/\/www.noticiasradioreflejos.com.ar\/2021\/apoderados-de-jubilados-y-pensionados-deben-registrar-su-huella\/"]}]},{"@type":"BreadcrumbList","@id":"https:\/\/www.noticiasradioreflejos.com.ar\/2021\/apoderados-de-jubilados-y-pensionados-deben-registrar-su-huella\/#breadcrumb","itemListElement":[{"@type":"ListItem","position":1,"name":"Portada","item":"https:\/\/www.noticiasradioreflejos.com.ar\/2021\/"},{"@type":"ListItem","position":2,"name":"Apoderados de jubilados y pensionados deben registrar su huella."}]},{"@type":"WebSite","@id":"https:\/\/www.noticiasradioreflejos.com.ar\/2021\/#website","url":"https:\/\/www.noticiasradioreflejos.com.ar\/2021\/","name":"Noticias Radio Reflejos","description":"Las noticias de mi comarca","potentialAction":[{"@type":"SearchAction","target":{"@type":"EntryPoint","urlTemplate":"https:\/\/www.noticiasradioreflejos.com.ar\/2021\/?s={search_term_string}"},"query-input":{"@type":"PropertyValueSpecification","valueRequired":true,"valueName":"search_term_string"}}],"inLanguage":"es"},{"@type":"Person","@id":"https:\/\/www.noticiasradioreflejos.com.ar\/2021\/#\/schema\/person\/ad82545263dcc5ec0996818884fd5fb1","name":"Arnaldo Botto","image":{"@type":"ImageObject","inLanguage":"es","@id":"https:\/\/www.noticiasradioreflejos.com.ar\/2021\/#\/schema\/person\/image\/","url":"https:\/\/secure.gravatar.com\/avatar\/55cb5e37c1efa326397366e6974cb338056df65cb50e7d64d1cf314e87504837?s=96&d=mm&r=g","contentUrl":"https:\/\/secure.gravatar.com\/avatar\/55cb5e37c1efa326397366e6974cb338056df65cb50e7d64d1cf314e87504837?s=96&d=mm&r=g","caption":"Arnaldo Botto"},"url":"https:\/\/www.noticiasradioreflejos.com.ar\/2021\/author\/arnaldo\/"}]}},"_links":{"self":[{"href":"https:\/\/www.noticiasradioreflejos.com.ar\/2021\/wp-json\/wp\/v2\/posts\/36058","targetHints":{"allow":["GET"]}}],"collection":[{"href":"https:\/\/www.noticiasradioreflejos.com.ar\/2021\/wp-json\/wp\/v2\/posts"}],"about":[{"href":"https:\/\/www.noticiasradioreflejos.com.ar\/2021\/wp-json\/wp\/v2\/types\/post"}],"author":[{"embeddable":true,"href":"https:\/\/www.noticiasradioreflejos.com.ar\/2021\/wp-json\/wp\/v2\/users\/3"}],"replies":[{"embeddable":true,"href":"https:\/\/www.noticiasradioreflejos.com.ar\/2021\/wp-json\/wp\/v2\/comments?post=36058"}],"version-history":[{"count":0,"href":"https:\/\/www.noticiasradioreflejos.com.ar\/2021\/wp-json\/wp\/v2\/posts\/36058\/revisions"}],"wp:attachment":[{"href":"https:\/\/www.noticiasradioreflejos.com.ar\/2021\/wp-json\/wp\/v2\/media?parent=36058"}],"wp:term":[{"taxonomy":"category","embeddable":true,"href":"https:\/\/www.noticiasradioreflejos.com.ar\/2021\/wp-json\/wp\/v2\/categories?post=36058"},{"taxonomy":"post_tag","embeddable":true,"href":"https:\/\/www.noticiasradioreflejos.com.ar\/2021\/wp-json\/wp\/v2\/tags?post=36058"}],"curies":[{"name":"wp","href":"https:\/\/api.w.org\/{rel}","templated":true}]}}