{"id":36055,"date":"2019-11-01T12:35:42","date_gmt":"2019-11-01T15:35:42","guid":{"rendered":"http:\/\/www.noticiasradioreflejos.com.ar\/noticias\/?p=36055"},"modified":"2019-11-01T12:35:42","modified_gmt":"2019-11-01T15:35:42","slug":"saludo-4-de-noviembre-aniversario-cambio-de-nombre-del-partido","status":"publish","type":"post","link":"https:\/\/www.noticiasradioreflejos.com.ar\/2021\/saludo-4-de-noviembre-aniversario-cambio-de-nombre-del-partido\/","title":{"rendered":"Saludo 4 de Noviembre Aniversario Cambio de nombre del Partido."},"content":{"rendered":"<p>El d\u00eda 28 de septiembre de 1905 se dispuso la creaci\u00f3n del Partido \u201cLas Sierras\u201d en campos que hasta entonces pertenec\u00edan a Bah\u00eda Blanca, Puan, Villarino y Saavedra, estableciendo como asiento de las autoridades al pueblo de Tornquist, por corresponder al centro geogr\u00e1fico del nuevo partido.- <!--more--><br \/>\nPosteriormente, por Ley N\u00ba 3288 promulgada el 4 de Noviembre de 1910, se cambi\u00f3 el nombre de \u201cLas Sierras\u201d por el de TORNQUIST, en homenaje al estadista y hombre p\u00fablico que tanto hab\u00eda luchado por el progreso de la zona.-<br \/>\nA 109 a\u00f1os de este hecho hist\u00f3rico,  saludamos a todos los habitantes, a quienes nacieron en el distrito, y a quienes eligieron vivir en estas tierras adopt\u00e1ndolo como propio, a los que nos visitan y a los que nos extra\u00f1an a la distancia. Continuemos creciendo todos juntos, con verdadero compromiso democr\u00e1tico y respetando nuestras libertades individuales, para heredar a las nuevas generaciones esta hermosa comarca en todo su esplendor.<br \/>\nHONORABLE CONCEJO DELIBERANTE<\/p>\n","protected":false},"excerpt":{"rendered":"<p>El d\u00eda 28 de septiembre de 1905 se dispuso la creaci\u00f3n del Partido \u201cLas Sierras\u201d en campos que hasta entonces pertenec\u00edan a Bah\u00eda Blanca, Puan, Villarino y Saavedra, estableciendo como asiento de las autoridades al pueblo de Tornquist, por corresponder al centro geogr\u00e1fico del nuevo partido.-<\/p>\n","protected":false},"author":3,"featured_media":149,"comment_status":"closed","ping_status":"open","sticky":false,"template":"","format":"standard","meta":{"footnotes":""},"categories":[28],"tags":[],"class_list":["post-36055","post","type-post","status-publish","format-standard","has-post-thumbnail","hentry","category-municipales"],"yoast_head":"<!-- This site is optimized with the Yoast SEO plugin v25.9 - https:\/\/yoast.com\/wordpress\/plugins\/seo\/ -->\n<title>Saludo 4 de Noviembre Aniversario Cambio de nombre del Partido. - Noticias Radio Reflejos<\/title>\n<meta name=\"robots\" content=\"index, follow, max-snippet:-1, max-image-preview:large, max-video-preview:-1\" \/>\n<link rel=\"canonical\" href=\"https:\/\/www.noticiasradioreflejos.com.ar\/2021\/saludo-4-de-noviembre-aniversario-cambio-de-nombre-del-partido\/\" \/>\n<meta property=\"og:locale\" content=\"es_ES\" \/>\n<meta property=\"og:type\" content=\"article\" \/>\n<meta property=\"og:title\" content=\"Saludo 4 de Noviembre Aniversario Cambio de nombre del Partido. - Noticias Radio Reflejos\" \/>\n<meta property=\"og:description\" content=\"El d\u00eda 28 de septiembre de 1905 se dispuso la creaci\u00f3n del Partido \u201cLas Sierras\u201d en campos que hasta entonces pertenec\u00edan a Bah\u00eda Blanca, Puan, Villarino y Saavedra, estableciendo como asiento de las autoridades al pueblo de Tornquist, por corresponder al centro geogr\u00e1fico del nuevo partido.-\" \/>\n<meta property=\"og:url\" content=\"https:\/\/www.noticiasradioreflejos.com.ar\/2021\/saludo-4-de-noviembre-aniversario-cambio-de-nombre-del-partido\/\" \/>\n<meta property=\"og:site_name\" content=\"Noticias Radio Reflejos\" \/>\n<meta property=\"article:published_time\" content=\"2019-11-01T15:35:42+00:00\" \/>\n<meta property=\"og:image\" content=\"https:\/\/www.noticiasradioreflejos.com.ar\/2021\/wp-content\/uploads\/2016\/08\/5605913c893bb.jpg\" \/>\n\t<meta property=\"og:image:width\" content=\"932\" \/>\n\t<meta property=\"og:image:height\" content=\"699\" \/>\n\t<meta property=\"og:image:type\" content=\"image\/jpeg\" \/>\n<meta name=\"author\" content=\"Arnaldo Botto\" \/>\n<meta name=\"twitter:card\" content=\"summary_large_image\" \/>\n<script type=\"application\/ld+json\" class=\"yoast-schema-graph\">{\"@context\":\"https:\/\/schema.org\",\"@graph\":[{\"@type\":\"WebPage\",\"@id\":\"https:\/\/www.noticiasradioreflejos.com.ar\/2021\/saludo-4-de-noviembre-aniversario-cambio-de-nombre-del-partido\/\",\"url\":\"https:\/\/www.noticiasradioreflejos.com.ar\/2021\/saludo-4-de-noviembre-aniversario-cambio-de-nombre-del-partido\/\",\"name\":\"Saludo 4 de Noviembre Aniversario Cambio de nombre del Partido. - Noticias Radio Reflejos\",\"isPartOf\":{\"@id\":\"https:\/\/www.noticiasradioreflejos.com.ar\/2021\/#website\"},\"primaryImageOfPage\":{\"@id\":\"https:\/\/www.noticiasradioreflejos.com.ar\/2021\/saludo-4-de-noviembre-aniversario-cambio-de-nombre-del-partido\/#primaryimage\"},\"image\":{\"@id\":\"https:\/\/www.noticiasradioreflejos.com.ar\/2021\/saludo-4-de-noviembre-aniversario-cambio-de-nombre-del-partido\/#primaryimage\"},\"thumbnailUrl\":\"https:\/\/www.noticiasradioreflejos.com.ar\/2021\/wp-content\/uploads\/2016\/08\/5605913c893bb.jpg\",\"datePublished\":\"2019-11-01T15:35:42+00:00\",\"author\":{\"@id\":\"https:\/\/www.noticiasradioreflejos.com.ar\/2021\/#\/schema\/person\/ad82545263dcc5ec0996818884fd5fb1\"},\"breadcrumb\":{\"@id\":\"https:\/\/www.noticiasradioreflejos.com.ar\/2021\/saludo-4-de-noviembre-aniversario-cambio-de-nombre-del-partido\/#breadcrumb\"},\"inLanguage\":\"es\",\"potentialAction\":[{\"@type\":\"ReadAction\",\"target\":[\"https:\/\/www.noticiasradioreflejos.com.ar\/2021\/saludo-4-de-noviembre-aniversario-cambio-de-nombre-del-partido\/\"]}]},{\"@type\":\"ImageObject\",\"inLanguage\":\"es\",\"@id\":\"https:\/\/www.noticiasradioreflejos.com.ar\/2021\/saludo-4-de-noviembre-aniversario-cambio-de-nombre-del-partido\/#primaryimage\",\"url\":\"https:\/\/www.noticiasradioreflejos.com.ar\/2021\/wp-content\/uploads\/2016\/08\/5605913c893bb.jpg\",\"contentUrl\":\"https:\/\/www.noticiasradioreflejos.com.ar\/2021\/wp-content\/uploads\/2016\/08\/5605913c893bb.jpg\",\"width\":932,\"height\":699},{\"@type\":\"BreadcrumbList\",\"@id\":\"https:\/\/www.noticiasradioreflejos.com.ar\/2021\/saludo-4-de-noviembre-aniversario-cambio-de-nombre-del-partido\/#breadcrumb\",\"itemListElement\":[{\"@type\":\"ListItem\",\"position\":1,\"name\":\"Portada\",\"item\":\"https:\/\/www.noticiasradioreflejos.com.ar\/2021\/\"},{\"@type\":\"ListItem\",\"position\":2,\"name\":\"Saludo 4 de Noviembre Aniversario Cambio de nombre del Partido.\"}]},{\"@type\":\"WebSite\",\"@id\":\"https:\/\/www.noticiasradioreflejos.com.ar\/2021\/#website\",\"url\":\"https:\/\/www.noticiasradioreflejos.com.ar\/2021\/\",\"name\":\"Noticias Radio Reflejos\",\"description\":\"Las noticias de mi comarca\",\"potentialAction\":[{\"@type\":\"SearchAction\",\"target\":{\"@type\":\"EntryPoint\",\"urlTemplate\":\"https:\/\/www.noticiasradioreflejos.com.ar\/2021\/?s={search_term_string}\"},\"query-input\":{\"@type\":\"PropertyValueSpecification\",\"valueRequired\":true,\"valueName\":\"search_term_string\"}}],\"inLanguage\":\"es\"},{\"@type\":\"Person\",\"@id\":\"https:\/\/www.noticiasradioreflejos.com.ar\/2021\/#\/schema\/person\/ad82545263dcc5ec0996818884fd5fb1\",\"name\":\"Arnaldo Botto\",\"image\":{\"@type\":\"ImageObject\",\"inLanguage\":\"es\",\"@id\":\"https:\/\/www.noticiasradioreflejos.com.ar\/2021\/#\/schema\/person\/image\/\",\"url\":\"https:\/\/secure.gravatar.com\/avatar\/55cb5e37c1efa326397366e6974cb338056df65cb50e7d64d1cf314e87504837?s=96&d=mm&r=g\",\"contentUrl\":\"https:\/\/secure.gravatar.com\/avatar\/55cb5e37c1efa326397366e6974cb338056df65cb50e7d64d1cf314e87504837?s=96&d=mm&r=g\",\"caption\":\"Arnaldo Botto\"},\"url\":\"https:\/\/www.noticiasradioreflejos.com.ar\/2021\/author\/arnaldo\/\"}]}<\/script>\n<!-- \/ Yoast SEO plugin. -->","yoast_head_json":{"title":"Saludo 4 de Noviembre Aniversario Cambio de nombre del Partido. - Noticias Radio Reflejos","robots":{"index":"index","follow":"follow","max-snippet":"max-snippet:-1","max-image-preview":"max-image-preview:large","max-video-preview":"max-video-preview:-1"},"canonical":"https:\/\/www.noticiasradioreflejos.com.ar\/2021\/saludo-4-de-noviembre-aniversario-cambio-de-nombre-del-partido\/","og_locale":"es_ES","og_type":"article","og_title":"Saludo 4 de Noviembre Aniversario Cambio de nombre del Partido. - Noticias Radio Reflejos","og_description":"El d\u00eda 28 de septiembre de 1905 se dispuso la creaci\u00f3n del Partido \u201cLas Sierras\u201d en campos que hasta entonces pertenec\u00edan a Bah\u00eda Blanca, Puan, Villarino y Saavedra, estableciendo como asiento de las autoridades al pueblo de Tornquist, por corresponder al centro geogr\u00e1fico del nuevo partido.-","og_url":"https:\/\/www.noticiasradioreflejos.com.ar\/2021\/saludo-4-de-noviembre-aniversario-cambio-de-nombre-del-partido\/","og_site_name":"Noticias Radio Reflejos","article_published_time":"2019-11-01T15:35:42+00:00","og_image":[{"width":932,"height":699,"url":"https:\/\/www.noticiasradioreflejos.com.ar\/2021\/wp-content\/uploads\/2016\/08\/5605913c893bb.jpg","type":"image\/jpeg"}],"author":"Arnaldo Botto","twitter_card":"summary_large_image","schema":{"@context":"https:\/\/schema.org","@graph":[{"@type":"WebPage","@id":"https:\/\/www.noticiasradioreflejos.com.ar\/2021\/saludo-4-de-noviembre-aniversario-cambio-de-nombre-del-partido\/","url":"https:\/\/www.noticiasradioreflejos.com.ar\/2021\/saludo-4-de-noviembre-aniversario-cambio-de-nombre-del-partido\/","name":"Saludo 4 de Noviembre Aniversario Cambio de nombre del Partido. - Noticias Radio Reflejos","isPartOf":{"@id":"https:\/\/www.noticiasradioreflejos.com.ar\/2021\/#website"},"primaryImageOfPage":{"@id":"https:\/\/www.noticiasradioreflejos.com.ar\/2021\/saludo-4-de-noviembre-aniversario-cambio-de-nombre-del-partido\/#primaryimage"},"image":{"@id":"https:\/\/www.noticiasradioreflejos.com.ar\/2021\/saludo-4-de-noviembre-aniversario-cambio-de-nombre-del-partido\/#primaryimage"},"thumbnailUrl":"https:\/\/www.noticiasradioreflejos.com.ar\/2021\/wp-content\/uploads\/2016\/08\/5605913c893bb.jpg","datePublished":"2019-11-01T15:35:42+00:00","author":{"@id":"https:\/\/www.noticiasradioreflejos.com.ar\/2021\/#\/schema\/person\/ad82545263dcc5ec0996818884fd5fb1"},"breadcrumb":{"@id":"https:\/\/www.noticiasradioreflejos.com.ar\/2021\/saludo-4-de-noviembre-aniversario-cambio-de-nombre-del-partido\/#breadcrumb"},"inLanguage":"es","potentialAction":[{"@type":"ReadAction","target":["https:\/\/www.noticiasradioreflejos.com.ar\/2021\/saludo-4-de-noviembre-aniversario-cambio-de-nombre-del-partido\/"]}]},{"@type":"ImageObject","inLanguage":"es","@id":"https:\/\/www.noticiasradioreflejos.com.ar\/2021\/saludo-4-de-noviembre-aniversario-cambio-de-nombre-del-partido\/#primaryimage","url":"https:\/\/www.noticiasradioreflejos.com.ar\/2021\/wp-content\/uploads\/2016\/08\/5605913c893bb.jpg","contentUrl":"https:\/\/www.noticiasradioreflejos.com.ar\/2021\/wp-content\/uploads\/2016\/08\/5605913c893bb.jpg","width":932,"height":699},{"@type":"BreadcrumbList","@id":"https:\/\/www.noticiasradioreflejos.com.ar\/2021\/saludo-4-de-noviembre-aniversario-cambio-de-nombre-del-partido\/#breadcrumb","itemListElement":[{"@type":"ListItem","position":1,"name":"Portada","item":"https:\/\/www.noticiasradioreflejos.com.ar\/2021\/"},{"@type":"ListItem","position":2,"name":"Saludo 4 de Noviembre Aniversario Cambio de nombre del Partido."}]},{"@type":"WebSite","@id":"https:\/\/www.noticiasradioreflejos.com.ar\/2021\/#website","url":"https:\/\/www.noticiasradioreflejos.com.ar\/2021\/","name":"Noticias Radio Reflejos","description":"Las noticias de mi comarca","potentialAction":[{"@type":"SearchAction","target":{"@type":"EntryPoint","urlTemplate":"https:\/\/www.noticiasradioreflejos.com.ar\/2021\/?s={search_term_string}"},"query-input":{"@type":"PropertyValueSpecification","valueRequired":true,"valueName":"search_term_string"}}],"inLanguage":"es"},{"@type":"Person","@id":"https:\/\/www.noticiasradioreflejos.com.ar\/2021\/#\/schema\/person\/ad82545263dcc5ec0996818884fd5fb1","name":"Arnaldo Botto","image":{"@type":"ImageObject","inLanguage":"es","@id":"https:\/\/www.noticiasradioreflejos.com.ar\/2021\/#\/schema\/person\/image\/","url":"https:\/\/secure.gravatar.com\/avatar\/55cb5e37c1efa326397366e6974cb338056df65cb50e7d64d1cf314e87504837?s=96&d=mm&r=g","contentUrl":"https:\/\/secure.gravatar.com\/avatar\/55cb5e37c1efa326397366e6974cb338056df65cb50e7d64d1cf314e87504837?s=96&d=mm&r=g","caption":"Arnaldo Botto"},"url":"https:\/\/www.noticiasradioreflejos.com.ar\/2021\/author\/arnaldo\/"}]}},"_links":{"self":[{"href":"https:\/\/www.noticiasradioreflejos.com.ar\/2021\/wp-json\/wp\/v2\/posts\/36055","targetHints":{"allow":["GET"]}}],"collection":[{"href":"https:\/\/www.noticiasradioreflejos.com.ar\/2021\/wp-json\/wp\/v2\/posts"}],"about":[{"href":"https:\/\/www.noticiasradioreflejos.com.ar\/2021\/wp-json\/wp\/v2\/types\/post"}],"author":[{"embeddable":true,"href":"https:\/\/www.noticiasradioreflejos.com.ar\/2021\/wp-json\/wp\/v2\/users\/3"}],"replies":[{"embeddable":true,"href":"https:\/\/www.noticiasradioreflejos.com.ar\/2021\/wp-json\/wp\/v2\/comments?post=36055"}],"version-history":[{"count":0,"href":"https:\/\/www.noticiasradioreflejos.com.ar\/2021\/wp-json\/wp\/v2\/posts\/36055\/revisions"}],"wp:featuredmedia":[{"embeddable":true,"href":"https:\/\/www.noticiasradioreflejos.com.ar\/2021\/wp-json\/wp\/v2\/media\/149"}],"wp:attachment":[{"href":"https:\/\/www.noticiasradioreflejos.com.ar\/2021\/wp-json\/wp\/v2\/media?parent=36055"}],"wp:term":[{"taxonomy":"category","embeddable":true,"href":"https:\/\/www.noticiasradioreflejos.com.ar\/2021\/wp-json\/wp\/v2\/categories?post=36055"},{"taxonomy":"post_tag","embeddable":true,"href":"https:\/\/www.noticiasradioreflejos.com.ar\/2021\/wp-json\/wp\/v2\/tags?post=36055"}],"curies":[{"name":"wp","href":"https:\/\/api.w.org\/{rel}","templated":true}]}}