{"id":36044,"date":"2019-11-01T08:58:06","date_gmt":"2019-11-01T11:58:06","guid":{"rendered":"http:\/\/www.noticiasradioreflejos.com.ar\/noticias\/?p=36044"},"modified":"2019-11-01T08:58:06","modified_gmt":"2019-11-01T11:58:06","slug":"accidente-fatal-en-la-ruta-51-fallecio-una-mujer-de-81-anos","status":"publish","type":"post","link":"https:\/\/www.noticiasradioreflejos.com.ar\/2021\/accidente-fatal-en-la-ruta-51-fallecio-una-mujer-de-81-anos\/","title":{"rendered":"Accidente fatal en la Ruta 51: falleci\u00f3 una mujer de 81 a\u00f1os"},"content":{"rendered":"<p>Se trata de Berta Fuhr, quien viajaba como acompa\u00f1ante en un Toyota Corolla. El conductor, identificado como Oscar Gorch, de 56 a\u00f1os, se encuentra internado en el Penna.<!--more--><br \/>\nUna mujer de 81 a\u00f1os falleci\u00f3 en la\u00a0tarde de ayer\u00a0 luego de que el auto en el que se transportaba terminara volcando en el kil\u00f3metro 728 de la Ruta 51, en cercan\u00edas a la localidad de Corti.<br \/>\nSe trata de Berta Fuhr, quien tras quedar atrapada dentro del habit\u00e1culo de un Toyota Corolla (patente AA 456 CO) y ser rescatada por personal de Defensa civil, muri\u00f3 en el hospital Doctor Jos\u00e9 Penna debido a los golpes sufridos.<br \/>\nEl auto era conducido por Oscar Gorch, de 56 a\u00f1os, quien tambi\u00e9n debi\u00f3 ser trasladado al Penna, por un fuerte traumatismo de t\u00f3rax.<br \/>\nEn el lugar trabaj\u00f3 tambi\u00e9n personal de bomberos del cuartel Alberdi, bomberos de Cuartel Cabildo, y polic\u00eda.<br \/>\n<strong>Fuente La\u00a0<\/strong><b>Br\u00fajula<\/b><\/p>\n","protected":false},"excerpt":{"rendered":"<p>Se trata de Berta Fuhr, quien viajaba como acompa\u00f1ante en un Toyota Corolla. El conductor, identificado como Oscar Gorch, de 56 a\u00f1os, se encuentra internado en el Penna.<\/p>\n","protected":false},"author":3,"featured_media":0,"comment_status":"closed","ping_status":"open","sticky":false,"template":"","format":"standard","meta":{"footnotes":""},"categories":[29],"tags":[],"class_list":["post-36044","post","type-post","status-publish","format-standard","hentry","category-policiales"],"yoast_head":"<!-- This site is optimized with the Yoast SEO plugin v25.9 - https:\/\/yoast.com\/wordpress\/plugins\/seo\/ -->\n<title>Accidente fatal en la Ruta 51: falleci\u00f3 una mujer de 81 a\u00f1os - Noticias Radio Reflejos<\/title>\n<meta name=\"robots\" content=\"index, follow, max-snippet:-1, max-image-preview:large, max-video-preview:-1\" \/>\n<link rel=\"canonical\" href=\"https:\/\/www.noticiasradioreflejos.com.ar\/2021\/accidente-fatal-en-la-ruta-51-fallecio-una-mujer-de-81-anos\/\" \/>\n<meta property=\"og:locale\" content=\"es_ES\" \/>\n<meta property=\"og:type\" content=\"article\" \/>\n<meta property=\"og:title\" content=\"Accidente fatal en la Ruta 51: falleci\u00f3 una mujer de 81 a\u00f1os - Noticias Radio Reflejos\" \/>\n<meta property=\"og:description\" content=\"Se trata de Berta Fuhr, quien viajaba como acompa\u00f1ante en un Toyota Corolla. El conductor, identificado como Oscar Gorch, de 56 a\u00f1os, se encuentra internado en el Penna.\" \/>\n<meta property=\"og:url\" content=\"https:\/\/www.noticiasradioreflejos.com.ar\/2021\/accidente-fatal-en-la-ruta-51-fallecio-una-mujer-de-81-anos\/\" \/>\n<meta property=\"og:site_name\" content=\"Noticias Radio Reflejos\" \/>\n<meta property=\"article:published_time\" content=\"2019-11-01T11:58:06+00:00\" \/>\n<meta property=\"og:image\" content=\"https:\/\/www.noticiasradioreflejos.com.ar\/2021\/wp-content\/uploads\/2021\/07\/logosol300x200.png\" \/>\n\t<meta property=\"og:image:width\" content=\"300\" \/>\n\t<meta property=\"og:image:height\" content=\"200\" \/>\n\t<meta property=\"og:image:type\" content=\"image\/png\" \/>\n<meta name=\"author\" content=\"Arnaldo Botto\" \/>\n<meta name=\"twitter:card\" content=\"summary_large_image\" \/>\n<script type=\"application\/ld+json\" class=\"yoast-schema-graph\">{\"@context\":\"https:\/\/schema.org\",\"@graph\":[{\"@type\":\"WebPage\",\"@id\":\"https:\/\/www.noticiasradioreflejos.com.ar\/2021\/accidente-fatal-en-la-ruta-51-fallecio-una-mujer-de-81-anos\/\",\"url\":\"https:\/\/www.noticiasradioreflejos.com.ar\/2021\/accidente-fatal-en-la-ruta-51-fallecio-una-mujer-de-81-anos\/\",\"name\":\"Accidente fatal en la Ruta 51: falleci\u00f3 una mujer de 81 a\u00f1os - Noticias Radio Reflejos\",\"isPartOf\":{\"@id\":\"https:\/\/www.noticiasradioreflejos.com.ar\/2021\/#website\"},\"datePublished\":\"2019-11-01T11:58:06+00:00\",\"author\":{\"@id\":\"https:\/\/www.noticiasradioreflejos.com.ar\/2021\/#\/schema\/person\/ad82545263dcc5ec0996818884fd5fb1\"},\"breadcrumb\":{\"@id\":\"https:\/\/www.noticiasradioreflejos.com.ar\/2021\/accidente-fatal-en-la-ruta-51-fallecio-una-mujer-de-81-anos\/#breadcrumb\"},\"inLanguage\":\"es\",\"potentialAction\":[{\"@type\":\"ReadAction\",\"target\":[\"https:\/\/www.noticiasradioreflejos.com.ar\/2021\/accidente-fatal-en-la-ruta-51-fallecio-una-mujer-de-81-anos\/\"]}]},{\"@type\":\"BreadcrumbList\",\"@id\":\"https:\/\/www.noticiasradioreflejos.com.ar\/2021\/accidente-fatal-en-la-ruta-51-fallecio-una-mujer-de-81-anos\/#breadcrumb\",\"itemListElement\":[{\"@type\":\"ListItem\",\"position\":1,\"name\":\"Portada\",\"item\":\"https:\/\/www.noticiasradioreflejos.com.ar\/2021\/\"},{\"@type\":\"ListItem\",\"position\":2,\"name\":\"Accidente fatal en la Ruta 51: falleci\u00f3 una mujer de 81 a\u00f1os\"}]},{\"@type\":\"WebSite\",\"@id\":\"https:\/\/www.noticiasradioreflejos.com.ar\/2021\/#website\",\"url\":\"https:\/\/www.noticiasradioreflejos.com.ar\/2021\/\",\"name\":\"Noticias Radio Reflejos\",\"description\":\"Las noticias de mi comarca\",\"potentialAction\":[{\"@type\":\"SearchAction\",\"target\":{\"@type\":\"EntryPoint\",\"urlTemplate\":\"https:\/\/www.noticiasradioreflejos.com.ar\/2021\/?s={search_term_string}\"},\"query-input\":{\"@type\":\"PropertyValueSpecification\",\"valueRequired\":true,\"valueName\":\"search_term_string\"}}],\"inLanguage\":\"es\"},{\"@type\":\"Person\",\"@id\":\"https:\/\/www.noticiasradioreflejos.com.ar\/2021\/#\/schema\/person\/ad82545263dcc5ec0996818884fd5fb1\",\"name\":\"Arnaldo Botto\",\"image\":{\"@type\":\"ImageObject\",\"inLanguage\":\"es\",\"@id\":\"https:\/\/www.noticiasradioreflejos.com.ar\/2021\/#\/schema\/person\/image\/\",\"url\":\"https:\/\/secure.gravatar.com\/avatar\/55cb5e37c1efa326397366e6974cb338056df65cb50e7d64d1cf314e87504837?s=96&d=mm&r=g\",\"contentUrl\":\"https:\/\/secure.gravatar.com\/avatar\/55cb5e37c1efa326397366e6974cb338056df65cb50e7d64d1cf314e87504837?s=96&d=mm&r=g\",\"caption\":\"Arnaldo Botto\"},\"url\":\"https:\/\/www.noticiasradioreflejos.com.ar\/2021\/author\/arnaldo\/\"}]}<\/script>\n<!-- \/ Yoast SEO plugin. -->","yoast_head_json":{"title":"Accidente fatal en la Ruta 51: falleci\u00f3 una mujer de 81 a\u00f1os - Noticias Radio Reflejos","robots":{"index":"index","follow":"follow","max-snippet":"max-snippet:-1","max-image-preview":"max-image-preview:large","max-video-preview":"max-video-preview:-1"},"canonical":"https:\/\/www.noticiasradioreflejos.com.ar\/2021\/accidente-fatal-en-la-ruta-51-fallecio-una-mujer-de-81-anos\/","og_locale":"es_ES","og_type":"article","og_title":"Accidente fatal en la Ruta 51: falleci\u00f3 una mujer de 81 a\u00f1os - Noticias Radio Reflejos","og_description":"Se trata de Berta Fuhr, quien viajaba como acompa\u00f1ante en un Toyota Corolla. El conductor, identificado como Oscar Gorch, de 56 a\u00f1os, se encuentra internado en el Penna.","og_url":"https:\/\/www.noticiasradioreflejos.com.ar\/2021\/accidente-fatal-en-la-ruta-51-fallecio-una-mujer-de-81-anos\/","og_site_name":"Noticias Radio Reflejos","article_published_time":"2019-11-01T11:58:06+00:00","og_image":[{"width":300,"height":200,"url":"https:\/\/www.noticiasradioreflejos.com.ar\/2021\/wp-content\/uploads\/2021\/07\/logosol300x200.png","type":"image\/png"}],"author":"Arnaldo Botto","twitter_card":"summary_large_image","schema":{"@context":"https:\/\/schema.org","@graph":[{"@type":"WebPage","@id":"https:\/\/www.noticiasradioreflejos.com.ar\/2021\/accidente-fatal-en-la-ruta-51-fallecio-una-mujer-de-81-anos\/","url":"https:\/\/www.noticiasradioreflejos.com.ar\/2021\/accidente-fatal-en-la-ruta-51-fallecio-una-mujer-de-81-anos\/","name":"Accidente fatal en la Ruta 51: falleci\u00f3 una mujer de 81 a\u00f1os - Noticias Radio Reflejos","isPartOf":{"@id":"https:\/\/www.noticiasradioreflejos.com.ar\/2021\/#website"},"datePublished":"2019-11-01T11:58:06+00:00","author":{"@id":"https:\/\/www.noticiasradioreflejos.com.ar\/2021\/#\/schema\/person\/ad82545263dcc5ec0996818884fd5fb1"},"breadcrumb":{"@id":"https:\/\/www.noticiasradioreflejos.com.ar\/2021\/accidente-fatal-en-la-ruta-51-fallecio-una-mujer-de-81-anos\/#breadcrumb"},"inLanguage":"es","potentialAction":[{"@type":"ReadAction","target":["https:\/\/www.noticiasradioreflejos.com.ar\/2021\/accidente-fatal-en-la-ruta-51-fallecio-una-mujer-de-81-anos\/"]}]},{"@type":"BreadcrumbList","@id":"https:\/\/www.noticiasradioreflejos.com.ar\/2021\/accidente-fatal-en-la-ruta-51-fallecio-una-mujer-de-81-anos\/#breadcrumb","itemListElement":[{"@type":"ListItem","position":1,"name":"Portada","item":"https:\/\/www.noticiasradioreflejos.com.ar\/2021\/"},{"@type":"ListItem","position":2,"name":"Accidente fatal en la Ruta 51: falleci\u00f3 una mujer de 81 a\u00f1os"}]},{"@type":"WebSite","@id":"https:\/\/www.noticiasradioreflejos.com.ar\/2021\/#website","url":"https:\/\/www.noticiasradioreflejos.com.ar\/2021\/","name":"Noticias Radio Reflejos","description":"Las noticias de mi comarca","potentialAction":[{"@type":"SearchAction","target":{"@type":"EntryPoint","urlTemplate":"https:\/\/www.noticiasradioreflejos.com.ar\/2021\/?s={search_term_string}"},"query-input":{"@type":"PropertyValueSpecification","valueRequired":true,"valueName":"search_term_string"}}],"inLanguage":"es"},{"@type":"Person","@id":"https:\/\/www.noticiasradioreflejos.com.ar\/2021\/#\/schema\/person\/ad82545263dcc5ec0996818884fd5fb1","name":"Arnaldo Botto","image":{"@type":"ImageObject","inLanguage":"es","@id":"https:\/\/www.noticiasradioreflejos.com.ar\/2021\/#\/schema\/person\/image\/","url":"https:\/\/secure.gravatar.com\/avatar\/55cb5e37c1efa326397366e6974cb338056df65cb50e7d64d1cf314e87504837?s=96&d=mm&r=g","contentUrl":"https:\/\/secure.gravatar.com\/avatar\/55cb5e37c1efa326397366e6974cb338056df65cb50e7d64d1cf314e87504837?s=96&d=mm&r=g","caption":"Arnaldo Botto"},"url":"https:\/\/www.noticiasradioreflejos.com.ar\/2021\/author\/arnaldo\/"}]}},"_links":{"self":[{"href":"https:\/\/www.noticiasradioreflejos.com.ar\/2021\/wp-json\/wp\/v2\/posts\/36044","targetHints":{"allow":["GET"]}}],"collection":[{"href":"https:\/\/www.noticiasradioreflejos.com.ar\/2021\/wp-json\/wp\/v2\/posts"}],"about":[{"href":"https:\/\/www.noticiasradioreflejos.com.ar\/2021\/wp-json\/wp\/v2\/types\/post"}],"author":[{"embeddable":true,"href":"https:\/\/www.noticiasradioreflejos.com.ar\/2021\/wp-json\/wp\/v2\/users\/3"}],"replies":[{"embeddable":true,"href":"https:\/\/www.noticiasradioreflejos.com.ar\/2021\/wp-json\/wp\/v2\/comments?post=36044"}],"version-history":[{"count":0,"href":"https:\/\/www.noticiasradioreflejos.com.ar\/2021\/wp-json\/wp\/v2\/posts\/36044\/revisions"}],"wp:attachment":[{"href":"https:\/\/www.noticiasradioreflejos.com.ar\/2021\/wp-json\/wp\/v2\/media?parent=36044"}],"wp:term":[{"taxonomy":"category","embeddable":true,"href":"https:\/\/www.noticiasradioreflejos.com.ar\/2021\/wp-json\/wp\/v2\/categories?post=36044"},{"taxonomy":"post_tag","embeddable":true,"href":"https:\/\/www.noticiasradioreflejos.com.ar\/2021\/wp-json\/wp\/v2\/tags?post=36044"}],"curies":[{"name":"wp","href":"https:\/\/api.w.org\/{rel}","templated":true}]}}